{"id":86790,"date":"2022-12-19T21:06:13","date_gmt":"2022-12-19T21:06:13","guid":{"rendered":"https:\/\/www.altominho.tv\/site\/?p=86790"},"modified":"2022-12-19T21:06:18","modified_gmt":"2022-12-19T21:06:18","slug":"prova-de-sao-silvestre-juntou-alimentos-para-familias-carenciadas","status":"publish","type":"post","link":"https:\/\/www.altominho.tv\/site\/2022\/12\/19\/prova-de-sao-silvestre-juntou-alimentos-para-familias-carenciadas\/","title":{"rendered":"Prova de S\u00e3o Silvestre juntou alimentos para fam\u00edlias carenciadas"},"content":{"rendered":"<p>A Prova de S\u00e3o Silvestre realizou-se no \u00faltimo s\u00e1bado, 17 de dezembro, ligando Mon\u00e7\u00e3o e Salvaterra de Mi\u00f1o, num percurso superior a 5 quil\u00f3metros. A prova teve um car\u00e1cter solid\u00e1rio, com a inscri\u00e7\u00e3o a fazer-se a troco da entrega de um alimento n\u00e3o perec\u00edvel.<\/p>\n<p>Ausente em duas edi\u00e7\u00f5es, devido \u00e0 pandemia, a prova foi retomada este ano com a presen\u00e7a de cerca de duas centenas de participantes de ambas as margens do rio Minho. A prova masculina foi ganha pelo galego Marcos Grova, ficando em segundo o portugu\u00eas Adriano Morais e em terceiro o galego Eloy Martinez.<\/p>\n<p>Na prova feminina, o primeiro lugar foi ocupado pela galega Maria Teresa Garcia, o segundo pela portuguesa Sofia Afonso e o terceiro pela galega Aroha Iglesias. A equipa com maior n\u00famero de atletas foi a equipa de Mon\u00e7\u00e3o das \u201cOlimp\u00edadas Seniores\u201d, a qual apresentou os participantes mais idosos, Manuel Felgueiras Martins, 79 anos, e Maria Reprezas, de 71 anos.<\/p>\n<p>Este ano, a prova iniciou-se na Pra\u00e7a Deu-la-Deu, em Mon\u00e7\u00e3o, e terminou na Praza do Concello, em Salvaterra de Mi\u00f1o. O tiro de partida foi dado \u00e0s 19h30 (HP), tendo-se realizado, meia hora antes, uma prova infantil, at\u00e9 aos 12 anos, constando de duas voltas \u00e0 Pra\u00e7a Deu-la-Deu.<\/p>\n<p>Os pr\u00e9mios foram entregues pelo Vice-Presidente da C\u00e2mara Municipal de Mon\u00e7\u00e3o, Jo\u00e3o Oliveira, e pela Alcaldesa de Salvaterra de Mi\u00f1o, Marta Valcarcel.<\/p>\n<p>Os alimentos n\u00e3o perec\u00edveis recolhidos pela organiza\u00e7\u00e3o ser\u00e3o agora divididos pelos respetivos bancos alimentares, destinando-se \u00e0s fam\u00edlias com maiores dificuldades econ\u00f3micas de ambos os munic\u00edpios.<\/p>\n","protected":false},"excerpt":{"rendered":"<p>A Prova de S\u00e3o Silvestre realizou-se no \u00faltimo s\u00e1bado, 17 de dezembro, ligando Mon\u00e7\u00e3o e Salvaterra de Mi\u00f1o, num percurso superior a 5 quil\u00f3metros. A prova teve um car\u00e1cter solid\u00e1rio, com a inscri\u00e7\u00e3o a fazer-se a troco da entrega de um alimento n\u00e3o perec\u00edvel. Ausente em duas edi\u00e7\u00f5es, devido \u00e0 pandemia, a prova foi retomada [&hellip;]<\/p>\n","protected":false},"author":24,"featured_media":86791,"comment_status":"closed","ping_status":"closed","sticky":false,"template":"","format":"standard","meta":{"_exactmetrics_skip_tracking":false,"_exactmetrics_sitenote_active":false,"_exactmetrics_sitenote_note":"","_exactmetrics_sitenote_category":0,"footnotes":""},"categories":[9],"tags":[20],"class_list":["post-86790","post","type-post","status-publish","format-standard","has-post-thumbnail","hentry","category-moncao","tag-desporto"],"yoast_head":"<!-- This site is optimized with the Yoast SEO Premium plugin v27.4 (Yoast SEO v27.4) - https:\/\/yoast.com\/product\/yoast-seo-premium-wordpress\/ -->\n<title>Prova de S\u00e3o Silvestre juntou alimentos para fam\u00edlias carenciadas<\/title>\n<meta name=\"description\" content=\"A Prova de S\u00e3o Silvestre realizou-se no \u00faltimo s\u00e1bado, 17 de dezembro, ligando Mon\u00e7\u00e3o e Salvaterra de Mi\u00f1o, num percurso superior a 5 quil\u00f3metros.\" \/>\n<meta name=\"robots\" content=\"index, follow, max-snippet:-1, max-image-preview:large, max-video-preview:-1\" \/>\n<link rel=\"canonical\" href=\"https:\/\/www.altominho.tv\/site\/2022\/12\/19\/prova-de-sao-silvestre-juntou-alimentos-para-familias-carenciadas\/\" \/>\n<meta property=\"og:locale\" content=\"pt_PT\" \/>\n<meta property=\"og:type\" content=\"article\" \/>\n<meta property=\"og:title\" content=\"Prova de S\u00e3o Silvestre juntou alimentos para fam\u00edlias carenciadas\" \/>\n<meta property=\"og:description\" content=\"A Prova de S\u00e3o Silvestre realizou-se no \u00faltimo s\u00e1bado, 17 de dezembro, ligando Mon\u00e7\u00e3o e Salvaterra de Mi\u00f1o, num percurso superior a 5 quil\u00f3metros.\" \/>\n<meta property=\"og:url\" content=\"https:\/\/www.altominho.tv\/site\/2022\/12\/19\/prova-de-sao-silvestre-juntou-alimentos-para-familias-carenciadas\/\" \/>\n<meta property=\"og:site_name\" content=\"Altominho.tv\" \/>\n<meta property=\"article:publisher\" content=\"https:\/\/www.facebook.com\/altominhotv\" \/>\n<meta property=\"article:published_time\" content=\"2022-12-19T21:06:13+00:00\" \/>\n<meta property=\"article:modified_time\" content=\"2022-12-19T21:06:18+00:00\" \/>\n<meta property=\"og:image\" content=\"https:\/\/www.altominho.tv\/site\/wp-content\/uploads\/2022\/12\/silvestre-02.jpg\" \/>\n\t<meta property=\"og:image:width\" content=\"2048\" \/>\n\t<meta property=\"og:image:height\" content=\"1281\" \/>\n\t<meta property=\"og:image:type\" content=\"image\/jpeg\" \/>\n<meta name=\"author\" content=\"Cesar Lopes\" \/>\n<meta name=\"twitter:card\" content=\"summary_large_image\" \/>\n<meta name=\"twitter:creator\" content=\"@altominhoTV\" \/>\n<meta name=\"twitter:site\" content=\"@altominhoTV\" \/>\n<meta name=\"twitter:label1\" content=\"Escrito por\" \/>\n\t<meta name=\"twitter:data1\" content=\"Cesar Lopes\" \/>\n\t<meta name=\"twitter:label2\" content=\"Tempo estimado de leitura\" \/>\n\t<meta name=\"twitter:data2\" content=\"2 minutos\" \/>\n<script type=\"application\/ld+json\" class=\"yoast-schema-graph\">{\"@context\":\"https:\\\/\\\/schema.org\",\"@graph\":[{\"@type\":\"Article\",\"@id\":\"https:\\\/\\\/www.altominho.tv\\\/site\\\/2022\\\/12\\\/19\\\/prova-de-sao-silvestre-juntou-alimentos-para-familias-carenciadas\\\/#article\",\"isPartOf\":{\"@id\":\"https:\\\/\\\/www.altominho.tv\\\/site\\\/2022\\\/12\\\/19\\\/prova-de-sao-silvestre-juntou-alimentos-para-familias-carenciadas\\\/\"},\"author\":{\"name\":\"Cesar Lopes\",\"@id\":\"https:\\\/\\\/www.altominho.tv\\\/site\\\/#\\\/schema\\\/person\\\/c5570e5afb933b8d08c43373326ef1b1\"},\"headline\":\"Prova de S\u00e3o Silvestre juntou alimentos para fam\u00edlias carenciadas\",\"datePublished\":\"2022-12-19T21:06:13+00:00\",\"dateModified\":\"2022-12-19T21:06:18+00:00\",\"mainEntityOfPage\":{\"@id\":\"https:\\\/\\\/www.altominho.tv\\\/site\\\/2022\\\/12\\\/19\\\/prova-de-sao-silvestre-juntou-alimentos-para-familias-carenciadas\\\/\"},\"wordCount\":287,\"image\":{\"@id\":\"https:\\\/\\\/www.altominho.tv\\\/site\\\/2022\\\/12\\\/19\\\/prova-de-sao-silvestre-juntou-alimentos-para-familias-carenciadas\\\/#primaryimage\"},\"thumbnailUrl\":\"https:\\\/\\\/www.altominho.tv\\\/site\\\/wp-content\\\/uploads\\\/2022\\\/12\\\/silvestre-02.jpg\",\"keywords\":[\"Desporto\"],\"articleSection\":[\"Mon\u00e7\u00e3o\"],\"inLanguage\":\"pt-PT\",\"copyrightYear\":\"2022\",\"copyrightHolder\":{\"@id\":\"https:\\\/\\\/www.altominho.tv\\\/site\\\/#organization\"}},{\"@type\":\"WebPage\",\"@id\":\"https:\\\/\\\/www.altominho.tv\\\/site\\\/2022\\\/12\\\/19\\\/prova-de-sao-silvestre-juntou-alimentos-para-familias-carenciadas\\\/\",\"url\":\"https:\\\/\\\/www.altominho.tv\\\/site\\\/2022\\\/12\\\/19\\\/prova-de-sao-silvestre-juntou-alimentos-para-familias-carenciadas\\\/\",\"name\":\"Prova de S\u00e3o Silvestre juntou alimentos para fam\u00edlias carenciadas\",\"isPartOf\":{\"@id\":\"https:\\\/\\\/www.altominho.tv\\\/site\\\/#website\"},\"primaryImageOfPage\":{\"@id\":\"https:\\\/\\\/www.altominho.tv\\\/site\\\/2022\\\/12\\\/19\\\/prova-de-sao-silvestre-juntou-alimentos-para-familias-carenciadas\\\/#primaryimage\"},\"image\":{\"@id\":\"https:\\\/\\\/www.altominho.tv\\\/site\\\/2022\\\/12\\\/19\\\/prova-de-sao-silvestre-juntou-alimentos-para-familias-carenciadas\\\/#primaryimage\"},\"thumbnailUrl\":\"https:\\\/\\\/www.altominho.tv\\\/site\\\/wp-content\\\/uploads\\\/2022\\\/12\\\/silvestre-02.jpg\",\"datePublished\":\"2022-12-19T21:06:13+00:00\",\"dateModified\":\"2022-12-19T21:06:18+00:00\",\"author\":{\"@id\":\"https:\\\/\\\/www.altominho.tv\\\/site\\\/#\\\/schema\\\/person\\\/c5570e5afb933b8d08c43373326ef1b1\"},\"description\":\"A Prova de S\u00e3o Silvestre realizou-se no \u00faltimo s\u00e1bado, 17 de dezembro, ligando Mon\u00e7\u00e3o e Salvaterra de Mi\u00f1o, num percurso superior a 5 quil\u00f3metros.\",\"breadcrumb\":{\"@id\":\"https:\\\/\\\/www.altominho.tv\\\/site\\\/2022\\\/12\\\/19\\\/prova-de-sao-silvestre-juntou-alimentos-para-familias-carenciadas\\\/#breadcrumb\"},\"inLanguage\":\"pt-PT\",\"potentialAction\":[{\"@type\":\"ReadAction\",\"target\":[\"https:\\\/\\\/www.altominho.tv\\\/site\\\/2022\\\/12\\\/19\\\/prova-de-sao-silvestre-juntou-alimentos-para-familias-carenciadas\\\/\"]}]},{\"@type\":\"ImageObject\",\"inLanguage\":\"pt-PT\",\"@id\":\"https:\\\/\\\/www.altominho.tv\\\/site\\\/2022\\\/12\\\/19\\\/prova-de-sao-silvestre-juntou-alimentos-para-familias-carenciadas\\\/#primaryimage\",\"url\":\"https:\\\/\\\/www.altominho.tv\\\/site\\\/wp-content\\\/uploads\\\/2022\\\/12\\\/silvestre-02.jpg\",\"contentUrl\":\"https:\\\/\\\/www.altominho.tv\\\/site\\\/wp-content\\\/uploads\\\/2022\\\/12\\\/silvestre-02.jpg\",\"width\":2048,\"height\":1281,\"caption\":\"C.M.M.\"},{\"@type\":\"BreadcrumbList\",\"@id\":\"https:\\\/\\\/www.altominho.tv\\\/site\\\/2022\\\/12\\\/19\\\/prova-de-sao-silvestre-juntou-alimentos-para-familias-carenciadas\\\/#breadcrumb\",\"itemListElement\":[{\"@type\":\"ListItem\",\"position\":1,\"name\":\"In\u00edcio\",\"item\":\"https:\\\/\\\/www.altominho.tv\\\/site\\\/\"},{\"@type\":\"ListItem\",\"position\":2,\"name\":\"Prova de S\u00e3o Silvestre juntou alimentos para fam\u00edlias carenciadas\"}]},{\"@type\":\"WebSite\",\"@id\":\"https:\\\/\\\/www.altominho.tv\\\/site\\\/#website\",\"url\":\"https:\\\/\\\/www.altominho.tv\\\/site\\\/\",\"name\":\"Altominho.tv\",\"description\":\"A sua regi\u00e3o \u00e0 dist\u00e2ncia de um clique...\",\"potentialAction\":[{\"@type\":\"SearchAction\",\"target\":{\"@type\":\"EntryPoint\",\"urlTemplate\":\"https:\\\/\\\/www.altominho.tv\\\/site\\\/?s={search_term_string}\"},\"query-input\":{\"@type\":\"PropertyValueSpecification\",\"valueRequired\":true,\"valueName\":\"search_term_string\"}}],\"inLanguage\":\"pt-PT\"},{\"@type\":\"Person\",\"@id\":\"https:\\\/\\\/www.altominho.tv\\\/site\\\/#\\\/schema\\\/person\\\/c5570e5afb933b8d08c43373326ef1b1\",\"name\":\"Cesar Lopes\",\"image\":{\"@type\":\"ImageObject\",\"inLanguage\":\"pt-PT\",\"@id\":\"https:\\\/\\\/www.altominho.tv\\\/site\\\/wp-content\\\/uploads\\\/2022\\\/10\\\/Sem-Titulo-150x150.jpg\",\"url\":\"https:\\\/\\\/www.altominho.tv\\\/site\\\/wp-content\\\/uploads\\\/2022\\\/10\\\/Sem-Titulo-150x150.jpg\",\"contentUrl\":\"https:\\\/\\\/www.altominho.tv\\\/site\\\/wp-content\\\/uploads\\\/2022\\\/10\\\/Sem-Titulo-150x150.jpg\",\"caption\":\"Cesar Lopes\"},\"url\":\"https:\\\/\\\/www.altominho.tv\\\/site\\\/author\\\/cesarlopes\\\/\"}]}<\/script>\n<!-- \/ Yoast SEO Premium plugin. -->","yoast_head_json":{"title":"Prova de S\u00e3o Silvestre juntou alimentos para fam\u00edlias carenciadas","description":"A Prova de S\u00e3o Silvestre realizou-se no \u00faltimo s\u00e1bado, 17 de dezembro, ligando Mon\u00e7\u00e3o e Salvaterra de Mi\u00f1o, num percurso superior a 5 quil\u00f3metros.","robots":{"index":"index","follow":"follow","max-snippet":"max-snippet:-1","max-image-preview":"max-image-preview:large","max-video-preview":"max-video-preview:-1"},"canonical":"https:\/\/www.altominho.tv\/site\/2022\/12\/19\/prova-de-sao-silvestre-juntou-alimentos-para-familias-carenciadas\/","og_locale":"pt_PT","og_type":"article","og_title":"Prova de S\u00e3o Silvestre juntou alimentos para fam\u00edlias carenciadas","og_description":"A Prova de S\u00e3o Silvestre realizou-se no \u00faltimo s\u00e1bado, 17 de dezembro, ligando Mon\u00e7\u00e3o e Salvaterra de Mi\u00f1o, num percurso superior a 5 quil\u00f3metros.","og_url":"https:\/\/www.altominho.tv\/site\/2022\/12\/19\/prova-de-sao-silvestre-juntou-alimentos-para-familias-carenciadas\/","og_site_name":"Altominho.tv","article_publisher":"https:\/\/www.facebook.com\/altominhotv","article_published_time":"2022-12-19T21:06:13+00:00","article_modified_time":"2022-12-19T21:06:18+00:00","og_image":[{"width":2048,"height":1281,"url":"https:\/\/www.altominho.tv\/site\/wp-content\/uploads\/2022\/12\/silvestre-02.jpg","type":"image\/jpeg"}],"author":"Cesar Lopes","twitter_card":"summary_large_image","twitter_creator":"@altominhoTV","twitter_site":"@altominhoTV","twitter_misc":{"Escrito por":"Cesar Lopes","Tempo estimado de leitura":"2 minutos"},"schema":{"@context":"https:\/\/schema.org","@graph":[{"@type":"Article","@id":"https:\/\/www.altominho.tv\/site\/2022\/12\/19\/prova-de-sao-silvestre-juntou-alimentos-para-familias-carenciadas\/#article","isPartOf":{"@id":"https:\/\/www.altominho.tv\/site\/2022\/12\/19\/prova-de-sao-silvestre-juntou-alimentos-para-familias-carenciadas\/"},"author":{"name":"Cesar Lopes","@id":"https:\/\/www.altominho.tv\/site\/#\/schema\/person\/c5570e5afb933b8d08c43373326ef1b1"},"headline":"Prova de S\u00e3o Silvestre juntou alimentos para fam\u00edlias carenciadas","datePublished":"2022-12-19T21:06:13+00:00","dateModified":"2022-12-19T21:06:18+00:00","mainEntityOfPage":{"@id":"https:\/\/www.altominho.tv\/site\/2022\/12\/19\/prova-de-sao-silvestre-juntou-alimentos-para-familias-carenciadas\/"},"wordCount":287,"image":{"@id":"https:\/\/www.altominho.tv\/site\/2022\/12\/19\/prova-de-sao-silvestre-juntou-alimentos-para-familias-carenciadas\/#primaryimage"},"thumbnailUrl":"https:\/\/www.altominho.tv\/site\/wp-content\/uploads\/2022\/12\/silvestre-02.jpg","keywords":["Desporto"],"articleSection":["Mon\u00e7\u00e3o"],"inLanguage":"pt-PT","copyrightYear":"2022","copyrightHolder":{"@id":"https:\/\/www.altominho.tv\/site\/#organization"}},{"@type":"WebPage","@id":"https:\/\/www.altominho.tv\/site\/2022\/12\/19\/prova-de-sao-silvestre-juntou-alimentos-para-familias-carenciadas\/","url":"https:\/\/www.altominho.tv\/site\/2022\/12\/19\/prova-de-sao-silvestre-juntou-alimentos-para-familias-carenciadas\/","name":"Prova de S\u00e3o Silvestre juntou alimentos para fam\u00edlias carenciadas","isPartOf":{"@id":"https:\/\/www.altominho.tv\/site\/#website"},"primaryImageOfPage":{"@id":"https:\/\/www.altominho.tv\/site\/2022\/12\/19\/prova-de-sao-silvestre-juntou-alimentos-para-familias-carenciadas\/#primaryimage"},"image":{"@id":"https:\/\/www.altominho.tv\/site\/2022\/12\/19\/prova-de-sao-silvestre-juntou-alimentos-para-familias-carenciadas\/#primaryimage"},"thumbnailUrl":"https:\/\/www.altominho.tv\/site\/wp-content\/uploads\/2022\/12\/silvestre-02.jpg","datePublished":"2022-12-19T21:06:13+00:00","dateModified":"2022-12-19T21:06:18+00:00","author":{"@id":"https:\/\/www.altominho.tv\/site\/#\/schema\/person\/c5570e5afb933b8d08c43373326ef1b1"},"description":"A Prova de S\u00e3o Silvestre realizou-se no \u00faltimo s\u00e1bado, 17 de dezembro, ligando Mon\u00e7\u00e3o e Salvaterra de Mi\u00f1o, num percurso superior a 5 quil\u00f3metros.","breadcrumb":{"@id":"https:\/\/www.altominho.tv\/site\/2022\/12\/19\/prova-de-sao-silvestre-juntou-alimentos-para-familias-carenciadas\/#breadcrumb"},"inLanguage":"pt-PT","potentialAction":[{"@type":"ReadAction","target":["https:\/\/www.altominho.tv\/site\/2022\/12\/19\/prova-de-sao-silvestre-juntou-alimentos-para-familias-carenciadas\/"]}]},{"@type":"ImageObject","inLanguage":"pt-PT","@id":"https:\/\/www.altominho.tv\/site\/2022\/12\/19\/prova-de-sao-silvestre-juntou-alimentos-para-familias-carenciadas\/#primaryimage","url":"https:\/\/www.altominho.tv\/site\/wp-content\/uploads\/2022\/12\/silvestre-02.jpg","contentUrl":"https:\/\/www.altominho.tv\/site\/wp-content\/uploads\/2022\/12\/silvestre-02.jpg","width":2048,"height":1281,"caption":"C.M.M."},{"@type":"BreadcrumbList","@id":"https:\/\/www.altominho.tv\/site\/2022\/12\/19\/prova-de-sao-silvestre-juntou-alimentos-para-familias-carenciadas\/#breadcrumb","itemListElement":[{"@type":"ListItem","position":1,"name":"In\u00edcio","item":"https:\/\/www.altominho.tv\/site\/"},{"@type":"ListItem","position":2,"name":"Prova de S\u00e3o Silvestre juntou alimentos para fam\u00edlias carenciadas"}]},{"@type":"WebSite","@id":"https:\/\/www.altominho.tv\/site\/#website","url":"https:\/\/www.altominho.tv\/site\/","name":"Altominho.tv","description":"A sua regi\u00e3o \u00e0 dist\u00e2ncia de um clique...","potentialAction":[{"@type":"SearchAction","target":{"@type":"EntryPoint","urlTemplate":"https:\/\/www.altominho.tv\/site\/?s={search_term_string}"},"query-input":{"@type":"PropertyValueSpecification","valueRequired":true,"valueName":"search_term_string"}}],"inLanguage":"pt-PT"},{"@type":"Person","@id":"https:\/\/www.altominho.tv\/site\/#\/schema\/person\/c5570e5afb933b8d08c43373326ef1b1","name":"Cesar Lopes","image":{"@type":"ImageObject","inLanguage":"pt-PT","@id":"https:\/\/www.altominho.tv\/site\/wp-content\/uploads\/2022\/10\/Sem-Titulo-150x150.jpg","url":"https:\/\/www.altominho.tv\/site\/wp-content\/uploads\/2022\/10\/Sem-Titulo-150x150.jpg","contentUrl":"https:\/\/www.altominho.tv\/site\/wp-content\/uploads\/2022\/10\/Sem-Titulo-150x150.jpg","caption":"Cesar Lopes"},"url":"https:\/\/www.altominho.tv\/site\/author\/cesarlopes\/"}]}},"_links":{"self":[{"href":"https:\/\/www.altominho.tv\/site\/wp-json\/wp\/v2\/posts\/86790","targetHints":{"allow":["GET"]}}],"collection":[{"href":"https:\/\/www.altominho.tv\/site\/wp-json\/wp\/v2\/posts"}],"about":[{"href":"https:\/\/www.altominho.tv\/site\/wp-json\/wp\/v2\/types\/post"}],"author":[{"embeddable":true,"href":"https:\/\/www.altominho.tv\/site\/wp-json\/wp\/v2\/users\/24"}],"replies":[{"embeddable":true,"href":"https:\/\/www.altominho.tv\/site\/wp-json\/wp\/v2\/comments?post=86790"}],"version-history":[{"count":1,"href":"https:\/\/www.altominho.tv\/site\/wp-json\/wp\/v2\/posts\/86790\/revisions"}],"predecessor-version":[{"id":86792,"href":"https:\/\/www.altominho.tv\/site\/wp-json\/wp\/v2\/posts\/86790\/revisions\/86792"}],"wp:featuredmedia":[{"embeddable":true,"href":"https:\/\/www.altominho.tv\/site\/wp-json\/wp\/v2\/media\/86791"}],"wp:attachment":[{"href":"https:\/\/www.altominho.tv\/site\/wp-json\/wp\/v2\/media?parent=86790"}],"wp:term":[{"taxonomy":"category","embeddable":true,"href":"https:\/\/www.altominho.tv\/site\/wp-json\/wp\/v2\/categories?post=86790"},{"taxonomy":"post_tag","embeddable":true,"href":"https:\/\/www.altominho.tv\/site\/wp-json\/wp\/v2\/tags?post=86790"}],"curies":[{"name":"wp","href":"https:\/\/api.w.org\/{rel}","templated":true}]}}