{"id":86768,"date":"2022-12-19T12:27:20","date_gmt":"2022-12-19T12:27:20","guid":{"rendered":"https:\/\/www.altominho.tv\/site\/?p=86768"},"modified":"2022-12-19T12:27:25","modified_gmt":"2022-12-19T12:27:25","slug":"municipio-homenageia-antigos-funcionarios","status":"publish","type":"post","link":"https:\/\/www.altominho.tv\/site\/2022\/12\/19\/municipio-homenageia-antigos-funcionarios\/","title":{"rendered":"Munic\u00edpio homenageia antigos funcion\u00e1rios"},"content":{"rendered":"<p>A C\u00e2mara Municipal de Mon\u00e7\u00e3o homenageou 18 antigos funcion\u00e1rios no jantar de Natal.<\/p>\n<p>Ant\u00f3nio Barbosa entregou uma recorda\u00e7\u00e3o simb\u00f3lica a cada um dos funcion\u00e1rios aposentados (placa alusiva, contendo o nome e as datas de entrada e sa\u00edda do servi\u00e7o).<\/p>\n<p>O presidente da C\u00e2mara agradeceu aos funcion\u00e1rios aposentados a \u201cdedica\u00e7\u00e3o e profissionalismo ao servi\u00e7o da autarquia mon\u00e7anense durante tantos anos\u201d, tendo desejado a todos os presentes um \u201cBom Natal e Feliz Ano Novo na companhia dos seus entes mais queridos.\u201d<\/p>\n<p>\u00c0 semelhan\u00e7a de 2017, 2018 e 2019, cada funcion\u00e1rio\/a contribuiu com cinco euros para o jantar e escolheu uma associa\u00e7\u00e3o local para receber o donativo. Este ano, a institui\u00e7\u00e3o que recolheu mais \u201cvotos\u201d foi a Associa\u00e7\u00e3o Humanit\u00e1ria dos Bombeiros Volunt\u00e1rios de Mon\u00e7\u00e3o que, desta forma, ser\u00e1 presenteada com um cheque de 1.130,00 euros.<\/p>\n","protected":false},"excerpt":{"rendered":"<p>A C\u00e2mara Municipal de Mon\u00e7\u00e3o homenageou 18 antigos funcion\u00e1rios no jantar de Natal. Ant\u00f3nio Barbosa entregou uma recorda\u00e7\u00e3o simb\u00f3lica a cada um dos funcion\u00e1rios aposentados (placa alusiva, contendo o nome e as datas de entrada e sa\u00edda do servi\u00e7o). O presidente da C\u00e2mara agradeceu aos funcion\u00e1rios aposentados a \u201cdedica\u00e7\u00e3o e profissionalismo ao servi\u00e7o da autarquia [&hellip;]<\/p>\n","protected":false},"author":24,"featured_media":86769,"comment_status":"closed","ping_status":"closed","sticky":false,"template":"","format":"standard","meta":{"_exactmetrics_skip_tracking":false,"_exactmetrics_sitenote_active":false,"_exactmetrics_sitenote_note":"","_exactmetrics_sitenote_category":0,"footnotes":""},"categories":[9],"tags":[27],"class_list":["post-86768","post","type-post","status-publish","format-standard","has-post-thumbnail","hentry","category-moncao","tag-sociedade"],"yoast_head":"<!-- This site is optimized with the Yoast SEO Premium plugin v27.4 (Yoast SEO v27.4) - https:\/\/yoast.com\/product\/yoast-seo-premium-wordpress\/ -->\n<title>Munic\u00edpio homenageia antigos funcion\u00e1rios<\/title>\n<meta name=\"description\" content=\"A C\u00e2mara Municipal de Mon\u00e7\u00e3o homenageou 18 antigos funcion\u00e1rios no jantar de Natal.\" \/>\n<meta name=\"robots\" content=\"index, follow, max-snippet:-1, max-image-preview:large, max-video-preview:-1\" \/>\n<link rel=\"canonical\" href=\"https:\/\/www.altominho.tv\/site\/2022\/12\/19\/municipio-homenageia-antigos-funcionarios\/\" \/>\n<meta property=\"og:locale\" content=\"pt_PT\" \/>\n<meta property=\"og:type\" content=\"article\" \/>\n<meta property=\"og:title\" content=\"Munic\u00edpio homenageia antigos funcion\u00e1rios\" \/>\n<meta property=\"og:description\" content=\"A C\u00e2mara Municipal de Mon\u00e7\u00e3o homenageou 18 antigos funcion\u00e1rios no jantar de Natal.\" \/>\n<meta property=\"og:url\" content=\"https:\/\/www.altominho.tv\/site\/2022\/12\/19\/municipio-homenageia-antigos-funcionarios\/\" \/>\n<meta property=\"og:site_name\" content=\"Altominho.tv\" \/>\n<meta property=\"article:publisher\" content=\"https:\/\/www.facebook.com\/altominhotv\" \/>\n<meta property=\"article:published_time\" content=\"2022-12-19T12:27:20+00:00\" \/>\n<meta property=\"article:modified_time\" content=\"2022-12-19T12:27:25+00:00\" \/>\n<meta property=\"og:image\" content=\"https:\/\/www.altominho.tv\/site\/wp-content\/uploads\/2022\/12\/16.jpg\" \/>\n\t<meta property=\"og:image:width\" content=\"2453\" \/>\n\t<meta property=\"og:image:height\" content=\"1756\" \/>\n\t<meta property=\"og:image:type\" content=\"image\/jpeg\" \/>\n<meta name=\"author\" content=\"Cesar Lopes\" \/>\n<meta name=\"twitter:card\" content=\"summary_large_image\" \/>\n<meta name=\"twitter:creator\" content=\"@altominhoTV\" \/>\n<meta name=\"twitter:site\" content=\"@altominhoTV\" \/>\n<meta name=\"twitter:label1\" content=\"Escrito por\" \/>\n\t<meta name=\"twitter:data1\" content=\"Cesar Lopes\" \/>\n\t<meta name=\"twitter:label2\" content=\"Tempo estimado de leitura\" \/>\n\t<meta name=\"twitter:data2\" content=\"1 minuto\" \/>\n<script type=\"application\/ld+json\" class=\"yoast-schema-graph\">{\"@context\":\"https:\\\/\\\/schema.org\",\"@graph\":[{\"@type\":\"Article\",\"@id\":\"https:\\\/\\\/www.altominho.tv\\\/site\\\/2022\\\/12\\\/19\\\/municipio-homenageia-antigos-funcionarios\\\/#article\",\"isPartOf\":{\"@id\":\"https:\\\/\\\/www.altominho.tv\\\/site\\\/2022\\\/12\\\/19\\\/municipio-homenageia-antigos-funcionarios\\\/\"},\"author\":{\"name\":\"Cesar Lopes\",\"@id\":\"https:\\\/\\\/www.altominho.tv\\\/site\\\/#\\\/schema\\\/person\\\/c5570e5afb933b8d08c43373326ef1b1\"},\"headline\":\"Munic\u00edpio homenageia antigos funcion\u00e1rios\",\"datePublished\":\"2022-12-19T12:27:20+00:00\",\"dateModified\":\"2022-12-19T12:27:25+00:00\",\"mainEntityOfPage\":{\"@id\":\"https:\\\/\\\/www.altominho.tv\\\/site\\\/2022\\\/12\\\/19\\\/municipio-homenageia-antigos-funcionarios\\\/\"},\"wordCount\":155,\"image\":{\"@id\":\"https:\\\/\\\/www.altominho.tv\\\/site\\\/2022\\\/12\\\/19\\\/municipio-homenageia-antigos-funcionarios\\\/#primaryimage\"},\"thumbnailUrl\":\"https:\\\/\\\/www.altominho.tv\\\/site\\\/wp-content\\\/uploads\\\/2022\\\/12\\\/16.jpg\",\"keywords\":[\"Sociedade\"],\"articleSection\":[\"Mon\u00e7\u00e3o\"],\"inLanguage\":\"pt-PT\",\"copyrightYear\":\"2022\",\"copyrightHolder\":{\"@id\":\"https:\\\/\\\/www.altominho.tv\\\/site\\\/#organization\"}},{\"@type\":\"WebPage\",\"@id\":\"https:\\\/\\\/www.altominho.tv\\\/site\\\/2022\\\/12\\\/19\\\/municipio-homenageia-antigos-funcionarios\\\/\",\"url\":\"https:\\\/\\\/www.altominho.tv\\\/site\\\/2022\\\/12\\\/19\\\/municipio-homenageia-antigos-funcionarios\\\/\",\"name\":\"Munic\u00edpio homenageia antigos funcion\u00e1rios\",\"isPartOf\":{\"@id\":\"https:\\\/\\\/www.altominho.tv\\\/site\\\/#website\"},\"primaryImageOfPage\":{\"@id\":\"https:\\\/\\\/www.altominho.tv\\\/site\\\/2022\\\/12\\\/19\\\/municipio-homenageia-antigos-funcionarios\\\/#primaryimage\"},\"image\":{\"@id\":\"https:\\\/\\\/www.altominho.tv\\\/site\\\/2022\\\/12\\\/19\\\/municipio-homenageia-antigos-funcionarios\\\/#primaryimage\"},\"thumbnailUrl\":\"https:\\\/\\\/www.altominho.tv\\\/site\\\/wp-content\\\/uploads\\\/2022\\\/12\\\/16.jpg\",\"datePublished\":\"2022-12-19T12:27:20+00:00\",\"dateModified\":\"2022-12-19T12:27:25+00:00\",\"author\":{\"@id\":\"https:\\\/\\\/www.altominho.tv\\\/site\\\/#\\\/schema\\\/person\\\/c5570e5afb933b8d08c43373326ef1b1\"},\"description\":\"A C\u00e2mara Municipal de Mon\u00e7\u00e3o homenageou 18 antigos funcion\u00e1rios no jantar de Natal.\",\"breadcrumb\":{\"@id\":\"https:\\\/\\\/www.altominho.tv\\\/site\\\/2022\\\/12\\\/19\\\/municipio-homenageia-antigos-funcionarios\\\/#breadcrumb\"},\"inLanguage\":\"pt-PT\",\"potentialAction\":[{\"@type\":\"ReadAction\",\"target\":[\"https:\\\/\\\/www.altominho.tv\\\/site\\\/2022\\\/12\\\/19\\\/municipio-homenageia-antigos-funcionarios\\\/\"]}]},{\"@type\":\"ImageObject\",\"inLanguage\":\"pt-PT\",\"@id\":\"https:\\\/\\\/www.altominho.tv\\\/site\\\/2022\\\/12\\\/19\\\/municipio-homenageia-antigos-funcionarios\\\/#primaryimage\",\"url\":\"https:\\\/\\\/www.altominho.tv\\\/site\\\/wp-content\\\/uploads\\\/2022\\\/12\\\/16.jpg\",\"contentUrl\":\"https:\\\/\\\/www.altominho.tv\\\/site\\\/wp-content\\\/uploads\\\/2022\\\/12\\\/16.jpg\",\"width\":2453,\"height\":1756,\"caption\":\"C.M.M.\"},{\"@type\":\"BreadcrumbList\",\"@id\":\"https:\\\/\\\/www.altominho.tv\\\/site\\\/2022\\\/12\\\/19\\\/municipio-homenageia-antigos-funcionarios\\\/#breadcrumb\",\"itemListElement\":[{\"@type\":\"ListItem\",\"position\":1,\"name\":\"In\u00edcio\",\"item\":\"https:\\\/\\\/www.altominho.tv\\\/site\\\/\"},{\"@type\":\"ListItem\",\"position\":2,\"name\":\"Munic\u00edpio homenageia antigos funcion\u00e1rios\"}]},{\"@type\":\"WebSite\",\"@id\":\"https:\\\/\\\/www.altominho.tv\\\/site\\\/#website\",\"url\":\"https:\\\/\\\/www.altominho.tv\\\/site\\\/\",\"name\":\"Altominho.tv\",\"description\":\"A sua regi\u00e3o \u00e0 dist\u00e2ncia de um clique...\",\"potentialAction\":[{\"@type\":\"SearchAction\",\"target\":{\"@type\":\"EntryPoint\",\"urlTemplate\":\"https:\\\/\\\/www.altominho.tv\\\/site\\\/?s={search_term_string}\"},\"query-input\":{\"@type\":\"PropertyValueSpecification\",\"valueRequired\":true,\"valueName\":\"search_term_string\"}}],\"inLanguage\":\"pt-PT\"},{\"@type\":\"Person\",\"@id\":\"https:\\\/\\\/www.altominho.tv\\\/site\\\/#\\\/schema\\\/person\\\/c5570e5afb933b8d08c43373326ef1b1\",\"name\":\"Cesar Lopes\",\"image\":{\"@type\":\"ImageObject\",\"inLanguage\":\"pt-PT\",\"@id\":\"https:\\\/\\\/www.altominho.tv\\\/site\\\/wp-content\\\/uploads\\\/2022\\\/10\\\/Sem-Titulo-150x150.jpg\",\"url\":\"https:\\\/\\\/www.altominho.tv\\\/site\\\/wp-content\\\/uploads\\\/2022\\\/10\\\/Sem-Titulo-150x150.jpg\",\"contentUrl\":\"https:\\\/\\\/www.altominho.tv\\\/site\\\/wp-content\\\/uploads\\\/2022\\\/10\\\/Sem-Titulo-150x150.jpg\",\"caption\":\"Cesar Lopes\"},\"url\":\"https:\\\/\\\/www.altominho.tv\\\/site\\\/author\\\/cesarlopes\\\/\"}]}<\/script>\n<!-- \/ Yoast SEO Premium plugin. -->","yoast_head_json":{"title":"Munic\u00edpio homenageia antigos funcion\u00e1rios","description":"A C\u00e2mara Municipal de Mon\u00e7\u00e3o homenageou 18 antigos funcion\u00e1rios no jantar de Natal.","robots":{"index":"index","follow":"follow","max-snippet":"max-snippet:-1","max-image-preview":"max-image-preview:large","max-video-preview":"max-video-preview:-1"},"canonical":"https:\/\/www.altominho.tv\/site\/2022\/12\/19\/municipio-homenageia-antigos-funcionarios\/","og_locale":"pt_PT","og_type":"article","og_title":"Munic\u00edpio homenageia antigos funcion\u00e1rios","og_description":"A C\u00e2mara Municipal de Mon\u00e7\u00e3o homenageou 18 antigos funcion\u00e1rios no jantar de Natal.","og_url":"https:\/\/www.altominho.tv\/site\/2022\/12\/19\/municipio-homenageia-antigos-funcionarios\/","og_site_name":"Altominho.tv","article_publisher":"https:\/\/www.facebook.com\/altominhotv","article_published_time":"2022-12-19T12:27:20+00:00","article_modified_time":"2022-12-19T12:27:25+00:00","og_image":[{"width":2453,"height":1756,"url":"https:\/\/www.altominho.tv\/site\/wp-content\/uploads\/2022\/12\/16.jpg","type":"image\/jpeg"}],"author":"Cesar Lopes","twitter_card":"summary_large_image","twitter_creator":"@altominhoTV","twitter_site":"@altominhoTV","twitter_misc":{"Escrito por":"Cesar Lopes","Tempo estimado de leitura":"1 minuto"},"schema":{"@context":"https:\/\/schema.org","@graph":[{"@type":"Article","@id":"https:\/\/www.altominho.tv\/site\/2022\/12\/19\/municipio-homenageia-antigos-funcionarios\/#article","isPartOf":{"@id":"https:\/\/www.altominho.tv\/site\/2022\/12\/19\/municipio-homenageia-antigos-funcionarios\/"},"author":{"name":"Cesar Lopes","@id":"https:\/\/www.altominho.tv\/site\/#\/schema\/person\/c5570e5afb933b8d08c43373326ef1b1"},"headline":"Munic\u00edpio homenageia antigos funcion\u00e1rios","datePublished":"2022-12-19T12:27:20+00:00","dateModified":"2022-12-19T12:27:25+00:00","mainEntityOfPage":{"@id":"https:\/\/www.altominho.tv\/site\/2022\/12\/19\/municipio-homenageia-antigos-funcionarios\/"},"wordCount":155,"image":{"@id":"https:\/\/www.altominho.tv\/site\/2022\/12\/19\/municipio-homenageia-antigos-funcionarios\/#primaryimage"},"thumbnailUrl":"https:\/\/www.altominho.tv\/site\/wp-content\/uploads\/2022\/12\/16.jpg","keywords":["Sociedade"],"articleSection":["Mon\u00e7\u00e3o"],"inLanguage":"pt-PT","copyrightYear":"2022","copyrightHolder":{"@id":"https:\/\/www.altominho.tv\/site\/#organization"}},{"@type":"WebPage","@id":"https:\/\/www.altominho.tv\/site\/2022\/12\/19\/municipio-homenageia-antigos-funcionarios\/","url":"https:\/\/www.altominho.tv\/site\/2022\/12\/19\/municipio-homenageia-antigos-funcionarios\/","name":"Munic\u00edpio homenageia antigos funcion\u00e1rios","isPartOf":{"@id":"https:\/\/www.altominho.tv\/site\/#website"},"primaryImageOfPage":{"@id":"https:\/\/www.altominho.tv\/site\/2022\/12\/19\/municipio-homenageia-antigos-funcionarios\/#primaryimage"},"image":{"@id":"https:\/\/www.altominho.tv\/site\/2022\/12\/19\/municipio-homenageia-antigos-funcionarios\/#primaryimage"},"thumbnailUrl":"https:\/\/www.altominho.tv\/site\/wp-content\/uploads\/2022\/12\/16.jpg","datePublished":"2022-12-19T12:27:20+00:00","dateModified":"2022-12-19T12:27:25+00:00","author":{"@id":"https:\/\/www.altominho.tv\/site\/#\/schema\/person\/c5570e5afb933b8d08c43373326ef1b1"},"description":"A C\u00e2mara Municipal de Mon\u00e7\u00e3o homenageou 18 antigos funcion\u00e1rios no jantar de Natal.","breadcrumb":{"@id":"https:\/\/www.altominho.tv\/site\/2022\/12\/19\/municipio-homenageia-antigos-funcionarios\/#breadcrumb"},"inLanguage":"pt-PT","potentialAction":[{"@type":"ReadAction","target":["https:\/\/www.altominho.tv\/site\/2022\/12\/19\/municipio-homenageia-antigos-funcionarios\/"]}]},{"@type":"ImageObject","inLanguage":"pt-PT","@id":"https:\/\/www.altominho.tv\/site\/2022\/12\/19\/municipio-homenageia-antigos-funcionarios\/#primaryimage","url":"https:\/\/www.altominho.tv\/site\/wp-content\/uploads\/2022\/12\/16.jpg","contentUrl":"https:\/\/www.altominho.tv\/site\/wp-content\/uploads\/2022\/12\/16.jpg","width":2453,"height":1756,"caption":"C.M.M."},{"@type":"BreadcrumbList","@id":"https:\/\/www.altominho.tv\/site\/2022\/12\/19\/municipio-homenageia-antigos-funcionarios\/#breadcrumb","itemListElement":[{"@type":"ListItem","position":1,"name":"In\u00edcio","item":"https:\/\/www.altominho.tv\/site\/"},{"@type":"ListItem","position":2,"name":"Munic\u00edpio homenageia antigos funcion\u00e1rios"}]},{"@type":"WebSite","@id":"https:\/\/www.altominho.tv\/site\/#website","url":"https:\/\/www.altominho.tv\/site\/","name":"Altominho.tv","description":"A sua regi\u00e3o \u00e0 dist\u00e2ncia de um clique...","potentialAction":[{"@type":"SearchAction","target":{"@type":"EntryPoint","urlTemplate":"https:\/\/www.altominho.tv\/site\/?s={search_term_string}"},"query-input":{"@type":"PropertyValueSpecification","valueRequired":true,"valueName":"search_term_string"}}],"inLanguage":"pt-PT"},{"@type":"Person","@id":"https:\/\/www.altominho.tv\/site\/#\/schema\/person\/c5570e5afb933b8d08c43373326ef1b1","name":"Cesar Lopes","image":{"@type":"ImageObject","inLanguage":"pt-PT","@id":"https:\/\/www.altominho.tv\/site\/wp-content\/uploads\/2022\/10\/Sem-Titulo-150x150.jpg","url":"https:\/\/www.altominho.tv\/site\/wp-content\/uploads\/2022\/10\/Sem-Titulo-150x150.jpg","contentUrl":"https:\/\/www.altominho.tv\/site\/wp-content\/uploads\/2022\/10\/Sem-Titulo-150x150.jpg","caption":"Cesar Lopes"},"url":"https:\/\/www.altominho.tv\/site\/author\/cesarlopes\/"}]}},"_links":{"self":[{"href":"https:\/\/www.altominho.tv\/site\/wp-json\/wp\/v2\/posts\/86768","targetHints":{"allow":["GET"]}}],"collection":[{"href":"https:\/\/www.altominho.tv\/site\/wp-json\/wp\/v2\/posts"}],"about":[{"href":"https:\/\/www.altominho.tv\/site\/wp-json\/wp\/v2\/types\/post"}],"author":[{"embeddable":true,"href":"https:\/\/www.altominho.tv\/site\/wp-json\/wp\/v2\/users\/24"}],"replies":[{"embeddable":true,"href":"https:\/\/www.altominho.tv\/site\/wp-json\/wp\/v2\/comments?post=86768"}],"version-history":[{"count":1,"href":"https:\/\/www.altominho.tv\/site\/wp-json\/wp\/v2\/posts\/86768\/revisions"}],"predecessor-version":[{"id":86770,"href":"https:\/\/www.altominho.tv\/site\/wp-json\/wp\/v2\/posts\/86768\/revisions\/86770"}],"wp:featuredmedia":[{"embeddable":true,"href":"https:\/\/www.altominho.tv\/site\/wp-json\/wp\/v2\/media\/86769"}],"wp:attachment":[{"href":"https:\/\/www.altominho.tv\/site\/wp-json\/wp\/v2\/media?parent=86768"}],"wp:term":[{"taxonomy":"category","embeddable":true,"href":"https:\/\/www.altominho.tv\/site\/wp-json\/wp\/v2\/categories?post=86768"},{"taxonomy":"post_tag","embeddable":true,"href":"https:\/\/www.altominho.tv\/site\/wp-json\/wp\/v2\/tags?post=86768"}],"curies":[{"name":"wp","href":"https:\/\/api.w.org\/{rel}","templated":true}]}}