{"id":86563,"date":"2022-12-14T15:10:00","date_gmt":"2022-12-14T15:10:00","guid":{"rendered":"https:\/\/www.altominho.tv\/site\/?p=86563"},"modified":"2022-12-14T15:10:05","modified_gmt":"2022-12-14T15:10:05","slug":"112-transfronteirico-comeca-a-ser-preparado-em-janeiro-e-vai-contar-com-bombeiros","status":"publish","type":"post","link":"https:\/\/www.altominho.tv\/site\/2022\/12\/14\/112-transfronteirico-comeca-a-ser-preparado-em-janeiro-e-vai-contar-com-bombeiros\/","title":{"rendered":"112 Transfronteiri\u00e7o come\u00e7a a ser preparado em janeiro e vai contar com bombeiros"},"content":{"rendered":"<p>O presidente do INEM disse hoje que dentro de um m\u00eas decorrer\u00e1 a primeira reuni\u00e3o do grupo de trabalho que vai constituir o 112 Transfronteiri\u00e7o entre Portugal e Espanha, no qual os bombeiros \u201cs\u00e3o uma parte fundamental\u201d.<\/p>\n<p>\u201cOs bombeiros s\u00e3o uma parte fundamental do sistema integrado da emerg\u00eancia m\u00e9dica. Diria que s\u00e3o daquelas entidades que t\u00eam um papel primordial pelo volume de servi\u00e7os que prestam, mas sobretudo pela proximidade que t\u00eam com as popula\u00e7\u00f5es\u201d, afirmou o presidente do Instituto Nacional de Emerg\u00eancia M\u00e9dica (INEM), Lu\u00eds Meira.<\/p>\n<p>O respons\u00e1vel, que falava aos jornalistas ap\u00f3s a assinatura, em Valen\u00e7a, do memorando de entendimento entre o INEM e a cong\u00e9nere espanhola AXEGA, adiantou que o processo de cria\u00e7\u00e3o do primeiro servi\u00e7o de emerg\u00eancia m\u00e9dica entre Portugal e Espanha \u201cn\u00e3o exclui\u201d ningu\u00e9m.<\/p>\n<p>Nem bombeiros, nem outras entidades, garantindo inclusivamente que a assist\u00eancia \u00e9 feita sempre da melhor forma poss\u00edvel, seja com meios dos bombeiros, seja do INEM, seja de entidades de sa\u00fade que est\u00e3o englobadas nesta resposta\u201d, disse.<\/p>\n<p>Lu\u00eds Meira, que reagia \u00e0s queixas feitas na ter\u00e7a-feira pela Federa\u00e7\u00e3o de Bombeiros de Viana do Castelo, por \u201cn\u00e3o ter sido minimamente tida nem achada no processo negocial\u201d, disse que \u201cno pr\u00f3ximo m\u00eas ser\u00e1 feita a primeira reuni\u00e3o do grupo de trabalho que vai ser criado, com entidades dos dois pa\u00edses\u201d.<\/p>\n<p>\u201cPercebo o problema que afeta os corpos de bombeiros. O INEM \u00e9 financiador importante da atividade dos bombeiros. Temos feito um esfor\u00e7o significativo do ponto de vista financeiro e or\u00e7amental para aumentar as transfer\u00eancias para os corpos de bombeiros\u201d, afirmou.<\/p>\n<p>O respons\u00e1vel apontou a renegocia\u00e7\u00e3o do acordo de pagamentos \u00e0s corpora\u00e7\u00f5es, que vigorou entre 2012 e 2021, que introduziu uma \u201caltera\u00e7\u00e3o significativa, com a atualiza\u00e7\u00e3o dos valores a transferir para os bombeiros, que aconteceu j\u00e1 este ano\u201d.<\/p>\n<p>\u201cContinuamos a trabalhar nessa mat\u00e9ria com o Governo e com os corpos de bombeiros no sentido de garantir, cada vez mais, maior sustentabilidade financeira, que o INEM reconhece ser fundamental garantir porque sem bombeiros o sistema integrado de emerg\u00eancia m\u00e9dica n\u00e3o existe. Sem bombeiros a garantir a maioria das situa\u00e7\u00f5es de resposta \u00e0 emerg\u00eancia pr\u00e9-hospitalar as popula\u00e7\u00f5es n\u00e3o ficar\u00e3o melhor servidas, antes pelo contr\u00e1rio. Falta esta proximidade que os bombeiros conseguem garantir\u201d, sublinhou.<\/p>\n<p>Com o 112 Transfronteiri\u00e7o, adiantou Lu\u00eds Meira, vai mudar a gest\u00e3o das ocorr\u00eancias, permitindo trabalhar mais de perto com as cong\u00e9neres espanholas para garantir que a resposta \u00e9 mais uniforme.<\/p>\n<p>\u201cN\u00e3o vamos ter doentes a serem transferidos de ambul\u00e2ncia a meio da ponte que separa os dois pa\u00edses. \u00c9 esse tipo de situa\u00e7\u00e3o que se pretende que no terreno n\u00e3o aconte\u00e7a. Esta articula\u00e7\u00e3o \u00e9 fundamental para quem gere as ocorr\u00eancias. Neste caso concreto o INEM e o 061, do lado galego\u201d.<\/p>\n<p>No comunicado enviado na ter\u00e7a-feira \u00e0s reda\u00e7\u00f5es, a Federa\u00e7\u00e3o de Bombeiros do Alto Minho manifestou \u201ctotal estupefa\u00e7\u00e3o e desagrado\u201d por n\u00e3o ser ouvida no processo de constru\u00e7\u00e3o do 112 Transfronteiri\u00e7o e exigiu esclarecimentos \u00e0 Comiss\u00e3o de Coordena\u00e7\u00e3o e Desenvolvimento Regional do Norte (CCDR-N).<\/p>\n<p>Hoje aos jornalistas, o presidente da CCDR-N, Ant\u00f3nio Cunha, disse que respondeu de \u201cimediato\u201d ao pedido de esclarecimento da Federa\u00e7\u00e3o de Bombeiros e falou, telefonicamente, com o presidente Germano Amorim, considerando que o assunto est\u00e1 resolvido.<\/p>\n<p>Ant\u00f3nio Cunha adiantou que a assinatura de hoje do memorando de entendimento \u00e9 mais \u201cum passo, um degrau\u201d, no \u201cprocesso de constru\u00e7\u00e3o\u201d do 112 Transfronteiri\u00e7o e que, \u201cno momento certo\u201d, ser\u00e1 \u201cagilizada regionalmente\u201d a participa\u00e7\u00e3o de \u201ctodos os atores\u201d.<\/p>\n<p>\u201cEstou certo que dentro dessa constru\u00e7\u00e3o haver\u00e1 a oportunidade e o momento de envolver todos os parceiros. Esse n\u00e3o era o objetivo desta cerim\u00f3nia. Apesar de n\u00e3o ser uma compet\u00eancia da CCDR-N, a assist\u00eancia sem fronteiras n\u00e3o se faz de um dia para o outro e n\u00e3o se faz envolvendo de um dia para o outro todos os atores. Com certeza chegar\u00e1 o momento de envolver os bombeiros\u201d, disse Ant\u00f3nio Cunha.<\/p>\n<p>Em novembro, durante a cimeira ib\u00e9rica que decorreu em Viana do Castelo, a ministra da Coes\u00e3o Territorial, Ana Abrunhosa, anunciou que o 112 Transfronteiri\u00e7o dever\u00e1 estar a funcionar em toda a fronteira entre Portugal e Espanha em 2023.<\/p>\n<p>O objetivo \u00e9 replicar este protocolo e o projeto em todas as outras regi\u00f5es de Portugal e de Espanha, pa\u00eds onde as compet\u00eancias de sa\u00fade s\u00e3o das regi\u00f5es aut\u00f3nomas.<\/p>\n","protected":false},"excerpt":{"rendered":"<p>O presidente do INEM disse hoje que dentro de um m\u00eas decorrer\u00e1 a primeira reuni\u00e3o do grupo de trabalho que vai constituir o 112 Transfronteiri\u00e7o entre Portugal e Espanha, no qual os bombeiros \u201cs\u00e3o uma parte fundamental\u201d. \u201cOs bombeiros s\u00e3o uma parte fundamental do sistema integrado da emerg\u00eancia m\u00e9dica. Diria que s\u00e3o daquelas entidades que [&hellip;]<\/p>\n","protected":false},"author":13,"featured_media":86564,"comment_status":"closed","ping_status":"closed","sticky":false,"template":"","format":"standard","meta":{"_exactmetrics_skip_tracking":false,"_exactmetrics_sitenote_active":false,"_exactmetrics_sitenote_note":"","_exactmetrics_sitenote_category":0,"footnotes":""},"categories":[73],"tags":[26],"class_list":["post-86563","post","type-post","status-publish","format-standard","has-post-thumbnail","hentry","category-alto-minho","tag-saude"],"yoast_head":"<!-- This site is optimized with the Yoast SEO Premium plugin v27.5 (Yoast SEO v27.5) - https:\/\/yoast.com\/product\/yoast-seo-premium-wordpress\/ -->\n<title>112 Transfronteiri\u00e7o come\u00e7a a ser preparado em janeiro e vai contar com bombeiros<\/title>\n<meta name=\"description\" content=\"112 Transfronteiri\u00e7o come\u00e7a a ser preparado em janeiro e vai contar com bombeiros\" \/>\n<meta name=\"robots\" content=\"index, follow, max-snippet:-1, max-image-preview:large, max-video-preview:-1\" \/>\n<link rel=\"canonical\" href=\"https:\/\/www.altominho.tv\/site\/2022\/12\/14\/112-transfronteirico-comeca-a-ser-preparado-em-janeiro-e-vai-contar-com-bombeiros\/\" \/>\n<meta property=\"og:locale\" content=\"pt_PT\" \/>\n<meta property=\"og:type\" content=\"article\" \/>\n<meta property=\"og:title\" content=\"112 Transfronteiri\u00e7o come\u00e7a a ser preparado em janeiro e vai contar com bombeiros\" \/>\n<meta property=\"og:description\" content=\"112 Transfronteiri\u00e7o come\u00e7a a ser preparado em janeiro e vai contar com bombeiros\" \/>\n<meta property=\"og:url\" content=\"https:\/\/www.altominho.tv\/site\/2022\/12\/14\/112-transfronteirico-comeca-a-ser-preparado-em-janeiro-e-vai-contar-com-bombeiros\/\" \/>\n<meta property=\"og:site_name\" content=\"Altominho.tv\" \/>\n<meta property=\"article:publisher\" content=\"https:\/\/www.facebook.com\/altominhotv\" \/>\n<meta property=\"article:published_time\" content=\"2022-12-14T15:10:00+00:00\" \/>\n<meta property=\"article:modified_time\" content=\"2022-12-14T15:10:05+00:00\" \/>\n<meta property=\"og:image\" content=\"https:\/\/www.altominho.tv\/site\/wp-content\/uploads\/2022\/12\/inem.jpeg\" \/>\n\t<meta property=\"og:image:width\" content=\"907\" \/>\n\t<meta property=\"og:image:height\" content=\"605\" \/>\n\t<meta property=\"og:image:type\" content=\"image\/jpeg\" \/>\n<meta name=\"author\" content=\"Lusa\" \/>\n<meta name=\"twitter:card\" content=\"summary_large_image\" \/>\n<meta name=\"twitter:creator\" content=\"@altominhoTV\" \/>\n<meta name=\"twitter:site\" content=\"@altominhoTV\" \/>\n<meta name=\"twitter:label1\" content=\"Escrito por\" \/>\n\t<meta name=\"twitter:data1\" content=\"Lusa\" \/>\n\t<meta name=\"twitter:label2\" content=\"Tempo estimado de leitura\" \/>\n\t<meta name=\"twitter:data2\" content=\"4 minutos\" \/>\n<script type=\"application\/ld+json\" class=\"yoast-schema-graph\">{\"@context\":\"https:\\\/\\\/schema.org\",\"@graph\":[{\"@type\":\"Article\",\"@id\":\"https:\\\/\\\/www.altominho.tv\\\/site\\\/2022\\\/12\\\/14\\\/112-transfronteirico-comeca-a-ser-preparado-em-janeiro-e-vai-contar-com-bombeiros\\\/#article\",\"isPartOf\":{\"@id\":\"https:\\\/\\\/www.altominho.tv\\\/site\\\/2022\\\/12\\\/14\\\/112-transfronteirico-comeca-a-ser-preparado-em-janeiro-e-vai-contar-com-bombeiros\\\/\"},\"author\":{\"name\":\"Lusa\",\"@id\":\"https:\\\/\\\/www.altominho.tv\\\/site\\\/#\\\/schema\\\/person\\\/63f693da3e1899361cbe955c46f3232e\"},\"headline\":\"112 Transfronteiri\u00e7o come\u00e7a a ser preparado em janeiro e vai contar com bombeiros\",\"datePublished\":\"2022-12-14T15:10:00+00:00\",\"dateModified\":\"2022-12-14T15:10:05+00:00\",\"mainEntityOfPage\":{\"@id\":\"https:\\\/\\\/www.altominho.tv\\\/site\\\/2022\\\/12\\\/14\\\/112-transfronteirico-comeca-a-ser-preparado-em-janeiro-e-vai-contar-com-bombeiros\\\/\"},\"wordCount\":801,\"image\":{\"@id\":\"https:\\\/\\\/www.altominho.tv\\\/site\\\/2022\\\/12\\\/14\\\/112-transfronteirico-comeca-a-ser-preparado-em-janeiro-e-vai-contar-com-bombeiros\\\/#primaryimage\"},\"thumbnailUrl\":\"https:\\\/\\\/www.altominho.tv\\\/site\\\/wp-content\\\/uploads\\\/2022\\\/12\\\/inem.jpeg\",\"keywords\":[\"Sa\u00fade\"],\"articleSection\":[\"Alto Minho\"],\"inLanguage\":\"pt-PT\",\"copyrightYear\":\"2022\",\"copyrightHolder\":{\"@id\":\"https:\\\/\\\/www.altominho.tv\\\/site\\\/#organization\"}},{\"@type\":\"WebPage\",\"@id\":\"https:\\\/\\\/www.altominho.tv\\\/site\\\/2022\\\/12\\\/14\\\/112-transfronteirico-comeca-a-ser-preparado-em-janeiro-e-vai-contar-com-bombeiros\\\/\",\"url\":\"https:\\\/\\\/www.altominho.tv\\\/site\\\/2022\\\/12\\\/14\\\/112-transfronteirico-comeca-a-ser-preparado-em-janeiro-e-vai-contar-com-bombeiros\\\/\",\"name\":\"112 Transfronteiri\u00e7o come\u00e7a a ser preparado em janeiro e vai contar com bombeiros\",\"isPartOf\":{\"@id\":\"https:\\\/\\\/www.altominho.tv\\\/site\\\/#website\"},\"primaryImageOfPage\":{\"@id\":\"https:\\\/\\\/www.altominho.tv\\\/site\\\/2022\\\/12\\\/14\\\/112-transfronteirico-comeca-a-ser-preparado-em-janeiro-e-vai-contar-com-bombeiros\\\/#primaryimage\"},\"image\":{\"@id\":\"https:\\\/\\\/www.altominho.tv\\\/site\\\/2022\\\/12\\\/14\\\/112-transfronteirico-comeca-a-ser-preparado-em-janeiro-e-vai-contar-com-bombeiros\\\/#primaryimage\"},\"thumbnailUrl\":\"https:\\\/\\\/www.altominho.tv\\\/site\\\/wp-content\\\/uploads\\\/2022\\\/12\\\/inem.jpeg\",\"datePublished\":\"2022-12-14T15:10:00+00:00\",\"dateModified\":\"2022-12-14T15:10:05+00:00\",\"author\":{\"@id\":\"https:\\\/\\\/www.altominho.tv\\\/site\\\/#\\\/schema\\\/person\\\/63f693da3e1899361cbe955c46f3232e\"},\"description\":\"112 Transfronteiri\u00e7o come\u00e7a a ser preparado em janeiro e vai contar com bombeiros\",\"breadcrumb\":{\"@id\":\"https:\\\/\\\/www.altominho.tv\\\/site\\\/2022\\\/12\\\/14\\\/112-transfronteirico-comeca-a-ser-preparado-em-janeiro-e-vai-contar-com-bombeiros\\\/#breadcrumb\"},\"inLanguage\":\"pt-PT\",\"potentialAction\":[{\"@type\":\"ReadAction\",\"target\":[\"https:\\\/\\\/www.altominho.tv\\\/site\\\/2022\\\/12\\\/14\\\/112-transfronteirico-comeca-a-ser-preparado-em-janeiro-e-vai-contar-com-bombeiros\\\/\"]}]},{\"@type\":\"ImageObject\",\"inLanguage\":\"pt-PT\",\"@id\":\"https:\\\/\\\/www.altominho.tv\\\/site\\\/2022\\\/12\\\/14\\\/112-transfronteirico-comeca-a-ser-preparado-em-janeiro-e-vai-contar-com-bombeiros\\\/#primaryimage\",\"url\":\"https:\\\/\\\/www.altominho.tv\\\/site\\\/wp-content\\\/uploads\\\/2022\\\/12\\\/inem.jpeg\",\"contentUrl\":\"https:\\\/\\\/www.altominho.tv\\\/site\\\/wp-content\\\/uploads\\\/2022\\\/12\\\/inem.jpeg\",\"width\":907,\"height\":605},{\"@type\":\"BreadcrumbList\",\"@id\":\"https:\\\/\\\/www.altominho.tv\\\/site\\\/2022\\\/12\\\/14\\\/112-transfronteirico-comeca-a-ser-preparado-em-janeiro-e-vai-contar-com-bombeiros\\\/#breadcrumb\",\"itemListElement\":[{\"@type\":\"ListItem\",\"position\":1,\"name\":\"In\u00edcio\",\"item\":\"https:\\\/\\\/www.altominho.tv\\\/site\\\/\"},{\"@type\":\"ListItem\",\"position\":2,\"name\":\"112 Transfronteiri\u00e7o come\u00e7a a ser preparado em janeiro e vai contar com bombeiros\"}]},{\"@type\":\"WebSite\",\"@id\":\"https:\\\/\\\/www.altominho.tv\\\/site\\\/#website\",\"url\":\"https:\\\/\\\/www.altominho.tv\\\/site\\\/\",\"name\":\"Altominho.tv\",\"description\":\"A sua regi\u00e3o \u00e0 dist\u00e2ncia de um clique...\",\"potentialAction\":[{\"@type\":\"SearchAction\",\"target\":{\"@type\":\"EntryPoint\",\"urlTemplate\":\"https:\\\/\\\/www.altominho.tv\\\/site\\\/?s={search_term_string}\"},\"query-input\":{\"@type\":\"PropertyValueSpecification\",\"valueRequired\":true,\"valueName\":\"search_term_string\"}}],\"inLanguage\":\"pt-PT\"},{\"@type\":\"Person\",\"@id\":\"https:\\\/\\\/www.altominho.tv\\\/site\\\/#\\\/schema\\\/person\\\/63f693da3e1899361cbe955c46f3232e\",\"name\":\"Lusa\",\"image\":{\"@type\":\"ImageObject\",\"inLanguage\":\"pt-PT\",\"@id\":\"https:\\\/\\\/www.altominho.tv\\\/site\\\/wp-content\\\/uploads\\\/2019\\\/08\\\/LUSA_Logo.gif\",\"url\":\"https:\\\/\\\/www.altominho.tv\\\/site\\\/wp-content\\\/uploads\\\/2019\\\/08\\\/LUSA_Logo.gif\",\"contentUrl\":\"https:\\\/\\\/www.altominho.tv\\\/site\\\/wp-content\\\/uploads\\\/2019\\\/08\\\/LUSA_Logo.gif\",\"caption\":\"Lusa\"},\"sameAs\":[\"http:\\\/\\\/\\\/\\\/www.altominho.tv\\\/site\"],\"url\":\"https:\\\/\\\/www.altominho.tv\\\/site\\\/author\\\/lusa\\\/\"}]}<\/script>\n<!-- \/ Yoast SEO Premium plugin. -->","yoast_head_json":{"title":"112 Transfronteiri\u00e7o come\u00e7a a ser preparado em janeiro e vai contar com bombeiros","description":"112 Transfronteiri\u00e7o come\u00e7a a ser preparado em janeiro e vai contar com bombeiros","robots":{"index":"index","follow":"follow","max-snippet":"max-snippet:-1","max-image-preview":"max-image-preview:large","max-video-preview":"max-video-preview:-1"},"canonical":"https:\/\/www.altominho.tv\/site\/2022\/12\/14\/112-transfronteirico-comeca-a-ser-preparado-em-janeiro-e-vai-contar-com-bombeiros\/","og_locale":"pt_PT","og_type":"article","og_title":"112 Transfronteiri\u00e7o come\u00e7a a ser preparado em janeiro e vai contar com bombeiros","og_description":"112 Transfronteiri\u00e7o come\u00e7a a ser preparado em janeiro e vai contar com bombeiros","og_url":"https:\/\/www.altominho.tv\/site\/2022\/12\/14\/112-transfronteirico-comeca-a-ser-preparado-em-janeiro-e-vai-contar-com-bombeiros\/","og_site_name":"Altominho.tv","article_publisher":"https:\/\/www.facebook.com\/altominhotv","article_published_time":"2022-12-14T15:10:00+00:00","article_modified_time":"2022-12-14T15:10:05+00:00","og_image":[{"width":907,"height":605,"url":"https:\/\/www.altominho.tv\/site\/wp-content\/uploads\/2022\/12\/inem.jpeg","type":"image\/jpeg"}],"author":"Lusa","twitter_card":"summary_large_image","twitter_creator":"@altominhoTV","twitter_site":"@altominhoTV","twitter_misc":{"Escrito por":"Lusa","Tempo estimado de leitura":"4 minutos"},"schema":{"@context":"https:\/\/schema.org","@graph":[{"@type":"Article","@id":"https:\/\/www.altominho.tv\/site\/2022\/12\/14\/112-transfronteirico-comeca-a-ser-preparado-em-janeiro-e-vai-contar-com-bombeiros\/#article","isPartOf":{"@id":"https:\/\/www.altominho.tv\/site\/2022\/12\/14\/112-transfronteirico-comeca-a-ser-preparado-em-janeiro-e-vai-contar-com-bombeiros\/"},"author":{"name":"Lusa","@id":"https:\/\/www.altominho.tv\/site\/#\/schema\/person\/63f693da3e1899361cbe955c46f3232e"},"headline":"112 Transfronteiri\u00e7o come\u00e7a a ser preparado em janeiro e vai contar com bombeiros","datePublished":"2022-12-14T15:10:00+00:00","dateModified":"2022-12-14T15:10:05+00:00","mainEntityOfPage":{"@id":"https:\/\/www.altominho.tv\/site\/2022\/12\/14\/112-transfronteirico-comeca-a-ser-preparado-em-janeiro-e-vai-contar-com-bombeiros\/"},"wordCount":801,"image":{"@id":"https:\/\/www.altominho.tv\/site\/2022\/12\/14\/112-transfronteirico-comeca-a-ser-preparado-em-janeiro-e-vai-contar-com-bombeiros\/#primaryimage"},"thumbnailUrl":"https:\/\/www.altominho.tv\/site\/wp-content\/uploads\/2022\/12\/inem.jpeg","keywords":["Sa\u00fade"],"articleSection":["Alto Minho"],"inLanguage":"pt-PT","copyrightYear":"2022","copyrightHolder":{"@id":"https:\/\/www.altominho.tv\/site\/#organization"}},{"@type":"WebPage","@id":"https:\/\/www.altominho.tv\/site\/2022\/12\/14\/112-transfronteirico-comeca-a-ser-preparado-em-janeiro-e-vai-contar-com-bombeiros\/","url":"https:\/\/www.altominho.tv\/site\/2022\/12\/14\/112-transfronteirico-comeca-a-ser-preparado-em-janeiro-e-vai-contar-com-bombeiros\/","name":"112 Transfronteiri\u00e7o come\u00e7a a ser preparado em janeiro e vai contar com bombeiros","isPartOf":{"@id":"https:\/\/www.altominho.tv\/site\/#website"},"primaryImageOfPage":{"@id":"https:\/\/www.altominho.tv\/site\/2022\/12\/14\/112-transfronteirico-comeca-a-ser-preparado-em-janeiro-e-vai-contar-com-bombeiros\/#primaryimage"},"image":{"@id":"https:\/\/www.altominho.tv\/site\/2022\/12\/14\/112-transfronteirico-comeca-a-ser-preparado-em-janeiro-e-vai-contar-com-bombeiros\/#primaryimage"},"thumbnailUrl":"https:\/\/www.altominho.tv\/site\/wp-content\/uploads\/2022\/12\/inem.jpeg","datePublished":"2022-12-14T15:10:00+00:00","dateModified":"2022-12-14T15:10:05+00:00","author":{"@id":"https:\/\/www.altominho.tv\/site\/#\/schema\/person\/63f693da3e1899361cbe955c46f3232e"},"description":"112 Transfronteiri\u00e7o come\u00e7a a ser preparado em janeiro e vai contar com bombeiros","breadcrumb":{"@id":"https:\/\/www.altominho.tv\/site\/2022\/12\/14\/112-transfronteirico-comeca-a-ser-preparado-em-janeiro-e-vai-contar-com-bombeiros\/#breadcrumb"},"inLanguage":"pt-PT","potentialAction":[{"@type":"ReadAction","target":["https:\/\/www.altominho.tv\/site\/2022\/12\/14\/112-transfronteirico-comeca-a-ser-preparado-em-janeiro-e-vai-contar-com-bombeiros\/"]}]},{"@type":"ImageObject","inLanguage":"pt-PT","@id":"https:\/\/www.altominho.tv\/site\/2022\/12\/14\/112-transfronteirico-comeca-a-ser-preparado-em-janeiro-e-vai-contar-com-bombeiros\/#primaryimage","url":"https:\/\/www.altominho.tv\/site\/wp-content\/uploads\/2022\/12\/inem.jpeg","contentUrl":"https:\/\/www.altominho.tv\/site\/wp-content\/uploads\/2022\/12\/inem.jpeg","width":907,"height":605},{"@type":"BreadcrumbList","@id":"https:\/\/www.altominho.tv\/site\/2022\/12\/14\/112-transfronteirico-comeca-a-ser-preparado-em-janeiro-e-vai-contar-com-bombeiros\/#breadcrumb","itemListElement":[{"@type":"ListItem","position":1,"name":"In\u00edcio","item":"https:\/\/www.altominho.tv\/site\/"},{"@type":"ListItem","position":2,"name":"112 Transfronteiri\u00e7o come\u00e7a a ser preparado em janeiro e vai contar com bombeiros"}]},{"@type":"WebSite","@id":"https:\/\/www.altominho.tv\/site\/#website","url":"https:\/\/www.altominho.tv\/site\/","name":"Altominho.tv","description":"A sua regi\u00e3o \u00e0 dist\u00e2ncia de um clique...","potentialAction":[{"@type":"SearchAction","target":{"@type":"EntryPoint","urlTemplate":"https:\/\/www.altominho.tv\/site\/?s={search_term_string}"},"query-input":{"@type":"PropertyValueSpecification","valueRequired":true,"valueName":"search_term_string"}}],"inLanguage":"pt-PT"},{"@type":"Person","@id":"https:\/\/www.altominho.tv\/site\/#\/schema\/person\/63f693da3e1899361cbe955c46f3232e","name":"Lusa","image":{"@type":"ImageObject","inLanguage":"pt-PT","@id":"https:\/\/www.altominho.tv\/site\/wp-content\/uploads\/2019\/08\/LUSA_Logo.gif","url":"https:\/\/www.altominho.tv\/site\/wp-content\/uploads\/2019\/08\/LUSA_Logo.gif","contentUrl":"https:\/\/www.altominho.tv\/site\/wp-content\/uploads\/2019\/08\/LUSA_Logo.gif","caption":"Lusa"},"sameAs":["http:\/\/\/\/www.altominho.tv\/site"],"url":"https:\/\/www.altominho.tv\/site\/author\/lusa\/"}]}},"_links":{"self":[{"href":"https:\/\/www.altominho.tv\/site\/wp-json\/wp\/v2\/posts\/86563","targetHints":{"allow":["GET"]}}],"collection":[{"href":"https:\/\/www.altominho.tv\/site\/wp-json\/wp\/v2\/posts"}],"about":[{"href":"https:\/\/www.altominho.tv\/site\/wp-json\/wp\/v2\/types\/post"}],"author":[{"embeddable":true,"href":"https:\/\/www.altominho.tv\/site\/wp-json\/wp\/v2\/users\/13"}],"replies":[{"embeddable":true,"href":"https:\/\/www.altominho.tv\/site\/wp-json\/wp\/v2\/comments?post=86563"}],"version-history":[{"count":1,"href":"https:\/\/www.altominho.tv\/site\/wp-json\/wp\/v2\/posts\/86563\/revisions"}],"predecessor-version":[{"id":86565,"href":"https:\/\/www.altominho.tv\/site\/wp-json\/wp\/v2\/posts\/86563\/revisions\/86565"}],"wp:featuredmedia":[{"embeddable":true,"href":"https:\/\/www.altominho.tv\/site\/wp-json\/wp\/v2\/media\/86564"}],"wp:attachment":[{"href":"https:\/\/www.altominho.tv\/site\/wp-json\/wp\/v2\/media?parent=86563"}],"wp:term":[{"taxonomy":"category","embeddable":true,"href":"https:\/\/www.altominho.tv\/site\/wp-json\/wp\/v2\/categories?post=86563"},{"taxonomy":"post_tag","embeddable":true,"href":"https:\/\/www.altominho.tv\/site\/wp-json\/wp\/v2\/tags?post=86563"}],"curies":[{"name":"wp","href":"https:\/\/api.w.org\/{rel}","templated":true}]}}