{"id":8656,"date":"2018-01-23T17:04:32","date_gmt":"2018-01-23T17:04:32","guid":{"rendered":"http:\/\/www.altominho.tv\/site\/?p=8656"},"modified":"2018-01-23T17:06:24","modified_gmt":"2018-01-23T17:06:24","slug":"valenca-tera-em-breve-uma-nova-rotunda","status":"publish","type":"post","link":"https:\/\/www.altominho.tv\/site\/2018\/01\/23\/valenca-tera-em-breve-uma-nova-rotunda\/","title":{"rendered":"Valen\u00e7a ter\u00e1 &#8220;em breve&#8221; uma nova rotunda"},"content":{"rendered":"<p>A constru\u00e7\u00e3o de uma nova rotunda na Avenida dos Bombeiros vai avan\u00e7ar \u201cem breve\u201d, de acordo com a C\u00e2mara Municipal de Valen\u00e7a.<\/p>\n<p>As Infraestruturas de Portugal j\u00e1 deram luz verde ao avan\u00e7ar desta estrutura que \u00e9 considerada, pela autarquia, como \u201cfundamental para reorganizar os fluxos de tr\u00e2nsito\u201d.<\/p>\n<p>O principal ponto de acesso rodovi\u00e1rio \u00e0 cidade vai assim ser melhorado com a implanta\u00e7\u00e3o de uma nova rotunda de distribui\u00e7\u00e3o do tr\u00e2nsito entre os acessos da Via R\u00e1pida \/ Ponte Internacional e as avenidas dos Bombeiros e a rua Jos\u00e9 Maria Gon\u00e7alves.<\/p>\n<p>Os atuais sem\u00e1foros dar\u00e3o lugar \u00e0 nova rotunda que pretende ser mais funcional na redistribui\u00e7\u00e3o dos fluxos de tr\u00e2nsito e tornar mais atrativa esta entrada.<\/p>\n<p>A rotunda contar\u00e1 com uma ampla mancha verde que se alargar\u00e1 \u00e0s \u00e1reas circundantes e marcar\u00e1 o principal acesso \u00e0 cidade.<\/p>\n<p>Esta interven\u00e7\u00e3o pretende complementar a redistribui\u00e7\u00e3o do tr\u00e2nsito implementada recentemente entre a rua Jos\u00e9 Maria Gon\u00e7alves e a avenida N\u00aa Sr\u00aa de F\u00e1tima.<\/p>\n","protected":false},"excerpt":{"rendered":"<p>A constru\u00e7\u00e3o de uma nova rotunda na Avenida dos Bombeiros vai avan\u00e7ar \u201cem breve\u201d, de acordo com a C\u00e2mara Municipal de Valen\u00e7a. As Infraestruturas de Portugal j\u00e1 deram luz verde ao avan\u00e7ar desta estrutura que \u00e9 considerada, pela autarquia, como \u201cfundamental para reorganizar os fluxos de tr\u00e2nsito\u201d. O principal ponto de acesso rodovi\u00e1rio \u00e0 cidade [&hellip;]<\/p>\n","protected":false},"author":6,"featured_media":8657,"comment_status":"closed","ping_status":"closed","sticky":false,"template":"","format":"standard","meta":{"_exactmetrics_skip_tracking":false,"_exactmetrics_sitenote_active":false,"_exactmetrics_sitenote_note":"","_exactmetrics_sitenote_category":0,"footnotes":""},"categories":[13],"tags":[27],"class_list":["post-8656","post","type-post","status-publish","format-standard","has-post-thumbnail","hentry","category-valenca","tag-sociedade"],"yoast_head":"<!-- This site is optimized with the Yoast SEO Premium plugin v27.5 (Yoast SEO v27.5) - https:\/\/yoast.com\/product\/yoast-seo-premium-wordpress\/ -->\n<title>Valen\u00e7a ter\u00e1 &quot;em breve&quot; uma nova rotunda<\/title>\n<meta name=\"robots\" content=\"index, follow, max-snippet:-1, max-image-preview:large, max-video-preview:-1\" \/>\n<link rel=\"canonical\" href=\"https:\/\/www.altominho.tv\/site\/2018\/01\/23\/valenca-tera-em-breve-uma-nova-rotunda\/\" \/>\n<meta property=\"og:locale\" content=\"pt_PT\" \/>\n<meta property=\"og:type\" content=\"article\" \/>\n<meta property=\"og:title\" content=\"Valen\u00e7a ter\u00e1 &quot;em breve&quot; uma nova rotunda\" \/>\n<meta property=\"og:description\" content=\"A constru\u00e7\u00e3o de uma nova rotunda na Avenida dos Bombeiros vai avan\u00e7ar \u201cem breve\u201d, de acordo com a C\u00e2mara Municipal de Valen\u00e7a. As Infraestruturas de Portugal j\u00e1 deram luz verde ao avan\u00e7ar desta estrutura que \u00e9 considerada, pela autarquia, como \u201cfundamental para reorganizar os fluxos de tr\u00e2nsito\u201d. O principal ponto de acesso rodovi\u00e1rio \u00e0 cidade [&hellip;]\" \/>\n<meta property=\"og:url\" content=\"https:\/\/www.altominho.tv\/site\/2018\/01\/23\/valenca-tera-em-breve-uma-nova-rotunda\/\" \/>\n<meta property=\"og:site_name\" content=\"Altominho.tv\" \/>\n<meta property=\"article:publisher\" content=\"https:\/\/www.facebook.com\/altominhotv\" \/>\n<meta property=\"article:published_time\" content=\"2018-01-23T17:04:32+00:00\" \/>\n<meta property=\"article:modified_time\" content=\"2018-01-23T17:06:24+00:00\" \/>\n<meta property=\"og:image\" content=\"https:\/\/www.altominho.tv\/site\/wp-content\/uploads\/2018\/01\/4488.jpg\" \/>\n\t<meta property=\"og:image:width\" content=\"800\" \/>\n\t<meta property=\"og:image:height\" content=\"600\" \/>\n\t<meta property=\"og:image:type\" content=\"image\/jpeg\" \/>\n<meta name=\"author\" content=\"C\u00e1tia Malheiro\" \/>\n<meta name=\"twitter:card\" content=\"summary_large_image\" \/>\n<meta name=\"twitter:creator\" content=\"@altominhoTV\" \/>\n<meta name=\"twitter:site\" content=\"@altominhoTV\" \/>\n<meta name=\"twitter:label1\" content=\"Escrito por\" \/>\n\t<meta name=\"twitter:data1\" content=\"C\u00e1tia Malheiro\" \/>\n\t<meta name=\"twitter:label2\" content=\"Tempo estimado de leitura\" \/>\n\t<meta name=\"twitter:data2\" content=\"1 minuto\" \/>\n<script type=\"application\/ld+json\" class=\"yoast-schema-graph\">{\"@context\":\"https:\\\/\\\/schema.org\",\"@graph\":[{\"@type\":\"Article\",\"@id\":\"https:\\\/\\\/www.altominho.tv\\\/site\\\/2018\\\/01\\\/23\\\/valenca-tera-em-breve-uma-nova-rotunda\\\/#article\",\"isPartOf\":{\"@id\":\"https:\\\/\\\/www.altominho.tv\\\/site\\\/2018\\\/01\\\/23\\\/valenca-tera-em-breve-uma-nova-rotunda\\\/\"},\"author\":{\"name\":\"C\u00e1tia Malheiro\",\"@id\":\"https:\\\/\\\/www.altominho.tv\\\/site\\\/#\\\/schema\\\/person\\\/5c9404a8b438614c93da6ca09db92574\"},\"headline\":\"Valen\u00e7a ter\u00e1 &#8220;em breve&#8221; uma nova rotunda\",\"datePublished\":\"2018-01-23T17:04:32+00:00\",\"dateModified\":\"2018-01-23T17:06:24+00:00\",\"mainEntityOfPage\":{\"@id\":\"https:\\\/\\\/www.altominho.tv\\\/site\\\/2018\\\/01\\\/23\\\/valenca-tera-em-breve-uma-nova-rotunda\\\/\"},\"wordCount\":183,\"image\":{\"@id\":\"https:\\\/\\\/www.altominho.tv\\\/site\\\/2018\\\/01\\\/23\\\/valenca-tera-em-breve-uma-nova-rotunda\\\/#primaryimage\"},\"thumbnailUrl\":\"https:\\\/\\\/www.altominho.tv\\\/site\\\/wp-content\\\/uploads\\\/2018\\\/01\\\/4488.jpg\",\"keywords\":[\"Sociedade\"],\"articleSection\":[\"Valen\u00e7a\"],\"inLanguage\":\"pt-PT\",\"copyrightYear\":\"2018\",\"copyrightHolder\":{\"@id\":\"https:\\\/\\\/www.altominho.tv\\\/site\\\/#organization\"}},{\"@type\":\"WebPage\",\"@id\":\"https:\\\/\\\/www.altominho.tv\\\/site\\\/2018\\\/01\\\/23\\\/valenca-tera-em-breve-uma-nova-rotunda\\\/\",\"url\":\"https:\\\/\\\/www.altominho.tv\\\/site\\\/2018\\\/01\\\/23\\\/valenca-tera-em-breve-uma-nova-rotunda\\\/\",\"name\":\"Valen\u00e7a ter\u00e1 \\\"em breve\\\" uma nova rotunda\",\"isPartOf\":{\"@id\":\"https:\\\/\\\/www.altominho.tv\\\/site\\\/#website\"},\"primaryImageOfPage\":{\"@id\":\"https:\\\/\\\/www.altominho.tv\\\/site\\\/2018\\\/01\\\/23\\\/valenca-tera-em-breve-uma-nova-rotunda\\\/#primaryimage\"},\"image\":{\"@id\":\"https:\\\/\\\/www.altominho.tv\\\/site\\\/2018\\\/01\\\/23\\\/valenca-tera-em-breve-uma-nova-rotunda\\\/#primaryimage\"},\"thumbnailUrl\":\"https:\\\/\\\/www.altominho.tv\\\/site\\\/wp-content\\\/uploads\\\/2018\\\/01\\\/4488.jpg\",\"datePublished\":\"2018-01-23T17:04:32+00:00\",\"dateModified\":\"2018-01-23T17:06:24+00:00\",\"author\":{\"@id\":\"https:\\\/\\\/www.altominho.tv\\\/site\\\/#\\\/schema\\\/person\\\/5c9404a8b438614c93da6ca09db92574\"},\"breadcrumb\":{\"@id\":\"https:\\\/\\\/www.altominho.tv\\\/site\\\/2018\\\/01\\\/23\\\/valenca-tera-em-breve-uma-nova-rotunda\\\/#breadcrumb\"},\"inLanguage\":\"pt-PT\",\"potentialAction\":[{\"@type\":\"ReadAction\",\"target\":[\"https:\\\/\\\/www.altominho.tv\\\/site\\\/2018\\\/01\\\/23\\\/valenca-tera-em-breve-uma-nova-rotunda\\\/\"]}]},{\"@type\":\"ImageObject\",\"inLanguage\":\"pt-PT\",\"@id\":\"https:\\\/\\\/www.altominho.tv\\\/site\\\/2018\\\/01\\\/23\\\/valenca-tera-em-breve-uma-nova-rotunda\\\/#primaryimage\",\"url\":\"https:\\\/\\\/www.altominho.tv\\\/site\\\/wp-content\\\/uploads\\\/2018\\\/01\\\/4488.jpg\",\"contentUrl\":\"https:\\\/\\\/www.altominho.tv\\\/site\\\/wp-content\\\/uploads\\\/2018\\\/01\\\/4488.jpg\",\"width\":800,\"height\":600},{\"@type\":\"BreadcrumbList\",\"@id\":\"https:\\\/\\\/www.altominho.tv\\\/site\\\/2018\\\/01\\\/23\\\/valenca-tera-em-breve-uma-nova-rotunda\\\/#breadcrumb\",\"itemListElement\":[{\"@type\":\"ListItem\",\"position\":1,\"name\":\"In\u00edcio\",\"item\":\"https:\\\/\\\/www.altominho.tv\\\/site\\\/\"},{\"@type\":\"ListItem\",\"position\":2,\"name\":\"Valen\u00e7a ter\u00e1 &#8220;em breve&#8221; uma nova rotunda\"}]},{\"@type\":\"WebSite\",\"@id\":\"https:\\\/\\\/www.altominho.tv\\\/site\\\/#website\",\"url\":\"https:\\\/\\\/www.altominho.tv\\\/site\\\/\",\"name\":\"Altominho.tv\",\"description\":\"A sua regi\u00e3o \u00e0 dist\u00e2ncia de um clique...\",\"potentialAction\":[{\"@type\":\"SearchAction\",\"target\":{\"@type\":\"EntryPoint\",\"urlTemplate\":\"https:\\\/\\\/www.altominho.tv\\\/site\\\/?s={search_term_string}\"},\"query-input\":{\"@type\":\"PropertyValueSpecification\",\"valueRequired\":true,\"valueName\":\"search_term_string\"}}],\"inLanguage\":\"pt-PT\"},{\"@type\":\"Person\",\"@id\":\"https:\\\/\\\/www.altominho.tv\\\/site\\\/#\\\/schema\\\/person\\\/5c9404a8b438614c93da6ca09db92574\",\"name\":\"C\u00e1tia Malheiro\",\"image\":{\"@type\":\"ImageObject\",\"inLanguage\":\"pt-PT\",\"@id\":\"https:\\\/\\\/www.altominho.tv\\\/site\\\/wp-content\\\/uploads\\\/2017\\\/11\\\/Catia_Malheiro-150x150.jpg\",\"url\":\"https:\\\/\\\/www.altominho.tv\\\/site\\\/wp-content\\\/uploads\\\/2017\\\/11\\\/Catia_Malheiro-150x150.jpg\",\"contentUrl\":\"https:\\\/\\\/www.altominho.tv\\\/site\\\/wp-content\\\/uploads\\\/2017\\\/11\\\/Catia_Malheiro-150x150.jpg\",\"caption\":\"C\u00e1tia Malheiro\"},\"url\":\"https:\\\/\\\/www.altominho.tv\\\/site\\\/author\\\/catiamalheiro\\\/\"}]}<\/script>\n<!-- \/ Yoast SEO Premium plugin. -->","yoast_head_json":{"title":"Valen\u00e7a ter\u00e1 \"em breve\" uma nova rotunda","robots":{"index":"index","follow":"follow","max-snippet":"max-snippet:-1","max-image-preview":"max-image-preview:large","max-video-preview":"max-video-preview:-1"},"canonical":"https:\/\/www.altominho.tv\/site\/2018\/01\/23\/valenca-tera-em-breve-uma-nova-rotunda\/","og_locale":"pt_PT","og_type":"article","og_title":"Valen\u00e7a ter\u00e1 \"em breve\" uma nova rotunda","og_description":"A constru\u00e7\u00e3o de uma nova rotunda na Avenida dos Bombeiros vai avan\u00e7ar \u201cem breve\u201d, de acordo com a C\u00e2mara Municipal de Valen\u00e7a. As Infraestruturas de Portugal j\u00e1 deram luz verde ao avan\u00e7ar desta estrutura que \u00e9 considerada, pela autarquia, como \u201cfundamental para reorganizar os fluxos de tr\u00e2nsito\u201d. O principal ponto de acesso rodovi\u00e1rio \u00e0 cidade [&hellip;]","og_url":"https:\/\/www.altominho.tv\/site\/2018\/01\/23\/valenca-tera-em-breve-uma-nova-rotunda\/","og_site_name":"Altominho.tv","article_publisher":"https:\/\/www.facebook.com\/altominhotv","article_published_time":"2018-01-23T17:04:32+00:00","article_modified_time":"2018-01-23T17:06:24+00:00","og_image":[{"width":800,"height":600,"url":"https:\/\/www.altominho.tv\/site\/wp-content\/uploads\/2018\/01\/4488.jpg","type":"image\/jpeg"}],"author":"C\u00e1tia Malheiro","twitter_card":"summary_large_image","twitter_creator":"@altominhoTV","twitter_site":"@altominhoTV","twitter_misc":{"Escrito por":"C\u00e1tia Malheiro","Tempo estimado de leitura":"1 minuto"},"schema":{"@context":"https:\/\/schema.org","@graph":[{"@type":"Article","@id":"https:\/\/www.altominho.tv\/site\/2018\/01\/23\/valenca-tera-em-breve-uma-nova-rotunda\/#article","isPartOf":{"@id":"https:\/\/www.altominho.tv\/site\/2018\/01\/23\/valenca-tera-em-breve-uma-nova-rotunda\/"},"author":{"name":"C\u00e1tia Malheiro","@id":"https:\/\/www.altominho.tv\/site\/#\/schema\/person\/5c9404a8b438614c93da6ca09db92574"},"headline":"Valen\u00e7a ter\u00e1 &#8220;em breve&#8221; uma nova rotunda","datePublished":"2018-01-23T17:04:32+00:00","dateModified":"2018-01-23T17:06:24+00:00","mainEntityOfPage":{"@id":"https:\/\/www.altominho.tv\/site\/2018\/01\/23\/valenca-tera-em-breve-uma-nova-rotunda\/"},"wordCount":183,"image":{"@id":"https:\/\/www.altominho.tv\/site\/2018\/01\/23\/valenca-tera-em-breve-uma-nova-rotunda\/#primaryimage"},"thumbnailUrl":"https:\/\/www.altominho.tv\/site\/wp-content\/uploads\/2018\/01\/4488.jpg","keywords":["Sociedade"],"articleSection":["Valen\u00e7a"],"inLanguage":"pt-PT","copyrightYear":"2018","copyrightHolder":{"@id":"https:\/\/www.altominho.tv\/site\/#organization"}},{"@type":"WebPage","@id":"https:\/\/www.altominho.tv\/site\/2018\/01\/23\/valenca-tera-em-breve-uma-nova-rotunda\/","url":"https:\/\/www.altominho.tv\/site\/2018\/01\/23\/valenca-tera-em-breve-uma-nova-rotunda\/","name":"Valen\u00e7a ter\u00e1 \"em breve\" uma nova rotunda","isPartOf":{"@id":"https:\/\/www.altominho.tv\/site\/#website"},"primaryImageOfPage":{"@id":"https:\/\/www.altominho.tv\/site\/2018\/01\/23\/valenca-tera-em-breve-uma-nova-rotunda\/#primaryimage"},"image":{"@id":"https:\/\/www.altominho.tv\/site\/2018\/01\/23\/valenca-tera-em-breve-uma-nova-rotunda\/#primaryimage"},"thumbnailUrl":"https:\/\/www.altominho.tv\/site\/wp-content\/uploads\/2018\/01\/4488.jpg","datePublished":"2018-01-23T17:04:32+00:00","dateModified":"2018-01-23T17:06:24+00:00","author":{"@id":"https:\/\/www.altominho.tv\/site\/#\/schema\/person\/5c9404a8b438614c93da6ca09db92574"},"breadcrumb":{"@id":"https:\/\/www.altominho.tv\/site\/2018\/01\/23\/valenca-tera-em-breve-uma-nova-rotunda\/#breadcrumb"},"inLanguage":"pt-PT","potentialAction":[{"@type":"ReadAction","target":["https:\/\/www.altominho.tv\/site\/2018\/01\/23\/valenca-tera-em-breve-uma-nova-rotunda\/"]}]},{"@type":"ImageObject","inLanguage":"pt-PT","@id":"https:\/\/www.altominho.tv\/site\/2018\/01\/23\/valenca-tera-em-breve-uma-nova-rotunda\/#primaryimage","url":"https:\/\/www.altominho.tv\/site\/wp-content\/uploads\/2018\/01\/4488.jpg","contentUrl":"https:\/\/www.altominho.tv\/site\/wp-content\/uploads\/2018\/01\/4488.jpg","width":800,"height":600},{"@type":"BreadcrumbList","@id":"https:\/\/www.altominho.tv\/site\/2018\/01\/23\/valenca-tera-em-breve-uma-nova-rotunda\/#breadcrumb","itemListElement":[{"@type":"ListItem","position":1,"name":"In\u00edcio","item":"https:\/\/www.altominho.tv\/site\/"},{"@type":"ListItem","position":2,"name":"Valen\u00e7a ter\u00e1 &#8220;em breve&#8221; uma nova rotunda"}]},{"@type":"WebSite","@id":"https:\/\/www.altominho.tv\/site\/#website","url":"https:\/\/www.altominho.tv\/site\/","name":"Altominho.tv","description":"A sua regi\u00e3o \u00e0 dist\u00e2ncia de um clique...","potentialAction":[{"@type":"SearchAction","target":{"@type":"EntryPoint","urlTemplate":"https:\/\/www.altominho.tv\/site\/?s={search_term_string}"},"query-input":{"@type":"PropertyValueSpecification","valueRequired":true,"valueName":"search_term_string"}}],"inLanguage":"pt-PT"},{"@type":"Person","@id":"https:\/\/www.altominho.tv\/site\/#\/schema\/person\/5c9404a8b438614c93da6ca09db92574","name":"C\u00e1tia Malheiro","image":{"@type":"ImageObject","inLanguage":"pt-PT","@id":"https:\/\/www.altominho.tv\/site\/wp-content\/uploads\/2017\/11\/Catia_Malheiro-150x150.jpg","url":"https:\/\/www.altominho.tv\/site\/wp-content\/uploads\/2017\/11\/Catia_Malheiro-150x150.jpg","contentUrl":"https:\/\/www.altominho.tv\/site\/wp-content\/uploads\/2017\/11\/Catia_Malheiro-150x150.jpg","caption":"C\u00e1tia Malheiro"},"url":"https:\/\/www.altominho.tv\/site\/author\/catiamalheiro\/"}]}},"_links":{"self":[{"href":"https:\/\/www.altominho.tv\/site\/wp-json\/wp\/v2\/posts\/8656","targetHints":{"allow":["GET"]}}],"collection":[{"href":"https:\/\/www.altominho.tv\/site\/wp-json\/wp\/v2\/posts"}],"about":[{"href":"https:\/\/www.altominho.tv\/site\/wp-json\/wp\/v2\/types\/post"}],"author":[{"embeddable":true,"href":"https:\/\/www.altominho.tv\/site\/wp-json\/wp\/v2\/users\/6"}],"replies":[{"embeddable":true,"href":"https:\/\/www.altominho.tv\/site\/wp-json\/wp\/v2\/comments?post=8656"}],"version-history":[{"count":0,"href":"https:\/\/www.altominho.tv\/site\/wp-json\/wp\/v2\/posts\/8656\/revisions"}],"wp:featuredmedia":[{"embeddable":true,"href":"https:\/\/www.altominho.tv\/site\/wp-json\/wp\/v2\/media\/8657"}],"wp:attachment":[{"href":"https:\/\/www.altominho.tv\/site\/wp-json\/wp\/v2\/media?parent=8656"}],"wp:term":[{"taxonomy":"category","embeddable":true,"href":"https:\/\/www.altominho.tv\/site\/wp-json\/wp\/v2\/categories?post=8656"},{"taxonomy":"post_tag","embeddable":true,"href":"https:\/\/www.altominho.tv\/site\/wp-json\/wp\/v2\/tags?post=8656"}],"curies":[{"name":"wp","href":"https:\/\/api.w.org\/{rel}","templated":true}]}}