{"id":86543,"date":"2022-12-14T10:18:49","date_gmt":"2022-12-14T10:18:49","guid":{"rendered":"https:\/\/www.altominho.tv\/site\/?p=86543"},"modified":"2022-12-14T10:18:55","modified_gmt":"2022-12-14T10:18:55","slug":"adega-de-moncao-investe-15-milhoes-na-modernizacao-de-equipamentos-e-eficiencia-energetica-em-2023","status":"publish","type":"post","link":"https:\/\/www.altominho.tv\/site\/2022\/12\/14\/adega-de-moncao-investe-15-milhoes-na-modernizacao-de-equipamentos-e-eficiencia-energetica-em-2023\/","title":{"rendered":"Adega de Mon\u00e7\u00e3o investe 1,5 milh\u00f5es na moderniza\u00e7\u00e3o de equipamentos e efici\u00eancia energ\u00e9tica em 2023"},"content":{"rendered":"<p>A\u00a0<span class=\"il\">Adega<\/span>\u00a0Cooperativa Regional de\u00a0<span class=\"il\">Mon\u00e7\u00e3o<\/span> vai investir, em 2023, cerca de 1,5 milh\u00f5es de euros no &#8220;robustecimento das condi\u00e7\u00f5es de produ\u00e7\u00e3o vitivin\u00edcola&#8221; e na melhoria da efici\u00eancia energ\u00e9tica.<\/p>\n<p>De um or\u00e7amento total de dois milh\u00f5es de euros para 2023, mais de um milh\u00e3o de euros, alocados no \u00e2mbito do Plano de Desenvolvimento Regional, ser\u00e3o investidos na moderniza\u00e7\u00e3o dos equipamentos industriais e de apoio \u00e0 produ\u00e7\u00e3o e mais de 400 mil euros, no \u00e2mbito do Programa de Recupera\u00e7\u00e3o e Resili\u00eancia nacional, destinam-se \u00e0 constru\u00e7\u00e3o de instala\u00e7\u00f5es fotovoltaicas de autoconsumo e outros instrumentos com o objetivo de aumentar a poupan\u00e7a e a efici\u00eancia energ\u00e9tica, adianta a adega em comunicado.<\/p>\n<p>Para o presidente da Adega Cooperativa de Mon\u00e7\u00e3o, citado naquele comunicado, o futuro passa por &#8220;uma fatura energ\u00e9tica menor, quer para o ambiente, quer para os cooperantes, dando assim um forte e consciente contributo para um mundo mais sustent\u00e1vel&#8221;.<\/p>\n<p>Armando Fontainhas afirmou anteriormente, em declara\u00e7\u00f5es \u00e0 Lusa, que o objetivo do novo projeto \u201cn\u00e3o \u00e9 aumentar a capacidade de energia, mas antes gastar menos\u201d. \u201cVamos trocar equipamentos que gastam mais, por outros que gastam menos. No fundo, vamos <a href=\"\/\/www.altominho.tv\/site\/2022\/09\/28\/adega-de-moncao-quer-investir-3-milhoes-de-euros\/\">melhorar a efici\u00eancia<\/a> e vamos tornar os \u2018layout\u2019 internos de maneira que se gaste menos energia\u201d, disse.<\/p>\n<p>Na nota enviada esta ter\u00e7a-feira \u00e0 imprensa, o respons\u00e1vel refere ainda que a Adega de Mon\u00e7\u00e3o est\u00e1 a &#8220;aproveitar os tempos em que os desafios nacionais e internacionais mais se fazem sentir para preparar o futuro, ampliando a capacidade e qualidade de produ\u00e7\u00e3o&#8221;.<\/p>\n<p>Ao longo do \u00faltimo ano, a adega apostou na &#8220;reafirma\u00e7\u00e3o da qualidade dos vinhos&#8221; e numa maior sustentabilidade, com o lan\u00e7amento de vinhos com certifica\u00e7\u00e3o vegan em toda a \u201ccadeia de produ\u00e7\u00e3o, desde a uva ao copo\u201d e de novas garrafas 20% mais leves, \u201cque representam uma redu\u00e7\u00e3o anual de peso de 100 toneladas e menos 36 toneladas de CO2 emitidos para a atmosfera\u201d.<\/p>\n<p>Foi ainda lan\u00e7ado o Alvarinho Vegan \u201cAdega de Mon\u00e7\u00e3o\u201d em lata, sendo &#8220;o primeiro vinho enlatado da Adega e o primeiro vinho monovarietal de toda a sub-regi\u00e3o de Mon\u00e7\u00e3o e de Melga\u00e7o a ser enlatado em Portugal&#8221;.<\/p>\n<p>Este ano, a Adega de Mon\u00e7\u00e3o apostou ainda na <a href=\"\/\/www.altominho.tv\/site\/2021\/01\/08\/adega-de-moncao-aposta-numa-nova-imagem\/\">renova\u00e7\u00e3o do log\u00f3tipo<\/a> e no <a href=\"\/\/www.altominho.tv\/site\/2022\/05\/05\/adega-de-moncao-apresenta-vinhos-com-nova-imagem\/\">redesenho dos r\u00f3tulos<\/a>, bem como na cria\u00e7\u00e3o de um novo site na internet.<\/p>\n","protected":false},"excerpt":{"rendered":"<p>A\u00a0Adega\u00a0Cooperativa Regional de\u00a0Mon\u00e7\u00e3o vai investir, em 2023, cerca de 1,5 milh\u00f5es de euros no &#8220;robustecimento das condi\u00e7\u00f5es de produ\u00e7\u00e3o vitivin\u00edcola&#8221; e na melhoria da efici\u00eancia energ\u00e9tica. De um or\u00e7amento total de dois milh\u00f5es de euros para 2023, mais de um milh\u00e3o de euros, alocados no \u00e2mbito do Plano de Desenvolvimento Regional, ser\u00e3o investidos na moderniza\u00e7\u00e3o [&hellip;]<\/p>\n","protected":false},"author":12,"featured_media":78723,"comment_status":"closed","ping_status":"closed","sticky":false,"template":"","format":"standard","meta":{"_exactmetrics_skip_tracking":false,"_exactmetrics_sitenote_active":false,"_exactmetrics_sitenote_note":"","_exactmetrics_sitenote_category":0,"footnotes":""},"categories":[9],"tags":[21],"class_list":["post-86543","post","type-post","status-publish","format-standard","has-post-thumbnail","hentry","category-moncao","tag-economia"],"yoast_head":"<!-- This site is optimized with the Yoast SEO Premium plugin v27.4 (Yoast SEO v27.4) - https:\/\/yoast.com\/product\/yoast-seo-premium-wordpress\/ -->\n<title>Adega de Mon\u00e7\u00e3o investe 1,5 milh\u00f5es na moderniza\u00e7\u00e3o de equipamentos e efici\u00eancia energ\u00e9tica em 2023<\/title>\n<meta name=\"description\" content=\"A\u00a0Adega de\u00a0Mon\u00e7\u00e3o vai investir, em 2023, cerca de 1,5 milh\u00f5es de euros no &quot;robustecimento das condi\u00e7\u00f5es de produ\u00e7\u00e3o vitivin\u00edcola&quot; e na melhoria da efici\u00eancia energ\u00e9tica.\" \/>\n<meta name=\"robots\" content=\"index, follow, max-snippet:-1, max-image-preview:large, max-video-preview:-1\" \/>\n<link rel=\"canonical\" href=\"https:\/\/www.altominho.tv\/site\/2022\/12\/14\/adega-de-moncao-investe-15-milhoes-na-modernizacao-de-equipamentos-e-eficiencia-energetica-em-2023\/\" \/>\n<meta property=\"og:locale\" content=\"pt_PT\" \/>\n<meta property=\"og:type\" content=\"article\" \/>\n<meta property=\"og:title\" content=\"Adega de Mon\u00e7\u00e3o investe 1,5 milh\u00f5es na moderniza\u00e7\u00e3o de equipamentos e efici\u00eancia energ\u00e9tica em 2023\" \/>\n<meta property=\"og:description\" content=\"A\u00a0Adega de\u00a0Mon\u00e7\u00e3o vai investir, em 2023, cerca de 1,5 milh\u00f5es de euros no &quot;robustecimento das condi\u00e7\u00f5es de produ\u00e7\u00e3o vitivin\u00edcola&quot; e na melhoria da efici\u00eancia energ\u00e9tica.\" \/>\n<meta property=\"og:url\" content=\"https:\/\/www.altominho.tv\/site\/2022\/12\/14\/adega-de-moncao-investe-15-milhoes-na-modernizacao-de-equipamentos-e-eficiencia-energetica-em-2023\/\" \/>\n<meta property=\"og:site_name\" content=\"Altominho.tv\" \/>\n<meta property=\"article:publisher\" content=\"https:\/\/www.facebook.com\/altominhotv\" \/>\n<meta property=\"article:published_time\" content=\"2022-12-14T10:18:49+00:00\" \/>\n<meta property=\"article:modified_time\" content=\"2022-12-14T10:18:55+00:00\" \/>\n<meta property=\"og:image\" content=\"https:\/\/www.altominho.tv\/site\/wp-content\/uploads\/2022\/04\/Adega-Moncao.jpg\" \/>\n\t<meta property=\"og:image:width\" content=\"763\" \/>\n\t<meta property=\"og:image:height\" content=\"429\" \/>\n\t<meta property=\"og:image:type\" content=\"image\/jpeg\" \/>\n<meta name=\"author\" content=\"Andreia Ferreira\" \/>\n<meta name=\"twitter:card\" content=\"summary_large_image\" \/>\n<meta name=\"twitter:creator\" content=\"@altominhoTV\" \/>\n<meta name=\"twitter:site\" content=\"@altominhoTV\" \/>\n<meta name=\"twitter:label1\" content=\"Escrito por\" \/>\n\t<meta name=\"twitter:data1\" content=\"Andreia Ferreira\" \/>\n\t<meta name=\"twitter:label2\" content=\"Tempo estimado de leitura\" \/>\n\t<meta name=\"twitter:data2\" content=\"3 minutos\" \/>\n<script type=\"application\/ld+json\" class=\"yoast-schema-graph\">{\"@context\":\"https:\\\/\\\/schema.org\",\"@graph\":[{\"@type\":\"Article\",\"@id\":\"https:\\\/\\\/www.altominho.tv\\\/site\\\/2022\\\/12\\\/14\\\/adega-de-moncao-investe-15-milhoes-na-modernizacao-de-equipamentos-e-eficiencia-energetica-em-2023\\\/#article\",\"isPartOf\":{\"@id\":\"https:\\\/\\\/www.altominho.tv\\\/site\\\/2022\\\/12\\\/14\\\/adega-de-moncao-investe-15-milhoes-na-modernizacao-de-equipamentos-e-eficiencia-energetica-em-2023\\\/\"},\"author\":{\"name\":\"Andreia Ferreira\",\"@id\":\"https:\\\/\\\/www.altominho.tv\\\/site\\\/#\\\/schema\\\/person\\\/d9be4265364723f14ea8e0d56a1d38cd\"},\"headline\":\"Adega de Mon\u00e7\u00e3o investe 1,5 milh\u00f5es na moderniza\u00e7\u00e3o de equipamentos e efici\u00eancia energ\u00e9tica em 2023\",\"datePublished\":\"2022-12-14T10:18:49+00:00\",\"dateModified\":\"2022-12-14T10:18:55+00:00\",\"mainEntityOfPage\":{\"@id\":\"https:\\\/\\\/www.altominho.tv\\\/site\\\/2022\\\/12\\\/14\\\/adega-de-moncao-investe-15-milhoes-na-modernizacao-de-equipamentos-e-eficiencia-energetica-em-2023\\\/\"},\"wordCount\":425,\"image\":{\"@id\":\"https:\\\/\\\/www.altominho.tv\\\/site\\\/2022\\\/12\\\/14\\\/adega-de-moncao-investe-15-milhoes-na-modernizacao-de-equipamentos-e-eficiencia-energetica-em-2023\\\/#primaryimage\"},\"thumbnailUrl\":\"https:\\\/\\\/www.altominho.tv\\\/site\\\/wp-content\\\/uploads\\\/2022\\\/04\\\/Adega-Moncao.jpg\",\"keywords\":[\"Economia\"],\"articleSection\":[\"Mon\u00e7\u00e3o\"],\"inLanguage\":\"pt-PT\",\"copyrightYear\":\"2022\",\"copyrightHolder\":{\"@id\":\"https:\\\/\\\/www.altominho.tv\\\/site\\\/#organization\"}},{\"@type\":\"WebPage\",\"@id\":\"https:\\\/\\\/www.altominho.tv\\\/site\\\/2022\\\/12\\\/14\\\/adega-de-moncao-investe-15-milhoes-na-modernizacao-de-equipamentos-e-eficiencia-energetica-em-2023\\\/\",\"url\":\"https:\\\/\\\/www.altominho.tv\\\/site\\\/2022\\\/12\\\/14\\\/adega-de-moncao-investe-15-milhoes-na-modernizacao-de-equipamentos-e-eficiencia-energetica-em-2023\\\/\",\"name\":\"Adega de Mon\u00e7\u00e3o investe 1,5 milh\u00f5es na moderniza\u00e7\u00e3o de equipamentos e efici\u00eancia energ\u00e9tica em 2023\",\"isPartOf\":{\"@id\":\"https:\\\/\\\/www.altominho.tv\\\/site\\\/#website\"},\"primaryImageOfPage\":{\"@id\":\"https:\\\/\\\/www.altominho.tv\\\/site\\\/2022\\\/12\\\/14\\\/adega-de-moncao-investe-15-milhoes-na-modernizacao-de-equipamentos-e-eficiencia-energetica-em-2023\\\/#primaryimage\"},\"image\":{\"@id\":\"https:\\\/\\\/www.altominho.tv\\\/site\\\/2022\\\/12\\\/14\\\/adega-de-moncao-investe-15-milhoes-na-modernizacao-de-equipamentos-e-eficiencia-energetica-em-2023\\\/#primaryimage\"},\"thumbnailUrl\":\"https:\\\/\\\/www.altominho.tv\\\/site\\\/wp-content\\\/uploads\\\/2022\\\/04\\\/Adega-Moncao.jpg\",\"datePublished\":\"2022-12-14T10:18:49+00:00\",\"dateModified\":\"2022-12-14T10:18:55+00:00\",\"author\":{\"@id\":\"https:\\\/\\\/www.altominho.tv\\\/site\\\/#\\\/schema\\\/person\\\/d9be4265364723f14ea8e0d56a1d38cd\"},\"description\":\"A\u00a0Adega de\u00a0Mon\u00e7\u00e3o vai investir, em 2023, cerca de 1,5 milh\u00f5es de euros no \\\"robustecimento das condi\u00e7\u00f5es de produ\u00e7\u00e3o vitivin\u00edcola\\\" e na melhoria da efici\u00eancia energ\u00e9tica.\",\"breadcrumb\":{\"@id\":\"https:\\\/\\\/www.altominho.tv\\\/site\\\/2022\\\/12\\\/14\\\/adega-de-moncao-investe-15-milhoes-na-modernizacao-de-equipamentos-e-eficiencia-energetica-em-2023\\\/#breadcrumb\"},\"inLanguage\":\"pt-PT\",\"potentialAction\":[{\"@type\":\"ReadAction\",\"target\":[\"https:\\\/\\\/www.altominho.tv\\\/site\\\/2022\\\/12\\\/14\\\/adega-de-moncao-investe-15-milhoes-na-modernizacao-de-equipamentos-e-eficiencia-energetica-em-2023\\\/\"]}]},{\"@type\":\"ImageObject\",\"inLanguage\":\"pt-PT\",\"@id\":\"https:\\\/\\\/www.altominho.tv\\\/site\\\/2022\\\/12\\\/14\\\/adega-de-moncao-investe-15-milhoes-na-modernizacao-de-equipamentos-e-eficiencia-energetica-em-2023\\\/#primaryimage\",\"url\":\"https:\\\/\\\/www.altominho.tv\\\/site\\\/wp-content\\\/uploads\\\/2022\\\/04\\\/Adega-Moncao.jpg\",\"contentUrl\":\"https:\\\/\\\/www.altominho.tv\\\/site\\\/wp-content\\\/uploads\\\/2022\\\/04\\\/Adega-Moncao.jpg\",\"width\":763,\"height\":429},{\"@type\":\"BreadcrumbList\",\"@id\":\"https:\\\/\\\/www.altominho.tv\\\/site\\\/2022\\\/12\\\/14\\\/adega-de-moncao-investe-15-milhoes-na-modernizacao-de-equipamentos-e-eficiencia-energetica-em-2023\\\/#breadcrumb\",\"itemListElement\":[{\"@type\":\"ListItem\",\"position\":1,\"name\":\"In\u00edcio\",\"item\":\"https:\\\/\\\/www.altominho.tv\\\/site\\\/\"},{\"@type\":\"ListItem\",\"position\":2,\"name\":\"Adega de Mon\u00e7\u00e3o investe 1,5 milh\u00f5es na moderniza\u00e7\u00e3o de equipamentos e efici\u00eancia energ\u00e9tica em 2023\"}]},{\"@type\":\"WebSite\",\"@id\":\"https:\\\/\\\/www.altominho.tv\\\/site\\\/#website\",\"url\":\"https:\\\/\\\/www.altominho.tv\\\/site\\\/\",\"name\":\"Altominho.tv\",\"description\":\"A sua regi\u00e3o \u00e0 dist\u00e2ncia de um clique...\",\"potentialAction\":[{\"@type\":\"SearchAction\",\"target\":{\"@type\":\"EntryPoint\",\"urlTemplate\":\"https:\\\/\\\/www.altominho.tv\\\/site\\\/?s={search_term_string}\"},\"query-input\":{\"@type\":\"PropertyValueSpecification\",\"valueRequired\":true,\"valueName\":\"search_term_string\"}}],\"inLanguage\":\"pt-PT\"},{\"@type\":\"Person\",\"@id\":\"https:\\\/\\\/www.altominho.tv\\\/site\\\/#\\\/schema\\\/person\\\/d9be4265364723f14ea8e0d56a1d38cd\",\"name\":\"Andreia Ferreira\",\"image\":{\"@type\":\"ImageObject\",\"inLanguage\":\"pt-PT\",\"@id\":\"https:\\\/\\\/www.altominho.tv\\\/site\\\/wp-content\\\/uploads\\\/2021\\\/01\\\/AndreiaFerreira-150x150.jpg\",\"url\":\"https:\\\/\\\/www.altominho.tv\\\/site\\\/wp-content\\\/uploads\\\/2021\\\/01\\\/AndreiaFerreira-150x150.jpg\",\"contentUrl\":\"https:\\\/\\\/www.altominho.tv\\\/site\\\/wp-content\\\/uploads\\\/2021\\\/01\\\/AndreiaFerreira-150x150.jpg\",\"caption\":\"Andreia Ferreira\"},\"url\":\"https:\\\/\\\/www.altominho.tv\\\/site\\\/author\\\/andreiaferreira\\\/\"}]}<\/script>\n<!-- \/ Yoast SEO Premium plugin. -->","yoast_head_json":{"title":"Adega de Mon\u00e7\u00e3o investe 1,5 milh\u00f5es na moderniza\u00e7\u00e3o de equipamentos e efici\u00eancia energ\u00e9tica em 2023","description":"A\u00a0Adega de\u00a0Mon\u00e7\u00e3o vai investir, em 2023, cerca de 1,5 milh\u00f5es de euros no \"robustecimento das condi\u00e7\u00f5es de produ\u00e7\u00e3o vitivin\u00edcola\" e na melhoria da efici\u00eancia energ\u00e9tica.","robots":{"index":"index","follow":"follow","max-snippet":"max-snippet:-1","max-image-preview":"max-image-preview:large","max-video-preview":"max-video-preview:-1"},"canonical":"https:\/\/www.altominho.tv\/site\/2022\/12\/14\/adega-de-moncao-investe-15-milhoes-na-modernizacao-de-equipamentos-e-eficiencia-energetica-em-2023\/","og_locale":"pt_PT","og_type":"article","og_title":"Adega de Mon\u00e7\u00e3o investe 1,5 milh\u00f5es na moderniza\u00e7\u00e3o de equipamentos e efici\u00eancia energ\u00e9tica em 2023","og_description":"A\u00a0Adega de\u00a0Mon\u00e7\u00e3o vai investir, em 2023, cerca de 1,5 milh\u00f5es de euros no \"robustecimento das condi\u00e7\u00f5es de produ\u00e7\u00e3o vitivin\u00edcola\" e na melhoria da efici\u00eancia energ\u00e9tica.","og_url":"https:\/\/www.altominho.tv\/site\/2022\/12\/14\/adega-de-moncao-investe-15-milhoes-na-modernizacao-de-equipamentos-e-eficiencia-energetica-em-2023\/","og_site_name":"Altominho.tv","article_publisher":"https:\/\/www.facebook.com\/altominhotv","article_published_time":"2022-12-14T10:18:49+00:00","article_modified_time":"2022-12-14T10:18:55+00:00","og_image":[{"width":763,"height":429,"url":"https:\/\/www.altominho.tv\/site\/wp-content\/uploads\/2022\/04\/Adega-Moncao.jpg","type":"image\/jpeg"}],"author":"Andreia Ferreira","twitter_card":"summary_large_image","twitter_creator":"@altominhoTV","twitter_site":"@altominhoTV","twitter_misc":{"Escrito por":"Andreia Ferreira","Tempo estimado de leitura":"3 minutos"},"schema":{"@context":"https:\/\/schema.org","@graph":[{"@type":"Article","@id":"https:\/\/www.altominho.tv\/site\/2022\/12\/14\/adega-de-moncao-investe-15-milhoes-na-modernizacao-de-equipamentos-e-eficiencia-energetica-em-2023\/#article","isPartOf":{"@id":"https:\/\/www.altominho.tv\/site\/2022\/12\/14\/adega-de-moncao-investe-15-milhoes-na-modernizacao-de-equipamentos-e-eficiencia-energetica-em-2023\/"},"author":{"name":"Andreia Ferreira","@id":"https:\/\/www.altominho.tv\/site\/#\/schema\/person\/d9be4265364723f14ea8e0d56a1d38cd"},"headline":"Adega de Mon\u00e7\u00e3o investe 1,5 milh\u00f5es na moderniza\u00e7\u00e3o de equipamentos e efici\u00eancia energ\u00e9tica em 2023","datePublished":"2022-12-14T10:18:49+00:00","dateModified":"2022-12-14T10:18:55+00:00","mainEntityOfPage":{"@id":"https:\/\/www.altominho.tv\/site\/2022\/12\/14\/adega-de-moncao-investe-15-milhoes-na-modernizacao-de-equipamentos-e-eficiencia-energetica-em-2023\/"},"wordCount":425,"image":{"@id":"https:\/\/www.altominho.tv\/site\/2022\/12\/14\/adega-de-moncao-investe-15-milhoes-na-modernizacao-de-equipamentos-e-eficiencia-energetica-em-2023\/#primaryimage"},"thumbnailUrl":"https:\/\/www.altominho.tv\/site\/wp-content\/uploads\/2022\/04\/Adega-Moncao.jpg","keywords":["Economia"],"articleSection":["Mon\u00e7\u00e3o"],"inLanguage":"pt-PT","copyrightYear":"2022","copyrightHolder":{"@id":"https:\/\/www.altominho.tv\/site\/#organization"}},{"@type":"WebPage","@id":"https:\/\/www.altominho.tv\/site\/2022\/12\/14\/adega-de-moncao-investe-15-milhoes-na-modernizacao-de-equipamentos-e-eficiencia-energetica-em-2023\/","url":"https:\/\/www.altominho.tv\/site\/2022\/12\/14\/adega-de-moncao-investe-15-milhoes-na-modernizacao-de-equipamentos-e-eficiencia-energetica-em-2023\/","name":"Adega de Mon\u00e7\u00e3o investe 1,5 milh\u00f5es na moderniza\u00e7\u00e3o de equipamentos e efici\u00eancia energ\u00e9tica em 2023","isPartOf":{"@id":"https:\/\/www.altominho.tv\/site\/#website"},"primaryImageOfPage":{"@id":"https:\/\/www.altominho.tv\/site\/2022\/12\/14\/adega-de-moncao-investe-15-milhoes-na-modernizacao-de-equipamentos-e-eficiencia-energetica-em-2023\/#primaryimage"},"image":{"@id":"https:\/\/www.altominho.tv\/site\/2022\/12\/14\/adega-de-moncao-investe-15-milhoes-na-modernizacao-de-equipamentos-e-eficiencia-energetica-em-2023\/#primaryimage"},"thumbnailUrl":"https:\/\/www.altominho.tv\/site\/wp-content\/uploads\/2022\/04\/Adega-Moncao.jpg","datePublished":"2022-12-14T10:18:49+00:00","dateModified":"2022-12-14T10:18:55+00:00","author":{"@id":"https:\/\/www.altominho.tv\/site\/#\/schema\/person\/d9be4265364723f14ea8e0d56a1d38cd"},"description":"A\u00a0Adega de\u00a0Mon\u00e7\u00e3o vai investir, em 2023, cerca de 1,5 milh\u00f5es de euros no \"robustecimento das condi\u00e7\u00f5es de produ\u00e7\u00e3o vitivin\u00edcola\" e na melhoria da efici\u00eancia energ\u00e9tica.","breadcrumb":{"@id":"https:\/\/www.altominho.tv\/site\/2022\/12\/14\/adega-de-moncao-investe-15-milhoes-na-modernizacao-de-equipamentos-e-eficiencia-energetica-em-2023\/#breadcrumb"},"inLanguage":"pt-PT","potentialAction":[{"@type":"ReadAction","target":["https:\/\/www.altominho.tv\/site\/2022\/12\/14\/adega-de-moncao-investe-15-milhoes-na-modernizacao-de-equipamentos-e-eficiencia-energetica-em-2023\/"]}]},{"@type":"ImageObject","inLanguage":"pt-PT","@id":"https:\/\/www.altominho.tv\/site\/2022\/12\/14\/adega-de-moncao-investe-15-milhoes-na-modernizacao-de-equipamentos-e-eficiencia-energetica-em-2023\/#primaryimage","url":"https:\/\/www.altominho.tv\/site\/wp-content\/uploads\/2022\/04\/Adega-Moncao.jpg","contentUrl":"https:\/\/www.altominho.tv\/site\/wp-content\/uploads\/2022\/04\/Adega-Moncao.jpg","width":763,"height":429},{"@type":"BreadcrumbList","@id":"https:\/\/www.altominho.tv\/site\/2022\/12\/14\/adega-de-moncao-investe-15-milhoes-na-modernizacao-de-equipamentos-e-eficiencia-energetica-em-2023\/#breadcrumb","itemListElement":[{"@type":"ListItem","position":1,"name":"In\u00edcio","item":"https:\/\/www.altominho.tv\/site\/"},{"@type":"ListItem","position":2,"name":"Adega de Mon\u00e7\u00e3o investe 1,5 milh\u00f5es na moderniza\u00e7\u00e3o de equipamentos e efici\u00eancia energ\u00e9tica em 2023"}]},{"@type":"WebSite","@id":"https:\/\/www.altominho.tv\/site\/#website","url":"https:\/\/www.altominho.tv\/site\/","name":"Altominho.tv","description":"A sua regi\u00e3o \u00e0 dist\u00e2ncia de um clique...","potentialAction":[{"@type":"SearchAction","target":{"@type":"EntryPoint","urlTemplate":"https:\/\/www.altominho.tv\/site\/?s={search_term_string}"},"query-input":{"@type":"PropertyValueSpecification","valueRequired":true,"valueName":"search_term_string"}}],"inLanguage":"pt-PT"},{"@type":"Person","@id":"https:\/\/www.altominho.tv\/site\/#\/schema\/person\/d9be4265364723f14ea8e0d56a1d38cd","name":"Andreia Ferreira","image":{"@type":"ImageObject","inLanguage":"pt-PT","@id":"https:\/\/www.altominho.tv\/site\/wp-content\/uploads\/2021\/01\/AndreiaFerreira-150x150.jpg","url":"https:\/\/www.altominho.tv\/site\/wp-content\/uploads\/2021\/01\/AndreiaFerreira-150x150.jpg","contentUrl":"https:\/\/www.altominho.tv\/site\/wp-content\/uploads\/2021\/01\/AndreiaFerreira-150x150.jpg","caption":"Andreia Ferreira"},"url":"https:\/\/www.altominho.tv\/site\/author\/andreiaferreira\/"}]}},"_links":{"self":[{"href":"https:\/\/www.altominho.tv\/site\/wp-json\/wp\/v2\/posts\/86543","targetHints":{"allow":["GET"]}}],"collection":[{"href":"https:\/\/www.altominho.tv\/site\/wp-json\/wp\/v2\/posts"}],"about":[{"href":"https:\/\/www.altominho.tv\/site\/wp-json\/wp\/v2\/types\/post"}],"author":[{"embeddable":true,"href":"https:\/\/www.altominho.tv\/site\/wp-json\/wp\/v2\/users\/12"}],"replies":[{"embeddable":true,"href":"https:\/\/www.altominho.tv\/site\/wp-json\/wp\/v2\/comments?post=86543"}],"version-history":[{"count":3,"href":"https:\/\/www.altominho.tv\/site\/wp-json\/wp\/v2\/posts\/86543\/revisions"}],"predecessor-version":[{"id":86549,"href":"https:\/\/www.altominho.tv\/site\/wp-json\/wp\/v2\/posts\/86543\/revisions\/86549"}],"wp:featuredmedia":[{"embeddable":true,"href":"https:\/\/www.altominho.tv\/site\/wp-json\/wp\/v2\/media\/78723"}],"wp:attachment":[{"href":"https:\/\/www.altominho.tv\/site\/wp-json\/wp\/v2\/media?parent=86543"}],"wp:term":[{"taxonomy":"category","embeddable":true,"href":"https:\/\/www.altominho.tv\/site\/wp-json\/wp\/v2\/categories?post=86543"},{"taxonomy":"post_tag","embeddable":true,"href":"https:\/\/www.altominho.tv\/site\/wp-json\/wp\/v2\/tags?post=86543"}],"curies":[{"name":"wp","href":"https:\/\/api.w.org\/{rel}","templated":true}]}}