{"id":86541,"date":"2022-12-14T08:55:43","date_gmt":"2022-12-14T08:55:43","guid":{"rendered":"https:\/\/www.altominho.tv\/site\/?p=86541"},"modified":"2022-12-14T08:55:48","modified_gmt":"2022-12-14T08:55:48","slug":"chuva-e-agitacao-maritima-colocam-viana-do-castelo-sob-aviso-amarelo-2","status":"publish","type":"post","link":"https:\/\/www.altominho.tv\/site\/2022\/12\/14\/chuva-e-agitacao-maritima-colocam-viana-do-castelo-sob-aviso-amarelo-2\/","title":{"rendered":"Chuva e agita\u00e7\u00e3o mar\u00edtima colocam Viana do Castelo sob aviso amarelo"},"content":{"rendered":"<p>Todos os distritos de Portugal continental est\u00e3o a partir das 09h00 desta quarta-feira sob aviso amarelo devido \u00e0 previs\u00e3o de aguaceiros por vezes fortes e acompanhados de trovoada.<\/p>\n<p>Segundo o Instituto Portugu\u00eas do Mar e da Atmosfera (IPMA), os avisos nos 18 distritos v\u00e3o manter-se at\u00e9 \u00e0s 18h00.<\/p>\n<p>O IPMA colocou tamb\u00e9m os distritos de Viana do Castelo, Porto, Faro, Set\u00fabal, Lisboa, Leiria, Beja, Aveiro, Coimbra e Braga sob aviso amarelo entre as 12h00 desta quarta-feira e as 00h00 de quinta-feira devido \u00e0 agita\u00e7\u00e3o mar\u00edtima, prevendo-se ondas do quadrante oeste com 4 a 4,5 metros.<\/p>\n<p>O aviso amarelo \u00e9 emitido pelo IPMA sempre que existe uma situa\u00e7\u00e3o de risco para determinadas atividades dependentes da situa\u00e7\u00e3o meteorol\u00f3gica.<\/p>\n","protected":false},"excerpt":{"rendered":"<p>Todos os distritos de Portugal continental est\u00e3o a partir das 09h00 desta quarta-feira sob aviso amarelo devido \u00e0 previs\u00e3o de aguaceiros por vezes fortes e acompanhados de trovoada. Segundo o Instituto Portugu\u00eas do Mar e da Atmosfera (IPMA), os avisos nos 18 distritos v\u00e3o manter-se at\u00e9 \u00e0s 18h00. O IPMA colocou tamb\u00e9m os distritos de [&hellip;]<\/p>\n","protected":false},"author":15,"featured_media":60276,"comment_status":"closed","ping_status":"closed","sticky":false,"template":"","format":"standard","meta":{"_exactmetrics_skip_tracking":false,"_exactmetrics_sitenote_active":false,"_exactmetrics_sitenote_note":"","_exactmetrics_sitenote_category":0,"footnotes":""},"categories":[73],"tags":[27],"class_list":["post-86541","post","type-post","status-publish","format-standard","has-post-thumbnail","hentry","category-alto-minho","tag-sociedade"],"yoast_head":"<!-- This site is optimized with the Yoast SEO Premium plugin v27.5 (Yoast SEO v27.5) - https:\/\/yoast.com\/product\/yoast-seo-premium-wordpress\/ -->\n<title>Chuva e agita\u00e7\u00e3o mar\u00edtima colocam Viana do Castelo sob aviso amarelo<\/title>\n<meta name=\"description\" content=\"Todos os distritos est\u00e3o a partir das 09h00 desta quarta-feira sob aviso amarelo devido \u00e0 previs\u00e3o de aguaceiros por vezes fortes e acompanhados de trovoada.\" \/>\n<meta name=\"robots\" content=\"index, follow, max-snippet:-1, max-image-preview:large, max-video-preview:-1\" \/>\n<link rel=\"canonical\" href=\"https:\/\/www.altominho.tv\/site\/2022\/12\/14\/chuva-e-agitacao-maritima-colocam-viana-do-castelo-sob-aviso-amarelo-2\/\" \/>\n<meta property=\"og:locale\" content=\"pt_PT\" \/>\n<meta property=\"og:type\" content=\"article\" \/>\n<meta property=\"og:title\" content=\"Chuva e agita\u00e7\u00e3o mar\u00edtima colocam Viana do Castelo sob aviso amarelo\" \/>\n<meta property=\"og:description\" content=\"Todos os distritos est\u00e3o a partir das 09h00 desta quarta-feira sob aviso amarelo devido \u00e0 previs\u00e3o de aguaceiros por vezes fortes e acompanhados de trovoada.\" \/>\n<meta property=\"og:url\" content=\"https:\/\/www.altominho.tv\/site\/2022\/12\/14\/chuva-e-agitacao-maritima-colocam-viana-do-castelo-sob-aviso-amarelo-2\/\" \/>\n<meta property=\"og:site_name\" content=\"Altominho.tv\" \/>\n<meta property=\"article:publisher\" content=\"https:\/\/www.facebook.com\/altominhotv\" \/>\n<meta property=\"article:published_time\" content=\"2022-12-14T08:55:43+00:00\" \/>\n<meta property=\"article:modified_time\" content=\"2022-12-14T08:55:48+00:00\" \/>\n<meta property=\"og:image\" content=\"https:\/\/www.altominho.tv\/site\/wp-content\/uploads\/2021\/01\/chuva_ATV.jpg\" \/>\n\t<meta property=\"og:image:width\" content=\"1920\" \/>\n\t<meta property=\"og:image:height\" content=\"1080\" \/>\n\t<meta property=\"og:image:type\" content=\"image\/jpeg\" \/>\n<meta name=\"author\" content=\"Andreia Ferreira | Lusa\" \/>\n<meta name=\"twitter:card\" content=\"summary_large_image\" \/>\n<meta name=\"twitter:creator\" content=\"@altominhoTV\" \/>\n<meta name=\"twitter:site\" content=\"@altominhoTV\" \/>\n<meta name=\"twitter:label1\" content=\"Escrito por\" \/>\n\t<meta name=\"twitter:data1\" content=\"Andreia Ferreira | Lusa\" \/>\n\t<meta name=\"twitter:label2\" content=\"Tempo estimado de leitura\" \/>\n\t<meta name=\"twitter:data2\" content=\"1 minuto\" \/>\n<script type=\"application\/ld+json\" class=\"yoast-schema-graph\">{\"@context\":\"https:\\\/\\\/schema.org\",\"@graph\":[{\"@type\":\"Article\",\"@id\":\"https:\\\/\\\/www.altominho.tv\\\/site\\\/2022\\\/12\\\/14\\\/chuva-e-agitacao-maritima-colocam-viana-do-castelo-sob-aviso-amarelo-2\\\/#article\",\"isPartOf\":{\"@id\":\"https:\\\/\\\/www.altominho.tv\\\/site\\\/2022\\\/12\\\/14\\\/chuva-e-agitacao-maritima-colocam-viana-do-castelo-sob-aviso-amarelo-2\\\/\"},\"author\":{\"name\":\"Andreia Ferreira | Lusa\",\"@id\":\"https:\\\/\\\/www.altominho.tv\\\/site\\\/#\\\/schema\\\/person\\\/a0bff6dc1041aadd46fa81887444b017\"},\"headline\":\"Chuva e agita\u00e7\u00e3o mar\u00edtima colocam Viana do Castelo sob aviso amarelo\",\"datePublished\":\"2022-12-14T08:55:43+00:00\",\"dateModified\":\"2022-12-14T08:55:48+00:00\",\"mainEntityOfPage\":{\"@id\":\"https:\\\/\\\/www.altominho.tv\\\/site\\\/2022\\\/12\\\/14\\\/chuva-e-agitacao-maritima-colocam-viana-do-castelo-sob-aviso-amarelo-2\\\/\"},\"wordCount\":134,\"image\":{\"@id\":\"https:\\\/\\\/www.altominho.tv\\\/site\\\/2022\\\/12\\\/14\\\/chuva-e-agitacao-maritima-colocam-viana-do-castelo-sob-aviso-amarelo-2\\\/#primaryimage\"},\"thumbnailUrl\":\"https:\\\/\\\/www.altominho.tv\\\/site\\\/wp-content\\\/uploads\\\/2021\\\/01\\\/chuva_ATV.jpg\",\"keywords\":[\"Sociedade\"],\"articleSection\":[\"Alto Minho\"],\"inLanguage\":\"pt-PT\",\"copyrightYear\":\"2022\",\"copyrightHolder\":{\"@id\":\"https:\\\/\\\/www.altominho.tv\\\/site\\\/#organization\"}},{\"@type\":\"WebPage\",\"@id\":\"https:\\\/\\\/www.altominho.tv\\\/site\\\/2022\\\/12\\\/14\\\/chuva-e-agitacao-maritima-colocam-viana-do-castelo-sob-aviso-amarelo-2\\\/\",\"url\":\"https:\\\/\\\/www.altominho.tv\\\/site\\\/2022\\\/12\\\/14\\\/chuva-e-agitacao-maritima-colocam-viana-do-castelo-sob-aviso-amarelo-2\\\/\",\"name\":\"Chuva e agita\u00e7\u00e3o mar\u00edtima colocam Viana do Castelo sob aviso amarelo\",\"isPartOf\":{\"@id\":\"https:\\\/\\\/www.altominho.tv\\\/site\\\/#website\"},\"primaryImageOfPage\":{\"@id\":\"https:\\\/\\\/www.altominho.tv\\\/site\\\/2022\\\/12\\\/14\\\/chuva-e-agitacao-maritima-colocam-viana-do-castelo-sob-aviso-amarelo-2\\\/#primaryimage\"},\"image\":{\"@id\":\"https:\\\/\\\/www.altominho.tv\\\/site\\\/2022\\\/12\\\/14\\\/chuva-e-agitacao-maritima-colocam-viana-do-castelo-sob-aviso-amarelo-2\\\/#primaryimage\"},\"thumbnailUrl\":\"https:\\\/\\\/www.altominho.tv\\\/site\\\/wp-content\\\/uploads\\\/2021\\\/01\\\/chuva_ATV.jpg\",\"datePublished\":\"2022-12-14T08:55:43+00:00\",\"dateModified\":\"2022-12-14T08:55:48+00:00\",\"author\":{\"@id\":\"https:\\\/\\\/www.altominho.tv\\\/site\\\/#\\\/schema\\\/person\\\/a0bff6dc1041aadd46fa81887444b017\"},\"description\":\"Todos os distritos est\u00e3o a partir das 09h00 desta quarta-feira sob aviso amarelo devido \u00e0 previs\u00e3o de aguaceiros por vezes fortes e acompanhados de trovoada.\",\"breadcrumb\":{\"@id\":\"https:\\\/\\\/www.altominho.tv\\\/site\\\/2022\\\/12\\\/14\\\/chuva-e-agitacao-maritima-colocam-viana-do-castelo-sob-aviso-amarelo-2\\\/#breadcrumb\"},\"inLanguage\":\"pt-PT\",\"potentialAction\":[{\"@type\":\"ReadAction\",\"target\":[\"https:\\\/\\\/www.altominho.tv\\\/site\\\/2022\\\/12\\\/14\\\/chuva-e-agitacao-maritima-colocam-viana-do-castelo-sob-aviso-amarelo-2\\\/\"]}]},{\"@type\":\"ImageObject\",\"inLanguage\":\"pt-PT\",\"@id\":\"https:\\\/\\\/www.altominho.tv\\\/site\\\/2022\\\/12\\\/14\\\/chuva-e-agitacao-maritima-colocam-viana-do-castelo-sob-aviso-amarelo-2\\\/#primaryimage\",\"url\":\"https:\\\/\\\/www.altominho.tv\\\/site\\\/wp-content\\\/uploads\\\/2021\\\/01\\\/chuva_ATV.jpg\",\"contentUrl\":\"https:\\\/\\\/www.altominho.tv\\\/site\\\/wp-content\\\/uploads\\\/2021\\\/01\\\/chuva_ATV.jpg\",\"width\":1920,\"height\":1080},{\"@type\":\"BreadcrumbList\",\"@id\":\"https:\\\/\\\/www.altominho.tv\\\/site\\\/2022\\\/12\\\/14\\\/chuva-e-agitacao-maritima-colocam-viana-do-castelo-sob-aviso-amarelo-2\\\/#breadcrumb\",\"itemListElement\":[{\"@type\":\"ListItem\",\"position\":1,\"name\":\"In\u00edcio\",\"item\":\"https:\\\/\\\/www.altominho.tv\\\/site\\\/\"},{\"@type\":\"ListItem\",\"position\":2,\"name\":\"Chuva e agita\u00e7\u00e3o mar\u00edtima colocam Viana do Castelo sob aviso amarelo\"}]},{\"@type\":\"WebSite\",\"@id\":\"https:\\\/\\\/www.altominho.tv\\\/site\\\/#website\",\"url\":\"https:\\\/\\\/www.altominho.tv\\\/site\\\/\",\"name\":\"Altominho.tv\",\"description\":\"A sua regi\u00e3o \u00e0 dist\u00e2ncia de um clique...\",\"potentialAction\":[{\"@type\":\"SearchAction\",\"target\":{\"@type\":\"EntryPoint\",\"urlTemplate\":\"https:\\\/\\\/www.altominho.tv\\\/site\\\/?s={search_term_string}\"},\"query-input\":{\"@type\":\"PropertyValueSpecification\",\"valueRequired\":true,\"valueName\":\"search_term_string\"}}],\"inLanguage\":\"pt-PT\"},{\"@type\":\"Person\",\"@id\":\"https:\\\/\\\/www.altominho.tv\\\/site\\\/#\\\/schema\\\/person\\\/a0bff6dc1041aadd46fa81887444b017\",\"name\":\"Andreia Ferreira | Lusa\",\"image\":{\"@type\":\"ImageObject\",\"inLanguage\":\"pt-PT\",\"@id\":\"https:\\\/\\\/www.altominho.tv\\\/site\\\/wp-content\\\/uploads\\\/2018\\\/04\\\/Andreia-150x150.jpg\",\"url\":\"https:\\\/\\\/www.altominho.tv\\\/site\\\/wp-content\\\/uploads\\\/2018\\\/04\\\/Andreia-150x150.jpg\",\"contentUrl\":\"https:\\\/\\\/www.altominho.tv\\\/site\\\/wp-content\\\/uploads\\\/2018\\\/04\\\/Andreia-150x150.jpg\",\"caption\":\"Andreia Ferreira | Lusa\"},\"sameAs\":[\"https:\\\/\\\/www.altominho.tv\\\/site\"],\"url\":\"https:\\\/\\\/www.altominho.tv\\\/site\\\/author\\\/andreiaferreiralusa\\\/\"}]}<\/script>\n<!-- \/ Yoast SEO Premium plugin. -->","yoast_head_json":{"title":"Chuva e agita\u00e7\u00e3o mar\u00edtima colocam Viana do Castelo sob aviso amarelo","description":"Todos os distritos est\u00e3o a partir das 09h00 desta quarta-feira sob aviso amarelo devido \u00e0 previs\u00e3o de aguaceiros por vezes fortes e acompanhados de trovoada.","robots":{"index":"index","follow":"follow","max-snippet":"max-snippet:-1","max-image-preview":"max-image-preview:large","max-video-preview":"max-video-preview:-1"},"canonical":"https:\/\/www.altominho.tv\/site\/2022\/12\/14\/chuva-e-agitacao-maritima-colocam-viana-do-castelo-sob-aviso-amarelo-2\/","og_locale":"pt_PT","og_type":"article","og_title":"Chuva e agita\u00e7\u00e3o mar\u00edtima colocam Viana do Castelo sob aviso amarelo","og_description":"Todos os distritos est\u00e3o a partir das 09h00 desta quarta-feira sob aviso amarelo devido \u00e0 previs\u00e3o de aguaceiros por vezes fortes e acompanhados de trovoada.","og_url":"https:\/\/www.altominho.tv\/site\/2022\/12\/14\/chuva-e-agitacao-maritima-colocam-viana-do-castelo-sob-aviso-amarelo-2\/","og_site_name":"Altominho.tv","article_publisher":"https:\/\/www.facebook.com\/altominhotv","article_published_time":"2022-12-14T08:55:43+00:00","article_modified_time":"2022-12-14T08:55:48+00:00","og_image":[{"width":1920,"height":1080,"url":"https:\/\/www.altominho.tv\/site\/wp-content\/uploads\/2021\/01\/chuva_ATV.jpg","type":"image\/jpeg"}],"author":"Andreia Ferreira | Lusa","twitter_card":"summary_large_image","twitter_creator":"@altominhoTV","twitter_site":"@altominhoTV","twitter_misc":{"Escrito por":"Andreia Ferreira | Lusa","Tempo estimado de leitura":"1 minuto"},"schema":{"@context":"https:\/\/schema.org","@graph":[{"@type":"Article","@id":"https:\/\/www.altominho.tv\/site\/2022\/12\/14\/chuva-e-agitacao-maritima-colocam-viana-do-castelo-sob-aviso-amarelo-2\/#article","isPartOf":{"@id":"https:\/\/www.altominho.tv\/site\/2022\/12\/14\/chuva-e-agitacao-maritima-colocam-viana-do-castelo-sob-aviso-amarelo-2\/"},"author":{"name":"Andreia Ferreira | Lusa","@id":"https:\/\/www.altominho.tv\/site\/#\/schema\/person\/a0bff6dc1041aadd46fa81887444b017"},"headline":"Chuva e agita\u00e7\u00e3o mar\u00edtima colocam Viana do Castelo sob aviso amarelo","datePublished":"2022-12-14T08:55:43+00:00","dateModified":"2022-12-14T08:55:48+00:00","mainEntityOfPage":{"@id":"https:\/\/www.altominho.tv\/site\/2022\/12\/14\/chuva-e-agitacao-maritima-colocam-viana-do-castelo-sob-aviso-amarelo-2\/"},"wordCount":134,"image":{"@id":"https:\/\/www.altominho.tv\/site\/2022\/12\/14\/chuva-e-agitacao-maritima-colocam-viana-do-castelo-sob-aviso-amarelo-2\/#primaryimage"},"thumbnailUrl":"https:\/\/www.altominho.tv\/site\/wp-content\/uploads\/2021\/01\/chuva_ATV.jpg","keywords":["Sociedade"],"articleSection":["Alto Minho"],"inLanguage":"pt-PT","copyrightYear":"2022","copyrightHolder":{"@id":"https:\/\/www.altominho.tv\/site\/#organization"}},{"@type":"WebPage","@id":"https:\/\/www.altominho.tv\/site\/2022\/12\/14\/chuva-e-agitacao-maritima-colocam-viana-do-castelo-sob-aviso-amarelo-2\/","url":"https:\/\/www.altominho.tv\/site\/2022\/12\/14\/chuva-e-agitacao-maritima-colocam-viana-do-castelo-sob-aviso-amarelo-2\/","name":"Chuva e agita\u00e7\u00e3o mar\u00edtima colocam Viana do Castelo sob aviso amarelo","isPartOf":{"@id":"https:\/\/www.altominho.tv\/site\/#website"},"primaryImageOfPage":{"@id":"https:\/\/www.altominho.tv\/site\/2022\/12\/14\/chuva-e-agitacao-maritima-colocam-viana-do-castelo-sob-aviso-amarelo-2\/#primaryimage"},"image":{"@id":"https:\/\/www.altominho.tv\/site\/2022\/12\/14\/chuva-e-agitacao-maritima-colocam-viana-do-castelo-sob-aviso-amarelo-2\/#primaryimage"},"thumbnailUrl":"https:\/\/www.altominho.tv\/site\/wp-content\/uploads\/2021\/01\/chuva_ATV.jpg","datePublished":"2022-12-14T08:55:43+00:00","dateModified":"2022-12-14T08:55:48+00:00","author":{"@id":"https:\/\/www.altominho.tv\/site\/#\/schema\/person\/a0bff6dc1041aadd46fa81887444b017"},"description":"Todos os distritos est\u00e3o a partir das 09h00 desta quarta-feira sob aviso amarelo devido \u00e0 previs\u00e3o de aguaceiros por vezes fortes e acompanhados de trovoada.","breadcrumb":{"@id":"https:\/\/www.altominho.tv\/site\/2022\/12\/14\/chuva-e-agitacao-maritima-colocam-viana-do-castelo-sob-aviso-amarelo-2\/#breadcrumb"},"inLanguage":"pt-PT","potentialAction":[{"@type":"ReadAction","target":["https:\/\/www.altominho.tv\/site\/2022\/12\/14\/chuva-e-agitacao-maritima-colocam-viana-do-castelo-sob-aviso-amarelo-2\/"]}]},{"@type":"ImageObject","inLanguage":"pt-PT","@id":"https:\/\/www.altominho.tv\/site\/2022\/12\/14\/chuva-e-agitacao-maritima-colocam-viana-do-castelo-sob-aviso-amarelo-2\/#primaryimage","url":"https:\/\/www.altominho.tv\/site\/wp-content\/uploads\/2021\/01\/chuva_ATV.jpg","contentUrl":"https:\/\/www.altominho.tv\/site\/wp-content\/uploads\/2021\/01\/chuva_ATV.jpg","width":1920,"height":1080},{"@type":"BreadcrumbList","@id":"https:\/\/www.altominho.tv\/site\/2022\/12\/14\/chuva-e-agitacao-maritima-colocam-viana-do-castelo-sob-aviso-amarelo-2\/#breadcrumb","itemListElement":[{"@type":"ListItem","position":1,"name":"In\u00edcio","item":"https:\/\/www.altominho.tv\/site\/"},{"@type":"ListItem","position":2,"name":"Chuva e agita\u00e7\u00e3o mar\u00edtima colocam Viana do Castelo sob aviso amarelo"}]},{"@type":"WebSite","@id":"https:\/\/www.altominho.tv\/site\/#website","url":"https:\/\/www.altominho.tv\/site\/","name":"Altominho.tv","description":"A sua regi\u00e3o \u00e0 dist\u00e2ncia de um clique...","potentialAction":[{"@type":"SearchAction","target":{"@type":"EntryPoint","urlTemplate":"https:\/\/www.altominho.tv\/site\/?s={search_term_string}"},"query-input":{"@type":"PropertyValueSpecification","valueRequired":true,"valueName":"search_term_string"}}],"inLanguage":"pt-PT"},{"@type":"Person","@id":"https:\/\/www.altominho.tv\/site\/#\/schema\/person\/a0bff6dc1041aadd46fa81887444b017","name":"Andreia Ferreira | Lusa","image":{"@type":"ImageObject","inLanguage":"pt-PT","@id":"https:\/\/www.altominho.tv\/site\/wp-content\/uploads\/2018\/04\/Andreia-150x150.jpg","url":"https:\/\/www.altominho.tv\/site\/wp-content\/uploads\/2018\/04\/Andreia-150x150.jpg","contentUrl":"https:\/\/www.altominho.tv\/site\/wp-content\/uploads\/2018\/04\/Andreia-150x150.jpg","caption":"Andreia Ferreira | Lusa"},"sameAs":["https:\/\/www.altominho.tv\/site"],"url":"https:\/\/www.altominho.tv\/site\/author\/andreiaferreiralusa\/"}]}},"_links":{"self":[{"href":"https:\/\/www.altominho.tv\/site\/wp-json\/wp\/v2\/posts\/86541","targetHints":{"allow":["GET"]}}],"collection":[{"href":"https:\/\/www.altominho.tv\/site\/wp-json\/wp\/v2\/posts"}],"about":[{"href":"https:\/\/www.altominho.tv\/site\/wp-json\/wp\/v2\/types\/post"}],"author":[{"embeddable":true,"href":"https:\/\/www.altominho.tv\/site\/wp-json\/wp\/v2\/users\/15"}],"replies":[{"embeddable":true,"href":"https:\/\/www.altominho.tv\/site\/wp-json\/wp\/v2\/comments?post=86541"}],"version-history":[{"count":1,"href":"https:\/\/www.altominho.tv\/site\/wp-json\/wp\/v2\/posts\/86541\/revisions"}],"predecessor-version":[{"id":86542,"href":"https:\/\/www.altominho.tv\/site\/wp-json\/wp\/v2\/posts\/86541\/revisions\/86542"}],"wp:featuredmedia":[{"embeddable":true,"href":"https:\/\/www.altominho.tv\/site\/wp-json\/wp\/v2\/media\/60276"}],"wp:attachment":[{"href":"https:\/\/www.altominho.tv\/site\/wp-json\/wp\/v2\/media?parent=86541"}],"wp:term":[{"taxonomy":"category","embeddable":true,"href":"https:\/\/www.altominho.tv\/site\/wp-json\/wp\/v2\/categories?post=86541"},{"taxonomy":"post_tag","embeddable":true,"href":"https:\/\/www.altominho.tv\/site\/wp-json\/wp\/v2\/tags?post=86541"}],"curies":[{"name":"wp","href":"https:\/\/api.w.org\/{rel}","templated":true}]}}