{"id":86529,"date":"2022-12-13T17:33:52","date_gmt":"2022-12-13T17:33:52","guid":{"rendered":"https:\/\/www.altominho.tv\/site\/?p=86529"},"modified":"2022-12-13T17:36:45","modified_gmt":"2022-12-13T17:36:45","slug":"bombeiros-do-alto-minho-estupefactos-por-nao-serem-ouvidos-no-112-transfronteirico","status":"publish","type":"post","link":"https:\/\/www.altominho.tv\/site\/2022\/12\/13\/bombeiros-do-alto-minho-estupefactos-por-nao-serem-ouvidos-no-112-transfronteirico\/","title":{"rendered":"Bombeiros \u201cestupefactos\u201d por n\u00e3o serem ouvidos no 112 transfronteiri\u00e7o"},"content":{"rendered":"<p>A Federa\u00e7\u00e3o de Bombeiros de Viana do Castelo manifestou hoje \u201ctotal estupefa\u00e7\u00e3o e desagrado\u201d por n\u00e3o ter sido \u201cminimamente\u201d tida nem achada no processo negocial e, na quarta-feira, na celebra\u00e7\u00e3o do protocolo que cria o 112 transfronteiri\u00e7o.<\/p>\n<p>Em comunicado enviado \u00e0s reda\u00e7\u00f5es, o presidente da Federa\u00e7\u00e3o de Bombeiros de Viana do Castelo, Germano Amorim, exigiu esclarecimentos \u00e0 Comiss\u00e3o de Coordena\u00e7\u00e3o e Desenvolvimento Regional do Norte (CCDR-NORTE) sobre o protocolo 112 Transfronteiri\u00e7o que vai ser celebrado, amanh\u00e3, em Valen\u00e7a.<\/p>\n<p>Em causa est\u00e1 o 112 Transfronteiri\u00e7o dever\u00e1 estar a funcionar em toda a fronteira entre Portugal e Espanha em 2023 que pretende garantir uma resposta de urg\u00eancia em sa\u00fade para portugueses e espanh\u00f3is em qualquer lado da fronteira, melhorando o servi\u00e7o e racionalizando os meios.<\/p>\n<p>Em novembro, durante a \u00faltima cimeira ib\u00e9rica, a ministra da Coes\u00e3o Territorial, Ana Abrunhosa, anunciou a assinatura de um protocolo para formalizar a rede do 112 Transfronteiri\u00e7o, ap\u00f3s v\u00e1rios anos de experi\u00eancias de coopera\u00e7\u00e3o entre o Norte de Portugal e a Galiza ao n\u00edvel da prote\u00e7\u00e3o civil.<\/p>\n<p>Na altura, explicou que o protocolo \u00e9 &#8220;um projeto-piloto para assist\u00eancia m\u00e9dica de urg\u00eancia entre a Galiza e a regi\u00e3o Norte de Portugal, que entrar\u00e1 logo em funcionamento ap\u00f3s a assinatura&#8221;, operacionalizado Instituto Nacional de Emerg\u00eancia M\u00e9dica de Portugal (INEM) e pela entidade de sa\u00fade da Galiza.<\/p>\n<p>Na quarta-feira, na pousada de S\u00e3o Teot\u00f3nio, em Valen\u00e7a, no distrito de Viana do Castelo, ser\u00e1 assinado o memorando de entendimento do 112 Transfronteiri\u00e7o, que prev\u00ea a cria\u00e7\u00e3o do primeiro servi\u00e7o de emerg\u00eancia m\u00e9dica inter-regional entre Portugal e Espanha, entre o Norte e a Galiza. O projeto-piloto envolve o INEM e a sua institui\u00e7\u00e3o hom\u00f3loga galega, a AXEGA.<\/p>\n<p>Hoje, a Federa\u00e7\u00e3o de Bombeiros do Alto Minho queixou-se de ter ficado fora do processo quando, referiu em comunicado, \u201c\u00e9 do exaustivo conhecimento da popula\u00e7\u00e3o que s\u00e3o os bombeiros a realizar mais de 90% dos servi\u00e7os de emerg\u00eancia m\u00e9dica pr\u00e9-hospitalar a pre\u00e7os ainda altamente deficit\u00e1rios para os bombeiros\u201d.<\/p>\n<p>\u201cO INEM n\u00e3o tem condi\u00e7\u00f5es humanas, nem estruturais para fazer mais do que cerca de 10% desse servi\u00e7o e no entanto \u00e9 quem d\u00e1 as cartas, distribui o jogo e corta, consoante o que lhes \u00e9 conveniente\u201d, sustenta a federa\u00e7\u00e3o que tem sede em Arcos de Valdevez.<br \/>\nA federa\u00e7\u00e3o acrescenta \u201cn\u00e3o saber quanto vai custar, quem vai fazer os servi\u00e7os, e, se incluem os bombeiros\u201d.<\/p>\n<p>\u201cEm suma, n\u00e3o sabemos rigorosamente nada. Os bombeiros n\u00e3o passam de joguetes nas m\u00e3os deste Instituto Nacional e de demais respons\u00e1veis institucionais na \u00e1rea da prote\u00e7\u00e3o civil. N\u00e3o \u00e9 admiss\u00edvel e n\u00e3o continuaremos a tolerar mais este tipo de comportamento que \u00e9 desprez\u00edvel e err\u00e1tico e que apenas p\u00f5e em causa o funcionamento de um sistema assente em bombeiros, em claro preju\u00edzo para toda a popula\u00e7\u00e3o\u201d, sustenta.<\/p>\n<p>A federa\u00e7\u00e3o garantiu j\u00e1 ter alertado \u201cpor in\u00fameras vezes que a emerg\u00eancia m\u00e9dica pr\u00e9-hospitalar tem de ser urgentemente revista e tem de haver um acentuad\u00edssimo esfor\u00e7o acrescido do Estado para lhe dar cumprimento devido, com aumento de pre\u00e7os e cria\u00e7\u00e3o de equipas de interven\u00e7\u00e3o permanente na \u00e1rea de pr\u00e9-emerg\u00eancia hospitalar\u201d.<\/p>\n<p>\u201cN\u00e3o podemos sustentar tanta despesa a pre\u00e7os t\u00e3o baixos. Haver\u00e1 mais gente a precisar de emerg\u00eancia m\u00e9dica e n\u00e3o poder\u00e1 t\u00ea-la. Foi enviada uma carta ao senhor presidente da CCDR-N, a pedir os muitos e devidos esclarecimentos sobre o que se passou e vamos aguardar pelas respostas, que n\u00e3o poder\u00e3o nunca ser satisfat\u00f3rias j\u00e1 que, aparentemente, o processo estar\u00e1 conclu\u00eddo, sendo os bombeiros tratados como os p\u00e1rias do sistema\u201d, reivindica.<\/p>\n<p>A federa\u00e7\u00e3o disse ser \u201clament\u00e1vel e altamente prejudicial para a popula\u00e7\u00e3o e a sua sa\u00fade de um distrito que continua a ter meses de espera por pagamento de d\u00edvidas da Unidade Local de Sa\u00fade do Alto Minho (ULSAM)\u201d.<\/p>\n<p>\u201cO Hospital de Viana do Castelo n\u00e3o paga as suas d\u00edvidas a tempo e horas, deixando arrastar a situa\u00e7\u00e3o por per\u00edodos superiores a seis meses. J\u00e1 foi dito ao presidente deste hospital, que tal n\u00e3o \u00e9 aceit\u00e1vel e sustent\u00e1vel de qualquer ponto de vista. N\u00e3o se pode gerir uma casa com d\u00edvidas de milhares de euros do Estado para transporte de doentes. Inaceit\u00e1vel. J\u00e1 reunimos e apenas surtiu parcialmente efeito, mas a situa\u00e7\u00e3o voltou \u00e0 normal situa\u00e7\u00e3o de haver mais de seis meses de d\u00edvidas acumuladas de milhares de euros a todas as associa\u00e7\u00f5es do distrito\u201d, adianta a nota.<\/p>\n<p>A federa\u00e7\u00e3o de Bombeiros do Alto Minho adiantou que ir\u00e1 \u201cponderar a ado\u00e7\u00e3o de estrat\u00e9gias mais radicais j\u00e1 que a via do di\u00e1logo, lamentavelmente, pouco efeito surtiu&#8221;.<\/p>\n","protected":false},"excerpt":{"rendered":"<p>A Federa\u00e7\u00e3o de Bombeiros de Viana do Castelo manifestou hoje \u201ctotal estupefa\u00e7\u00e3o e desagrado\u201d por n\u00e3o ter sido \u201cminimamente\u201d tida nem achada no processo negocial e, na quarta-feira, na celebra\u00e7\u00e3o do protocolo que cria o 112 transfronteiri\u00e7o. Em comunicado enviado \u00e0s reda\u00e7\u00f5es, o presidente da Federa\u00e7\u00e3o de Bombeiros de Viana do Castelo, Germano Amorim, exigiu [&hellip;]<\/p>\n","protected":false},"author":13,"featured_media":86531,"comment_status":"closed","ping_status":"closed","sticky":false,"template":"","format":"standard","meta":{"_exactmetrics_skip_tracking":false,"_exactmetrics_sitenote_active":false,"_exactmetrics_sitenote_note":"","_exactmetrics_sitenote_category":0,"footnotes":""},"categories":[73],"tags":[27],"class_list":["post-86529","post","type-post","status-publish","format-standard","has-post-thumbnail","hentry","category-alto-minho","tag-sociedade"],"yoast_head":"<!-- This site is optimized with the Yoast SEO Premium plugin v27.5 (Yoast SEO v27.5) - https:\/\/yoast.com\/product\/yoast-seo-premium-wordpress\/ -->\n<title>Bombeiros \u201cestupefactos\u201d por n\u00e3o serem ouvidos no 112 transfronteiri\u00e7o<\/title>\n<meta name=\"description\" content=\"A Federa\u00e7\u00e3o de Bombeiros de Viana do Castelo manifestou hoje \u201ctotal estupefa\u00e7\u00e3o e desagrado\u201d por n\u00e3o ter sido \u201cminimamente\u201d tida nem achada no processo negocial e, na quarta-feira, na celebra\u00e7\u00e3o do protocolo que cria o 112 transfronteiri\u00e7o.\" \/>\n<meta name=\"robots\" content=\"index, follow, max-snippet:-1, max-image-preview:large, max-video-preview:-1\" \/>\n<link rel=\"canonical\" href=\"https:\/\/www.altominho.tv\/site\/2022\/12\/13\/bombeiros-do-alto-minho-estupefactos-por-nao-serem-ouvidos-no-112-transfronteirico\/\" \/>\n<meta property=\"og:locale\" content=\"pt_PT\" \/>\n<meta property=\"og:type\" content=\"article\" \/>\n<meta property=\"og:title\" content=\"Bombeiros \u201cestupefactos\u201d por n\u00e3o serem ouvidos no 112 transfronteiri\u00e7o\" \/>\n<meta property=\"og:description\" content=\"A Federa\u00e7\u00e3o de Bombeiros de Viana do Castelo manifestou hoje \u201ctotal estupefa\u00e7\u00e3o e desagrado\u201d por n\u00e3o ter sido \u201cminimamente\u201d tida nem achada no processo negocial e, na quarta-feira, na celebra\u00e7\u00e3o do protocolo que cria o 112 transfronteiri\u00e7o.\" \/>\n<meta property=\"og:url\" content=\"https:\/\/www.altominho.tv\/site\/2022\/12\/13\/bombeiros-do-alto-minho-estupefactos-por-nao-serem-ouvidos-no-112-transfronteirico\/\" \/>\n<meta property=\"og:site_name\" content=\"Altominho.tv\" \/>\n<meta property=\"article:publisher\" content=\"https:\/\/www.facebook.com\/altominhotv\" \/>\n<meta property=\"article:published_time\" content=\"2022-12-13T17:33:52+00:00\" \/>\n<meta property=\"article:modified_time\" content=\"2022-12-13T17:36:45+00:00\" \/>\n<meta property=\"og:image\" content=\"https:\/\/www.altominho.tv\/site\/wp-content\/uploads\/2022\/12\/bombeirosAM.jpeg\" \/>\n\t<meta property=\"og:image:width\" content=\"740\" \/>\n\t<meta property=\"og:image:height\" content=\"405\" \/>\n\t<meta property=\"og:image:type\" content=\"image\/jpeg\" \/>\n<meta name=\"author\" content=\"Lusa\" \/>\n<meta name=\"twitter:card\" content=\"summary_large_image\" \/>\n<meta name=\"twitter:creator\" content=\"@altominhoTV\" \/>\n<meta name=\"twitter:site\" content=\"@altominhoTV\" \/>\n<meta name=\"twitter:label1\" content=\"Escrito por\" \/>\n\t<meta name=\"twitter:data1\" content=\"Lusa\" \/>\n\t<meta name=\"twitter:label2\" content=\"Tempo estimado de leitura\" \/>\n\t<meta name=\"twitter:data2\" content=\"5 minutos\" \/>\n<script type=\"application\/ld+json\" class=\"yoast-schema-graph\">{\"@context\":\"https:\\\/\\\/schema.org\",\"@graph\":[{\"@type\":\"Article\",\"@id\":\"https:\\\/\\\/www.altominho.tv\\\/site\\\/2022\\\/12\\\/13\\\/bombeiros-do-alto-minho-estupefactos-por-nao-serem-ouvidos-no-112-transfronteirico\\\/#article\",\"isPartOf\":{\"@id\":\"https:\\\/\\\/www.altominho.tv\\\/site\\\/2022\\\/12\\\/13\\\/bombeiros-do-alto-minho-estupefactos-por-nao-serem-ouvidos-no-112-transfronteirico\\\/\"},\"author\":{\"name\":\"Lusa\",\"@id\":\"https:\\\/\\\/www.altominho.tv\\\/site\\\/#\\\/schema\\\/person\\\/63f693da3e1899361cbe955c46f3232e\"},\"headline\":\"Bombeiros \u201cestupefactos\u201d por n\u00e3o serem ouvidos no 112 transfronteiri\u00e7o\",\"datePublished\":\"2022-12-13T17:33:52+00:00\",\"dateModified\":\"2022-12-13T17:36:45+00:00\",\"mainEntityOfPage\":{\"@id\":\"https:\\\/\\\/www.altominho.tv\\\/site\\\/2022\\\/12\\\/13\\\/bombeiros-do-alto-minho-estupefactos-por-nao-serem-ouvidos-no-112-transfronteirico\\\/\"},\"wordCount\":852,\"image\":{\"@id\":\"https:\\\/\\\/www.altominho.tv\\\/site\\\/2022\\\/12\\\/13\\\/bombeiros-do-alto-minho-estupefactos-por-nao-serem-ouvidos-no-112-transfronteirico\\\/#primaryimage\"},\"thumbnailUrl\":\"https:\\\/\\\/www.altominho.tv\\\/site\\\/wp-content\\\/uploads\\\/2022\\\/12\\\/bombeirosAM.jpeg\",\"keywords\":[\"Sociedade\"],\"articleSection\":[\"Alto Minho\"],\"inLanguage\":\"pt-PT\",\"copyrightYear\":\"2022\",\"copyrightHolder\":{\"@id\":\"https:\\\/\\\/www.altominho.tv\\\/site\\\/#organization\"}},{\"@type\":\"WebPage\",\"@id\":\"https:\\\/\\\/www.altominho.tv\\\/site\\\/2022\\\/12\\\/13\\\/bombeiros-do-alto-minho-estupefactos-por-nao-serem-ouvidos-no-112-transfronteirico\\\/\",\"url\":\"https:\\\/\\\/www.altominho.tv\\\/site\\\/2022\\\/12\\\/13\\\/bombeiros-do-alto-minho-estupefactos-por-nao-serem-ouvidos-no-112-transfronteirico\\\/\",\"name\":\"Bombeiros \u201cestupefactos\u201d por n\u00e3o serem ouvidos no 112 transfronteiri\u00e7o\",\"isPartOf\":{\"@id\":\"https:\\\/\\\/www.altominho.tv\\\/site\\\/#website\"},\"primaryImageOfPage\":{\"@id\":\"https:\\\/\\\/www.altominho.tv\\\/site\\\/2022\\\/12\\\/13\\\/bombeiros-do-alto-minho-estupefactos-por-nao-serem-ouvidos-no-112-transfronteirico\\\/#primaryimage\"},\"image\":{\"@id\":\"https:\\\/\\\/www.altominho.tv\\\/site\\\/2022\\\/12\\\/13\\\/bombeiros-do-alto-minho-estupefactos-por-nao-serem-ouvidos-no-112-transfronteirico\\\/#primaryimage\"},\"thumbnailUrl\":\"https:\\\/\\\/www.altominho.tv\\\/site\\\/wp-content\\\/uploads\\\/2022\\\/12\\\/bombeirosAM.jpeg\",\"datePublished\":\"2022-12-13T17:33:52+00:00\",\"dateModified\":\"2022-12-13T17:36:45+00:00\",\"author\":{\"@id\":\"https:\\\/\\\/www.altominho.tv\\\/site\\\/#\\\/schema\\\/person\\\/63f693da3e1899361cbe955c46f3232e\"},\"description\":\"A Federa\u00e7\u00e3o de Bombeiros de Viana do Castelo manifestou hoje \u201ctotal estupefa\u00e7\u00e3o e desagrado\u201d por n\u00e3o ter sido \u201cminimamente\u201d tida nem achada no processo negocial e, na quarta-feira, na celebra\u00e7\u00e3o do protocolo que cria o 112 transfronteiri\u00e7o.\",\"breadcrumb\":{\"@id\":\"https:\\\/\\\/www.altominho.tv\\\/site\\\/2022\\\/12\\\/13\\\/bombeiros-do-alto-minho-estupefactos-por-nao-serem-ouvidos-no-112-transfronteirico\\\/#breadcrumb\"},\"inLanguage\":\"pt-PT\",\"potentialAction\":[{\"@type\":\"ReadAction\",\"target\":[\"https:\\\/\\\/www.altominho.tv\\\/site\\\/2022\\\/12\\\/13\\\/bombeiros-do-alto-minho-estupefactos-por-nao-serem-ouvidos-no-112-transfronteirico\\\/\"]}]},{\"@type\":\"ImageObject\",\"inLanguage\":\"pt-PT\",\"@id\":\"https:\\\/\\\/www.altominho.tv\\\/site\\\/2022\\\/12\\\/13\\\/bombeiros-do-alto-minho-estupefactos-por-nao-serem-ouvidos-no-112-transfronteirico\\\/#primaryimage\",\"url\":\"https:\\\/\\\/www.altominho.tv\\\/site\\\/wp-content\\\/uploads\\\/2022\\\/12\\\/bombeirosAM.jpeg\",\"contentUrl\":\"https:\\\/\\\/www.altominho.tv\\\/site\\\/wp-content\\\/uploads\\\/2022\\\/12\\\/bombeirosAM.jpeg\",\"width\":740,\"height\":405,\"caption\":\"DR\"},{\"@type\":\"BreadcrumbList\",\"@id\":\"https:\\\/\\\/www.altominho.tv\\\/site\\\/2022\\\/12\\\/13\\\/bombeiros-do-alto-minho-estupefactos-por-nao-serem-ouvidos-no-112-transfronteirico\\\/#breadcrumb\",\"itemListElement\":[{\"@type\":\"ListItem\",\"position\":1,\"name\":\"In\u00edcio\",\"item\":\"https:\\\/\\\/www.altominho.tv\\\/site\\\/\"},{\"@type\":\"ListItem\",\"position\":2,\"name\":\"Bombeiros \u201cestupefactos\u201d por n\u00e3o serem ouvidos no 112 transfronteiri\u00e7o\"}]},{\"@type\":\"WebSite\",\"@id\":\"https:\\\/\\\/www.altominho.tv\\\/site\\\/#website\",\"url\":\"https:\\\/\\\/www.altominho.tv\\\/site\\\/\",\"name\":\"Altominho.tv\",\"description\":\"A sua regi\u00e3o \u00e0 dist\u00e2ncia de um clique...\",\"potentialAction\":[{\"@type\":\"SearchAction\",\"target\":{\"@type\":\"EntryPoint\",\"urlTemplate\":\"https:\\\/\\\/www.altominho.tv\\\/site\\\/?s={search_term_string}\"},\"query-input\":{\"@type\":\"PropertyValueSpecification\",\"valueRequired\":true,\"valueName\":\"search_term_string\"}}],\"inLanguage\":\"pt-PT\"},{\"@type\":\"Person\",\"@id\":\"https:\\\/\\\/www.altominho.tv\\\/site\\\/#\\\/schema\\\/person\\\/63f693da3e1899361cbe955c46f3232e\",\"name\":\"Lusa\",\"image\":{\"@type\":\"ImageObject\",\"inLanguage\":\"pt-PT\",\"@id\":\"https:\\\/\\\/www.altominho.tv\\\/site\\\/wp-content\\\/uploads\\\/2019\\\/08\\\/LUSA_Logo.gif\",\"url\":\"https:\\\/\\\/www.altominho.tv\\\/site\\\/wp-content\\\/uploads\\\/2019\\\/08\\\/LUSA_Logo.gif\",\"contentUrl\":\"https:\\\/\\\/www.altominho.tv\\\/site\\\/wp-content\\\/uploads\\\/2019\\\/08\\\/LUSA_Logo.gif\",\"caption\":\"Lusa\"},\"sameAs\":[\"http:\\\/\\\/\\\/\\\/www.altominho.tv\\\/site\"],\"url\":\"https:\\\/\\\/www.altominho.tv\\\/site\\\/author\\\/lusa\\\/\"}]}<\/script>\n<!-- \/ Yoast SEO Premium plugin. -->","yoast_head_json":{"title":"Bombeiros \u201cestupefactos\u201d por n\u00e3o serem ouvidos no 112 transfronteiri\u00e7o","description":"A Federa\u00e7\u00e3o de Bombeiros de Viana do Castelo manifestou hoje \u201ctotal estupefa\u00e7\u00e3o e desagrado\u201d por n\u00e3o ter sido \u201cminimamente\u201d tida nem achada no processo negocial e, na quarta-feira, na celebra\u00e7\u00e3o do protocolo que cria o 112 transfronteiri\u00e7o.","robots":{"index":"index","follow":"follow","max-snippet":"max-snippet:-1","max-image-preview":"max-image-preview:large","max-video-preview":"max-video-preview:-1"},"canonical":"https:\/\/www.altominho.tv\/site\/2022\/12\/13\/bombeiros-do-alto-minho-estupefactos-por-nao-serem-ouvidos-no-112-transfronteirico\/","og_locale":"pt_PT","og_type":"article","og_title":"Bombeiros \u201cestupefactos\u201d por n\u00e3o serem ouvidos no 112 transfronteiri\u00e7o","og_description":"A Federa\u00e7\u00e3o de Bombeiros de Viana do Castelo manifestou hoje \u201ctotal estupefa\u00e7\u00e3o e desagrado\u201d por n\u00e3o ter sido \u201cminimamente\u201d tida nem achada no processo negocial e, na quarta-feira, na celebra\u00e7\u00e3o do protocolo que cria o 112 transfronteiri\u00e7o.","og_url":"https:\/\/www.altominho.tv\/site\/2022\/12\/13\/bombeiros-do-alto-minho-estupefactos-por-nao-serem-ouvidos-no-112-transfronteirico\/","og_site_name":"Altominho.tv","article_publisher":"https:\/\/www.facebook.com\/altominhotv","article_published_time":"2022-12-13T17:33:52+00:00","article_modified_time":"2022-12-13T17:36:45+00:00","og_image":[{"width":740,"height":405,"url":"https:\/\/www.altominho.tv\/site\/wp-content\/uploads\/2022\/12\/bombeirosAM.jpeg","type":"image\/jpeg"}],"author":"Lusa","twitter_card":"summary_large_image","twitter_creator":"@altominhoTV","twitter_site":"@altominhoTV","twitter_misc":{"Escrito por":"Lusa","Tempo estimado de leitura":"5 minutos"},"schema":{"@context":"https:\/\/schema.org","@graph":[{"@type":"Article","@id":"https:\/\/www.altominho.tv\/site\/2022\/12\/13\/bombeiros-do-alto-minho-estupefactos-por-nao-serem-ouvidos-no-112-transfronteirico\/#article","isPartOf":{"@id":"https:\/\/www.altominho.tv\/site\/2022\/12\/13\/bombeiros-do-alto-minho-estupefactos-por-nao-serem-ouvidos-no-112-transfronteirico\/"},"author":{"name":"Lusa","@id":"https:\/\/www.altominho.tv\/site\/#\/schema\/person\/63f693da3e1899361cbe955c46f3232e"},"headline":"Bombeiros \u201cestupefactos\u201d por n\u00e3o serem ouvidos no 112 transfronteiri\u00e7o","datePublished":"2022-12-13T17:33:52+00:00","dateModified":"2022-12-13T17:36:45+00:00","mainEntityOfPage":{"@id":"https:\/\/www.altominho.tv\/site\/2022\/12\/13\/bombeiros-do-alto-minho-estupefactos-por-nao-serem-ouvidos-no-112-transfronteirico\/"},"wordCount":852,"image":{"@id":"https:\/\/www.altominho.tv\/site\/2022\/12\/13\/bombeiros-do-alto-minho-estupefactos-por-nao-serem-ouvidos-no-112-transfronteirico\/#primaryimage"},"thumbnailUrl":"https:\/\/www.altominho.tv\/site\/wp-content\/uploads\/2022\/12\/bombeirosAM.jpeg","keywords":["Sociedade"],"articleSection":["Alto Minho"],"inLanguage":"pt-PT","copyrightYear":"2022","copyrightHolder":{"@id":"https:\/\/www.altominho.tv\/site\/#organization"}},{"@type":"WebPage","@id":"https:\/\/www.altominho.tv\/site\/2022\/12\/13\/bombeiros-do-alto-minho-estupefactos-por-nao-serem-ouvidos-no-112-transfronteirico\/","url":"https:\/\/www.altominho.tv\/site\/2022\/12\/13\/bombeiros-do-alto-minho-estupefactos-por-nao-serem-ouvidos-no-112-transfronteirico\/","name":"Bombeiros \u201cestupefactos\u201d por n\u00e3o serem ouvidos no 112 transfronteiri\u00e7o","isPartOf":{"@id":"https:\/\/www.altominho.tv\/site\/#website"},"primaryImageOfPage":{"@id":"https:\/\/www.altominho.tv\/site\/2022\/12\/13\/bombeiros-do-alto-minho-estupefactos-por-nao-serem-ouvidos-no-112-transfronteirico\/#primaryimage"},"image":{"@id":"https:\/\/www.altominho.tv\/site\/2022\/12\/13\/bombeiros-do-alto-minho-estupefactos-por-nao-serem-ouvidos-no-112-transfronteirico\/#primaryimage"},"thumbnailUrl":"https:\/\/www.altominho.tv\/site\/wp-content\/uploads\/2022\/12\/bombeirosAM.jpeg","datePublished":"2022-12-13T17:33:52+00:00","dateModified":"2022-12-13T17:36:45+00:00","author":{"@id":"https:\/\/www.altominho.tv\/site\/#\/schema\/person\/63f693da3e1899361cbe955c46f3232e"},"description":"A Federa\u00e7\u00e3o de Bombeiros de Viana do Castelo manifestou hoje \u201ctotal estupefa\u00e7\u00e3o e desagrado\u201d por n\u00e3o ter sido \u201cminimamente\u201d tida nem achada no processo negocial e, na quarta-feira, na celebra\u00e7\u00e3o do protocolo que cria o 112 transfronteiri\u00e7o.","breadcrumb":{"@id":"https:\/\/www.altominho.tv\/site\/2022\/12\/13\/bombeiros-do-alto-minho-estupefactos-por-nao-serem-ouvidos-no-112-transfronteirico\/#breadcrumb"},"inLanguage":"pt-PT","potentialAction":[{"@type":"ReadAction","target":["https:\/\/www.altominho.tv\/site\/2022\/12\/13\/bombeiros-do-alto-minho-estupefactos-por-nao-serem-ouvidos-no-112-transfronteirico\/"]}]},{"@type":"ImageObject","inLanguage":"pt-PT","@id":"https:\/\/www.altominho.tv\/site\/2022\/12\/13\/bombeiros-do-alto-minho-estupefactos-por-nao-serem-ouvidos-no-112-transfronteirico\/#primaryimage","url":"https:\/\/www.altominho.tv\/site\/wp-content\/uploads\/2022\/12\/bombeirosAM.jpeg","contentUrl":"https:\/\/www.altominho.tv\/site\/wp-content\/uploads\/2022\/12\/bombeirosAM.jpeg","width":740,"height":405,"caption":"DR"},{"@type":"BreadcrumbList","@id":"https:\/\/www.altominho.tv\/site\/2022\/12\/13\/bombeiros-do-alto-minho-estupefactos-por-nao-serem-ouvidos-no-112-transfronteirico\/#breadcrumb","itemListElement":[{"@type":"ListItem","position":1,"name":"In\u00edcio","item":"https:\/\/www.altominho.tv\/site\/"},{"@type":"ListItem","position":2,"name":"Bombeiros \u201cestupefactos\u201d por n\u00e3o serem ouvidos no 112 transfronteiri\u00e7o"}]},{"@type":"WebSite","@id":"https:\/\/www.altominho.tv\/site\/#website","url":"https:\/\/www.altominho.tv\/site\/","name":"Altominho.tv","description":"A sua regi\u00e3o \u00e0 dist\u00e2ncia de um clique...","potentialAction":[{"@type":"SearchAction","target":{"@type":"EntryPoint","urlTemplate":"https:\/\/www.altominho.tv\/site\/?s={search_term_string}"},"query-input":{"@type":"PropertyValueSpecification","valueRequired":true,"valueName":"search_term_string"}}],"inLanguage":"pt-PT"},{"@type":"Person","@id":"https:\/\/www.altominho.tv\/site\/#\/schema\/person\/63f693da3e1899361cbe955c46f3232e","name":"Lusa","image":{"@type":"ImageObject","inLanguage":"pt-PT","@id":"https:\/\/www.altominho.tv\/site\/wp-content\/uploads\/2019\/08\/LUSA_Logo.gif","url":"https:\/\/www.altominho.tv\/site\/wp-content\/uploads\/2019\/08\/LUSA_Logo.gif","contentUrl":"https:\/\/www.altominho.tv\/site\/wp-content\/uploads\/2019\/08\/LUSA_Logo.gif","caption":"Lusa"},"sameAs":["http:\/\/\/\/www.altominho.tv\/site"],"url":"https:\/\/www.altominho.tv\/site\/author\/lusa\/"}]}},"_links":{"self":[{"href":"https:\/\/www.altominho.tv\/site\/wp-json\/wp\/v2\/posts\/86529","targetHints":{"allow":["GET"]}}],"collection":[{"href":"https:\/\/www.altominho.tv\/site\/wp-json\/wp\/v2\/posts"}],"about":[{"href":"https:\/\/www.altominho.tv\/site\/wp-json\/wp\/v2\/types\/post"}],"author":[{"embeddable":true,"href":"https:\/\/www.altominho.tv\/site\/wp-json\/wp\/v2\/users\/13"}],"replies":[{"embeddable":true,"href":"https:\/\/www.altominho.tv\/site\/wp-json\/wp\/v2\/comments?post=86529"}],"version-history":[{"count":2,"href":"https:\/\/www.altominho.tv\/site\/wp-json\/wp\/v2\/posts\/86529\/revisions"}],"predecessor-version":[{"id":86533,"href":"https:\/\/www.altominho.tv\/site\/wp-json\/wp\/v2\/posts\/86529\/revisions\/86533"}],"wp:featuredmedia":[{"embeddable":true,"href":"https:\/\/www.altominho.tv\/site\/wp-json\/wp\/v2\/media\/86531"}],"wp:attachment":[{"href":"https:\/\/www.altominho.tv\/site\/wp-json\/wp\/v2\/media?parent=86529"}],"wp:term":[{"taxonomy":"category","embeddable":true,"href":"https:\/\/www.altominho.tv\/site\/wp-json\/wp\/v2\/categories?post=86529"},{"taxonomy":"post_tag","embeddable":true,"href":"https:\/\/www.altominho.tv\/site\/wp-json\/wp\/v2\/tags?post=86529"}],"curies":[{"name":"wp","href":"https:\/\/api.w.org\/{rel}","templated":true}]}}