{"id":86211,"date":"2022-12-06T16:54:47","date_gmt":"2022-12-06T16:54:47","guid":{"rendered":"https:\/\/www.altominho.tv\/site\/?p=86211"},"modified":"2022-12-06T21:14:48","modified_gmt":"2022-12-06T21:14:48","slug":"homem-de-83-anos-em-estado-grave-apos-despiste-de-trator","status":"publish","type":"post","link":"https:\/\/www.altominho.tv\/site\/2022\/12\/06\/homem-de-83-anos-em-estado-grave-apos-despiste-de-trator\/","title":{"rendered":"Homem de 83 anos em estado grave ap\u00f3s despiste de trator"},"content":{"rendered":"<p>Um homem de 83 anos sofreu hoje ferimentos graves ap\u00f3s despistar-se de trator num terreno agr\u00edcola de dif\u00edcil acesso situado na freguesia de Barbeita, em Mon\u00e7\u00e3o.<\/p>\n<p>O helic\u00f3ptero do INEM foi acionado para recolher a v\u00edtima no lugar de Porreira, mas\u00a0 acabou por ser desmobilizado por motivos t\u00e9cnicos.<\/p>\n<p>A v\u00edtima foi transportada pelo Servi\u00e7o de Urg\u00eancia B\u00e1sica de Mon\u00e7\u00e3o.<\/p>\n<p>No local estiveram 12 elementos dos Bombeiros Volunt\u00e1rios de Mon\u00e7\u00e3o.<\/p>\n<p>O alerta foi dado \u00e0s 15h35.<\/p>\n","protected":false},"excerpt":{"rendered":"<p>Um homem de 83 anos sofreu hoje ferimentos graves ap\u00f3s despistar-se de trator num terreno agr\u00edcola de dif\u00edcil acesso situado na freguesia de Barbeita, em Mon\u00e7\u00e3o. O helic\u00f3ptero do INEM foi acionado para recolher a v\u00edtima no lugar de Porreira, mas\u00a0 acabou por ser desmobilizado por motivos t\u00e9cnicos. A v\u00edtima foi transportada pelo Servi\u00e7o de [&hellip;]<\/p>\n","protected":false},"author":24,"featured_media":86213,"comment_status":"closed","ping_status":"closed","sticky":false,"template":"","format":"standard","meta":{"_exactmetrics_skip_tracking":false,"_exactmetrics_sitenote_active":false,"_exactmetrics_sitenote_note":"","_exactmetrics_sitenote_category":0,"footnotes":""},"categories":[9],"tags":[27],"class_list":["post-86211","post","type-post","status-publish","format-standard","has-post-thumbnail","hentry","category-moncao","tag-sociedade"],"yoast_head":"<!-- This site is optimized with the Yoast SEO Premium plugin v27.4 (Yoast SEO v27.4) - https:\/\/yoast.com\/product\/yoast-seo-premium-wordpress\/ -->\n<title>Homem de 83 anos em estado grave ap\u00f3s despiste de trator<\/title>\n<meta name=\"description\" content=\"Um homem de 83 anos sofreu hoje ferimentos graves ap\u00f3s despistar-se de trator num terreno agr\u00edcola de dif\u00edcil acesso situado na freguesia de Barbeita, em Mon\u00e7\u00e3o.\" \/>\n<meta name=\"robots\" content=\"index, follow, max-snippet:-1, max-image-preview:large, max-video-preview:-1\" \/>\n<link rel=\"canonical\" href=\"https:\/\/www.altominho.tv\/site\/2022\/12\/06\/homem-de-83-anos-em-estado-grave-apos-despiste-de-trator\/\" \/>\n<meta property=\"og:locale\" content=\"pt_PT\" \/>\n<meta property=\"og:type\" content=\"article\" \/>\n<meta property=\"og:title\" content=\"Homem de 83 anos em estado grave ap\u00f3s despiste de trator\" \/>\n<meta property=\"og:description\" content=\"Um homem de 83 anos sofreu hoje ferimentos graves ap\u00f3s despistar-se de trator num terreno agr\u00edcola de dif\u00edcil acesso situado na freguesia de Barbeita, em Mon\u00e7\u00e3o.\" \/>\n<meta property=\"og:url\" content=\"https:\/\/www.altominho.tv\/site\/2022\/12\/06\/homem-de-83-anos-em-estado-grave-apos-despiste-de-trator\/\" \/>\n<meta property=\"og:site_name\" content=\"Altominho.tv\" \/>\n<meta property=\"article:publisher\" content=\"https:\/\/www.facebook.com\/altominhotv\" \/>\n<meta property=\"article:published_time\" content=\"2022-12-06T16:54:47+00:00\" \/>\n<meta property=\"article:modified_time\" content=\"2022-12-06T21:14:48+00:00\" \/>\n<meta property=\"og:image\" content=\"https:\/\/www.altominho.tv\/site\/wp-content\/uploads\/2022\/12\/ATV-1.jpg\" \/>\n\t<meta property=\"og:image:width\" content=\"740\" \/>\n\t<meta property=\"og:image:height\" content=\"370\" \/>\n\t<meta property=\"og:image:type\" content=\"image\/jpeg\" \/>\n<meta name=\"author\" content=\"Cesar Lopes\" \/>\n<meta name=\"twitter:card\" content=\"summary_large_image\" \/>\n<meta name=\"twitter:creator\" content=\"@altominhoTV\" \/>\n<meta name=\"twitter:site\" content=\"@altominhoTV\" \/>\n<meta name=\"twitter:label1\" content=\"Escrito por\" \/>\n\t<meta name=\"twitter:data1\" content=\"Cesar Lopes\" \/>\n\t<meta name=\"twitter:label2\" content=\"Tempo estimado de leitura\" \/>\n\t<meta name=\"twitter:data2\" content=\"1 minuto\" \/>\n<script type=\"application\/ld+json\" class=\"yoast-schema-graph\">{\"@context\":\"https:\\\/\\\/schema.org\",\"@graph\":[{\"@type\":\"Article\",\"@id\":\"https:\\\/\\\/www.altominho.tv\\\/site\\\/2022\\\/12\\\/06\\\/homem-de-83-anos-em-estado-grave-apos-despiste-de-trator\\\/#article\",\"isPartOf\":{\"@id\":\"https:\\\/\\\/www.altominho.tv\\\/site\\\/2022\\\/12\\\/06\\\/homem-de-83-anos-em-estado-grave-apos-despiste-de-trator\\\/\"},\"author\":{\"name\":\"Cesar Lopes\",\"@id\":\"https:\\\/\\\/www.altominho.tv\\\/site\\\/#\\\/schema\\\/person\\\/c5570e5afb933b8d08c43373326ef1b1\"},\"headline\":\"Homem de 83 anos em estado grave ap\u00f3s despiste de trator\",\"datePublished\":\"2022-12-06T16:54:47+00:00\",\"dateModified\":\"2022-12-06T21:14:48+00:00\",\"mainEntityOfPage\":{\"@id\":\"https:\\\/\\\/www.altominho.tv\\\/site\\\/2022\\\/12\\\/06\\\/homem-de-83-anos-em-estado-grave-apos-despiste-de-trator\\\/\"},\"wordCount\":98,\"image\":{\"@id\":\"https:\\\/\\\/www.altominho.tv\\\/site\\\/2022\\\/12\\\/06\\\/homem-de-83-anos-em-estado-grave-apos-despiste-de-trator\\\/#primaryimage\"},\"thumbnailUrl\":\"https:\\\/\\\/www.altominho.tv\\\/site\\\/wp-content\\\/uploads\\\/2022\\\/12\\\/ATV-1.jpg\",\"keywords\":[\"Sociedade\"],\"articleSection\":[\"Mon\u00e7\u00e3o\"],\"inLanguage\":\"pt-PT\",\"copyrightYear\":\"2022\",\"copyrightHolder\":{\"@id\":\"https:\\\/\\\/www.altominho.tv\\\/site\\\/#organization\"}},{\"@type\":\"WebPage\",\"@id\":\"https:\\\/\\\/www.altominho.tv\\\/site\\\/2022\\\/12\\\/06\\\/homem-de-83-anos-em-estado-grave-apos-despiste-de-trator\\\/\",\"url\":\"https:\\\/\\\/www.altominho.tv\\\/site\\\/2022\\\/12\\\/06\\\/homem-de-83-anos-em-estado-grave-apos-despiste-de-trator\\\/\",\"name\":\"Homem de 83 anos em estado grave ap\u00f3s despiste de trator\",\"isPartOf\":{\"@id\":\"https:\\\/\\\/www.altominho.tv\\\/site\\\/#website\"},\"primaryImageOfPage\":{\"@id\":\"https:\\\/\\\/www.altominho.tv\\\/site\\\/2022\\\/12\\\/06\\\/homem-de-83-anos-em-estado-grave-apos-despiste-de-trator\\\/#primaryimage\"},\"image\":{\"@id\":\"https:\\\/\\\/www.altominho.tv\\\/site\\\/2022\\\/12\\\/06\\\/homem-de-83-anos-em-estado-grave-apos-despiste-de-trator\\\/#primaryimage\"},\"thumbnailUrl\":\"https:\\\/\\\/www.altominho.tv\\\/site\\\/wp-content\\\/uploads\\\/2022\\\/12\\\/ATV-1.jpg\",\"datePublished\":\"2022-12-06T16:54:47+00:00\",\"dateModified\":\"2022-12-06T21:14:48+00:00\",\"author\":{\"@id\":\"https:\\\/\\\/www.altominho.tv\\\/site\\\/#\\\/schema\\\/person\\\/c5570e5afb933b8d08c43373326ef1b1\"},\"description\":\"Um homem de 83 anos sofreu hoje ferimentos graves ap\u00f3s despistar-se de trator num terreno agr\u00edcola de dif\u00edcil acesso situado na freguesia de Barbeita, em Mon\u00e7\u00e3o.\",\"breadcrumb\":{\"@id\":\"https:\\\/\\\/www.altominho.tv\\\/site\\\/2022\\\/12\\\/06\\\/homem-de-83-anos-em-estado-grave-apos-despiste-de-trator\\\/#breadcrumb\"},\"inLanguage\":\"pt-PT\",\"potentialAction\":[{\"@type\":\"ReadAction\",\"target\":[\"https:\\\/\\\/www.altominho.tv\\\/site\\\/2022\\\/12\\\/06\\\/homem-de-83-anos-em-estado-grave-apos-despiste-de-trator\\\/\"]}]},{\"@type\":\"ImageObject\",\"inLanguage\":\"pt-PT\",\"@id\":\"https:\\\/\\\/www.altominho.tv\\\/site\\\/2022\\\/12\\\/06\\\/homem-de-83-anos-em-estado-grave-apos-despiste-de-trator\\\/#primaryimage\",\"url\":\"https:\\\/\\\/www.altominho.tv\\\/site\\\/wp-content\\\/uploads\\\/2022\\\/12\\\/ATV-1.jpg\",\"contentUrl\":\"https:\\\/\\\/www.altominho.tv\\\/site\\\/wp-content\\\/uploads\\\/2022\\\/12\\\/ATV-1.jpg\",\"width\":740,\"height\":370},{\"@type\":\"BreadcrumbList\",\"@id\":\"https:\\\/\\\/www.altominho.tv\\\/site\\\/2022\\\/12\\\/06\\\/homem-de-83-anos-em-estado-grave-apos-despiste-de-trator\\\/#breadcrumb\",\"itemListElement\":[{\"@type\":\"ListItem\",\"position\":1,\"name\":\"In\u00edcio\",\"item\":\"https:\\\/\\\/www.altominho.tv\\\/site\\\/\"},{\"@type\":\"ListItem\",\"position\":2,\"name\":\"Homem de 83 anos em estado grave ap\u00f3s despiste de trator\"}]},{\"@type\":\"WebSite\",\"@id\":\"https:\\\/\\\/www.altominho.tv\\\/site\\\/#website\",\"url\":\"https:\\\/\\\/www.altominho.tv\\\/site\\\/\",\"name\":\"Altominho.tv\",\"description\":\"A sua regi\u00e3o \u00e0 dist\u00e2ncia de um clique...\",\"potentialAction\":[{\"@type\":\"SearchAction\",\"target\":{\"@type\":\"EntryPoint\",\"urlTemplate\":\"https:\\\/\\\/www.altominho.tv\\\/site\\\/?s={search_term_string}\"},\"query-input\":{\"@type\":\"PropertyValueSpecification\",\"valueRequired\":true,\"valueName\":\"search_term_string\"}}],\"inLanguage\":\"pt-PT\"},{\"@type\":\"Person\",\"@id\":\"https:\\\/\\\/www.altominho.tv\\\/site\\\/#\\\/schema\\\/person\\\/c5570e5afb933b8d08c43373326ef1b1\",\"name\":\"Cesar Lopes\",\"image\":{\"@type\":\"ImageObject\",\"inLanguage\":\"pt-PT\",\"@id\":\"https:\\\/\\\/www.altominho.tv\\\/site\\\/wp-content\\\/uploads\\\/2022\\\/10\\\/Sem-Titulo-150x150.jpg\",\"url\":\"https:\\\/\\\/www.altominho.tv\\\/site\\\/wp-content\\\/uploads\\\/2022\\\/10\\\/Sem-Titulo-150x150.jpg\",\"contentUrl\":\"https:\\\/\\\/www.altominho.tv\\\/site\\\/wp-content\\\/uploads\\\/2022\\\/10\\\/Sem-Titulo-150x150.jpg\",\"caption\":\"Cesar Lopes\"},\"url\":\"https:\\\/\\\/www.altominho.tv\\\/site\\\/author\\\/cesarlopes\\\/\"}]}<\/script>\n<!-- \/ Yoast SEO Premium plugin. -->","yoast_head_json":{"title":"Homem de 83 anos em estado grave ap\u00f3s despiste de trator","description":"Um homem de 83 anos sofreu hoje ferimentos graves ap\u00f3s despistar-se de trator num terreno agr\u00edcola de dif\u00edcil acesso situado na freguesia de Barbeita, em Mon\u00e7\u00e3o.","robots":{"index":"index","follow":"follow","max-snippet":"max-snippet:-1","max-image-preview":"max-image-preview:large","max-video-preview":"max-video-preview:-1"},"canonical":"https:\/\/www.altominho.tv\/site\/2022\/12\/06\/homem-de-83-anos-em-estado-grave-apos-despiste-de-trator\/","og_locale":"pt_PT","og_type":"article","og_title":"Homem de 83 anos em estado grave ap\u00f3s despiste de trator","og_description":"Um homem de 83 anos sofreu hoje ferimentos graves ap\u00f3s despistar-se de trator num terreno agr\u00edcola de dif\u00edcil acesso situado na freguesia de Barbeita, em Mon\u00e7\u00e3o.","og_url":"https:\/\/www.altominho.tv\/site\/2022\/12\/06\/homem-de-83-anos-em-estado-grave-apos-despiste-de-trator\/","og_site_name":"Altominho.tv","article_publisher":"https:\/\/www.facebook.com\/altominhotv","article_published_time":"2022-12-06T16:54:47+00:00","article_modified_time":"2022-12-06T21:14:48+00:00","og_image":[{"width":740,"height":370,"url":"https:\/\/www.altominho.tv\/site\/wp-content\/uploads\/2022\/12\/ATV-1.jpg","type":"image\/jpeg"}],"author":"Cesar Lopes","twitter_card":"summary_large_image","twitter_creator":"@altominhoTV","twitter_site":"@altominhoTV","twitter_misc":{"Escrito por":"Cesar Lopes","Tempo estimado de leitura":"1 minuto"},"schema":{"@context":"https:\/\/schema.org","@graph":[{"@type":"Article","@id":"https:\/\/www.altominho.tv\/site\/2022\/12\/06\/homem-de-83-anos-em-estado-grave-apos-despiste-de-trator\/#article","isPartOf":{"@id":"https:\/\/www.altominho.tv\/site\/2022\/12\/06\/homem-de-83-anos-em-estado-grave-apos-despiste-de-trator\/"},"author":{"name":"Cesar Lopes","@id":"https:\/\/www.altominho.tv\/site\/#\/schema\/person\/c5570e5afb933b8d08c43373326ef1b1"},"headline":"Homem de 83 anos em estado grave ap\u00f3s despiste de trator","datePublished":"2022-12-06T16:54:47+00:00","dateModified":"2022-12-06T21:14:48+00:00","mainEntityOfPage":{"@id":"https:\/\/www.altominho.tv\/site\/2022\/12\/06\/homem-de-83-anos-em-estado-grave-apos-despiste-de-trator\/"},"wordCount":98,"image":{"@id":"https:\/\/www.altominho.tv\/site\/2022\/12\/06\/homem-de-83-anos-em-estado-grave-apos-despiste-de-trator\/#primaryimage"},"thumbnailUrl":"https:\/\/www.altominho.tv\/site\/wp-content\/uploads\/2022\/12\/ATV-1.jpg","keywords":["Sociedade"],"articleSection":["Mon\u00e7\u00e3o"],"inLanguage":"pt-PT","copyrightYear":"2022","copyrightHolder":{"@id":"https:\/\/www.altominho.tv\/site\/#organization"}},{"@type":"WebPage","@id":"https:\/\/www.altominho.tv\/site\/2022\/12\/06\/homem-de-83-anos-em-estado-grave-apos-despiste-de-trator\/","url":"https:\/\/www.altominho.tv\/site\/2022\/12\/06\/homem-de-83-anos-em-estado-grave-apos-despiste-de-trator\/","name":"Homem de 83 anos em estado grave ap\u00f3s despiste de trator","isPartOf":{"@id":"https:\/\/www.altominho.tv\/site\/#website"},"primaryImageOfPage":{"@id":"https:\/\/www.altominho.tv\/site\/2022\/12\/06\/homem-de-83-anos-em-estado-grave-apos-despiste-de-trator\/#primaryimage"},"image":{"@id":"https:\/\/www.altominho.tv\/site\/2022\/12\/06\/homem-de-83-anos-em-estado-grave-apos-despiste-de-trator\/#primaryimage"},"thumbnailUrl":"https:\/\/www.altominho.tv\/site\/wp-content\/uploads\/2022\/12\/ATV-1.jpg","datePublished":"2022-12-06T16:54:47+00:00","dateModified":"2022-12-06T21:14:48+00:00","author":{"@id":"https:\/\/www.altominho.tv\/site\/#\/schema\/person\/c5570e5afb933b8d08c43373326ef1b1"},"description":"Um homem de 83 anos sofreu hoje ferimentos graves ap\u00f3s despistar-se de trator num terreno agr\u00edcola de dif\u00edcil acesso situado na freguesia de Barbeita, em Mon\u00e7\u00e3o.","breadcrumb":{"@id":"https:\/\/www.altominho.tv\/site\/2022\/12\/06\/homem-de-83-anos-em-estado-grave-apos-despiste-de-trator\/#breadcrumb"},"inLanguage":"pt-PT","potentialAction":[{"@type":"ReadAction","target":["https:\/\/www.altominho.tv\/site\/2022\/12\/06\/homem-de-83-anos-em-estado-grave-apos-despiste-de-trator\/"]}]},{"@type":"ImageObject","inLanguage":"pt-PT","@id":"https:\/\/www.altominho.tv\/site\/2022\/12\/06\/homem-de-83-anos-em-estado-grave-apos-despiste-de-trator\/#primaryimage","url":"https:\/\/www.altominho.tv\/site\/wp-content\/uploads\/2022\/12\/ATV-1.jpg","contentUrl":"https:\/\/www.altominho.tv\/site\/wp-content\/uploads\/2022\/12\/ATV-1.jpg","width":740,"height":370},{"@type":"BreadcrumbList","@id":"https:\/\/www.altominho.tv\/site\/2022\/12\/06\/homem-de-83-anos-em-estado-grave-apos-despiste-de-trator\/#breadcrumb","itemListElement":[{"@type":"ListItem","position":1,"name":"In\u00edcio","item":"https:\/\/www.altominho.tv\/site\/"},{"@type":"ListItem","position":2,"name":"Homem de 83 anos em estado grave ap\u00f3s despiste de trator"}]},{"@type":"WebSite","@id":"https:\/\/www.altominho.tv\/site\/#website","url":"https:\/\/www.altominho.tv\/site\/","name":"Altominho.tv","description":"A sua regi\u00e3o \u00e0 dist\u00e2ncia de um clique...","potentialAction":[{"@type":"SearchAction","target":{"@type":"EntryPoint","urlTemplate":"https:\/\/www.altominho.tv\/site\/?s={search_term_string}"},"query-input":{"@type":"PropertyValueSpecification","valueRequired":true,"valueName":"search_term_string"}}],"inLanguage":"pt-PT"},{"@type":"Person","@id":"https:\/\/www.altominho.tv\/site\/#\/schema\/person\/c5570e5afb933b8d08c43373326ef1b1","name":"Cesar Lopes","image":{"@type":"ImageObject","inLanguage":"pt-PT","@id":"https:\/\/www.altominho.tv\/site\/wp-content\/uploads\/2022\/10\/Sem-Titulo-150x150.jpg","url":"https:\/\/www.altominho.tv\/site\/wp-content\/uploads\/2022\/10\/Sem-Titulo-150x150.jpg","contentUrl":"https:\/\/www.altominho.tv\/site\/wp-content\/uploads\/2022\/10\/Sem-Titulo-150x150.jpg","caption":"Cesar Lopes"},"url":"https:\/\/www.altominho.tv\/site\/author\/cesarlopes\/"}]}},"_links":{"self":[{"href":"https:\/\/www.altominho.tv\/site\/wp-json\/wp\/v2\/posts\/86211","targetHints":{"allow":["GET"]}}],"collection":[{"href":"https:\/\/www.altominho.tv\/site\/wp-json\/wp\/v2\/posts"}],"about":[{"href":"https:\/\/www.altominho.tv\/site\/wp-json\/wp\/v2\/types\/post"}],"author":[{"embeddable":true,"href":"https:\/\/www.altominho.tv\/site\/wp-json\/wp\/v2\/users\/24"}],"replies":[{"embeddable":true,"href":"https:\/\/www.altominho.tv\/site\/wp-json\/wp\/v2\/comments?post=86211"}],"version-history":[{"count":4,"href":"https:\/\/www.altominho.tv\/site\/wp-json\/wp\/v2\/posts\/86211\/revisions"}],"predecessor-version":[{"id":86224,"href":"https:\/\/www.altominho.tv\/site\/wp-json\/wp\/v2\/posts\/86211\/revisions\/86224"}],"wp:featuredmedia":[{"embeddable":true,"href":"https:\/\/www.altominho.tv\/site\/wp-json\/wp\/v2\/media\/86213"}],"wp:attachment":[{"href":"https:\/\/www.altominho.tv\/site\/wp-json\/wp\/v2\/media?parent=86211"}],"wp:term":[{"taxonomy":"category","embeddable":true,"href":"https:\/\/www.altominho.tv\/site\/wp-json\/wp\/v2\/categories?post=86211"},{"taxonomy":"post_tag","embeddable":true,"href":"https:\/\/www.altominho.tv\/site\/wp-json\/wp\/v2\/tags?post=86211"}],"curies":[{"name":"wp","href":"https:\/\/api.w.org\/{rel}","templated":true}]}}