{"id":86182,"date":"2022-12-05T20:00:00","date_gmt":"2022-12-05T20:00:00","guid":{"rendered":"https:\/\/www.altominho.tv\/site\/?p=86182"},"modified":"2022-12-06T14:19:57","modified_gmt":"2022-12-06T14:19:57","slug":"mais-de-mil-alunos-e-utentes-da-appacdm-de-moncao-criam-corrente-de-seixos-pintados","status":"publish","type":"post","link":"https:\/\/www.altominho.tv\/site\/2022\/12\/05\/mais-de-mil-alunos-e-utentes-da-appacdm-de-moncao-criam-corrente-de-seixos-pintados\/","title":{"rendered":"Mais de mil alunos e utentes da APPACDM de Mon\u00e7\u00e3o criam corrente de seixos pintados"},"content":{"rendered":"\n<figure class=\"wp-block-embed is-type-video is-provider-youtube wp-block-embed-youtube wp-embed-aspect-16-9 wp-has-aspect-ratio\"><div class=\"wp-block-embed__wrapper\">\n<iframe loading=\"lazy\" title=\"Mais de mil alunos e utentes da APPACDM de Mon\u00e7\u00e3o criam corrente de seixos pintados | Altominho TV\" width=\"770\" height=\"433\" src=\"https:\/\/www.youtube.com\/embed\/TAiXigN-pOw?feature=oembed\" frameborder=\"0\" allow=\"accelerometer; autoplay; clipboard-write; encrypted-media; gyroscope; picture-in-picture\" allowfullscreen><\/iframe>\n<\/div><\/figure>\n\n\n<p>O Dia Internacional das Pessoas com Defici\u00eancia foi assinalado em Mon\u00e7\u00e3o com a iniciativa \u201cTodos iguais na diferen\u00e7a\u201d. Mais de mil estudantes e utentes da delega\u00e7\u00e3o de Mon\u00e7\u00e3o da Associa\u00e7\u00e3o Portuguesa de Pais e Amigos do Cidad\u00e3o Deficiente Mental pintaram seixos que formaram uma corrente, criada no Revelim dos N\u00e9ris, no centro hist\u00f3rico da vila.<\/p>\n<p>A iniciativa promovida pela APPACDM contou com a participa\u00e7\u00e3o do Agrupamento de Escolas de Mon\u00e7\u00e3o, do Col\u00e9gio do Minho, da EPRAMI e do munic\u00edpio de Mon\u00e7\u00e3o.<\/p>","protected":false},"excerpt":{"rendered":"<p>O Dia Internacional das Pessoas com Defici\u00eancia foi assinalado em Mon\u00e7\u00e3o com a iniciativa \u201cTodos iguais na diferen\u00e7a\u201d. Mais de mil estudantes e utentes da delega\u00e7\u00e3o de Mon\u00e7\u00e3o da Associa\u00e7\u00e3o Portuguesa de Pais e Amigos do Cidad\u00e3o Deficiente Mental pintaram seixos que formaram uma corrente, criada no Revelim dos N\u00e9ris, no centro hist\u00f3rico da vila. [&hellip;]<\/p>\n","protected":false},"author":8,"featured_media":86183,"comment_status":"closed","ping_status":"closed","sticky":false,"template":"","format":"video","meta":{"_exactmetrics_skip_tracking":false,"_exactmetrics_sitenote_active":false,"_exactmetrics_sitenote_note":"","_exactmetrics_sitenote_category":0,"footnotes":""},"categories":[9],"tags":[22,27],"class_list":["post-86182","post","type-post","status-publish","format-video","has-post-thumbnail","hentry","category-moncao","tag-educacao","tag-sociedade","post_format-post-format-video"],"yoast_head":"<!-- This site is optimized with the Yoast SEO Premium plugin v27.4 (Yoast SEO v27.4) - https:\/\/yoast.com\/product\/yoast-seo-premium-wordpress\/ -->\n<title>Mais de mil alunos e utentes da APPACDM de Mon\u00e7\u00e3o criam corrente de seixos pintados<\/title>\n<meta name=\"description\" content=\"A iniciativa promovida pela APPACDM contou com a participa\u00e7\u00e3o do Agrupamento de Escolas de Mon\u00e7\u00e3o, do Col\u00e9gio do Minho, da EPRAMI e do munic\u00edpio de Mon\u00e7\u00e3o.\" \/>\n<meta name=\"robots\" content=\"index, follow, max-snippet:-1, max-image-preview:large, max-video-preview:-1\" \/>\n<link rel=\"canonical\" href=\"https:\/\/www.altominho.tv\/site\/2022\/12\/05\/mais-de-mil-alunos-e-utentes-da-appacdm-de-moncao-criam-corrente-de-seixos-pintados\/\" \/>\n<meta property=\"og:locale\" content=\"pt_PT\" \/>\n<meta property=\"og:type\" content=\"article\" \/>\n<meta property=\"og:title\" content=\"Mais de mil alunos e utentes da APPACDM de Mon\u00e7\u00e3o criam corrente de seixos pintados\" \/>\n<meta property=\"og:description\" content=\"A iniciativa promovida pela APPACDM contou com a participa\u00e7\u00e3o do Agrupamento de Escolas de Mon\u00e7\u00e3o, do Col\u00e9gio do Minho, da EPRAMI e do munic\u00edpio de Mon\u00e7\u00e3o.\" \/>\n<meta property=\"og:url\" content=\"https:\/\/www.altominho.tv\/site\/2022\/12\/05\/mais-de-mil-alunos-e-utentes-da-appacdm-de-moncao-criam-corrente-de-seixos-pintados\/\" \/>\n<meta property=\"og:site_name\" content=\"Altominho.tv\" \/>\n<meta property=\"article:publisher\" content=\"https:\/\/www.facebook.com\/altominhotv\" \/>\n<meta property=\"article:published_time\" content=\"2022-12-05T20:00:00+00:00\" \/>\n<meta property=\"article:modified_time\" content=\"2022-12-06T14:19:57+00:00\" \/>\n<meta property=\"og:image\" content=\"https:\/\/www.altominho.tv\/site\/wp-content\/uploads\/2022\/12\/Seixos-APPACDM.jpg\" \/>\n\t<meta property=\"og:image:width\" content=\"1920\" \/>\n\t<meta property=\"og:image:height\" content=\"1080\" \/>\n\t<meta property=\"og:image:type\" content=\"image\/jpeg\" \/>\n<meta name=\"author\" content=\"Alexandre Ferreira\" \/>\n<meta name=\"twitter:card\" content=\"summary_large_image\" \/>\n<meta name=\"twitter:creator\" content=\"@altominhoTV\" \/>\n<meta name=\"twitter:site\" content=\"@altominhoTV\" \/>\n<meta name=\"twitter:label1\" content=\"Escrito por\" \/>\n\t<meta name=\"twitter:data1\" content=\"Alexandre Ferreira\" \/>\n\t<meta name=\"twitter:label2\" content=\"Tempo estimado de leitura\" \/>\n\t<meta name=\"twitter:data2\" content=\"1 minuto\" \/>\n<script type=\"application\/ld+json\" class=\"yoast-schema-graph\">{\"@context\":\"https:\\\/\\\/schema.org\",\"@graph\":[{\"@type\":\"Article\",\"@id\":\"https:\\\/\\\/www.altominho.tv\\\/site\\\/2022\\\/12\\\/05\\\/mais-de-mil-alunos-e-utentes-da-appacdm-de-moncao-criam-corrente-de-seixos-pintados\\\/#article\",\"isPartOf\":{\"@id\":\"https:\\\/\\\/www.altominho.tv\\\/site\\\/2022\\\/12\\\/05\\\/mais-de-mil-alunos-e-utentes-da-appacdm-de-moncao-criam-corrente-de-seixos-pintados\\\/\"},\"author\":{\"name\":\"Alexandre Ferreira\",\"@id\":\"https:\\\/\\\/www.altominho.tv\\\/site\\\/#\\\/schema\\\/person\\\/56c462a0f6591602f4e9fb3fa6ea49bd\"},\"headline\":\"Mais de mil alunos e utentes da APPACDM de Mon\u00e7\u00e3o criam corrente de seixos pintados\",\"datePublished\":\"2022-12-05T20:00:00+00:00\",\"dateModified\":\"2022-12-06T14:19:57+00:00\",\"mainEntityOfPage\":{\"@id\":\"https:\\\/\\\/www.altominho.tv\\\/site\\\/2022\\\/12\\\/05\\\/mais-de-mil-alunos-e-utentes-da-appacdm-de-moncao-criam-corrente-de-seixos-pintados\\\/\"},\"wordCount\":115,\"image\":{\"@id\":\"https:\\\/\\\/www.altominho.tv\\\/site\\\/2022\\\/12\\\/05\\\/mais-de-mil-alunos-e-utentes-da-appacdm-de-moncao-criam-corrente-de-seixos-pintados\\\/#primaryimage\"},\"thumbnailUrl\":\"https:\\\/\\\/www.altominho.tv\\\/site\\\/wp-content\\\/uploads\\\/2022\\\/12\\\/Seixos-APPACDM.jpg\",\"keywords\":[\"Educa\u00e7\u00e3o\",\"Sociedade\"],\"articleSection\":[\"Mon\u00e7\u00e3o\"],\"inLanguage\":\"pt-PT\",\"copyrightYear\":\"2022\",\"copyrightHolder\":{\"@id\":\"https:\\\/\\\/www.altominho.tv\\\/site\\\/#organization\"}},{\"@type\":\"WebPage\",\"@id\":\"https:\\\/\\\/www.altominho.tv\\\/site\\\/2022\\\/12\\\/05\\\/mais-de-mil-alunos-e-utentes-da-appacdm-de-moncao-criam-corrente-de-seixos-pintados\\\/\",\"url\":\"https:\\\/\\\/www.altominho.tv\\\/site\\\/2022\\\/12\\\/05\\\/mais-de-mil-alunos-e-utentes-da-appacdm-de-moncao-criam-corrente-de-seixos-pintados\\\/\",\"name\":\"Mais de mil alunos e utentes da APPACDM de Mon\u00e7\u00e3o criam corrente de seixos pintados\",\"isPartOf\":{\"@id\":\"https:\\\/\\\/www.altominho.tv\\\/site\\\/#website\"},\"primaryImageOfPage\":{\"@id\":\"https:\\\/\\\/www.altominho.tv\\\/site\\\/2022\\\/12\\\/05\\\/mais-de-mil-alunos-e-utentes-da-appacdm-de-moncao-criam-corrente-de-seixos-pintados\\\/#primaryimage\"},\"image\":{\"@id\":\"https:\\\/\\\/www.altominho.tv\\\/site\\\/2022\\\/12\\\/05\\\/mais-de-mil-alunos-e-utentes-da-appacdm-de-moncao-criam-corrente-de-seixos-pintados\\\/#primaryimage\"},\"thumbnailUrl\":\"https:\\\/\\\/www.altominho.tv\\\/site\\\/wp-content\\\/uploads\\\/2022\\\/12\\\/Seixos-APPACDM.jpg\",\"datePublished\":\"2022-12-05T20:00:00+00:00\",\"dateModified\":\"2022-12-06T14:19:57+00:00\",\"author\":{\"@id\":\"https:\\\/\\\/www.altominho.tv\\\/site\\\/#\\\/schema\\\/person\\\/56c462a0f6591602f4e9fb3fa6ea49bd\"},\"description\":\"A iniciativa promovida pela APPACDM contou com a participa\u00e7\u00e3o do Agrupamento de Escolas de Mon\u00e7\u00e3o, do Col\u00e9gio do Minho, da EPRAMI e do munic\u00edpio de Mon\u00e7\u00e3o.\",\"breadcrumb\":{\"@id\":\"https:\\\/\\\/www.altominho.tv\\\/site\\\/2022\\\/12\\\/05\\\/mais-de-mil-alunos-e-utentes-da-appacdm-de-moncao-criam-corrente-de-seixos-pintados\\\/#breadcrumb\"},\"inLanguage\":\"pt-PT\",\"potentialAction\":[{\"@type\":\"ReadAction\",\"target\":[\"https:\\\/\\\/www.altominho.tv\\\/site\\\/2022\\\/12\\\/05\\\/mais-de-mil-alunos-e-utentes-da-appacdm-de-moncao-criam-corrente-de-seixos-pintados\\\/\"]}]},{\"@type\":\"ImageObject\",\"inLanguage\":\"pt-PT\",\"@id\":\"https:\\\/\\\/www.altominho.tv\\\/site\\\/2022\\\/12\\\/05\\\/mais-de-mil-alunos-e-utentes-da-appacdm-de-moncao-criam-corrente-de-seixos-pintados\\\/#primaryimage\",\"url\":\"https:\\\/\\\/www.altominho.tv\\\/site\\\/wp-content\\\/uploads\\\/2022\\\/12\\\/Seixos-APPACDM.jpg\",\"contentUrl\":\"https:\\\/\\\/www.altominho.tv\\\/site\\\/wp-content\\\/uploads\\\/2022\\\/12\\\/Seixos-APPACDM.jpg\",\"width\":1920,\"height\":1080},{\"@type\":\"BreadcrumbList\",\"@id\":\"https:\\\/\\\/www.altominho.tv\\\/site\\\/2022\\\/12\\\/05\\\/mais-de-mil-alunos-e-utentes-da-appacdm-de-moncao-criam-corrente-de-seixos-pintados\\\/#breadcrumb\",\"itemListElement\":[{\"@type\":\"ListItem\",\"position\":1,\"name\":\"In\u00edcio\",\"item\":\"https:\\\/\\\/www.altominho.tv\\\/site\\\/\"},{\"@type\":\"ListItem\",\"position\":2,\"name\":\"Mais de mil alunos e utentes da APPACDM de Mon\u00e7\u00e3o criam corrente de seixos pintados\"}]},{\"@type\":\"WebSite\",\"@id\":\"https:\\\/\\\/www.altominho.tv\\\/site\\\/#website\",\"url\":\"https:\\\/\\\/www.altominho.tv\\\/site\\\/\",\"name\":\"Altominho.tv\",\"description\":\"A sua regi\u00e3o \u00e0 dist\u00e2ncia de um clique...\",\"potentialAction\":[{\"@type\":\"SearchAction\",\"target\":{\"@type\":\"EntryPoint\",\"urlTemplate\":\"https:\\\/\\\/www.altominho.tv\\\/site\\\/?s={search_term_string}\"},\"query-input\":{\"@type\":\"PropertyValueSpecification\",\"valueRequired\":true,\"valueName\":\"search_term_string\"}}],\"inLanguage\":\"pt-PT\"},{\"@type\":\"Person\",\"@id\":\"https:\\\/\\\/www.altominho.tv\\\/site\\\/#\\\/schema\\\/person\\\/56c462a0f6591602f4e9fb3fa6ea49bd\",\"name\":\"Alexandre Ferreira\",\"image\":{\"@type\":\"ImageObject\",\"inLanguage\":\"pt-PT\",\"@id\":\"https:\\\/\\\/www.altominho.tv\\\/site\\\/wp-content\\\/uploads\\\/2017\\\/11\\\/Alexandre-150x150.jpg\",\"url\":\"https:\\\/\\\/www.altominho.tv\\\/site\\\/wp-content\\\/uploads\\\/2017\\\/11\\\/Alexandre-150x150.jpg\",\"contentUrl\":\"https:\\\/\\\/www.altominho.tv\\\/site\\\/wp-content\\\/uploads\\\/2017\\\/11\\\/Alexandre-150x150.jpg\",\"caption\":\"Alexandre Ferreira\"},\"url\":\"https:\\\/\\\/www.altominho.tv\\\/site\\\/author\\\/alexandreferreira\\\/\"}]}<\/script>\n<meta property=\"og:video\" content=\"https:\/\/www.youtube.com\/embed\/TAiXigN-pOw\" \/>\n<meta property=\"og:video:type\" content=\"text\/html\" \/>\n<meta property=\"og:video:duration\" content=\"184\" \/>\n<meta property=\"og:video:width\" content=\"480\" \/>\n<meta property=\"og:video:height\" content=\"270\" \/>\n<meta property=\"ya:ovs:adult\" content=\"false\" \/>\n<meta property=\"ya:ovs:upload_date\" content=\"2022-12-05T20:00:00+00:00\" \/>\n<meta property=\"ya:ovs:allow_embed\" content=\"true\" \/>\n<!-- \/ Yoast SEO Premium plugin. -->","yoast_head_json":{"title":"Mais de mil alunos e utentes da APPACDM de Mon\u00e7\u00e3o criam corrente de seixos pintados","description":"A iniciativa promovida pela APPACDM contou com a participa\u00e7\u00e3o do Agrupamento de Escolas de Mon\u00e7\u00e3o, do Col\u00e9gio do Minho, da EPRAMI e do munic\u00edpio de Mon\u00e7\u00e3o.","robots":{"index":"index","follow":"follow","max-snippet":"max-snippet:-1","max-image-preview":"max-image-preview:large","max-video-preview":"max-video-preview:-1"},"canonical":"https:\/\/www.altominho.tv\/site\/2022\/12\/05\/mais-de-mil-alunos-e-utentes-da-appacdm-de-moncao-criam-corrente-de-seixos-pintados\/","og_locale":"pt_PT","og_type":"article","og_title":"Mais de mil alunos e utentes da APPACDM de Mon\u00e7\u00e3o criam corrente de seixos pintados","og_description":"A iniciativa promovida pela APPACDM contou com a participa\u00e7\u00e3o do Agrupamento de Escolas de Mon\u00e7\u00e3o, do Col\u00e9gio do Minho, da EPRAMI e do munic\u00edpio de Mon\u00e7\u00e3o.","og_url":"https:\/\/www.altominho.tv\/site\/2022\/12\/05\/mais-de-mil-alunos-e-utentes-da-appacdm-de-moncao-criam-corrente-de-seixos-pintados\/","og_site_name":"Altominho.tv","article_publisher":"https:\/\/www.facebook.com\/altominhotv","article_published_time":"2022-12-05T20:00:00+00:00","article_modified_time":"2022-12-06T14:19:57+00:00","og_image":[{"width":1920,"height":1080,"url":"https:\/\/www.altominho.tv\/site\/wp-content\/uploads\/2022\/12\/Seixos-APPACDM.jpg","type":"image\/jpeg"}],"author":"Alexandre Ferreira","twitter_card":"summary_large_image","twitter_creator":"@altominhoTV","twitter_site":"@altominhoTV","twitter_misc":{"Escrito por":"Alexandre Ferreira","Tempo estimado de leitura":"1 minuto"},"schema":{"@context":"https:\/\/schema.org","@graph":[{"@type":"Article","@id":"https:\/\/www.altominho.tv\/site\/2022\/12\/05\/mais-de-mil-alunos-e-utentes-da-appacdm-de-moncao-criam-corrente-de-seixos-pintados\/#article","isPartOf":{"@id":"https:\/\/www.altominho.tv\/site\/2022\/12\/05\/mais-de-mil-alunos-e-utentes-da-appacdm-de-moncao-criam-corrente-de-seixos-pintados\/"},"author":{"name":"Alexandre Ferreira","@id":"https:\/\/www.altominho.tv\/site\/#\/schema\/person\/56c462a0f6591602f4e9fb3fa6ea49bd"},"headline":"Mais de mil alunos e utentes da APPACDM de Mon\u00e7\u00e3o criam corrente de seixos pintados","datePublished":"2022-12-05T20:00:00+00:00","dateModified":"2022-12-06T14:19:57+00:00","mainEntityOfPage":{"@id":"https:\/\/www.altominho.tv\/site\/2022\/12\/05\/mais-de-mil-alunos-e-utentes-da-appacdm-de-moncao-criam-corrente-de-seixos-pintados\/"},"wordCount":115,"image":{"@id":"https:\/\/www.altominho.tv\/site\/2022\/12\/05\/mais-de-mil-alunos-e-utentes-da-appacdm-de-moncao-criam-corrente-de-seixos-pintados\/#primaryimage"},"thumbnailUrl":"https:\/\/www.altominho.tv\/site\/wp-content\/uploads\/2022\/12\/Seixos-APPACDM.jpg","keywords":["Educa\u00e7\u00e3o","Sociedade"],"articleSection":["Mon\u00e7\u00e3o"],"inLanguage":"pt-PT","copyrightYear":"2022","copyrightHolder":{"@id":"https:\/\/www.altominho.tv\/site\/#organization"}},{"@type":"WebPage","@id":"https:\/\/www.altominho.tv\/site\/2022\/12\/05\/mais-de-mil-alunos-e-utentes-da-appacdm-de-moncao-criam-corrente-de-seixos-pintados\/","url":"https:\/\/www.altominho.tv\/site\/2022\/12\/05\/mais-de-mil-alunos-e-utentes-da-appacdm-de-moncao-criam-corrente-de-seixos-pintados\/","name":"Mais de mil alunos e utentes da APPACDM de Mon\u00e7\u00e3o criam corrente de seixos pintados","isPartOf":{"@id":"https:\/\/www.altominho.tv\/site\/#website"},"primaryImageOfPage":{"@id":"https:\/\/www.altominho.tv\/site\/2022\/12\/05\/mais-de-mil-alunos-e-utentes-da-appacdm-de-moncao-criam-corrente-de-seixos-pintados\/#primaryimage"},"image":{"@id":"https:\/\/www.altominho.tv\/site\/2022\/12\/05\/mais-de-mil-alunos-e-utentes-da-appacdm-de-moncao-criam-corrente-de-seixos-pintados\/#primaryimage"},"thumbnailUrl":"https:\/\/www.altominho.tv\/site\/wp-content\/uploads\/2022\/12\/Seixos-APPACDM.jpg","datePublished":"2022-12-05T20:00:00+00:00","dateModified":"2022-12-06T14:19:57+00:00","author":{"@id":"https:\/\/www.altominho.tv\/site\/#\/schema\/person\/56c462a0f6591602f4e9fb3fa6ea49bd"},"description":"A iniciativa promovida pela APPACDM contou com a participa\u00e7\u00e3o do Agrupamento de Escolas de Mon\u00e7\u00e3o, do Col\u00e9gio do Minho, da EPRAMI e do munic\u00edpio de Mon\u00e7\u00e3o.","breadcrumb":{"@id":"https:\/\/www.altominho.tv\/site\/2022\/12\/05\/mais-de-mil-alunos-e-utentes-da-appacdm-de-moncao-criam-corrente-de-seixos-pintados\/#breadcrumb"},"inLanguage":"pt-PT","potentialAction":[{"@type":"ReadAction","target":["https:\/\/www.altominho.tv\/site\/2022\/12\/05\/mais-de-mil-alunos-e-utentes-da-appacdm-de-moncao-criam-corrente-de-seixos-pintados\/"]}]},{"@type":"ImageObject","inLanguage":"pt-PT","@id":"https:\/\/www.altominho.tv\/site\/2022\/12\/05\/mais-de-mil-alunos-e-utentes-da-appacdm-de-moncao-criam-corrente-de-seixos-pintados\/#primaryimage","url":"https:\/\/www.altominho.tv\/site\/wp-content\/uploads\/2022\/12\/Seixos-APPACDM.jpg","contentUrl":"https:\/\/www.altominho.tv\/site\/wp-content\/uploads\/2022\/12\/Seixos-APPACDM.jpg","width":1920,"height":1080},{"@type":"BreadcrumbList","@id":"https:\/\/www.altominho.tv\/site\/2022\/12\/05\/mais-de-mil-alunos-e-utentes-da-appacdm-de-moncao-criam-corrente-de-seixos-pintados\/#breadcrumb","itemListElement":[{"@type":"ListItem","position":1,"name":"In\u00edcio","item":"https:\/\/www.altominho.tv\/site\/"},{"@type":"ListItem","position":2,"name":"Mais de mil alunos e utentes da APPACDM de Mon\u00e7\u00e3o criam corrente de seixos pintados"}]},{"@type":"WebSite","@id":"https:\/\/www.altominho.tv\/site\/#website","url":"https:\/\/www.altominho.tv\/site\/","name":"Altominho.tv","description":"A sua regi\u00e3o \u00e0 dist\u00e2ncia de um clique...","potentialAction":[{"@type":"SearchAction","target":{"@type":"EntryPoint","urlTemplate":"https:\/\/www.altominho.tv\/site\/?s={search_term_string}"},"query-input":{"@type":"PropertyValueSpecification","valueRequired":true,"valueName":"search_term_string"}}],"inLanguage":"pt-PT"},{"@type":"Person","@id":"https:\/\/www.altominho.tv\/site\/#\/schema\/person\/56c462a0f6591602f4e9fb3fa6ea49bd","name":"Alexandre Ferreira","image":{"@type":"ImageObject","inLanguage":"pt-PT","@id":"https:\/\/www.altominho.tv\/site\/wp-content\/uploads\/2017\/11\/Alexandre-150x150.jpg","url":"https:\/\/www.altominho.tv\/site\/wp-content\/uploads\/2017\/11\/Alexandre-150x150.jpg","contentUrl":"https:\/\/www.altominho.tv\/site\/wp-content\/uploads\/2017\/11\/Alexandre-150x150.jpg","caption":"Alexandre Ferreira"},"url":"https:\/\/www.altominho.tv\/site\/author\/alexandreferreira\/"}]},"og_video":"https:\/\/www.youtube.com\/embed\/TAiXigN-pOw","og_video_type":"text\/html","og_video_duration":"184","og_video_width":"480","og_video_height":"270","ya_ovs_adult":"false","ya_ovs_upload_date":"2022-12-05T20:00:00+00:00","ya_ovs_allow_embed":"true"},"_links":{"self":[{"href":"https:\/\/www.altominho.tv\/site\/wp-json\/wp\/v2\/posts\/86182","targetHints":{"allow":["GET"]}}],"collection":[{"href":"https:\/\/www.altominho.tv\/site\/wp-json\/wp\/v2\/posts"}],"about":[{"href":"https:\/\/www.altominho.tv\/site\/wp-json\/wp\/v2\/types\/post"}],"author":[{"embeddable":true,"href":"https:\/\/www.altominho.tv\/site\/wp-json\/wp\/v2\/users\/8"}],"replies":[{"embeddable":true,"href":"https:\/\/www.altominho.tv\/site\/wp-json\/wp\/v2\/comments?post=86182"}],"version-history":[{"count":3,"href":"https:\/\/www.altominho.tv\/site\/wp-json\/wp\/v2\/posts\/86182\/revisions"}],"predecessor-version":[{"id":86203,"href":"https:\/\/www.altominho.tv\/site\/wp-json\/wp\/v2\/posts\/86182\/revisions\/86203"}],"wp:featuredmedia":[{"embeddable":true,"href":"https:\/\/www.altominho.tv\/site\/wp-json\/wp\/v2\/media\/86183"}],"wp:attachment":[{"href":"https:\/\/www.altominho.tv\/site\/wp-json\/wp\/v2\/media?parent=86182"}],"wp:term":[{"taxonomy":"category","embeddable":true,"href":"https:\/\/www.altominho.tv\/site\/wp-json\/wp\/v2\/categories?post=86182"},{"taxonomy":"post_tag","embeddable":true,"href":"https:\/\/www.altominho.tv\/site\/wp-json\/wp\/v2\/tags?post=86182"}],"curies":[{"name":"wp","href":"https:\/\/api.w.org\/{rel}","templated":true}]}}