{"id":85670,"date":"2022-11-24T08:56:52","date_gmt":"2022-11-24T08:56:52","guid":{"rendered":"https:\/\/www.altominho.tv\/site\/?p=85670"},"modified":"2022-11-24T08:57:04","modified_gmt":"2022-11-24T08:57:04","slug":"mercado-da-terra-de-sistelo-no-proximo-domingo","status":"publish","type":"post","link":"https:\/\/www.altominho.tv\/site\/2022\/11\/24\/mercado-da-terra-de-sistelo-no-proximo-domingo\/","title":{"rendered":"Mercado da Terra de Sistelo no pr\u00f3ximo domingo"},"content":{"rendered":"<p>A junta de freguesia de Sistelo vai, pelo segundo m\u00eas consecutivo, criar e<br \/>\npromover o mercado da Terra de Sistelo, uma feira dedicada ao que de<br \/>\nmelhor se produz nas Terras do Alto Vez, atrav\u00e9s de t\u00e9cnicas produtivas<br \/>\nseculares por agricultores e produtores locais.<\/p>\n<p>A segunda edi\u00e7\u00e3o do Mercado da Terra de Sistelo, est\u00e1 marcada para 27 de novembro, entre as 9h00 e as 16h00, em Sistelo.<\/p>\n<p>Esta iniciativa, na sua segunda edi\u00e7\u00e3o, ir\u00e1 contar com 8 expositores<br \/>\nlocais, todos eles, pequenos produtores das \u201cTerras do Alto Vez\u201d, com<br \/>\numa diferenciada oferta de produtos locais frescos e de sabores<br \/>\nexclusivos de elevada qualidade, desde hort\u00edcolas, broa de milho, fruta,<br \/>\nmel, queijo, ovos, carnes certificadas, entre outros.<\/p>\n<p>Um dos v\u00e1rios objetivos do \u201cMercado de Sistelo\u201d \u00e9 refor\u00e7ar a liga\u00e7\u00e3o<br \/>\ndireta entre o agricultor e o consumidor, diminuindo os canais de<br \/>\ndistribui\u00e7\u00e3o, potenciando a agricultura tradicional e valorizando os<br \/>\nprodutores da terra e os produtos genu\u00ednos de qualidade.<\/p>\n","protected":false},"excerpt":{"rendered":"<p>A junta de freguesia de Sistelo vai, pelo segundo m\u00eas consecutivo, criar e promover o mercado da Terra de Sistelo, uma feira dedicada ao que de melhor se produz nas Terras do Alto Vez, atrav\u00e9s de t\u00e9cnicas produtivas seculares por agricultores e produtores locais. A segunda edi\u00e7\u00e3o do Mercado da Terra de Sistelo, est\u00e1 marcada [&hellip;]<\/p>\n","protected":false},"author":24,"featured_media":85671,"comment_status":"closed","ping_status":"closed","sticky":false,"template":"","format":"standard","meta":{"_exactmetrics_skip_tracking":false,"_exactmetrics_sitenote_active":false,"_exactmetrics_sitenote_note":"","_exactmetrics_sitenote_category":0,"footnotes":""},"categories":[2],"tags":[27],"class_list":["post-85670","post","type-post","status-publish","format-standard","has-post-thumbnail","hentry","category-arcos-de-valdevez","tag-sociedade"],"yoast_head":"<!-- This site is optimized with the Yoast SEO Premium plugin v27.4 (Yoast SEO v27.4) - https:\/\/yoast.com\/product\/yoast-seo-premium-wordpress\/ -->\n<title>Mercado da Terra de Sistelo no pr\u00f3ximo domingo<\/title>\n<meta name=\"description\" content=\"A junta de freguesia de Sistelo vai, pelo segundo m\u00eas consecutivo, criar epromover o mercado da Terra de Sistelo, uma feira dedicada ao que demelhor se produz nas Terras do Alto Vez, atrav\u00e9s de t\u00e9cnicas produtivasseculares por agricultores e produtores locais.\" \/>\n<meta name=\"robots\" content=\"index, follow, max-snippet:-1, max-image-preview:large, max-video-preview:-1\" \/>\n<link rel=\"canonical\" href=\"https:\/\/www.altominho.tv\/site\/2022\/11\/24\/mercado-da-terra-de-sistelo-no-proximo-domingo\/\" \/>\n<meta property=\"og:locale\" content=\"pt_PT\" \/>\n<meta property=\"og:type\" content=\"article\" \/>\n<meta property=\"og:title\" content=\"Mercado da Terra de Sistelo no pr\u00f3ximo domingo\" \/>\n<meta property=\"og:description\" content=\"A junta de freguesia de Sistelo vai, pelo segundo m\u00eas consecutivo, criar epromover o mercado da Terra de Sistelo, uma feira dedicada ao que demelhor se produz nas Terras do Alto Vez, atrav\u00e9s de t\u00e9cnicas produtivasseculares por agricultores e produtores locais.\" \/>\n<meta property=\"og:url\" content=\"https:\/\/www.altominho.tv\/site\/2022\/11\/24\/mercado-da-terra-de-sistelo-no-proximo-domingo\/\" \/>\n<meta property=\"og:site_name\" content=\"Altominho.tv\" \/>\n<meta property=\"article:publisher\" content=\"https:\/\/www.facebook.com\/altominhotv\" \/>\n<meta property=\"article:published_time\" content=\"2022-11-24T08:56:52+00:00\" \/>\n<meta property=\"article:modified_time\" content=\"2022-11-24T08:57:04+00:00\" \/>\n<meta property=\"og:image\" content=\"https:\/\/www.altominho.tv\/site\/wp-content\/uploads\/2022\/11\/313416467_483970607098485_7196411937941066033_n.jpeg\" \/>\n\t<meta property=\"og:image:width\" content=\"2048\" \/>\n\t<meta property=\"og:image:height\" content=\"1293\" \/>\n\t<meta property=\"og:image:type\" content=\"image\/jpeg\" \/>\n<meta name=\"author\" content=\"Cesar Lopes\" \/>\n<meta name=\"twitter:card\" content=\"summary_large_image\" \/>\n<meta name=\"twitter:creator\" content=\"@altominhoTV\" \/>\n<meta name=\"twitter:site\" content=\"@altominhoTV\" \/>\n<meta name=\"twitter:label1\" content=\"Escrito por\" \/>\n\t<meta name=\"twitter:data1\" content=\"Cesar Lopes\" \/>\n\t<meta name=\"twitter:label2\" content=\"Tempo estimado de leitura\" \/>\n\t<meta name=\"twitter:data2\" content=\"1 minuto\" \/>\n<script type=\"application\/ld+json\" class=\"yoast-schema-graph\">{\"@context\":\"https:\\\/\\\/schema.org\",\"@graph\":[{\"@type\":\"Article\",\"@id\":\"https:\\\/\\\/www.altominho.tv\\\/site\\\/2022\\\/11\\\/24\\\/mercado-da-terra-de-sistelo-no-proximo-domingo\\\/#article\",\"isPartOf\":{\"@id\":\"https:\\\/\\\/www.altominho.tv\\\/site\\\/2022\\\/11\\\/24\\\/mercado-da-terra-de-sistelo-no-proximo-domingo\\\/\"},\"author\":{\"name\":\"Cesar Lopes\",\"@id\":\"https:\\\/\\\/www.altominho.tv\\\/site\\\/#\\\/schema\\\/person\\\/c5570e5afb933b8d08c43373326ef1b1\"},\"headline\":\"Mercado da Terra de Sistelo no pr\u00f3ximo domingo\",\"datePublished\":\"2022-11-24T08:56:52+00:00\",\"dateModified\":\"2022-11-24T08:57:04+00:00\",\"mainEntityOfPage\":{\"@id\":\"https:\\\/\\\/www.altominho.tv\\\/site\\\/2022\\\/11\\\/24\\\/mercado-da-terra-de-sistelo-no-proximo-domingo\\\/\"},\"wordCount\":173,\"image\":{\"@id\":\"https:\\\/\\\/www.altominho.tv\\\/site\\\/2022\\\/11\\\/24\\\/mercado-da-terra-de-sistelo-no-proximo-domingo\\\/#primaryimage\"},\"thumbnailUrl\":\"https:\\\/\\\/www.altominho.tv\\\/site\\\/wp-content\\\/uploads\\\/2022\\\/11\\\/313416467_483970607098485_7196411937941066033_n.jpeg\",\"keywords\":[\"Sociedade\"],\"articleSection\":[\"Arcos de Valdevez\"],\"inLanguage\":\"pt-PT\",\"copyrightYear\":\"2022\",\"copyrightHolder\":{\"@id\":\"https:\\\/\\\/www.altominho.tv\\\/site\\\/#organization\"}},{\"@type\":\"WebPage\",\"@id\":\"https:\\\/\\\/www.altominho.tv\\\/site\\\/2022\\\/11\\\/24\\\/mercado-da-terra-de-sistelo-no-proximo-domingo\\\/\",\"url\":\"https:\\\/\\\/www.altominho.tv\\\/site\\\/2022\\\/11\\\/24\\\/mercado-da-terra-de-sistelo-no-proximo-domingo\\\/\",\"name\":\"Mercado da Terra de Sistelo no pr\u00f3ximo domingo\",\"isPartOf\":{\"@id\":\"https:\\\/\\\/www.altominho.tv\\\/site\\\/#website\"},\"primaryImageOfPage\":{\"@id\":\"https:\\\/\\\/www.altominho.tv\\\/site\\\/2022\\\/11\\\/24\\\/mercado-da-terra-de-sistelo-no-proximo-domingo\\\/#primaryimage\"},\"image\":{\"@id\":\"https:\\\/\\\/www.altominho.tv\\\/site\\\/2022\\\/11\\\/24\\\/mercado-da-terra-de-sistelo-no-proximo-domingo\\\/#primaryimage\"},\"thumbnailUrl\":\"https:\\\/\\\/www.altominho.tv\\\/site\\\/wp-content\\\/uploads\\\/2022\\\/11\\\/313416467_483970607098485_7196411937941066033_n.jpeg\",\"datePublished\":\"2022-11-24T08:56:52+00:00\",\"dateModified\":\"2022-11-24T08:57:04+00:00\",\"author\":{\"@id\":\"https:\\\/\\\/www.altominho.tv\\\/site\\\/#\\\/schema\\\/person\\\/c5570e5afb933b8d08c43373326ef1b1\"},\"description\":\"A junta de freguesia de Sistelo vai, pelo segundo m\u00eas consecutivo, criar epromover o mercado da Terra de Sistelo, uma feira dedicada ao que demelhor se produz nas Terras do Alto Vez, atrav\u00e9s de t\u00e9cnicas produtivasseculares por agricultores e produtores locais.\",\"breadcrumb\":{\"@id\":\"https:\\\/\\\/www.altominho.tv\\\/site\\\/2022\\\/11\\\/24\\\/mercado-da-terra-de-sistelo-no-proximo-domingo\\\/#breadcrumb\"},\"inLanguage\":\"pt-PT\",\"potentialAction\":[{\"@type\":\"ReadAction\",\"target\":[\"https:\\\/\\\/www.altominho.tv\\\/site\\\/2022\\\/11\\\/24\\\/mercado-da-terra-de-sistelo-no-proximo-domingo\\\/\"]}]},{\"@type\":\"ImageObject\",\"inLanguage\":\"pt-PT\",\"@id\":\"https:\\\/\\\/www.altominho.tv\\\/site\\\/2022\\\/11\\\/24\\\/mercado-da-terra-de-sistelo-no-proximo-domingo\\\/#primaryimage\",\"url\":\"https:\\\/\\\/www.altominho.tv\\\/site\\\/wp-content\\\/uploads\\\/2022\\\/11\\\/313416467_483970607098485_7196411937941066033_n.jpeg\",\"contentUrl\":\"https:\\\/\\\/www.altominho.tv\\\/site\\\/wp-content\\\/uploads\\\/2022\\\/11\\\/313416467_483970607098485_7196411937941066033_n.jpeg\",\"width\":2048,\"height\":1293,\"caption\":\"J.F. Sistelo\"},{\"@type\":\"BreadcrumbList\",\"@id\":\"https:\\\/\\\/www.altominho.tv\\\/site\\\/2022\\\/11\\\/24\\\/mercado-da-terra-de-sistelo-no-proximo-domingo\\\/#breadcrumb\",\"itemListElement\":[{\"@type\":\"ListItem\",\"position\":1,\"name\":\"In\u00edcio\",\"item\":\"https:\\\/\\\/www.altominho.tv\\\/site\\\/\"},{\"@type\":\"ListItem\",\"position\":2,\"name\":\"Mercado da Terra de Sistelo no pr\u00f3ximo domingo\"}]},{\"@type\":\"WebSite\",\"@id\":\"https:\\\/\\\/www.altominho.tv\\\/site\\\/#website\",\"url\":\"https:\\\/\\\/www.altominho.tv\\\/site\\\/\",\"name\":\"Altominho.tv\",\"description\":\"A sua regi\u00e3o \u00e0 dist\u00e2ncia de um clique...\",\"potentialAction\":[{\"@type\":\"SearchAction\",\"target\":{\"@type\":\"EntryPoint\",\"urlTemplate\":\"https:\\\/\\\/www.altominho.tv\\\/site\\\/?s={search_term_string}\"},\"query-input\":{\"@type\":\"PropertyValueSpecification\",\"valueRequired\":true,\"valueName\":\"search_term_string\"}}],\"inLanguage\":\"pt-PT\"},{\"@type\":\"Person\",\"@id\":\"https:\\\/\\\/www.altominho.tv\\\/site\\\/#\\\/schema\\\/person\\\/c5570e5afb933b8d08c43373326ef1b1\",\"name\":\"Cesar Lopes\",\"image\":{\"@type\":\"ImageObject\",\"inLanguage\":\"pt-PT\",\"@id\":\"https:\\\/\\\/www.altominho.tv\\\/site\\\/wp-content\\\/uploads\\\/2022\\\/10\\\/Sem-Titulo-150x150.jpg\",\"url\":\"https:\\\/\\\/www.altominho.tv\\\/site\\\/wp-content\\\/uploads\\\/2022\\\/10\\\/Sem-Titulo-150x150.jpg\",\"contentUrl\":\"https:\\\/\\\/www.altominho.tv\\\/site\\\/wp-content\\\/uploads\\\/2022\\\/10\\\/Sem-Titulo-150x150.jpg\",\"caption\":\"Cesar Lopes\"},\"url\":\"https:\\\/\\\/www.altominho.tv\\\/site\\\/author\\\/cesarlopes\\\/\"}]}<\/script>\n<!-- \/ Yoast SEO Premium plugin. -->","yoast_head_json":{"title":"Mercado da Terra de Sistelo no pr\u00f3ximo domingo","description":"A junta de freguesia de Sistelo vai, pelo segundo m\u00eas consecutivo, criar epromover o mercado da Terra de Sistelo, uma feira dedicada ao que demelhor se produz nas Terras do Alto Vez, atrav\u00e9s de t\u00e9cnicas produtivasseculares por agricultores e produtores locais.","robots":{"index":"index","follow":"follow","max-snippet":"max-snippet:-1","max-image-preview":"max-image-preview:large","max-video-preview":"max-video-preview:-1"},"canonical":"https:\/\/www.altominho.tv\/site\/2022\/11\/24\/mercado-da-terra-de-sistelo-no-proximo-domingo\/","og_locale":"pt_PT","og_type":"article","og_title":"Mercado da Terra de Sistelo no pr\u00f3ximo domingo","og_description":"A junta de freguesia de Sistelo vai, pelo segundo m\u00eas consecutivo, criar epromover o mercado da Terra de Sistelo, uma feira dedicada ao que demelhor se produz nas Terras do Alto Vez, atrav\u00e9s de t\u00e9cnicas produtivasseculares por agricultores e produtores locais.","og_url":"https:\/\/www.altominho.tv\/site\/2022\/11\/24\/mercado-da-terra-de-sistelo-no-proximo-domingo\/","og_site_name":"Altominho.tv","article_publisher":"https:\/\/www.facebook.com\/altominhotv","article_published_time":"2022-11-24T08:56:52+00:00","article_modified_time":"2022-11-24T08:57:04+00:00","og_image":[{"width":2048,"height":1293,"url":"https:\/\/www.altominho.tv\/site\/wp-content\/uploads\/2022\/11\/313416467_483970607098485_7196411937941066033_n.jpeg","type":"image\/jpeg"}],"author":"Cesar Lopes","twitter_card":"summary_large_image","twitter_creator":"@altominhoTV","twitter_site":"@altominhoTV","twitter_misc":{"Escrito por":"Cesar Lopes","Tempo estimado de leitura":"1 minuto"},"schema":{"@context":"https:\/\/schema.org","@graph":[{"@type":"Article","@id":"https:\/\/www.altominho.tv\/site\/2022\/11\/24\/mercado-da-terra-de-sistelo-no-proximo-domingo\/#article","isPartOf":{"@id":"https:\/\/www.altominho.tv\/site\/2022\/11\/24\/mercado-da-terra-de-sistelo-no-proximo-domingo\/"},"author":{"name":"Cesar Lopes","@id":"https:\/\/www.altominho.tv\/site\/#\/schema\/person\/c5570e5afb933b8d08c43373326ef1b1"},"headline":"Mercado da Terra de Sistelo no pr\u00f3ximo domingo","datePublished":"2022-11-24T08:56:52+00:00","dateModified":"2022-11-24T08:57:04+00:00","mainEntityOfPage":{"@id":"https:\/\/www.altominho.tv\/site\/2022\/11\/24\/mercado-da-terra-de-sistelo-no-proximo-domingo\/"},"wordCount":173,"image":{"@id":"https:\/\/www.altominho.tv\/site\/2022\/11\/24\/mercado-da-terra-de-sistelo-no-proximo-domingo\/#primaryimage"},"thumbnailUrl":"https:\/\/www.altominho.tv\/site\/wp-content\/uploads\/2022\/11\/313416467_483970607098485_7196411937941066033_n.jpeg","keywords":["Sociedade"],"articleSection":["Arcos de Valdevez"],"inLanguage":"pt-PT","copyrightYear":"2022","copyrightHolder":{"@id":"https:\/\/www.altominho.tv\/site\/#organization"}},{"@type":"WebPage","@id":"https:\/\/www.altominho.tv\/site\/2022\/11\/24\/mercado-da-terra-de-sistelo-no-proximo-domingo\/","url":"https:\/\/www.altominho.tv\/site\/2022\/11\/24\/mercado-da-terra-de-sistelo-no-proximo-domingo\/","name":"Mercado da Terra de Sistelo no pr\u00f3ximo domingo","isPartOf":{"@id":"https:\/\/www.altominho.tv\/site\/#website"},"primaryImageOfPage":{"@id":"https:\/\/www.altominho.tv\/site\/2022\/11\/24\/mercado-da-terra-de-sistelo-no-proximo-domingo\/#primaryimage"},"image":{"@id":"https:\/\/www.altominho.tv\/site\/2022\/11\/24\/mercado-da-terra-de-sistelo-no-proximo-domingo\/#primaryimage"},"thumbnailUrl":"https:\/\/www.altominho.tv\/site\/wp-content\/uploads\/2022\/11\/313416467_483970607098485_7196411937941066033_n.jpeg","datePublished":"2022-11-24T08:56:52+00:00","dateModified":"2022-11-24T08:57:04+00:00","author":{"@id":"https:\/\/www.altominho.tv\/site\/#\/schema\/person\/c5570e5afb933b8d08c43373326ef1b1"},"description":"A junta de freguesia de Sistelo vai, pelo segundo m\u00eas consecutivo, criar epromover o mercado da Terra de Sistelo, uma feira dedicada ao que demelhor se produz nas Terras do Alto Vez, atrav\u00e9s de t\u00e9cnicas produtivasseculares por agricultores e produtores locais.","breadcrumb":{"@id":"https:\/\/www.altominho.tv\/site\/2022\/11\/24\/mercado-da-terra-de-sistelo-no-proximo-domingo\/#breadcrumb"},"inLanguage":"pt-PT","potentialAction":[{"@type":"ReadAction","target":["https:\/\/www.altominho.tv\/site\/2022\/11\/24\/mercado-da-terra-de-sistelo-no-proximo-domingo\/"]}]},{"@type":"ImageObject","inLanguage":"pt-PT","@id":"https:\/\/www.altominho.tv\/site\/2022\/11\/24\/mercado-da-terra-de-sistelo-no-proximo-domingo\/#primaryimage","url":"https:\/\/www.altominho.tv\/site\/wp-content\/uploads\/2022\/11\/313416467_483970607098485_7196411937941066033_n.jpeg","contentUrl":"https:\/\/www.altominho.tv\/site\/wp-content\/uploads\/2022\/11\/313416467_483970607098485_7196411937941066033_n.jpeg","width":2048,"height":1293,"caption":"J.F. Sistelo"},{"@type":"BreadcrumbList","@id":"https:\/\/www.altominho.tv\/site\/2022\/11\/24\/mercado-da-terra-de-sistelo-no-proximo-domingo\/#breadcrumb","itemListElement":[{"@type":"ListItem","position":1,"name":"In\u00edcio","item":"https:\/\/www.altominho.tv\/site\/"},{"@type":"ListItem","position":2,"name":"Mercado da Terra de Sistelo no pr\u00f3ximo domingo"}]},{"@type":"WebSite","@id":"https:\/\/www.altominho.tv\/site\/#website","url":"https:\/\/www.altominho.tv\/site\/","name":"Altominho.tv","description":"A sua regi\u00e3o \u00e0 dist\u00e2ncia de um clique...","potentialAction":[{"@type":"SearchAction","target":{"@type":"EntryPoint","urlTemplate":"https:\/\/www.altominho.tv\/site\/?s={search_term_string}"},"query-input":{"@type":"PropertyValueSpecification","valueRequired":true,"valueName":"search_term_string"}}],"inLanguage":"pt-PT"},{"@type":"Person","@id":"https:\/\/www.altominho.tv\/site\/#\/schema\/person\/c5570e5afb933b8d08c43373326ef1b1","name":"Cesar Lopes","image":{"@type":"ImageObject","inLanguage":"pt-PT","@id":"https:\/\/www.altominho.tv\/site\/wp-content\/uploads\/2022\/10\/Sem-Titulo-150x150.jpg","url":"https:\/\/www.altominho.tv\/site\/wp-content\/uploads\/2022\/10\/Sem-Titulo-150x150.jpg","contentUrl":"https:\/\/www.altominho.tv\/site\/wp-content\/uploads\/2022\/10\/Sem-Titulo-150x150.jpg","caption":"Cesar Lopes"},"url":"https:\/\/www.altominho.tv\/site\/author\/cesarlopes\/"}]}},"_links":{"self":[{"href":"https:\/\/www.altominho.tv\/site\/wp-json\/wp\/v2\/posts\/85670","targetHints":{"allow":["GET"]}}],"collection":[{"href":"https:\/\/www.altominho.tv\/site\/wp-json\/wp\/v2\/posts"}],"about":[{"href":"https:\/\/www.altominho.tv\/site\/wp-json\/wp\/v2\/types\/post"}],"author":[{"embeddable":true,"href":"https:\/\/www.altominho.tv\/site\/wp-json\/wp\/v2\/users\/24"}],"replies":[{"embeddable":true,"href":"https:\/\/www.altominho.tv\/site\/wp-json\/wp\/v2\/comments?post=85670"}],"version-history":[{"count":1,"href":"https:\/\/www.altominho.tv\/site\/wp-json\/wp\/v2\/posts\/85670\/revisions"}],"predecessor-version":[{"id":85672,"href":"https:\/\/www.altominho.tv\/site\/wp-json\/wp\/v2\/posts\/85670\/revisions\/85672"}],"wp:featuredmedia":[{"embeddable":true,"href":"https:\/\/www.altominho.tv\/site\/wp-json\/wp\/v2\/media\/85671"}],"wp:attachment":[{"href":"https:\/\/www.altominho.tv\/site\/wp-json\/wp\/v2\/media?parent=85670"}],"wp:term":[{"taxonomy":"category","embeddable":true,"href":"https:\/\/www.altominho.tv\/site\/wp-json\/wp\/v2\/categories?post=85670"},{"taxonomy":"post_tag","embeddable":true,"href":"https:\/\/www.altominho.tv\/site\/wp-json\/wp\/v2\/tags?post=85670"}],"curies":[{"name":"wp","href":"https:\/\/api.w.org\/{rel}","templated":true}]}}