{"id":85611,"date":"2022-11-23T09:20:37","date_gmt":"2022-11-23T09:20:37","guid":{"rendered":"https:\/\/www.altominho.tv\/site\/?p=85611"},"modified":"2022-11-23T09:20:43","modified_gmt":"2022-11-23T09:20:43","slug":"viana-do-castelo-sob-aviso-laranja-por-causa-da-agitacao-maritima","status":"publish","type":"post","link":"https:\/\/www.altominho.tv\/site\/2022\/11\/23\/viana-do-castelo-sob-aviso-laranja-por-causa-da-agitacao-maritima\/","title":{"rendered":"Viana do Castelo sob aviso laranja por causa da agita\u00e7\u00e3o mar\u00edtima"},"content":{"rendered":"<p>Viana do Castelo \u00e9 um dos sete distritos que v\u00e3o estar sob aviso laranja, o segundo mais grave, a partir desta noite e at\u00e9 meio da tarde de quinta-feira por causa da agita\u00e7\u00e3o mar\u00edtima.<\/p>\n<p>Segundo o Instituto Portugu\u00eas do Mar e da Atmosfera (IPMA), a partir das 23h00 desta quarta-feira estar\u00e3o sob aviso laranja os distritos de Viana do Castelo, Braga, Porto, Aveiro, Coimbra, Leiria e Lisboa. O aviso estende-se at\u00e9 \u00e0s 16h00 de quinta-feira, baixando depois um n\u00edvel, para amarelo, pelo menos at\u00e9 \u00e0s 19h00 de sexta-feira.<\/p>\n<p>A informa\u00e7\u00e3o disponibilizada nos avisos do IPMA indica que est\u00e3o previstas para estes distritos ondas de noroeste com cinco a seis metros e altura m\u00e1xima at\u00e9 11 metros.<\/p>\n<p>Para esta quarta-feira, o IPMA prev\u00ea chuva que, por vezes, que ser\u00e1 forte e persistente no litoral e nas zonas de montanha at\u00e9 meio da manh\u00e3, passando a aguaceiros nas regi\u00f5es Norte e Centro durante a manh\u00e3, vento forte na faixa costeira e nas terras altas e agita\u00e7\u00e3o mar\u00edtima forte na costa ocidental.<\/p>\n","protected":false},"excerpt":{"rendered":"<p>Viana do Castelo \u00e9 um dos sete distritos que v\u00e3o estar sob aviso laranja, o segundo mais grave, a partir desta noite e at\u00e9 meio da tarde de quinta-feira por causa da agita\u00e7\u00e3o mar\u00edtima. Segundo o Instituto Portugu\u00eas do Mar e da Atmosfera (IPMA), a partir das 23h00 desta quarta-feira estar\u00e3o sob aviso laranja os [&hellip;]<\/p>\n","protected":false},"author":15,"featured_media":63716,"comment_status":"closed","ping_status":"closed","sticky":false,"template":"","format":"standard","meta":{"_exactmetrics_skip_tracking":false,"_exactmetrics_sitenote_active":false,"_exactmetrics_sitenote_note":"","_exactmetrics_sitenote_category":0,"footnotes":""},"categories":[73],"tags":[27],"class_list":["post-85611","post","type-post","status-publish","format-standard","has-post-thumbnail","hentry","category-alto-minho","tag-sociedade"],"yoast_head":"<!-- This site is optimized with the Yoast SEO Premium plugin v27.5 (Yoast SEO v27.5) - https:\/\/yoast.com\/product\/yoast-seo-premium-wordpress\/ -->\n<title>Viana do Castelo sob aviso laranja por causa da agita\u00e7\u00e3o mar\u00edtima<\/title>\n<meta name=\"description\" content=\"Viana do Castelo \u00e9 um dos sete distritos que v\u00e3o estar sob aviso laranja, o segundo mais grave, por causa da agita\u00e7\u00e3o mar\u00edtima.\" \/>\n<meta name=\"robots\" content=\"index, follow, max-snippet:-1, max-image-preview:large, max-video-preview:-1\" \/>\n<link rel=\"canonical\" href=\"https:\/\/www.altominho.tv\/site\/2022\/11\/23\/viana-do-castelo-sob-aviso-laranja-por-causa-da-agitacao-maritima\/\" \/>\n<meta property=\"og:locale\" content=\"pt_PT\" \/>\n<meta property=\"og:type\" content=\"article\" \/>\n<meta property=\"og:title\" content=\"Viana do Castelo sob aviso laranja por causa da agita\u00e7\u00e3o mar\u00edtima\" \/>\n<meta property=\"og:description\" content=\"Viana do Castelo \u00e9 um dos sete distritos que v\u00e3o estar sob aviso laranja, o segundo mais grave, por causa da agita\u00e7\u00e3o mar\u00edtima.\" \/>\n<meta property=\"og:url\" content=\"https:\/\/www.altominho.tv\/site\/2022\/11\/23\/viana-do-castelo-sob-aviso-laranja-por-causa-da-agitacao-maritima\/\" \/>\n<meta property=\"og:site_name\" content=\"Altominho.tv\" \/>\n<meta property=\"article:publisher\" content=\"https:\/\/www.facebook.com\/altominhotv\" \/>\n<meta property=\"article:published_time\" content=\"2022-11-23T09:20:37+00:00\" \/>\n<meta property=\"article:modified_time\" content=\"2022-11-23T09:20:43+00:00\" \/>\n<meta property=\"og:image\" content=\"https:\/\/www.altominho.tv\/site\/wp-content\/uploads\/2021\/03\/agitacao-maritima-ATV.jpg\" \/>\n\t<meta property=\"og:image:width\" content=\"740\" \/>\n\t<meta property=\"og:image:height\" content=\"417\" \/>\n\t<meta property=\"og:image:type\" content=\"image\/jpeg\" \/>\n<meta name=\"author\" content=\"Andreia Ferreira | Lusa\" \/>\n<meta name=\"twitter:card\" content=\"summary_large_image\" \/>\n<meta name=\"twitter:creator\" content=\"@altominhoTV\" \/>\n<meta name=\"twitter:site\" content=\"@altominhoTV\" \/>\n<meta name=\"twitter:label1\" content=\"Escrito por\" \/>\n\t<meta name=\"twitter:data1\" content=\"Andreia Ferreira | Lusa\" \/>\n\t<meta name=\"twitter:label2\" content=\"Tempo estimado de leitura\" \/>\n\t<meta name=\"twitter:data2\" content=\"1 minuto\" \/>\n<script type=\"application\/ld+json\" class=\"yoast-schema-graph\">{\"@context\":\"https:\\\/\\\/schema.org\",\"@graph\":[{\"@type\":\"Article\",\"@id\":\"https:\\\/\\\/www.altominho.tv\\\/site\\\/2022\\\/11\\\/23\\\/viana-do-castelo-sob-aviso-laranja-por-causa-da-agitacao-maritima\\\/#article\",\"isPartOf\":{\"@id\":\"https:\\\/\\\/www.altominho.tv\\\/site\\\/2022\\\/11\\\/23\\\/viana-do-castelo-sob-aviso-laranja-por-causa-da-agitacao-maritima\\\/\"},\"author\":{\"name\":\"Andreia Ferreira | Lusa\",\"@id\":\"https:\\\/\\\/www.altominho.tv\\\/site\\\/#\\\/schema\\\/person\\\/a0bff6dc1041aadd46fa81887444b017\"},\"headline\":\"Viana do Castelo sob aviso laranja por causa da agita\u00e7\u00e3o mar\u00edtima\",\"datePublished\":\"2022-11-23T09:20:37+00:00\",\"dateModified\":\"2022-11-23T09:20:43+00:00\",\"mainEntityOfPage\":{\"@id\":\"https:\\\/\\\/www.altominho.tv\\\/site\\\/2022\\\/11\\\/23\\\/viana-do-castelo-sob-aviso-laranja-por-causa-da-agitacao-maritima\\\/\"},\"wordCount\":192,\"image\":{\"@id\":\"https:\\\/\\\/www.altominho.tv\\\/site\\\/2022\\\/11\\\/23\\\/viana-do-castelo-sob-aviso-laranja-por-causa-da-agitacao-maritima\\\/#primaryimage\"},\"thumbnailUrl\":\"https:\\\/\\\/www.altominho.tv\\\/site\\\/wp-content\\\/uploads\\\/2021\\\/03\\\/agitacao-maritima-ATV.jpg\",\"keywords\":[\"Sociedade\"],\"articleSection\":[\"Alto Minho\"],\"inLanguage\":\"pt-PT\",\"copyrightYear\":\"2022\",\"copyrightHolder\":{\"@id\":\"https:\\\/\\\/www.altominho.tv\\\/site\\\/#organization\"}},{\"@type\":\"WebPage\",\"@id\":\"https:\\\/\\\/www.altominho.tv\\\/site\\\/2022\\\/11\\\/23\\\/viana-do-castelo-sob-aviso-laranja-por-causa-da-agitacao-maritima\\\/\",\"url\":\"https:\\\/\\\/www.altominho.tv\\\/site\\\/2022\\\/11\\\/23\\\/viana-do-castelo-sob-aviso-laranja-por-causa-da-agitacao-maritima\\\/\",\"name\":\"Viana do Castelo sob aviso laranja por causa da agita\u00e7\u00e3o mar\u00edtima\",\"isPartOf\":{\"@id\":\"https:\\\/\\\/www.altominho.tv\\\/site\\\/#website\"},\"primaryImageOfPage\":{\"@id\":\"https:\\\/\\\/www.altominho.tv\\\/site\\\/2022\\\/11\\\/23\\\/viana-do-castelo-sob-aviso-laranja-por-causa-da-agitacao-maritima\\\/#primaryimage\"},\"image\":{\"@id\":\"https:\\\/\\\/www.altominho.tv\\\/site\\\/2022\\\/11\\\/23\\\/viana-do-castelo-sob-aviso-laranja-por-causa-da-agitacao-maritima\\\/#primaryimage\"},\"thumbnailUrl\":\"https:\\\/\\\/www.altominho.tv\\\/site\\\/wp-content\\\/uploads\\\/2021\\\/03\\\/agitacao-maritima-ATV.jpg\",\"datePublished\":\"2022-11-23T09:20:37+00:00\",\"dateModified\":\"2022-11-23T09:20:43+00:00\",\"author\":{\"@id\":\"https:\\\/\\\/www.altominho.tv\\\/site\\\/#\\\/schema\\\/person\\\/a0bff6dc1041aadd46fa81887444b017\"},\"description\":\"Viana do Castelo \u00e9 um dos sete distritos que v\u00e3o estar sob aviso laranja, o segundo mais grave, por causa da agita\u00e7\u00e3o mar\u00edtima.\",\"breadcrumb\":{\"@id\":\"https:\\\/\\\/www.altominho.tv\\\/site\\\/2022\\\/11\\\/23\\\/viana-do-castelo-sob-aviso-laranja-por-causa-da-agitacao-maritima\\\/#breadcrumb\"},\"inLanguage\":\"pt-PT\",\"potentialAction\":[{\"@type\":\"ReadAction\",\"target\":[\"https:\\\/\\\/www.altominho.tv\\\/site\\\/2022\\\/11\\\/23\\\/viana-do-castelo-sob-aviso-laranja-por-causa-da-agitacao-maritima\\\/\"]}]},{\"@type\":\"ImageObject\",\"inLanguage\":\"pt-PT\",\"@id\":\"https:\\\/\\\/www.altominho.tv\\\/site\\\/2022\\\/11\\\/23\\\/viana-do-castelo-sob-aviso-laranja-por-causa-da-agitacao-maritima\\\/#primaryimage\",\"url\":\"https:\\\/\\\/www.altominho.tv\\\/site\\\/wp-content\\\/uploads\\\/2021\\\/03\\\/agitacao-maritima-ATV.jpg\",\"contentUrl\":\"https:\\\/\\\/www.altominho.tv\\\/site\\\/wp-content\\\/uploads\\\/2021\\\/03\\\/agitacao-maritima-ATV.jpg\",\"width\":740,\"height\":417},{\"@type\":\"BreadcrumbList\",\"@id\":\"https:\\\/\\\/www.altominho.tv\\\/site\\\/2022\\\/11\\\/23\\\/viana-do-castelo-sob-aviso-laranja-por-causa-da-agitacao-maritima\\\/#breadcrumb\",\"itemListElement\":[{\"@type\":\"ListItem\",\"position\":1,\"name\":\"In\u00edcio\",\"item\":\"https:\\\/\\\/www.altominho.tv\\\/site\\\/\"},{\"@type\":\"ListItem\",\"position\":2,\"name\":\"Viana do Castelo sob aviso laranja por causa da agita\u00e7\u00e3o mar\u00edtima\"}]},{\"@type\":\"WebSite\",\"@id\":\"https:\\\/\\\/www.altominho.tv\\\/site\\\/#website\",\"url\":\"https:\\\/\\\/www.altominho.tv\\\/site\\\/\",\"name\":\"Altominho.tv\",\"description\":\"A sua regi\u00e3o \u00e0 dist\u00e2ncia de um clique...\",\"potentialAction\":[{\"@type\":\"SearchAction\",\"target\":{\"@type\":\"EntryPoint\",\"urlTemplate\":\"https:\\\/\\\/www.altominho.tv\\\/site\\\/?s={search_term_string}\"},\"query-input\":{\"@type\":\"PropertyValueSpecification\",\"valueRequired\":true,\"valueName\":\"search_term_string\"}}],\"inLanguage\":\"pt-PT\"},{\"@type\":\"Person\",\"@id\":\"https:\\\/\\\/www.altominho.tv\\\/site\\\/#\\\/schema\\\/person\\\/a0bff6dc1041aadd46fa81887444b017\",\"name\":\"Andreia Ferreira | Lusa\",\"image\":{\"@type\":\"ImageObject\",\"inLanguage\":\"pt-PT\",\"@id\":\"https:\\\/\\\/www.altominho.tv\\\/site\\\/wp-content\\\/uploads\\\/2018\\\/04\\\/Andreia-150x150.jpg\",\"url\":\"https:\\\/\\\/www.altominho.tv\\\/site\\\/wp-content\\\/uploads\\\/2018\\\/04\\\/Andreia-150x150.jpg\",\"contentUrl\":\"https:\\\/\\\/www.altominho.tv\\\/site\\\/wp-content\\\/uploads\\\/2018\\\/04\\\/Andreia-150x150.jpg\",\"caption\":\"Andreia Ferreira | Lusa\"},\"sameAs\":[\"https:\\\/\\\/www.altominho.tv\\\/site\"],\"url\":\"https:\\\/\\\/www.altominho.tv\\\/site\\\/author\\\/andreiaferreiralusa\\\/\"}]}<\/script>\n<!-- \/ Yoast SEO Premium plugin. -->","yoast_head_json":{"title":"Viana do Castelo sob aviso laranja por causa da agita\u00e7\u00e3o mar\u00edtima","description":"Viana do Castelo \u00e9 um dos sete distritos que v\u00e3o estar sob aviso laranja, o segundo mais grave, por causa da agita\u00e7\u00e3o mar\u00edtima.","robots":{"index":"index","follow":"follow","max-snippet":"max-snippet:-1","max-image-preview":"max-image-preview:large","max-video-preview":"max-video-preview:-1"},"canonical":"https:\/\/www.altominho.tv\/site\/2022\/11\/23\/viana-do-castelo-sob-aviso-laranja-por-causa-da-agitacao-maritima\/","og_locale":"pt_PT","og_type":"article","og_title":"Viana do Castelo sob aviso laranja por causa da agita\u00e7\u00e3o mar\u00edtima","og_description":"Viana do Castelo \u00e9 um dos sete distritos que v\u00e3o estar sob aviso laranja, o segundo mais grave, por causa da agita\u00e7\u00e3o mar\u00edtima.","og_url":"https:\/\/www.altominho.tv\/site\/2022\/11\/23\/viana-do-castelo-sob-aviso-laranja-por-causa-da-agitacao-maritima\/","og_site_name":"Altominho.tv","article_publisher":"https:\/\/www.facebook.com\/altominhotv","article_published_time":"2022-11-23T09:20:37+00:00","article_modified_time":"2022-11-23T09:20:43+00:00","og_image":[{"width":740,"height":417,"url":"https:\/\/www.altominho.tv\/site\/wp-content\/uploads\/2021\/03\/agitacao-maritima-ATV.jpg","type":"image\/jpeg"}],"author":"Andreia Ferreira | Lusa","twitter_card":"summary_large_image","twitter_creator":"@altominhoTV","twitter_site":"@altominhoTV","twitter_misc":{"Escrito por":"Andreia Ferreira | Lusa","Tempo estimado de leitura":"1 minuto"},"schema":{"@context":"https:\/\/schema.org","@graph":[{"@type":"Article","@id":"https:\/\/www.altominho.tv\/site\/2022\/11\/23\/viana-do-castelo-sob-aviso-laranja-por-causa-da-agitacao-maritima\/#article","isPartOf":{"@id":"https:\/\/www.altominho.tv\/site\/2022\/11\/23\/viana-do-castelo-sob-aviso-laranja-por-causa-da-agitacao-maritima\/"},"author":{"name":"Andreia Ferreira | Lusa","@id":"https:\/\/www.altominho.tv\/site\/#\/schema\/person\/a0bff6dc1041aadd46fa81887444b017"},"headline":"Viana do Castelo sob aviso laranja por causa da agita\u00e7\u00e3o mar\u00edtima","datePublished":"2022-11-23T09:20:37+00:00","dateModified":"2022-11-23T09:20:43+00:00","mainEntityOfPage":{"@id":"https:\/\/www.altominho.tv\/site\/2022\/11\/23\/viana-do-castelo-sob-aviso-laranja-por-causa-da-agitacao-maritima\/"},"wordCount":192,"image":{"@id":"https:\/\/www.altominho.tv\/site\/2022\/11\/23\/viana-do-castelo-sob-aviso-laranja-por-causa-da-agitacao-maritima\/#primaryimage"},"thumbnailUrl":"https:\/\/www.altominho.tv\/site\/wp-content\/uploads\/2021\/03\/agitacao-maritima-ATV.jpg","keywords":["Sociedade"],"articleSection":["Alto Minho"],"inLanguage":"pt-PT","copyrightYear":"2022","copyrightHolder":{"@id":"https:\/\/www.altominho.tv\/site\/#organization"}},{"@type":"WebPage","@id":"https:\/\/www.altominho.tv\/site\/2022\/11\/23\/viana-do-castelo-sob-aviso-laranja-por-causa-da-agitacao-maritima\/","url":"https:\/\/www.altominho.tv\/site\/2022\/11\/23\/viana-do-castelo-sob-aviso-laranja-por-causa-da-agitacao-maritima\/","name":"Viana do Castelo sob aviso laranja por causa da agita\u00e7\u00e3o mar\u00edtima","isPartOf":{"@id":"https:\/\/www.altominho.tv\/site\/#website"},"primaryImageOfPage":{"@id":"https:\/\/www.altominho.tv\/site\/2022\/11\/23\/viana-do-castelo-sob-aviso-laranja-por-causa-da-agitacao-maritima\/#primaryimage"},"image":{"@id":"https:\/\/www.altominho.tv\/site\/2022\/11\/23\/viana-do-castelo-sob-aviso-laranja-por-causa-da-agitacao-maritima\/#primaryimage"},"thumbnailUrl":"https:\/\/www.altominho.tv\/site\/wp-content\/uploads\/2021\/03\/agitacao-maritima-ATV.jpg","datePublished":"2022-11-23T09:20:37+00:00","dateModified":"2022-11-23T09:20:43+00:00","author":{"@id":"https:\/\/www.altominho.tv\/site\/#\/schema\/person\/a0bff6dc1041aadd46fa81887444b017"},"description":"Viana do Castelo \u00e9 um dos sete distritos que v\u00e3o estar sob aviso laranja, o segundo mais grave, por causa da agita\u00e7\u00e3o mar\u00edtima.","breadcrumb":{"@id":"https:\/\/www.altominho.tv\/site\/2022\/11\/23\/viana-do-castelo-sob-aviso-laranja-por-causa-da-agitacao-maritima\/#breadcrumb"},"inLanguage":"pt-PT","potentialAction":[{"@type":"ReadAction","target":["https:\/\/www.altominho.tv\/site\/2022\/11\/23\/viana-do-castelo-sob-aviso-laranja-por-causa-da-agitacao-maritima\/"]}]},{"@type":"ImageObject","inLanguage":"pt-PT","@id":"https:\/\/www.altominho.tv\/site\/2022\/11\/23\/viana-do-castelo-sob-aviso-laranja-por-causa-da-agitacao-maritima\/#primaryimage","url":"https:\/\/www.altominho.tv\/site\/wp-content\/uploads\/2021\/03\/agitacao-maritima-ATV.jpg","contentUrl":"https:\/\/www.altominho.tv\/site\/wp-content\/uploads\/2021\/03\/agitacao-maritima-ATV.jpg","width":740,"height":417},{"@type":"BreadcrumbList","@id":"https:\/\/www.altominho.tv\/site\/2022\/11\/23\/viana-do-castelo-sob-aviso-laranja-por-causa-da-agitacao-maritima\/#breadcrumb","itemListElement":[{"@type":"ListItem","position":1,"name":"In\u00edcio","item":"https:\/\/www.altominho.tv\/site\/"},{"@type":"ListItem","position":2,"name":"Viana do Castelo sob aviso laranja por causa da agita\u00e7\u00e3o mar\u00edtima"}]},{"@type":"WebSite","@id":"https:\/\/www.altominho.tv\/site\/#website","url":"https:\/\/www.altominho.tv\/site\/","name":"Altominho.tv","description":"A sua regi\u00e3o \u00e0 dist\u00e2ncia de um clique...","potentialAction":[{"@type":"SearchAction","target":{"@type":"EntryPoint","urlTemplate":"https:\/\/www.altominho.tv\/site\/?s={search_term_string}"},"query-input":{"@type":"PropertyValueSpecification","valueRequired":true,"valueName":"search_term_string"}}],"inLanguage":"pt-PT"},{"@type":"Person","@id":"https:\/\/www.altominho.tv\/site\/#\/schema\/person\/a0bff6dc1041aadd46fa81887444b017","name":"Andreia Ferreira | Lusa","image":{"@type":"ImageObject","inLanguage":"pt-PT","@id":"https:\/\/www.altominho.tv\/site\/wp-content\/uploads\/2018\/04\/Andreia-150x150.jpg","url":"https:\/\/www.altominho.tv\/site\/wp-content\/uploads\/2018\/04\/Andreia-150x150.jpg","contentUrl":"https:\/\/www.altominho.tv\/site\/wp-content\/uploads\/2018\/04\/Andreia-150x150.jpg","caption":"Andreia Ferreira | Lusa"},"sameAs":["https:\/\/www.altominho.tv\/site"],"url":"https:\/\/www.altominho.tv\/site\/author\/andreiaferreiralusa\/"}]}},"_links":{"self":[{"href":"https:\/\/www.altominho.tv\/site\/wp-json\/wp\/v2\/posts\/85611","targetHints":{"allow":["GET"]}}],"collection":[{"href":"https:\/\/www.altominho.tv\/site\/wp-json\/wp\/v2\/posts"}],"about":[{"href":"https:\/\/www.altominho.tv\/site\/wp-json\/wp\/v2\/types\/post"}],"author":[{"embeddable":true,"href":"https:\/\/www.altominho.tv\/site\/wp-json\/wp\/v2\/users\/15"}],"replies":[{"embeddable":true,"href":"https:\/\/www.altominho.tv\/site\/wp-json\/wp\/v2\/comments?post=85611"}],"version-history":[{"count":1,"href":"https:\/\/www.altominho.tv\/site\/wp-json\/wp\/v2\/posts\/85611\/revisions"}],"predecessor-version":[{"id":85612,"href":"https:\/\/www.altominho.tv\/site\/wp-json\/wp\/v2\/posts\/85611\/revisions\/85612"}],"wp:featuredmedia":[{"embeddable":true,"href":"https:\/\/www.altominho.tv\/site\/wp-json\/wp\/v2\/media\/63716"}],"wp:attachment":[{"href":"https:\/\/www.altominho.tv\/site\/wp-json\/wp\/v2\/media?parent=85611"}],"wp:term":[{"taxonomy":"category","embeddable":true,"href":"https:\/\/www.altominho.tv\/site\/wp-json\/wp\/v2\/categories?post=85611"},{"taxonomy":"post_tag","embeddable":true,"href":"https:\/\/www.altominho.tv\/site\/wp-json\/wp\/v2\/tags?post=85611"}],"curies":[{"name":"wp","href":"https:\/\/api.w.org\/{rel}","templated":true}]}}