{"id":85606,"date":"2022-11-22T22:40:12","date_gmt":"2022-11-22T22:40:12","guid":{"rendered":"https:\/\/www.altominho.tv\/site\/?p=85606"},"modified":"2022-12-10T01:14:27","modified_gmt":"2022-12-10T01:14:27","slug":"cristiano-ronaldo-a-caminho-do-atletico-dos-arcos","status":"publish","type":"post","link":"https:\/\/www.altominho.tv\/site\/2022\/11\/22\/cristiano-ronaldo-a-caminho-do-atletico-dos-arcos\/","title":{"rendered":"Cristiano Ronaldo a caminho do Atl\u00e9tico dos Arcos?"},"content":{"rendered":"<p>O dia de hoje ficou marcado pela not\u00edcia da rescis\u00e3o do contrato de Cristiano Ronaldo com o Manchester United, ap\u00f3s a pol\u00e9mica entrevista do internacional portugu\u00eas a Piers Morgan, na qual criticou a falta de ambi\u00e7\u00e3o do clube.<\/p>\n<p>Como seria de esperar, a especula\u00e7\u00e3o em torno do futuro do avan\u00e7ado de 37 anos j\u00e1 come\u00e7ou a ferver. Newcastle, Arsenal ou PSG s\u00e3o apenas alguns dos muitos emblemas de topo apontados como poss\u00edveis destinos.<\/p>\n<p>Mas as op\u00e7\u00f5es de Mercado para o craque portugu\u00eas n\u00e3o se restringem aos principais campeonatos da Europa. Em Portugal, mais concretamente no Alto Minho, o Atl\u00e9tico dos Arcos j\u00e1 se mostrou dispon\u00edvel para integrar Ronaldo no seu plantel.<\/p>\n<p>&#8220;Ap\u00f3s rescis\u00e3o com o antigo clube, podemos avan\u00e7ar que o Atl\u00e9tico dos Arcos se encontra dispon\u00edvel para receber Cristiano Ronaldo como refor\u00e7o, depois de vencermos o Mundial&#8221;, pode ler-se numa nota publicada na p\u00e1gina do Facebook da equipa de Arcos de Valdevez, que lidera isolada na 1\u00aa Divis\u00e3o da AF Viana do Castelo.<\/p>\n<p>\u00a0<\/p>\n\n\n\n","protected":false},"excerpt":{"rendered":"<p>O dia de hoje ficou marcado pela not\u00edcia da rescis\u00e3o do contrato de Cristiano Ronaldo com o Manchester United, ap\u00f3s a pol\u00e9mica entrevista do internacional portugu\u00eas a Piers Morgan, na qual criticou a falta de ambi\u00e7\u00e3o do clube. Como seria de esperar, a especula\u00e7\u00e3o em torno do futuro do avan\u00e7ado de 37 anos j\u00e1 come\u00e7ou [&hellip;]<\/p>\n","protected":false},"author":24,"featured_media":85607,"comment_status":"closed","ping_status":"closed","sticky":false,"template":"","format":"standard","meta":{"_exactmetrics_skip_tracking":false,"_exactmetrics_sitenote_active":false,"_exactmetrics_sitenote_note":"","_exactmetrics_sitenote_category":0,"footnotes":""},"categories":[2],"tags":[20],"class_list":["post-85606","post","type-post","status-publish","format-standard","has-post-thumbnail","hentry","category-arcos-de-valdevez","tag-desporto"],"yoast_head":"<!-- This site is optimized with the Yoast SEO Premium plugin v27.4 (Yoast SEO v27.4) - https:\/\/yoast.com\/product\/yoast-seo-premium-wordpress\/ -->\n<title>Cristiano Ronaldo a caminho do Atl\u00e9tico dos Arcos?<\/title>\n<meta name=\"robots\" content=\"index, follow, max-snippet:-1, max-image-preview:large, max-video-preview:-1\" \/>\n<link rel=\"canonical\" href=\"https:\/\/www.altominho.tv\/site\/2022\/11\/22\/cristiano-ronaldo-a-caminho-do-atletico-dos-arcos\/\" \/>\n<meta property=\"og:locale\" content=\"pt_PT\" \/>\n<meta property=\"og:type\" content=\"article\" \/>\n<meta property=\"og:title\" content=\"Cristiano Ronaldo a caminho do Atl\u00e9tico dos Arcos?\" \/>\n<meta property=\"og:description\" content=\"O dia de hoje ficou marcado pela not\u00edcia da rescis\u00e3o do contrato de Cristiano Ronaldo com o Manchester United, ap\u00f3s a pol\u00e9mica entrevista do internacional portugu\u00eas a Piers Morgan, na qual criticou a falta de ambi\u00e7\u00e3o do clube. Como seria de esperar, a especula\u00e7\u00e3o em torno do futuro do avan\u00e7ado de 37 anos j\u00e1 come\u00e7ou [&hellip;]\" \/>\n<meta property=\"og:url\" content=\"https:\/\/www.altominho.tv\/site\/2022\/11\/22\/cristiano-ronaldo-a-caminho-do-atletico-dos-arcos\/\" \/>\n<meta property=\"og:site_name\" content=\"Altominho.tv\" \/>\n<meta property=\"article:publisher\" content=\"https:\/\/www.facebook.com\/altominhotv\" \/>\n<meta property=\"article:published_time\" content=\"2022-11-22T22:40:12+00:00\" \/>\n<meta property=\"article:modified_time\" content=\"2022-12-10T01:14:27+00:00\" \/>\n<meta property=\"og:image\" content=\"https:\/\/www.altominho.tv\/site\/wp-content\/uploads\/2022\/11\/ronaldo.jpg\" \/>\n\t<meta property=\"og:image:width\" content=\"1043\" \/>\n\t<meta property=\"og:image:height\" content=\"493\" \/>\n\t<meta property=\"og:image:type\" content=\"image\/jpeg\" \/>\n<meta name=\"author\" content=\"Cesar Lopes\" \/>\n<meta name=\"twitter:card\" content=\"summary_large_image\" \/>\n<meta name=\"twitter:creator\" content=\"@altominhoTV\" \/>\n<meta name=\"twitter:site\" content=\"@altominhoTV\" \/>\n<meta name=\"twitter:label1\" content=\"Escrito por\" \/>\n\t<meta name=\"twitter:data1\" content=\"Cesar Lopes\" \/>\n\t<meta name=\"twitter:label2\" content=\"Tempo estimado de leitura\" \/>\n\t<meta name=\"twitter:data2\" content=\"1 minuto\" \/>\n<script type=\"application\/ld+json\" class=\"yoast-schema-graph\">{\"@context\":\"https:\\\/\\\/schema.org\",\"@graph\":[{\"@type\":\"Article\",\"@id\":\"https:\\\/\\\/www.altominho.tv\\\/site\\\/2022\\\/11\\\/22\\\/cristiano-ronaldo-a-caminho-do-atletico-dos-arcos\\\/#article\",\"isPartOf\":{\"@id\":\"https:\\\/\\\/www.altominho.tv\\\/site\\\/2022\\\/11\\\/22\\\/cristiano-ronaldo-a-caminho-do-atletico-dos-arcos\\\/\"},\"author\":{\"name\":\"Cesar Lopes\",\"@id\":\"https:\\\/\\\/www.altominho.tv\\\/site\\\/#\\\/schema\\\/person\\\/c5570e5afb933b8d08c43373326ef1b1\"},\"headline\":\"Cristiano Ronaldo a caminho do Atl\u00e9tico dos Arcos?\",\"datePublished\":\"2022-11-22T22:40:12+00:00\",\"dateModified\":\"2022-12-10T01:14:27+00:00\",\"mainEntityOfPage\":{\"@id\":\"https:\\\/\\\/www.altominho.tv\\\/site\\\/2022\\\/11\\\/22\\\/cristiano-ronaldo-a-caminho-do-atletico-dos-arcos\\\/\"},\"wordCount\":195,\"image\":{\"@id\":\"https:\\\/\\\/www.altominho.tv\\\/site\\\/2022\\\/11\\\/22\\\/cristiano-ronaldo-a-caminho-do-atletico-dos-arcos\\\/#primaryimage\"},\"thumbnailUrl\":\"https:\\\/\\\/www.altominho.tv\\\/site\\\/wp-content\\\/uploads\\\/2022\\\/11\\\/ronaldo.jpg\",\"keywords\":[\"Desporto\"],\"articleSection\":[\"Arcos de Valdevez\"],\"inLanguage\":\"pt-PT\",\"copyrightYear\":\"2022\",\"copyrightHolder\":{\"@id\":\"https:\\\/\\\/www.altominho.tv\\\/site\\\/#organization\"}},{\"@type\":\"WebPage\",\"@id\":\"https:\\\/\\\/www.altominho.tv\\\/site\\\/2022\\\/11\\\/22\\\/cristiano-ronaldo-a-caminho-do-atletico-dos-arcos\\\/\",\"url\":\"https:\\\/\\\/www.altominho.tv\\\/site\\\/2022\\\/11\\\/22\\\/cristiano-ronaldo-a-caminho-do-atletico-dos-arcos\\\/\",\"name\":\"Cristiano Ronaldo a caminho do Atl\u00e9tico dos Arcos?\",\"isPartOf\":{\"@id\":\"https:\\\/\\\/www.altominho.tv\\\/site\\\/#website\"},\"primaryImageOfPage\":{\"@id\":\"https:\\\/\\\/www.altominho.tv\\\/site\\\/2022\\\/11\\\/22\\\/cristiano-ronaldo-a-caminho-do-atletico-dos-arcos\\\/#primaryimage\"},\"image\":{\"@id\":\"https:\\\/\\\/www.altominho.tv\\\/site\\\/2022\\\/11\\\/22\\\/cristiano-ronaldo-a-caminho-do-atletico-dos-arcos\\\/#primaryimage\"},\"thumbnailUrl\":\"https:\\\/\\\/www.altominho.tv\\\/site\\\/wp-content\\\/uploads\\\/2022\\\/11\\\/ronaldo.jpg\",\"datePublished\":\"2022-11-22T22:40:12+00:00\",\"dateModified\":\"2022-12-10T01:14:27+00:00\",\"author\":{\"@id\":\"https:\\\/\\\/www.altominho.tv\\\/site\\\/#\\\/schema\\\/person\\\/c5570e5afb933b8d08c43373326ef1b1\"},\"breadcrumb\":{\"@id\":\"https:\\\/\\\/www.altominho.tv\\\/site\\\/2022\\\/11\\\/22\\\/cristiano-ronaldo-a-caminho-do-atletico-dos-arcos\\\/#breadcrumb\"},\"inLanguage\":\"pt-PT\",\"potentialAction\":[{\"@type\":\"ReadAction\",\"target\":[\"https:\\\/\\\/www.altominho.tv\\\/site\\\/2022\\\/11\\\/22\\\/cristiano-ronaldo-a-caminho-do-atletico-dos-arcos\\\/\"]}]},{\"@type\":\"ImageObject\",\"inLanguage\":\"pt-PT\",\"@id\":\"https:\\\/\\\/www.altominho.tv\\\/site\\\/2022\\\/11\\\/22\\\/cristiano-ronaldo-a-caminho-do-atletico-dos-arcos\\\/#primaryimage\",\"url\":\"https:\\\/\\\/www.altominho.tv\\\/site\\\/wp-content\\\/uploads\\\/2022\\\/11\\\/ronaldo.jpg\",\"contentUrl\":\"https:\\\/\\\/www.altominho.tv\\\/site\\\/wp-content\\\/uploads\\\/2022\\\/11\\\/ronaldo.jpg\",\"width\":1043,\"height\":493},{\"@type\":\"BreadcrumbList\",\"@id\":\"https:\\\/\\\/www.altominho.tv\\\/site\\\/2022\\\/11\\\/22\\\/cristiano-ronaldo-a-caminho-do-atletico-dos-arcos\\\/#breadcrumb\",\"itemListElement\":[{\"@type\":\"ListItem\",\"position\":1,\"name\":\"In\u00edcio\",\"item\":\"https:\\\/\\\/www.altominho.tv\\\/site\\\/\"},{\"@type\":\"ListItem\",\"position\":2,\"name\":\"Cristiano Ronaldo a caminho do Atl\u00e9tico dos Arcos?\"}]},{\"@type\":\"WebSite\",\"@id\":\"https:\\\/\\\/www.altominho.tv\\\/site\\\/#website\",\"url\":\"https:\\\/\\\/www.altominho.tv\\\/site\\\/\",\"name\":\"Altominho.tv\",\"description\":\"A sua regi\u00e3o \u00e0 dist\u00e2ncia de um clique...\",\"potentialAction\":[{\"@type\":\"SearchAction\",\"target\":{\"@type\":\"EntryPoint\",\"urlTemplate\":\"https:\\\/\\\/www.altominho.tv\\\/site\\\/?s={search_term_string}\"},\"query-input\":{\"@type\":\"PropertyValueSpecification\",\"valueRequired\":true,\"valueName\":\"search_term_string\"}}],\"inLanguage\":\"pt-PT\"},{\"@type\":\"Person\",\"@id\":\"https:\\\/\\\/www.altominho.tv\\\/site\\\/#\\\/schema\\\/person\\\/c5570e5afb933b8d08c43373326ef1b1\",\"name\":\"Cesar Lopes\",\"image\":{\"@type\":\"ImageObject\",\"inLanguage\":\"pt-PT\",\"@id\":\"https:\\\/\\\/www.altominho.tv\\\/site\\\/wp-content\\\/uploads\\\/2022\\\/10\\\/Sem-Titulo-150x150.jpg\",\"url\":\"https:\\\/\\\/www.altominho.tv\\\/site\\\/wp-content\\\/uploads\\\/2022\\\/10\\\/Sem-Titulo-150x150.jpg\",\"contentUrl\":\"https:\\\/\\\/www.altominho.tv\\\/site\\\/wp-content\\\/uploads\\\/2022\\\/10\\\/Sem-Titulo-150x150.jpg\",\"caption\":\"Cesar Lopes\"},\"url\":\"https:\\\/\\\/www.altominho.tv\\\/site\\\/author\\\/cesarlopes\\\/\"}]}<\/script>\n<!-- \/ Yoast SEO Premium plugin. -->","yoast_head_json":{"title":"Cristiano Ronaldo a caminho do Atl\u00e9tico dos Arcos?","robots":{"index":"index","follow":"follow","max-snippet":"max-snippet:-1","max-image-preview":"max-image-preview:large","max-video-preview":"max-video-preview:-1"},"canonical":"https:\/\/www.altominho.tv\/site\/2022\/11\/22\/cristiano-ronaldo-a-caminho-do-atletico-dos-arcos\/","og_locale":"pt_PT","og_type":"article","og_title":"Cristiano Ronaldo a caminho do Atl\u00e9tico dos Arcos?","og_description":"O dia de hoje ficou marcado pela not\u00edcia da rescis\u00e3o do contrato de Cristiano Ronaldo com o Manchester United, ap\u00f3s a pol\u00e9mica entrevista do internacional portugu\u00eas a Piers Morgan, na qual criticou a falta de ambi\u00e7\u00e3o do clube. Como seria de esperar, a especula\u00e7\u00e3o em torno do futuro do avan\u00e7ado de 37 anos j\u00e1 come\u00e7ou [&hellip;]","og_url":"https:\/\/www.altominho.tv\/site\/2022\/11\/22\/cristiano-ronaldo-a-caminho-do-atletico-dos-arcos\/","og_site_name":"Altominho.tv","article_publisher":"https:\/\/www.facebook.com\/altominhotv","article_published_time":"2022-11-22T22:40:12+00:00","article_modified_time":"2022-12-10T01:14:27+00:00","og_image":[{"width":1043,"height":493,"url":"https:\/\/www.altominho.tv\/site\/wp-content\/uploads\/2022\/11\/ronaldo.jpg","type":"image\/jpeg"}],"author":"Cesar Lopes","twitter_card":"summary_large_image","twitter_creator":"@altominhoTV","twitter_site":"@altominhoTV","twitter_misc":{"Escrito por":"Cesar Lopes","Tempo estimado de leitura":"1 minuto"},"schema":{"@context":"https:\/\/schema.org","@graph":[{"@type":"Article","@id":"https:\/\/www.altominho.tv\/site\/2022\/11\/22\/cristiano-ronaldo-a-caminho-do-atletico-dos-arcos\/#article","isPartOf":{"@id":"https:\/\/www.altominho.tv\/site\/2022\/11\/22\/cristiano-ronaldo-a-caminho-do-atletico-dos-arcos\/"},"author":{"name":"Cesar Lopes","@id":"https:\/\/www.altominho.tv\/site\/#\/schema\/person\/c5570e5afb933b8d08c43373326ef1b1"},"headline":"Cristiano Ronaldo a caminho do Atl\u00e9tico dos Arcos?","datePublished":"2022-11-22T22:40:12+00:00","dateModified":"2022-12-10T01:14:27+00:00","mainEntityOfPage":{"@id":"https:\/\/www.altominho.tv\/site\/2022\/11\/22\/cristiano-ronaldo-a-caminho-do-atletico-dos-arcos\/"},"wordCount":195,"image":{"@id":"https:\/\/www.altominho.tv\/site\/2022\/11\/22\/cristiano-ronaldo-a-caminho-do-atletico-dos-arcos\/#primaryimage"},"thumbnailUrl":"https:\/\/www.altominho.tv\/site\/wp-content\/uploads\/2022\/11\/ronaldo.jpg","keywords":["Desporto"],"articleSection":["Arcos de Valdevez"],"inLanguage":"pt-PT","copyrightYear":"2022","copyrightHolder":{"@id":"https:\/\/www.altominho.tv\/site\/#organization"}},{"@type":"WebPage","@id":"https:\/\/www.altominho.tv\/site\/2022\/11\/22\/cristiano-ronaldo-a-caminho-do-atletico-dos-arcos\/","url":"https:\/\/www.altominho.tv\/site\/2022\/11\/22\/cristiano-ronaldo-a-caminho-do-atletico-dos-arcos\/","name":"Cristiano Ronaldo a caminho do Atl\u00e9tico dos Arcos?","isPartOf":{"@id":"https:\/\/www.altominho.tv\/site\/#website"},"primaryImageOfPage":{"@id":"https:\/\/www.altominho.tv\/site\/2022\/11\/22\/cristiano-ronaldo-a-caminho-do-atletico-dos-arcos\/#primaryimage"},"image":{"@id":"https:\/\/www.altominho.tv\/site\/2022\/11\/22\/cristiano-ronaldo-a-caminho-do-atletico-dos-arcos\/#primaryimage"},"thumbnailUrl":"https:\/\/www.altominho.tv\/site\/wp-content\/uploads\/2022\/11\/ronaldo.jpg","datePublished":"2022-11-22T22:40:12+00:00","dateModified":"2022-12-10T01:14:27+00:00","author":{"@id":"https:\/\/www.altominho.tv\/site\/#\/schema\/person\/c5570e5afb933b8d08c43373326ef1b1"},"breadcrumb":{"@id":"https:\/\/www.altominho.tv\/site\/2022\/11\/22\/cristiano-ronaldo-a-caminho-do-atletico-dos-arcos\/#breadcrumb"},"inLanguage":"pt-PT","potentialAction":[{"@type":"ReadAction","target":["https:\/\/www.altominho.tv\/site\/2022\/11\/22\/cristiano-ronaldo-a-caminho-do-atletico-dos-arcos\/"]}]},{"@type":"ImageObject","inLanguage":"pt-PT","@id":"https:\/\/www.altominho.tv\/site\/2022\/11\/22\/cristiano-ronaldo-a-caminho-do-atletico-dos-arcos\/#primaryimage","url":"https:\/\/www.altominho.tv\/site\/wp-content\/uploads\/2022\/11\/ronaldo.jpg","contentUrl":"https:\/\/www.altominho.tv\/site\/wp-content\/uploads\/2022\/11\/ronaldo.jpg","width":1043,"height":493},{"@type":"BreadcrumbList","@id":"https:\/\/www.altominho.tv\/site\/2022\/11\/22\/cristiano-ronaldo-a-caminho-do-atletico-dos-arcos\/#breadcrumb","itemListElement":[{"@type":"ListItem","position":1,"name":"In\u00edcio","item":"https:\/\/www.altominho.tv\/site\/"},{"@type":"ListItem","position":2,"name":"Cristiano Ronaldo a caminho do Atl\u00e9tico dos Arcos?"}]},{"@type":"WebSite","@id":"https:\/\/www.altominho.tv\/site\/#website","url":"https:\/\/www.altominho.tv\/site\/","name":"Altominho.tv","description":"A sua regi\u00e3o \u00e0 dist\u00e2ncia de um clique...","potentialAction":[{"@type":"SearchAction","target":{"@type":"EntryPoint","urlTemplate":"https:\/\/www.altominho.tv\/site\/?s={search_term_string}"},"query-input":{"@type":"PropertyValueSpecification","valueRequired":true,"valueName":"search_term_string"}}],"inLanguage":"pt-PT"},{"@type":"Person","@id":"https:\/\/www.altominho.tv\/site\/#\/schema\/person\/c5570e5afb933b8d08c43373326ef1b1","name":"Cesar Lopes","image":{"@type":"ImageObject","inLanguage":"pt-PT","@id":"https:\/\/www.altominho.tv\/site\/wp-content\/uploads\/2022\/10\/Sem-Titulo-150x150.jpg","url":"https:\/\/www.altominho.tv\/site\/wp-content\/uploads\/2022\/10\/Sem-Titulo-150x150.jpg","contentUrl":"https:\/\/www.altominho.tv\/site\/wp-content\/uploads\/2022\/10\/Sem-Titulo-150x150.jpg","caption":"Cesar Lopes"},"url":"https:\/\/www.altominho.tv\/site\/author\/cesarlopes\/"}]}},"_links":{"self":[{"href":"https:\/\/www.altominho.tv\/site\/wp-json\/wp\/v2\/posts\/85606","targetHints":{"allow":["GET"]}}],"collection":[{"href":"https:\/\/www.altominho.tv\/site\/wp-json\/wp\/v2\/posts"}],"about":[{"href":"https:\/\/www.altominho.tv\/site\/wp-json\/wp\/v2\/types\/post"}],"author":[{"embeddable":true,"href":"https:\/\/www.altominho.tv\/site\/wp-json\/wp\/v2\/users\/24"}],"replies":[{"embeddable":true,"href":"https:\/\/www.altominho.tv\/site\/wp-json\/wp\/v2\/comments?post=85606"}],"version-history":[{"count":3,"href":"https:\/\/www.altominho.tv\/site\/wp-json\/wp\/v2\/posts\/85606\/revisions"}],"predecessor-version":[{"id":86396,"href":"https:\/\/www.altominho.tv\/site\/wp-json\/wp\/v2\/posts\/85606\/revisions\/86396"}],"wp:featuredmedia":[{"embeddable":true,"href":"https:\/\/www.altominho.tv\/site\/wp-json\/wp\/v2\/media\/85607"}],"wp:attachment":[{"href":"https:\/\/www.altominho.tv\/site\/wp-json\/wp\/v2\/media?parent=85606"}],"wp:term":[{"taxonomy":"category","embeddable":true,"href":"https:\/\/www.altominho.tv\/site\/wp-json\/wp\/v2\/categories?post=85606"},{"taxonomy":"post_tag","embeddable":true,"href":"https:\/\/www.altominho.tv\/site\/wp-json\/wp\/v2\/tags?post=85606"}],"curies":[{"name":"wp","href":"https:\/\/api.w.org\/{rel}","templated":true}]}}