{"id":85579,"date":"2022-11-22T17:26:44","date_gmt":"2022-11-22T17:26:44","guid":{"rendered":"https:\/\/www.altominho.tv\/site\/?p=85579"},"modified":"2022-11-22T17:26:50","modified_gmt":"2022-11-22T17:26:50","slug":"municipio-apoiou-remodelacao-da-sede-de-associacao-em-vilar-suente","status":"publish","type":"post","link":"https:\/\/www.altominho.tv\/site\/2022\/11\/22\/municipio-apoiou-remodelacao-da-sede-de-associacao-em-vilar-suente\/","title":{"rendered":"Munic\u00edpio apoiou remodela\u00e7\u00e3o da Sede de Associa\u00e7\u00e3o\u00a0em Vilar Suente"},"content":{"rendered":"<p>A C\u00e2mara Municipal de Arcos de Valdevez apoiou a remodela\u00e7\u00e3o da sede da Associa\u00e7\u00e3o do Centro Recreativo e Cultural de Vilar de Suente, com o valor de 14.500 euros.<\/p>\n<p>\u201cA Autarquia reconhece o importante papel do movimento associativo no Concelho, pois ele \u00e9 parceiro no desenvolvimento cultural, recreativo, juvenil, social e desportivo. Desta forma, pretende contribuir para que a comunidade tenha acesso a diversos servi\u00e7os atrav\u00e9s das associa\u00e7\u00f5es e das institui\u00e7\u00f5es que espalham dinamismo, atividade, e s\u00e3o parceiros por excel\u00eancia na promo\u00e7\u00e3o do desenvolvimento de Arcos de Valdevez\u201d, adianta o munic\u00edpio em comunicado.<\/p>\n<p>\u201cA estes apoios \u00e0 atividade corrente, a C\u00e2mara Municipal junta a colabora\u00e7\u00e3o em outros dom\u00ednios, nomeadamente o apoio \u00e0 constru\u00e7\u00e3o, beneficia\u00e7\u00e3o e ced\u00eancia de instala\u00e7\u00f5es, ou a aquisi\u00e7\u00e3o de viaturas e equipamentos\u201d, frisa a autarquia.<\/p>\n","protected":false},"excerpt":{"rendered":"<p>A C\u00e2mara Municipal de Arcos de Valdevez apoiou a remodela\u00e7\u00e3o da sede da Associa\u00e7\u00e3o do Centro Recreativo e Cultural de Vilar de Suente, com o valor de 14.500 euros. \u201cA Autarquia reconhece o importante papel do movimento associativo no Concelho, pois ele \u00e9 parceiro no desenvolvimento cultural, recreativo, juvenil, social e desportivo. Desta forma, pretende [&hellip;]<\/p>\n","protected":false},"author":24,"featured_media":85580,"comment_status":"closed","ping_status":"closed","sticky":false,"template":"","format":"standard","meta":{"_exactmetrics_skip_tracking":false,"_exactmetrics_sitenote_active":false,"_exactmetrics_sitenote_note":"","_exactmetrics_sitenote_category":0,"footnotes":""},"categories":[2],"tags":[56326],"class_list":["post-85579","post","type-post","status-publish","format-standard","has-post-thumbnail","hentry","category-arcos-de-valdevez","tag-politica"],"yoast_head":"<!-- This site is optimized with the Yoast SEO Premium plugin v27.4 (Yoast SEO v27.4) - https:\/\/yoast.com\/product\/yoast-seo-premium-wordpress\/ -->\n<title>Munic\u00edpio apoiou remodela\u00e7\u00e3o da Sede de Associa\u00e7\u00e3o\u00a0em Vilar Suente<\/title>\n<meta name=\"description\" content=\"A C\u00e2mara Municipal de Arcos de Valdevez apoiou a remodela\u00e7\u00e3o da sede da Associa\u00e7\u00e3o do Centro Recreativo e Cultural de Vilar de Suente, com o valor de 14.500 euros.\" \/>\n<meta name=\"robots\" content=\"index, follow, max-snippet:-1, max-image-preview:large, max-video-preview:-1\" \/>\n<link rel=\"canonical\" href=\"https:\/\/www.altominho.tv\/site\/2022\/11\/22\/municipio-apoiou-remodelacao-da-sede-de-associacao-em-vilar-suente\/\" \/>\n<meta property=\"og:locale\" content=\"pt_PT\" \/>\n<meta property=\"og:type\" content=\"article\" \/>\n<meta property=\"og:title\" content=\"Munic\u00edpio apoiou remodela\u00e7\u00e3o da Sede de Associa\u00e7\u00e3o\u00a0em Vilar Suente\" \/>\n<meta property=\"og:description\" content=\"A C\u00e2mara Municipal de Arcos de Valdevez apoiou a remodela\u00e7\u00e3o da sede da Associa\u00e7\u00e3o do Centro Recreativo e Cultural de Vilar de Suente, com o valor de 14.500 euros.\" \/>\n<meta property=\"og:url\" content=\"https:\/\/www.altominho.tv\/site\/2022\/11\/22\/municipio-apoiou-remodelacao-da-sede-de-associacao-em-vilar-suente\/\" \/>\n<meta property=\"og:site_name\" content=\"Altominho.tv\" \/>\n<meta property=\"article:publisher\" content=\"https:\/\/www.facebook.com\/altominhotv\" \/>\n<meta property=\"article:published_time\" content=\"2022-11-22T17:26:44+00:00\" \/>\n<meta property=\"article:modified_time\" content=\"2022-11-22T17:26:50+00:00\" \/>\n<meta property=\"og:image\" content=\"https:\/\/www.altominho.tv\/site\/wp-content\/uploads\/2022\/11\/3911c236-d6f5-49c8-a926-95132dff130c.jpg\" \/>\n\t<meta property=\"og:image:width\" content=\"2000\" \/>\n\t<meta property=\"og:image:height\" content=\"900\" \/>\n\t<meta property=\"og:image:type\" content=\"image\/jpeg\" \/>\n<meta name=\"author\" content=\"Cesar Lopes\" \/>\n<meta name=\"twitter:card\" content=\"summary_large_image\" \/>\n<meta name=\"twitter:creator\" content=\"@altominhoTV\" \/>\n<meta name=\"twitter:site\" content=\"@altominhoTV\" \/>\n<meta name=\"twitter:label1\" content=\"Escrito por\" \/>\n\t<meta name=\"twitter:data1\" content=\"Cesar Lopes\" \/>\n\t<meta name=\"twitter:label2\" content=\"Tempo estimado de leitura\" \/>\n\t<meta name=\"twitter:data2\" content=\"1 minuto\" \/>\n<script type=\"application\/ld+json\" class=\"yoast-schema-graph\">{\"@context\":\"https:\\\/\\\/schema.org\",\"@graph\":[{\"@type\":\"Article\",\"@id\":\"https:\\\/\\\/www.altominho.tv\\\/site\\\/2022\\\/11\\\/22\\\/municipio-apoiou-remodelacao-da-sede-de-associacao-em-vilar-suente\\\/#article\",\"isPartOf\":{\"@id\":\"https:\\\/\\\/www.altominho.tv\\\/site\\\/2022\\\/11\\\/22\\\/municipio-apoiou-remodelacao-da-sede-de-associacao-em-vilar-suente\\\/\"},\"author\":{\"name\":\"Cesar Lopes\",\"@id\":\"https:\\\/\\\/www.altominho.tv\\\/site\\\/#\\\/schema\\\/person\\\/c5570e5afb933b8d08c43373326ef1b1\"},\"headline\":\"Munic\u00edpio apoiou remodela\u00e7\u00e3o da Sede de Associa\u00e7\u00e3o\u00a0em Vilar Suente\",\"datePublished\":\"2022-11-22T17:26:44+00:00\",\"dateModified\":\"2022-11-22T17:26:50+00:00\",\"mainEntityOfPage\":{\"@id\":\"https:\\\/\\\/www.altominho.tv\\\/site\\\/2022\\\/11\\\/22\\\/municipio-apoiou-remodelacao-da-sede-de-associacao-em-vilar-suente\\\/\"},\"wordCount\":156,\"image\":{\"@id\":\"https:\\\/\\\/www.altominho.tv\\\/site\\\/2022\\\/11\\\/22\\\/municipio-apoiou-remodelacao-da-sede-de-associacao-em-vilar-suente\\\/#primaryimage\"},\"thumbnailUrl\":\"https:\\\/\\\/www.altominho.tv\\\/site\\\/wp-content\\\/uploads\\\/2022\\\/11\\\/3911c236-d6f5-49c8-a926-95132dff130c.jpg\",\"keywords\":[\"Pol\u00edtica\"],\"articleSection\":[\"Arcos de Valdevez\"],\"inLanguage\":\"pt-PT\",\"copyrightYear\":\"2022\",\"copyrightHolder\":{\"@id\":\"https:\\\/\\\/www.altominho.tv\\\/site\\\/#organization\"}},{\"@type\":\"WebPage\",\"@id\":\"https:\\\/\\\/www.altominho.tv\\\/site\\\/2022\\\/11\\\/22\\\/municipio-apoiou-remodelacao-da-sede-de-associacao-em-vilar-suente\\\/\",\"url\":\"https:\\\/\\\/www.altominho.tv\\\/site\\\/2022\\\/11\\\/22\\\/municipio-apoiou-remodelacao-da-sede-de-associacao-em-vilar-suente\\\/\",\"name\":\"Munic\u00edpio apoiou remodela\u00e7\u00e3o da Sede de Associa\u00e7\u00e3o\u00a0em Vilar Suente\",\"isPartOf\":{\"@id\":\"https:\\\/\\\/www.altominho.tv\\\/site\\\/#website\"},\"primaryImageOfPage\":{\"@id\":\"https:\\\/\\\/www.altominho.tv\\\/site\\\/2022\\\/11\\\/22\\\/municipio-apoiou-remodelacao-da-sede-de-associacao-em-vilar-suente\\\/#primaryimage\"},\"image\":{\"@id\":\"https:\\\/\\\/www.altominho.tv\\\/site\\\/2022\\\/11\\\/22\\\/municipio-apoiou-remodelacao-da-sede-de-associacao-em-vilar-suente\\\/#primaryimage\"},\"thumbnailUrl\":\"https:\\\/\\\/www.altominho.tv\\\/site\\\/wp-content\\\/uploads\\\/2022\\\/11\\\/3911c236-d6f5-49c8-a926-95132dff130c.jpg\",\"datePublished\":\"2022-11-22T17:26:44+00:00\",\"dateModified\":\"2022-11-22T17:26:50+00:00\",\"author\":{\"@id\":\"https:\\\/\\\/www.altominho.tv\\\/site\\\/#\\\/schema\\\/person\\\/c5570e5afb933b8d08c43373326ef1b1\"},\"description\":\"A C\u00e2mara Municipal de Arcos de Valdevez apoiou a remodela\u00e7\u00e3o da sede da Associa\u00e7\u00e3o do Centro Recreativo e Cultural de Vilar de Suente, com o valor de 14.500 euros.\",\"breadcrumb\":{\"@id\":\"https:\\\/\\\/www.altominho.tv\\\/site\\\/2022\\\/11\\\/22\\\/municipio-apoiou-remodelacao-da-sede-de-associacao-em-vilar-suente\\\/#breadcrumb\"},\"inLanguage\":\"pt-PT\",\"potentialAction\":[{\"@type\":\"ReadAction\",\"target\":[\"https:\\\/\\\/www.altominho.tv\\\/site\\\/2022\\\/11\\\/22\\\/municipio-apoiou-remodelacao-da-sede-de-associacao-em-vilar-suente\\\/\"]}]},{\"@type\":\"ImageObject\",\"inLanguage\":\"pt-PT\",\"@id\":\"https:\\\/\\\/www.altominho.tv\\\/site\\\/2022\\\/11\\\/22\\\/municipio-apoiou-remodelacao-da-sede-de-associacao-em-vilar-suente\\\/#primaryimage\",\"url\":\"https:\\\/\\\/www.altominho.tv\\\/site\\\/wp-content\\\/uploads\\\/2022\\\/11\\\/3911c236-d6f5-49c8-a926-95132dff130c.jpg\",\"contentUrl\":\"https:\\\/\\\/www.altominho.tv\\\/site\\\/wp-content\\\/uploads\\\/2022\\\/11\\\/3911c236-d6f5-49c8-a926-95132dff130c.jpg\",\"width\":2000,\"height\":900},{\"@type\":\"BreadcrumbList\",\"@id\":\"https:\\\/\\\/www.altominho.tv\\\/site\\\/2022\\\/11\\\/22\\\/municipio-apoiou-remodelacao-da-sede-de-associacao-em-vilar-suente\\\/#breadcrumb\",\"itemListElement\":[{\"@type\":\"ListItem\",\"position\":1,\"name\":\"In\u00edcio\",\"item\":\"https:\\\/\\\/www.altominho.tv\\\/site\\\/\"},{\"@type\":\"ListItem\",\"position\":2,\"name\":\"Munic\u00edpio apoiou remodela\u00e7\u00e3o da Sede de Associa\u00e7\u00e3o\u00a0em Vilar Suente\"}]},{\"@type\":\"WebSite\",\"@id\":\"https:\\\/\\\/www.altominho.tv\\\/site\\\/#website\",\"url\":\"https:\\\/\\\/www.altominho.tv\\\/site\\\/\",\"name\":\"Altominho.tv\",\"description\":\"A sua regi\u00e3o \u00e0 dist\u00e2ncia de um clique...\",\"potentialAction\":[{\"@type\":\"SearchAction\",\"target\":{\"@type\":\"EntryPoint\",\"urlTemplate\":\"https:\\\/\\\/www.altominho.tv\\\/site\\\/?s={search_term_string}\"},\"query-input\":{\"@type\":\"PropertyValueSpecification\",\"valueRequired\":true,\"valueName\":\"search_term_string\"}}],\"inLanguage\":\"pt-PT\"},{\"@type\":\"Person\",\"@id\":\"https:\\\/\\\/www.altominho.tv\\\/site\\\/#\\\/schema\\\/person\\\/c5570e5afb933b8d08c43373326ef1b1\",\"name\":\"Cesar Lopes\",\"image\":{\"@type\":\"ImageObject\",\"inLanguage\":\"pt-PT\",\"@id\":\"https:\\\/\\\/www.altominho.tv\\\/site\\\/wp-content\\\/uploads\\\/2022\\\/10\\\/Sem-Titulo-150x150.jpg\",\"url\":\"https:\\\/\\\/www.altominho.tv\\\/site\\\/wp-content\\\/uploads\\\/2022\\\/10\\\/Sem-Titulo-150x150.jpg\",\"contentUrl\":\"https:\\\/\\\/www.altominho.tv\\\/site\\\/wp-content\\\/uploads\\\/2022\\\/10\\\/Sem-Titulo-150x150.jpg\",\"caption\":\"Cesar Lopes\"},\"url\":\"https:\\\/\\\/www.altominho.tv\\\/site\\\/author\\\/cesarlopes\\\/\"}]}<\/script>\n<!-- \/ Yoast SEO Premium plugin. -->","yoast_head_json":{"title":"Munic\u00edpio apoiou remodela\u00e7\u00e3o da Sede de Associa\u00e7\u00e3o\u00a0em Vilar Suente","description":"A C\u00e2mara Municipal de Arcos de Valdevez apoiou a remodela\u00e7\u00e3o da sede da Associa\u00e7\u00e3o do Centro Recreativo e Cultural de Vilar de Suente, com o valor de 14.500 euros.","robots":{"index":"index","follow":"follow","max-snippet":"max-snippet:-1","max-image-preview":"max-image-preview:large","max-video-preview":"max-video-preview:-1"},"canonical":"https:\/\/www.altominho.tv\/site\/2022\/11\/22\/municipio-apoiou-remodelacao-da-sede-de-associacao-em-vilar-suente\/","og_locale":"pt_PT","og_type":"article","og_title":"Munic\u00edpio apoiou remodela\u00e7\u00e3o da Sede de Associa\u00e7\u00e3o\u00a0em Vilar Suente","og_description":"A C\u00e2mara Municipal de Arcos de Valdevez apoiou a remodela\u00e7\u00e3o da sede da Associa\u00e7\u00e3o do Centro Recreativo e Cultural de Vilar de Suente, com o valor de 14.500 euros.","og_url":"https:\/\/www.altominho.tv\/site\/2022\/11\/22\/municipio-apoiou-remodelacao-da-sede-de-associacao-em-vilar-suente\/","og_site_name":"Altominho.tv","article_publisher":"https:\/\/www.facebook.com\/altominhotv","article_published_time":"2022-11-22T17:26:44+00:00","article_modified_time":"2022-11-22T17:26:50+00:00","og_image":[{"width":2000,"height":900,"url":"https:\/\/www.altominho.tv\/site\/wp-content\/uploads\/2022\/11\/3911c236-d6f5-49c8-a926-95132dff130c.jpg","type":"image\/jpeg"}],"author":"Cesar Lopes","twitter_card":"summary_large_image","twitter_creator":"@altominhoTV","twitter_site":"@altominhoTV","twitter_misc":{"Escrito por":"Cesar Lopes","Tempo estimado de leitura":"1 minuto"},"schema":{"@context":"https:\/\/schema.org","@graph":[{"@type":"Article","@id":"https:\/\/www.altominho.tv\/site\/2022\/11\/22\/municipio-apoiou-remodelacao-da-sede-de-associacao-em-vilar-suente\/#article","isPartOf":{"@id":"https:\/\/www.altominho.tv\/site\/2022\/11\/22\/municipio-apoiou-remodelacao-da-sede-de-associacao-em-vilar-suente\/"},"author":{"name":"Cesar Lopes","@id":"https:\/\/www.altominho.tv\/site\/#\/schema\/person\/c5570e5afb933b8d08c43373326ef1b1"},"headline":"Munic\u00edpio apoiou remodela\u00e7\u00e3o da Sede de Associa\u00e7\u00e3o\u00a0em Vilar Suente","datePublished":"2022-11-22T17:26:44+00:00","dateModified":"2022-11-22T17:26:50+00:00","mainEntityOfPage":{"@id":"https:\/\/www.altominho.tv\/site\/2022\/11\/22\/municipio-apoiou-remodelacao-da-sede-de-associacao-em-vilar-suente\/"},"wordCount":156,"image":{"@id":"https:\/\/www.altominho.tv\/site\/2022\/11\/22\/municipio-apoiou-remodelacao-da-sede-de-associacao-em-vilar-suente\/#primaryimage"},"thumbnailUrl":"https:\/\/www.altominho.tv\/site\/wp-content\/uploads\/2022\/11\/3911c236-d6f5-49c8-a926-95132dff130c.jpg","keywords":["Pol\u00edtica"],"articleSection":["Arcos de Valdevez"],"inLanguage":"pt-PT","copyrightYear":"2022","copyrightHolder":{"@id":"https:\/\/www.altominho.tv\/site\/#organization"}},{"@type":"WebPage","@id":"https:\/\/www.altominho.tv\/site\/2022\/11\/22\/municipio-apoiou-remodelacao-da-sede-de-associacao-em-vilar-suente\/","url":"https:\/\/www.altominho.tv\/site\/2022\/11\/22\/municipio-apoiou-remodelacao-da-sede-de-associacao-em-vilar-suente\/","name":"Munic\u00edpio apoiou remodela\u00e7\u00e3o da Sede de Associa\u00e7\u00e3o\u00a0em Vilar Suente","isPartOf":{"@id":"https:\/\/www.altominho.tv\/site\/#website"},"primaryImageOfPage":{"@id":"https:\/\/www.altominho.tv\/site\/2022\/11\/22\/municipio-apoiou-remodelacao-da-sede-de-associacao-em-vilar-suente\/#primaryimage"},"image":{"@id":"https:\/\/www.altominho.tv\/site\/2022\/11\/22\/municipio-apoiou-remodelacao-da-sede-de-associacao-em-vilar-suente\/#primaryimage"},"thumbnailUrl":"https:\/\/www.altominho.tv\/site\/wp-content\/uploads\/2022\/11\/3911c236-d6f5-49c8-a926-95132dff130c.jpg","datePublished":"2022-11-22T17:26:44+00:00","dateModified":"2022-11-22T17:26:50+00:00","author":{"@id":"https:\/\/www.altominho.tv\/site\/#\/schema\/person\/c5570e5afb933b8d08c43373326ef1b1"},"description":"A C\u00e2mara Municipal de Arcos de Valdevez apoiou a remodela\u00e7\u00e3o da sede da Associa\u00e7\u00e3o do Centro Recreativo e Cultural de Vilar de Suente, com o valor de 14.500 euros.","breadcrumb":{"@id":"https:\/\/www.altominho.tv\/site\/2022\/11\/22\/municipio-apoiou-remodelacao-da-sede-de-associacao-em-vilar-suente\/#breadcrumb"},"inLanguage":"pt-PT","potentialAction":[{"@type":"ReadAction","target":["https:\/\/www.altominho.tv\/site\/2022\/11\/22\/municipio-apoiou-remodelacao-da-sede-de-associacao-em-vilar-suente\/"]}]},{"@type":"ImageObject","inLanguage":"pt-PT","@id":"https:\/\/www.altominho.tv\/site\/2022\/11\/22\/municipio-apoiou-remodelacao-da-sede-de-associacao-em-vilar-suente\/#primaryimage","url":"https:\/\/www.altominho.tv\/site\/wp-content\/uploads\/2022\/11\/3911c236-d6f5-49c8-a926-95132dff130c.jpg","contentUrl":"https:\/\/www.altominho.tv\/site\/wp-content\/uploads\/2022\/11\/3911c236-d6f5-49c8-a926-95132dff130c.jpg","width":2000,"height":900},{"@type":"BreadcrumbList","@id":"https:\/\/www.altominho.tv\/site\/2022\/11\/22\/municipio-apoiou-remodelacao-da-sede-de-associacao-em-vilar-suente\/#breadcrumb","itemListElement":[{"@type":"ListItem","position":1,"name":"In\u00edcio","item":"https:\/\/www.altominho.tv\/site\/"},{"@type":"ListItem","position":2,"name":"Munic\u00edpio apoiou remodela\u00e7\u00e3o da Sede de Associa\u00e7\u00e3o\u00a0em Vilar Suente"}]},{"@type":"WebSite","@id":"https:\/\/www.altominho.tv\/site\/#website","url":"https:\/\/www.altominho.tv\/site\/","name":"Altominho.tv","description":"A sua regi\u00e3o \u00e0 dist\u00e2ncia de um clique...","potentialAction":[{"@type":"SearchAction","target":{"@type":"EntryPoint","urlTemplate":"https:\/\/www.altominho.tv\/site\/?s={search_term_string}"},"query-input":{"@type":"PropertyValueSpecification","valueRequired":true,"valueName":"search_term_string"}}],"inLanguage":"pt-PT"},{"@type":"Person","@id":"https:\/\/www.altominho.tv\/site\/#\/schema\/person\/c5570e5afb933b8d08c43373326ef1b1","name":"Cesar Lopes","image":{"@type":"ImageObject","inLanguage":"pt-PT","@id":"https:\/\/www.altominho.tv\/site\/wp-content\/uploads\/2022\/10\/Sem-Titulo-150x150.jpg","url":"https:\/\/www.altominho.tv\/site\/wp-content\/uploads\/2022\/10\/Sem-Titulo-150x150.jpg","contentUrl":"https:\/\/www.altominho.tv\/site\/wp-content\/uploads\/2022\/10\/Sem-Titulo-150x150.jpg","caption":"Cesar Lopes"},"url":"https:\/\/www.altominho.tv\/site\/author\/cesarlopes\/"}]}},"_links":{"self":[{"href":"https:\/\/www.altominho.tv\/site\/wp-json\/wp\/v2\/posts\/85579","targetHints":{"allow":["GET"]}}],"collection":[{"href":"https:\/\/www.altominho.tv\/site\/wp-json\/wp\/v2\/posts"}],"about":[{"href":"https:\/\/www.altominho.tv\/site\/wp-json\/wp\/v2\/types\/post"}],"author":[{"embeddable":true,"href":"https:\/\/www.altominho.tv\/site\/wp-json\/wp\/v2\/users\/24"}],"replies":[{"embeddable":true,"href":"https:\/\/www.altominho.tv\/site\/wp-json\/wp\/v2\/comments?post=85579"}],"version-history":[{"count":1,"href":"https:\/\/www.altominho.tv\/site\/wp-json\/wp\/v2\/posts\/85579\/revisions"}],"predecessor-version":[{"id":85581,"href":"https:\/\/www.altominho.tv\/site\/wp-json\/wp\/v2\/posts\/85579\/revisions\/85581"}],"wp:featuredmedia":[{"embeddable":true,"href":"https:\/\/www.altominho.tv\/site\/wp-json\/wp\/v2\/media\/85580"}],"wp:attachment":[{"href":"https:\/\/www.altominho.tv\/site\/wp-json\/wp\/v2\/media?parent=85579"}],"wp:term":[{"taxonomy":"category","embeddable":true,"href":"https:\/\/www.altominho.tv\/site\/wp-json\/wp\/v2\/categories?post=85579"},{"taxonomy":"post_tag","embeddable":true,"href":"https:\/\/www.altominho.tv\/site\/wp-json\/wp\/v2\/tags?post=85579"}],"curies":[{"name":"wp","href":"https:\/\/api.w.org\/{rel}","templated":true}]}}