{"id":85547,"date":"2022-11-22T11:39:41","date_gmt":"2022-11-22T11:39:41","guid":{"rendered":"https:\/\/www.altominho.tv\/site\/?p=85547"},"modified":"2022-11-22T11:39:46","modified_gmt":"2022-11-22T11:39:46","slug":"gastronomia-arcos-de-valdevez-2","status":"publish","type":"post","link":"https:\/\/www.altominho.tv\/site\/2022\/11\/22\/gastronomia-arcos-de-valdevez-2\/","title":{"rendered":"Roj\u00f5es e Papas de Sarrabulho retornam \u00e0s mesas dos restaurantes arcuenses"},"content":{"rendered":"\n<p>No pr\u00f3ximo fim-de-semana, nos dias 26 e 27 de novembro, a iniciativa <em>Arcos \u00e0 Mesa <\/em>leva \u00e0s mesas dos restaurantes arcuenses os tradicionais Roj\u00f5es acompanhados das Papas de Sarrabulho.<\/p>\n\n\n\n<p>Este \u00e9 um prato muito procurado e apreciado nesta \u00e9poca do ano. Em Arcos de Valdevez ter\u00e1 ainda a oportunidade de saborear a do\u00e7aria tradicional, entre os quais os Charutos dos Arcos, eleitos uma das 7 Maravilhas Doces de Portugal, e os vinhos verdes produzidos no concelho e na regi\u00e3o.<\/p>\n\n\n\n<p>Estas mostras gastron\u00f3micas decorrem ao longo do ano, em Arcos de Valdevez, e trazem v\u00e1rias especialidades t\u00edpicas como a carne cachena com arroz de feij\u00e3o tarrestre, o cabritinho mam\u00e3o da serra, o bacalhau \u00e0 lavrador, o cozido \u00e0 minhota, o arroz pica no ch\u00e3o, entre outros petiscos carater\u00edsticos da regi\u00e3o.<\/p>\n","protected":false},"excerpt":{"rendered":"<p>No pr\u00f3ximo fim-de-semana, nos dias 26 e 27 de novembro, a iniciativa Arcos \u00e0 Mesa leva \u00e0s mesas dos restaurantes arcuenses os tradicionais Roj\u00f5es acompanhados das Papas de Sarrabulho. Este \u00e9 um prato muito procurado e apreciado nesta \u00e9poca do ano. Em Arcos de Valdevez ter\u00e1 ainda a oportunidade de saborear a do\u00e7aria tradicional, entre [&hellip;]<\/p>\n","protected":false},"author":7,"featured_media":85548,"comment_status":"closed","ping_status":"closed","sticky":false,"template":"","format":"standard","meta":{"_exactmetrics_skip_tracking":false,"_exactmetrics_sitenote_active":false,"_exactmetrics_sitenote_note":"","_exactmetrics_sitenote_category":0,"footnotes":""},"categories":[2],"tags":[81],"class_list":["post-85547","post","type-post","status-publish","format-standard","has-post-thumbnail","hentry","category-arcos-de-valdevez","tag-gastronomia"],"yoast_head":"<!-- This site is optimized with the Yoast SEO Premium plugin v27.4 (Yoast SEO v27.4) - https:\/\/yoast.com\/product\/yoast-seo-premium-wordpress\/ -->\n<title>Roj\u00f5es e Papas de Sarrabulho retornam \u00e0s mesas dos restaurantes arcuenses<\/title>\n<meta name=\"description\" content=\"Os famosos Roj\u00f5es e Papas de Sarrabulho retornam \u00e0s mesas dos restaurantes arcuenses no pr\u00f3ximo fim de semana.\" \/>\n<meta name=\"robots\" content=\"index, follow, max-snippet:-1, max-image-preview:large, max-video-preview:-1\" \/>\n<link rel=\"canonical\" href=\"https:\/\/www.altominho.tv\/site\/2022\/11\/22\/gastronomia-arcos-de-valdevez-2\/\" \/>\n<meta property=\"og:locale\" content=\"pt_PT\" \/>\n<meta property=\"og:type\" content=\"article\" \/>\n<meta property=\"og:title\" content=\"Roj\u00f5es e Papas de Sarrabulho retornam \u00e0s mesas dos restaurantes arcuenses\" \/>\n<meta property=\"og:description\" content=\"Os famosos Roj\u00f5es e Papas de Sarrabulho retornam \u00e0s mesas dos restaurantes arcuenses no pr\u00f3ximo fim de semana.\" \/>\n<meta property=\"og:url\" content=\"https:\/\/www.altominho.tv\/site\/2022\/11\/22\/gastronomia-arcos-de-valdevez-2\/\" \/>\n<meta property=\"og:site_name\" content=\"Altominho.tv\" \/>\n<meta property=\"article:publisher\" content=\"https:\/\/www.facebook.com\/altominhotv\" \/>\n<meta property=\"article:published_time\" content=\"2022-11-22T11:39:41+00:00\" \/>\n<meta property=\"article:modified_time\" content=\"2022-11-22T11:39:46+00:00\" \/>\n<meta property=\"og:image\" content=\"https:\/\/www.altominho.tv\/site\/wp-content\/uploads\/2022\/11\/papas-de-sarrabulho-740x416-2.jpg\" \/>\n\t<meta property=\"og:image:width\" content=\"740\" \/>\n\t<meta property=\"og:image:height\" content=\"416\" \/>\n\t<meta property=\"og:image:type\" content=\"image\/jpeg\" \/>\n<meta name=\"author\" content=\"Andreia Cunha\" \/>\n<meta name=\"twitter:card\" content=\"summary_large_image\" \/>\n<meta name=\"twitter:creator\" content=\"@altominhoTV\" \/>\n<meta name=\"twitter:site\" content=\"@altominhoTV\" \/>\n<meta name=\"twitter:label1\" content=\"Escrito por\" \/>\n\t<meta name=\"twitter:data1\" content=\"Andreia Cunha\" \/>\n\t<meta name=\"twitter:label2\" content=\"Tempo estimado de leitura\" \/>\n\t<meta name=\"twitter:data2\" content=\"1 minuto\" \/>\n<script type=\"application\/ld+json\" class=\"yoast-schema-graph\">{\"@context\":\"https:\\\/\\\/schema.org\",\"@graph\":[{\"@type\":\"Article\",\"@id\":\"https:\\\/\\\/www.altominho.tv\\\/site\\\/2022\\\/11\\\/22\\\/gastronomia-arcos-de-valdevez-2\\\/#article\",\"isPartOf\":{\"@id\":\"https:\\\/\\\/www.altominho.tv\\\/site\\\/2022\\\/11\\\/22\\\/gastronomia-arcos-de-valdevez-2\\\/\"},\"author\":{\"name\":\"Andreia Cunha\",\"@id\":\"https:\\\/\\\/www.altominho.tv\\\/site\\\/#\\\/schema\\\/person\\\/a0e4ef6d041f98ca284393d8f1d97153\"},\"headline\":\"Roj\u00f5es e Papas de Sarrabulho retornam \u00e0s mesas dos restaurantes arcuenses\",\"datePublished\":\"2022-11-22T11:39:41+00:00\",\"dateModified\":\"2022-11-22T11:39:46+00:00\",\"mainEntityOfPage\":{\"@id\":\"https:\\\/\\\/www.altominho.tv\\\/site\\\/2022\\\/11\\\/22\\\/gastronomia-arcos-de-valdevez-2\\\/\"},\"wordCount\":146,\"image\":{\"@id\":\"https:\\\/\\\/www.altominho.tv\\\/site\\\/2022\\\/11\\\/22\\\/gastronomia-arcos-de-valdevez-2\\\/#primaryimage\"},\"thumbnailUrl\":\"https:\\\/\\\/www.altominho.tv\\\/site\\\/wp-content\\\/uploads\\\/2022\\\/11\\\/papas-de-sarrabulho-740x416-2.jpg\",\"keywords\":[\"Gastronomia\"],\"articleSection\":[\"Arcos de Valdevez\"],\"inLanguage\":\"pt-PT\",\"copyrightYear\":\"2022\",\"copyrightHolder\":{\"@id\":\"https:\\\/\\\/www.altominho.tv\\\/site\\\/#organization\"}},{\"@type\":\"WebPage\",\"@id\":\"https:\\\/\\\/www.altominho.tv\\\/site\\\/2022\\\/11\\\/22\\\/gastronomia-arcos-de-valdevez-2\\\/\",\"url\":\"https:\\\/\\\/www.altominho.tv\\\/site\\\/2022\\\/11\\\/22\\\/gastronomia-arcos-de-valdevez-2\\\/\",\"name\":\"Roj\u00f5es e Papas de Sarrabulho retornam \u00e0s mesas dos restaurantes arcuenses\",\"isPartOf\":{\"@id\":\"https:\\\/\\\/www.altominho.tv\\\/site\\\/#website\"},\"primaryImageOfPage\":{\"@id\":\"https:\\\/\\\/www.altominho.tv\\\/site\\\/2022\\\/11\\\/22\\\/gastronomia-arcos-de-valdevez-2\\\/#primaryimage\"},\"image\":{\"@id\":\"https:\\\/\\\/www.altominho.tv\\\/site\\\/2022\\\/11\\\/22\\\/gastronomia-arcos-de-valdevez-2\\\/#primaryimage\"},\"thumbnailUrl\":\"https:\\\/\\\/www.altominho.tv\\\/site\\\/wp-content\\\/uploads\\\/2022\\\/11\\\/papas-de-sarrabulho-740x416-2.jpg\",\"datePublished\":\"2022-11-22T11:39:41+00:00\",\"dateModified\":\"2022-11-22T11:39:46+00:00\",\"author\":{\"@id\":\"https:\\\/\\\/www.altominho.tv\\\/site\\\/#\\\/schema\\\/person\\\/a0e4ef6d041f98ca284393d8f1d97153\"},\"description\":\"Os famosos Roj\u00f5es e Papas de Sarrabulho retornam \u00e0s mesas dos restaurantes arcuenses no pr\u00f3ximo fim de semana.\",\"breadcrumb\":{\"@id\":\"https:\\\/\\\/www.altominho.tv\\\/site\\\/2022\\\/11\\\/22\\\/gastronomia-arcos-de-valdevez-2\\\/#breadcrumb\"},\"inLanguage\":\"pt-PT\",\"potentialAction\":[{\"@type\":\"ReadAction\",\"target\":[\"https:\\\/\\\/www.altominho.tv\\\/site\\\/2022\\\/11\\\/22\\\/gastronomia-arcos-de-valdevez-2\\\/\"]}]},{\"@type\":\"ImageObject\",\"inLanguage\":\"pt-PT\",\"@id\":\"https:\\\/\\\/www.altominho.tv\\\/site\\\/2022\\\/11\\\/22\\\/gastronomia-arcos-de-valdevez-2\\\/#primaryimage\",\"url\":\"https:\\\/\\\/www.altominho.tv\\\/site\\\/wp-content\\\/uploads\\\/2022\\\/11\\\/papas-de-sarrabulho-740x416-2.jpg\",\"contentUrl\":\"https:\\\/\\\/www.altominho.tv\\\/site\\\/wp-content\\\/uploads\\\/2022\\\/11\\\/papas-de-sarrabulho-740x416-2.jpg\",\"width\":740,\"height\":416},{\"@type\":\"BreadcrumbList\",\"@id\":\"https:\\\/\\\/www.altominho.tv\\\/site\\\/2022\\\/11\\\/22\\\/gastronomia-arcos-de-valdevez-2\\\/#breadcrumb\",\"itemListElement\":[{\"@type\":\"ListItem\",\"position\":1,\"name\":\"In\u00edcio\",\"item\":\"https:\\\/\\\/www.altominho.tv\\\/site\\\/\"},{\"@type\":\"ListItem\",\"position\":2,\"name\":\"Roj\u00f5es e Papas de Sarrabulho retornam \u00e0s mesas dos restaurantes arcuenses\"}]},{\"@type\":\"WebSite\",\"@id\":\"https:\\\/\\\/www.altominho.tv\\\/site\\\/#website\",\"url\":\"https:\\\/\\\/www.altominho.tv\\\/site\\\/\",\"name\":\"Altominho.tv\",\"description\":\"A sua regi\u00e3o \u00e0 dist\u00e2ncia de um clique...\",\"potentialAction\":[{\"@type\":\"SearchAction\",\"target\":{\"@type\":\"EntryPoint\",\"urlTemplate\":\"https:\\\/\\\/www.altominho.tv\\\/site\\\/?s={search_term_string}\"},\"query-input\":{\"@type\":\"PropertyValueSpecification\",\"valueRequired\":true,\"valueName\":\"search_term_string\"}}],\"inLanguage\":\"pt-PT\"},{\"@type\":\"Person\",\"@id\":\"https:\\\/\\\/www.altominho.tv\\\/site\\\/#\\\/schema\\\/person\\\/a0e4ef6d041f98ca284393d8f1d97153\",\"name\":\"Andreia Cunha\",\"image\":{\"@type\":\"ImageObject\",\"inLanguage\":\"pt-PT\",\"@id\":\"https:\\\/\\\/www.altominho.tv\\\/site\\\/wp-content\\\/uploads\\\/2017\\\/11\\\/Andreia_Cunha-1-150x150.jpg\",\"url\":\"https:\\\/\\\/www.altominho.tv\\\/site\\\/wp-content\\\/uploads\\\/2017\\\/11\\\/Andreia_Cunha-1-150x150.jpg\",\"contentUrl\":\"https:\\\/\\\/www.altominho.tv\\\/site\\\/wp-content\\\/uploads\\\/2017\\\/11\\\/Andreia_Cunha-1-150x150.jpg\",\"caption\":\"Andreia Cunha\"},\"url\":\"https:\\\/\\\/www.altominho.tv\\\/site\\\/author\\\/andreiacunha\\\/\"}]}<\/script>\n<!-- \/ Yoast SEO Premium plugin. -->","yoast_head_json":{"title":"Roj\u00f5es e Papas de Sarrabulho retornam \u00e0s mesas dos restaurantes arcuenses","description":"Os famosos Roj\u00f5es e Papas de Sarrabulho retornam \u00e0s mesas dos restaurantes arcuenses no pr\u00f3ximo fim de semana.","robots":{"index":"index","follow":"follow","max-snippet":"max-snippet:-1","max-image-preview":"max-image-preview:large","max-video-preview":"max-video-preview:-1"},"canonical":"https:\/\/www.altominho.tv\/site\/2022\/11\/22\/gastronomia-arcos-de-valdevez-2\/","og_locale":"pt_PT","og_type":"article","og_title":"Roj\u00f5es e Papas de Sarrabulho retornam \u00e0s mesas dos restaurantes arcuenses","og_description":"Os famosos Roj\u00f5es e Papas de Sarrabulho retornam \u00e0s mesas dos restaurantes arcuenses no pr\u00f3ximo fim de semana.","og_url":"https:\/\/www.altominho.tv\/site\/2022\/11\/22\/gastronomia-arcos-de-valdevez-2\/","og_site_name":"Altominho.tv","article_publisher":"https:\/\/www.facebook.com\/altominhotv","article_published_time":"2022-11-22T11:39:41+00:00","article_modified_time":"2022-11-22T11:39:46+00:00","og_image":[{"width":740,"height":416,"url":"https:\/\/www.altominho.tv\/site\/wp-content\/uploads\/2022\/11\/papas-de-sarrabulho-740x416-2.jpg","type":"image\/jpeg"}],"author":"Andreia Cunha","twitter_card":"summary_large_image","twitter_creator":"@altominhoTV","twitter_site":"@altominhoTV","twitter_misc":{"Escrito por":"Andreia Cunha","Tempo estimado de leitura":"1 minuto"},"schema":{"@context":"https:\/\/schema.org","@graph":[{"@type":"Article","@id":"https:\/\/www.altominho.tv\/site\/2022\/11\/22\/gastronomia-arcos-de-valdevez-2\/#article","isPartOf":{"@id":"https:\/\/www.altominho.tv\/site\/2022\/11\/22\/gastronomia-arcos-de-valdevez-2\/"},"author":{"name":"Andreia Cunha","@id":"https:\/\/www.altominho.tv\/site\/#\/schema\/person\/a0e4ef6d041f98ca284393d8f1d97153"},"headline":"Roj\u00f5es e Papas de Sarrabulho retornam \u00e0s mesas dos restaurantes arcuenses","datePublished":"2022-11-22T11:39:41+00:00","dateModified":"2022-11-22T11:39:46+00:00","mainEntityOfPage":{"@id":"https:\/\/www.altominho.tv\/site\/2022\/11\/22\/gastronomia-arcos-de-valdevez-2\/"},"wordCount":146,"image":{"@id":"https:\/\/www.altominho.tv\/site\/2022\/11\/22\/gastronomia-arcos-de-valdevez-2\/#primaryimage"},"thumbnailUrl":"https:\/\/www.altominho.tv\/site\/wp-content\/uploads\/2022\/11\/papas-de-sarrabulho-740x416-2.jpg","keywords":["Gastronomia"],"articleSection":["Arcos de Valdevez"],"inLanguage":"pt-PT","copyrightYear":"2022","copyrightHolder":{"@id":"https:\/\/www.altominho.tv\/site\/#organization"}},{"@type":"WebPage","@id":"https:\/\/www.altominho.tv\/site\/2022\/11\/22\/gastronomia-arcos-de-valdevez-2\/","url":"https:\/\/www.altominho.tv\/site\/2022\/11\/22\/gastronomia-arcos-de-valdevez-2\/","name":"Roj\u00f5es e Papas de Sarrabulho retornam \u00e0s mesas dos restaurantes arcuenses","isPartOf":{"@id":"https:\/\/www.altominho.tv\/site\/#website"},"primaryImageOfPage":{"@id":"https:\/\/www.altominho.tv\/site\/2022\/11\/22\/gastronomia-arcos-de-valdevez-2\/#primaryimage"},"image":{"@id":"https:\/\/www.altominho.tv\/site\/2022\/11\/22\/gastronomia-arcos-de-valdevez-2\/#primaryimage"},"thumbnailUrl":"https:\/\/www.altominho.tv\/site\/wp-content\/uploads\/2022\/11\/papas-de-sarrabulho-740x416-2.jpg","datePublished":"2022-11-22T11:39:41+00:00","dateModified":"2022-11-22T11:39:46+00:00","author":{"@id":"https:\/\/www.altominho.tv\/site\/#\/schema\/person\/a0e4ef6d041f98ca284393d8f1d97153"},"description":"Os famosos Roj\u00f5es e Papas de Sarrabulho retornam \u00e0s mesas dos restaurantes arcuenses no pr\u00f3ximo fim de semana.","breadcrumb":{"@id":"https:\/\/www.altominho.tv\/site\/2022\/11\/22\/gastronomia-arcos-de-valdevez-2\/#breadcrumb"},"inLanguage":"pt-PT","potentialAction":[{"@type":"ReadAction","target":["https:\/\/www.altominho.tv\/site\/2022\/11\/22\/gastronomia-arcos-de-valdevez-2\/"]}]},{"@type":"ImageObject","inLanguage":"pt-PT","@id":"https:\/\/www.altominho.tv\/site\/2022\/11\/22\/gastronomia-arcos-de-valdevez-2\/#primaryimage","url":"https:\/\/www.altominho.tv\/site\/wp-content\/uploads\/2022\/11\/papas-de-sarrabulho-740x416-2.jpg","contentUrl":"https:\/\/www.altominho.tv\/site\/wp-content\/uploads\/2022\/11\/papas-de-sarrabulho-740x416-2.jpg","width":740,"height":416},{"@type":"BreadcrumbList","@id":"https:\/\/www.altominho.tv\/site\/2022\/11\/22\/gastronomia-arcos-de-valdevez-2\/#breadcrumb","itemListElement":[{"@type":"ListItem","position":1,"name":"In\u00edcio","item":"https:\/\/www.altominho.tv\/site\/"},{"@type":"ListItem","position":2,"name":"Roj\u00f5es e Papas de Sarrabulho retornam \u00e0s mesas dos restaurantes arcuenses"}]},{"@type":"WebSite","@id":"https:\/\/www.altominho.tv\/site\/#website","url":"https:\/\/www.altominho.tv\/site\/","name":"Altominho.tv","description":"A sua regi\u00e3o \u00e0 dist\u00e2ncia de um clique...","potentialAction":[{"@type":"SearchAction","target":{"@type":"EntryPoint","urlTemplate":"https:\/\/www.altominho.tv\/site\/?s={search_term_string}"},"query-input":{"@type":"PropertyValueSpecification","valueRequired":true,"valueName":"search_term_string"}}],"inLanguage":"pt-PT"},{"@type":"Person","@id":"https:\/\/www.altominho.tv\/site\/#\/schema\/person\/a0e4ef6d041f98ca284393d8f1d97153","name":"Andreia Cunha","image":{"@type":"ImageObject","inLanguage":"pt-PT","@id":"https:\/\/www.altominho.tv\/site\/wp-content\/uploads\/2017\/11\/Andreia_Cunha-1-150x150.jpg","url":"https:\/\/www.altominho.tv\/site\/wp-content\/uploads\/2017\/11\/Andreia_Cunha-1-150x150.jpg","contentUrl":"https:\/\/www.altominho.tv\/site\/wp-content\/uploads\/2017\/11\/Andreia_Cunha-1-150x150.jpg","caption":"Andreia Cunha"},"url":"https:\/\/www.altominho.tv\/site\/author\/andreiacunha\/"}]}},"_links":{"self":[{"href":"https:\/\/www.altominho.tv\/site\/wp-json\/wp\/v2\/posts\/85547","targetHints":{"allow":["GET"]}}],"collection":[{"href":"https:\/\/www.altominho.tv\/site\/wp-json\/wp\/v2\/posts"}],"about":[{"href":"https:\/\/www.altominho.tv\/site\/wp-json\/wp\/v2\/types\/post"}],"author":[{"embeddable":true,"href":"https:\/\/www.altominho.tv\/site\/wp-json\/wp\/v2\/users\/7"}],"replies":[{"embeddable":true,"href":"https:\/\/www.altominho.tv\/site\/wp-json\/wp\/v2\/comments?post=85547"}],"version-history":[{"count":1,"href":"https:\/\/www.altominho.tv\/site\/wp-json\/wp\/v2\/posts\/85547\/revisions"}],"predecessor-version":[{"id":85549,"href":"https:\/\/www.altominho.tv\/site\/wp-json\/wp\/v2\/posts\/85547\/revisions\/85549"}],"wp:featuredmedia":[{"embeddable":true,"href":"https:\/\/www.altominho.tv\/site\/wp-json\/wp\/v2\/media\/85548"}],"wp:attachment":[{"href":"https:\/\/www.altominho.tv\/site\/wp-json\/wp\/v2\/media?parent=85547"}],"wp:term":[{"taxonomy":"category","embeddable":true,"href":"https:\/\/www.altominho.tv\/site\/wp-json\/wp\/v2\/categories?post=85547"},{"taxonomy":"post_tag","embeddable":true,"href":"https:\/\/www.altominho.tv\/site\/wp-json\/wp\/v2\/tags?post=85547"}],"curies":[{"name":"wp","href":"https:\/\/api.w.org\/{rel}","templated":true}]}}