{"id":85154,"date":"2022-11-14T23:21:21","date_gmt":"2022-11-14T23:21:21","guid":{"rendered":"https:\/\/www.altominho.tv\/site\/?p=85154"},"modified":"2022-11-14T23:21:27","modified_gmt":"2022-11-14T23:21:27","slug":"fortaleza-de-chocolate-regressa-entre-1-e-6-de-dezembro","status":"publish","type":"post","link":"https:\/\/www.altominho.tv\/site\/2022\/11\/14\/fortaleza-de-chocolate-regressa-entre-1-e-6-de-dezembro\/","title":{"rendered":"Fortaleza de Chocolate regressa entre 1 e 6 de dezembro"},"content":{"rendered":"<p>Valen\u00e7a volta a ser palco da iniciativa Fortaleza de Chocolate que vai decorrer entre os dias 1 e 6 de dezembro.<\/p>\n<p>Em comunicado enviado \u00e0 imprensa, a C\u00e2mara de Valen\u00e7a explicou que o evento, que vai desenvolver-se por seis pontos da fortaleza, incluir\u00e1 uma feira \/ mostra dedicada \u00e0 degusta\u00e7\u00e3o e compra de produtos \u00e0 base de chocolate e do\u00e7aria.<\/p>\n<p>A feira contar\u00e1 com a presen\u00e7a de doceiros, pasteleiros, produtores de chocolate e \u2018chocolatiers\u2019 portugueses e espanh\u00f3is.<\/p>\n<p>O evento, este ano, vai, entre o Jardim das Amoreiras e Largo do Bom Jesus, na Coroada e a Pra\u00e7a da Rep\u00fablica, Rua da Oliveira, Largo do Governo Militar e Travessa do Hospital Militar, no Recinto Magistral, entre as 10h00 e as 20h00.<\/p>\n<p>A Fortaleza de Chocolate insere-se na programa\u00e7\u00e3o de Natal promovida pela C\u00e2mara Municipal que arranca, no dia 1 de dezembro e prolonga-se at\u00e9 \u00e0s festividades dos Reis.<\/p>\n","protected":false},"excerpt":{"rendered":"<p>Valen\u00e7a volta a ser palco da iniciativa Fortaleza de Chocolate que vai decorrer entre os dias 1 e 6 de dezembro. Em comunicado enviado \u00e0 imprensa, a C\u00e2mara de Valen\u00e7a explicou que o evento, que vai desenvolver-se por seis pontos da fortaleza, incluir\u00e1 uma feira \/ mostra dedicada \u00e0 degusta\u00e7\u00e3o e compra de produtos \u00e0 [&hellip;]<\/p>\n","protected":false},"author":24,"featured_media":6321,"comment_status":"closed","ping_status":"closed","sticky":false,"template":"","format":"standard","meta":{"_exactmetrics_skip_tracking":false,"_exactmetrics_sitenote_active":false,"_exactmetrics_sitenote_note":"","_exactmetrics_sitenote_category":0,"footnotes":""},"categories":[13],"tags":[81,24],"class_list":["post-85154","post","type-post","status-publish","format-standard","has-post-thumbnail","hentry","category-valenca","tag-gastronomia","tag-lazer"],"yoast_head":"<!-- This site is optimized with the Yoast SEO Premium plugin v27.5 (Yoast SEO v27.5) - https:\/\/yoast.com\/product\/yoast-seo-premium-wordpress\/ -->\n<title>Fortaleza de Chocolate regressa entre 1 e 6 de dezembro<\/title>\n<meta name=\"description\" content=\"Valen\u00e7a volta a ser palco da iniciativa Fortaleza de Chocolate que vai decorrer entre os dias 1 e 6 de dezembro.\" \/>\n<meta name=\"robots\" content=\"index, follow, max-snippet:-1, max-image-preview:large, max-video-preview:-1\" \/>\n<link rel=\"canonical\" href=\"https:\/\/www.altominho.tv\/site\/2022\/11\/14\/fortaleza-de-chocolate-regressa-entre-1-e-6-de-dezembro\/\" \/>\n<meta property=\"og:locale\" content=\"pt_PT\" \/>\n<meta property=\"og:type\" content=\"article\" \/>\n<meta property=\"og:title\" content=\"Fortaleza de Chocolate regressa entre 1 e 6 de dezembro\" \/>\n<meta property=\"og:description\" content=\"Valen\u00e7a volta a ser palco da iniciativa Fortaleza de Chocolate que vai decorrer entre os dias 1 e 6 de dezembro.\" \/>\n<meta property=\"og:url\" content=\"https:\/\/www.altominho.tv\/site\/2022\/11\/14\/fortaleza-de-chocolate-regressa-entre-1-e-6-de-dezembro\/\" \/>\n<meta property=\"og:site_name\" content=\"Altominho.tv\" \/>\n<meta property=\"article:publisher\" content=\"https:\/\/www.facebook.com\/altominhotv\" \/>\n<meta property=\"article:published_time\" content=\"2022-11-14T23:21:21+00:00\" \/>\n<meta property=\"article:modified_time\" content=\"2022-11-14T23:21:27+00:00\" \/>\n<meta property=\"og:image\" content=\"https:\/\/www.altominho.tv\/site\/wp-content\/uploads\/2017\/12\/choco-1.jpg\" \/>\n\t<meta property=\"og:image:width\" content=\"2400\" \/>\n\t<meta property=\"og:image:height\" content=\"1599\" \/>\n\t<meta property=\"og:image:type\" content=\"image\/jpeg\" \/>\n<meta name=\"author\" content=\"Cesar Lopes\" \/>\n<meta name=\"twitter:card\" content=\"summary_large_image\" \/>\n<meta name=\"twitter:creator\" content=\"@altominhoTV\" \/>\n<meta name=\"twitter:site\" content=\"@altominhoTV\" \/>\n<meta name=\"twitter:label1\" content=\"Escrito por\" \/>\n\t<meta name=\"twitter:data1\" content=\"Cesar Lopes\" \/>\n\t<meta name=\"twitter:label2\" content=\"Tempo estimado de leitura\" \/>\n\t<meta name=\"twitter:data2\" content=\"1 minuto\" \/>\n<script type=\"application\/ld+json\" class=\"yoast-schema-graph\">{\"@context\":\"https:\\\/\\\/schema.org\",\"@graph\":[{\"@type\":\"Article\",\"@id\":\"https:\\\/\\\/www.altominho.tv\\\/site\\\/2022\\\/11\\\/14\\\/fortaleza-de-chocolate-regressa-entre-1-e-6-de-dezembro\\\/#article\",\"isPartOf\":{\"@id\":\"https:\\\/\\\/www.altominho.tv\\\/site\\\/2022\\\/11\\\/14\\\/fortaleza-de-chocolate-regressa-entre-1-e-6-de-dezembro\\\/\"},\"author\":{\"name\":\"Cesar Lopes\",\"@id\":\"https:\\\/\\\/www.altominho.tv\\\/site\\\/#\\\/schema\\\/person\\\/c5570e5afb933b8d08c43373326ef1b1\"},\"headline\":\"Fortaleza de Chocolate regressa entre 1 e 6 de dezembro\",\"datePublished\":\"2022-11-14T23:21:21+00:00\",\"dateModified\":\"2022-11-14T23:21:27+00:00\",\"mainEntityOfPage\":{\"@id\":\"https:\\\/\\\/www.altominho.tv\\\/site\\\/2022\\\/11\\\/14\\\/fortaleza-de-chocolate-regressa-entre-1-e-6-de-dezembro\\\/\"},\"wordCount\":159,\"image\":{\"@id\":\"https:\\\/\\\/www.altominho.tv\\\/site\\\/2022\\\/11\\\/14\\\/fortaleza-de-chocolate-regressa-entre-1-e-6-de-dezembro\\\/#primaryimage\"},\"thumbnailUrl\":\"https:\\\/\\\/www.altominho.tv\\\/site\\\/wp-content\\\/uploads\\\/2017\\\/12\\\/choco-1.jpg\",\"keywords\":[\"Gastronomia\",\"Lazer\"],\"articleSection\":[\"Valen\u00e7a\"],\"inLanguage\":\"pt-PT\",\"copyrightYear\":\"2022\",\"copyrightHolder\":{\"@id\":\"https:\\\/\\\/www.altominho.tv\\\/site\\\/#organization\"}},{\"@type\":\"WebPage\",\"@id\":\"https:\\\/\\\/www.altominho.tv\\\/site\\\/2022\\\/11\\\/14\\\/fortaleza-de-chocolate-regressa-entre-1-e-6-de-dezembro\\\/\",\"url\":\"https:\\\/\\\/www.altominho.tv\\\/site\\\/2022\\\/11\\\/14\\\/fortaleza-de-chocolate-regressa-entre-1-e-6-de-dezembro\\\/\",\"name\":\"Fortaleza de Chocolate regressa entre 1 e 6 de dezembro\",\"isPartOf\":{\"@id\":\"https:\\\/\\\/www.altominho.tv\\\/site\\\/#website\"},\"primaryImageOfPage\":{\"@id\":\"https:\\\/\\\/www.altominho.tv\\\/site\\\/2022\\\/11\\\/14\\\/fortaleza-de-chocolate-regressa-entre-1-e-6-de-dezembro\\\/#primaryimage\"},\"image\":{\"@id\":\"https:\\\/\\\/www.altominho.tv\\\/site\\\/2022\\\/11\\\/14\\\/fortaleza-de-chocolate-regressa-entre-1-e-6-de-dezembro\\\/#primaryimage\"},\"thumbnailUrl\":\"https:\\\/\\\/www.altominho.tv\\\/site\\\/wp-content\\\/uploads\\\/2017\\\/12\\\/choco-1.jpg\",\"datePublished\":\"2022-11-14T23:21:21+00:00\",\"dateModified\":\"2022-11-14T23:21:27+00:00\",\"author\":{\"@id\":\"https:\\\/\\\/www.altominho.tv\\\/site\\\/#\\\/schema\\\/person\\\/c5570e5afb933b8d08c43373326ef1b1\"},\"description\":\"Valen\u00e7a volta a ser palco da iniciativa Fortaleza de Chocolate que vai decorrer entre os dias 1 e 6 de dezembro.\",\"breadcrumb\":{\"@id\":\"https:\\\/\\\/www.altominho.tv\\\/site\\\/2022\\\/11\\\/14\\\/fortaleza-de-chocolate-regressa-entre-1-e-6-de-dezembro\\\/#breadcrumb\"},\"inLanguage\":\"pt-PT\",\"potentialAction\":[{\"@type\":\"ReadAction\",\"target\":[\"https:\\\/\\\/www.altominho.tv\\\/site\\\/2022\\\/11\\\/14\\\/fortaleza-de-chocolate-regressa-entre-1-e-6-de-dezembro\\\/\"]}]},{\"@type\":\"ImageObject\",\"inLanguage\":\"pt-PT\",\"@id\":\"https:\\\/\\\/www.altominho.tv\\\/site\\\/2022\\\/11\\\/14\\\/fortaleza-de-chocolate-regressa-entre-1-e-6-de-dezembro\\\/#primaryimage\",\"url\":\"https:\\\/\\\/www.altominho.tv\\\/site\\\/wp-content\\\/uploads\\\/2017\\\/12\\\/choco-1.jpg\",\"contentUrl\":\"https:\\\/\\\/www.altominho.tv\\\/site\\\/wp-content\\\/uploads\\\/2017\\\/12\\\/choco-1.jpg\",\"width\":2400,\"height\":1599},{\"@type\":\"BreadcrumbList\",\"@id\":\"https:\\\/\\\/www.altominho.tv\\\/site\\\/2022\\\/11\\\/14\\\/fortaleza-de-chocolate-regressa-entre-1-e-6-de-dezembro\\\/#breadcrumb\",\"itemListElement\":[{\"@type\":\"ListItem\",\"position\":1,\"name\":\"In\u00edcio\",\"item\":\"https:\\\/\\\/www.altominho.tv\\\/site\\\/\"},{\"@type\":\"ListItem\",\"position\":2,\"name\":\"Fortaleza de Chocolate regressa entre 1 e 6 de dezembro\"}]},{\"@type\":\"WebSite\",\"@id\":\"https:\\\/\\\/www.altominho.tv\\\/site\\\/#website\",\"url\":\"https:\\\/\\\/www.altominho.tv\\\/site\\\/\",\"name\":\"Altominho.tv\",\"description\":\"A sua regi\u00e3o \u00e0 dist\u00e2ncia de um clique...\",\"potentialAction\":[{\"@type\":\"SearchAction\",\"target\":{\"@type\":\"EntryPoint\",\"urlTemplate\":\"https:\\\/\\\/www.altominho.tv\\\/site\\\/?s={search_term_string}\"},\"query-input\":{\"@type\":\"PropertyValueSpecification\",\"valueRequired\":true,\"valueName\":\"search_term_string\"}}],\"inLanguage\":\"pt-PT\"},{\"@type\":\"Person\",\"@id\":\"https:\\\/\\\/www.altominho.tv\\\/site\\\/#\\\/schema\\\/person\\\/c5570e5afb933b8d08c43373326ef1b1\",\"name\":\"Cesar Lopes\",\"image\":{\"@type\":\"ImageObject\",\"inLanguage\":\"pt-PT\",\"@id\":\"https:\\\/\\\/www.altominho.tv\\\/site\\\/wp-content\\\/uploads\\\/2022\\\/10\\\/Sem-Titulo-150x150.jpg\",\"url\":\"https:\\\/\\\/www.altominho.tv\\\/site\\\/wp-content\\\/uploads\\\/2022\\\/10\\\/Sem-Titulo-150x150.jpg\",\"contentUrl\":\"https:\\\/\\\/www.altominho.tv\\\/site\\\/wp-content\\\/uploads\\\/2022\\\/10\\\/Sem-Titulo-150x150.jpg\",\"caption\":\"Cesar Lopes\"},\"url\":\"https:\\\/\\\/www.altominho.tv\\\/site\\\/author\\\/cesarlopes\\\/\"}]}<\/script>\n<!-- \/ Yoast SEO Premium plugin. -->","yoast_head_json":{"title":"Fortaleza de Chocolate regressa entre 1 e 6 de dezembro","description":"Valen\u00e7a volta a ser palco da iniciativa Fortaleza de Chocolate que vai decorrer entre os dias 1 e 6 de dezembro.","robots":{"index":"index","follow":"follow","max-snippet":"max-snippet:-1","max-image-preview":"max-image-preview:large","max-video-preview":"max-video-preview:-1"},"canonical":"https:\/\/www.altominho.tv\/site\/2022\/11\/14\/fortaleza-de-chocolate-regressa-entre-1-e-6-de-dezembro\/","og_locale":"pt_PT","og_type":"article","og_title":"Fortaleza de Chocolate regressa entre 1 e 6 de dezembro","og_description":"Valen\u00e7a volta a ser palco da iniciativa Fortaleza de Chocolate que vai decorrer entre os dias 1 e 6 de dezembro.","og_url":"https:\/\/www.altominho.tv\/site\/2022\/11\/14\/fortaleza-de-chocolate-regressa-entre-1-e-6-de-dezembro\/","og_site_name":"Altominho.tv","article_publisher":"https:\/\/www.facebook.com\/altominhotv","article_published_time":"2022-11-14T23:21:21+00:00","article_modified_time":"2022-11-14T23:21:27+00:00","og_image":[{"width":2400,"height":1599,"url":"https:\/\/www.altominho.tv\/site\/wp-content\/uploads\/2017\/12\/choco-1.jpg","type":"image\/jpeg"}],"author":"Cesar Lopes","twitter_card":"summary_large_image","twitter_creator":"@altominhoTV","twitter_site":"@altominhoTV","twitter_misc":{"Escrito por":"Cesar Lopes","Tempo estimado de leitura":"1 minuto"},"schema":{"@context":"https:\/\/schema.org","@graph":[{"@type":"Article","@id":"https:\/\/www.altominho.tv\/site\/2022\/11\/14\/fortaleza-de-chocolate-regressa-entre-1-e-6-de-dezembro\/#article","isPartOf":{"@id":"https:\/\/www.altominho.tv\/site\/2022\/11\/14\/fortaleza-de-chocolate-regressa-entre-1-e-6-de-dezembro\/"},"author":{"name":"Cesar Lopes","@id":"https:\/\/www.altominho.tv\/site\/#\/schema\/person\/c5570e5afb933b8d08c43373326ef1b1"},"headline":"Fortaleza de Chocolate regressa entre 1 e 6 de dezembro","datePublished":"2022-11-14T23:21:21+00:00","dateModified":"2022-11-14T23:21:27+00:00","mainEntityOfPage":{"@id":"https:\/\/www.altominho.tv\/site\/2022\/11\/14\/fortaleza-de-chocolate-regressa-entre-1-e-6-de-dezembro\/"},"wordCount":159,"image":{"@id":"https:\/\/www.altominho.tv\/site\/2022\/11\/14\/fortaleza-de-chocolate-regressa-entre-1-e-6-de-dezembro\/#primaryimage"},"thumbnailUrl":"https:\/\/www.altominho.tv\/site\/wp-content\/uploads\/2017\/12\/choco-1.jpg","keywords":["Gastronomia","Lazer"],"articleSection":["Valen\u00e7a"],"inLanguage":"pt-PT","copyrightYear":"2022","copyrightHolder":{"@id":"https:\/\/www.altominho.tv\/site\/#organization"}},{"@type":"WebPage","@id":"https:\/\/www.altominho.tv\/site\/2022\/11\/14\/fortaleza-de-chocolate-regressa-entre-1-e-6-de-dezembro\/","url":"https:\/\/www.altominho.tv\/site\/2022\/11\/14\/fortaleza-de-chocolate-regressa-entre-1-e-6-de-dezembro\/","name":"Fortaleza de Chocolate regressa entre 1 e 6 de dezembro","isPartOf":{"@id":"https:\/\/www.altominho.tv\/site\/#website"},"primaryImageOfPage":{"@id":"https:\/\/www.altominho.tv\/site\/2022\/11\/14\/fortaleza-de-chocolate-regressa-entre-1-e-6-de-dezembro\/#primaryimage"},"image":{"@id":"https:\/\/www.altominho.tv\/site\/2022\/11\/14\/fortaleza-de-chocolate-regressa-entre-1-e-6-de-dezembro\/#primaryimage"},"thumbnailUrl":"https:\/\/www.altominho.tv\/site\/wp-content\/uploads\/2017\/12\/choco-1.jpg","datePublished":"2022-11-14T23:21:21+00:00","dateModified":"2022-11-14T23:21:27+00:00","author":{"@id":"https:\/\/www.altominho.tv\/site\/#\/schema\/person\/c5570e5afb933b8d08c43373326ef1b1"},"description":"Valen\u00e7a volta a ser palco da iniciativa Fortaleza de Chocolate que vai decorrer entre os dias 1 e 6 de dezembro.","breadcrumb":{"@id":"https:\/\/www.altominho.tv\/site\/2022\/11\/14\/fortaleza-de-chocolate-regressa-entre-1-e-6-de-dezembro\/#breadcrumb"},"inLanguage":"pt-PT","potentialAction":[{"@type":"ReadAction","target":["https:\/\/www.altominho.tv\/site\/2022\/11\/14\/fortaleza-de-chocolate-regressa-entre-1-e-6-de-dezembro\/"]}]},{"@type":"ImageObject","inLanguage":"pt-PT","@id":"https:\/\/www.altominho.tv\/site\/2022\/11\/14\/fortaleza-de-chocolate-regressa-entre-1-e-6-de-dezembro\/#primaryimage","url":"https:\/\/www.altominho.tv\/site\/wp-content\/uploads\/2017\/12\/choco-1.jpg","contentUrl":"https:\/\/www.altominho.tv\/site\/wp-content\/uploads\/2017\/12\/choco-1.jpg","width":2400,"height":1599},{"@type":"BreadcrumbList","@id":"https:\/\/www.altominho.tv\/site\/2022\/11\/14\/fortaleza-de-chocolate-regressa-entre-1-e-6-de-dezembro\/#breadcrumb","itemListElement":[{"@type":"ListItem","position":1,"name":"In\u00edcio","item":"https:\/\/www.altominho.tv\/site\/"},{"@type":"ListItem","position":2,"name":"Fortaleza de Chocolate regressa entre 1 e 6 de dezembro"}]},{"@type":"WebSite","@id":"https:\/\/www.altominho.tv\/site\/#website","url":"https:\/\/www.altominho.tv\/site\/","name":"Altominho.tv","description":"A sua regi\u00e3o \u00e0 dist\u00e2ncia de um clique...","potentialAction":[{"@type":"SearchAction","target":{"@type":"EntryPoint","urlTemplate":"https:\/\/www.altominho.tv\/site\/?s={search_term_string}"},"query-input":{"@type":"PropertyValueSpecification","valueRequired":true,"valueName":"search_term_string"}}],"inLanguage":"pt-PT"},{"@type":"Person","@id":"https:\/\/www.altominho.tv\/site\/#\/schema\/person\/c5570e5afb933b8d08c43373326ef1b1","name":"Cesar Lopes","image":{"@type":"ImageObject","inLanguage":"pt-PT","@id":"https:\/\/www.altominho.tv\/site\/wp-content\/uploads\/2022\/10\/Sem-Titulo-150x150.jpg","url":"https:\/\/www.altominho.tv\/site\/wp-content\/uploads\/2022\/10\/Sem-Titulo-150x150.jpg","contentUrl":"https:\/\/www.altominho.tv\/site\/wp-content\/uploads\/2022\/10\/Sem-Titulo-150x150.jpg","caption":"Cesar Lopes"},"url":"https:\/\/www.altominho.tv\/site\/author\/cesarlopes\/"}]}},"_links":{"self":[{"href":"https:\/\/www.altominho.tv\/site\/wp-json\/wp\/v2\/posts\/85154","targetHints":{"allow":["GET"]}}],"collection":[{"href":"https:\/\/www.altominho.tv\/site\/wp-json\/wp\/v2\/posts"}],"about":[{"href":"https:\/\/www.altominho.tv\/site\/wp-json\/wp\/v2\/types\/post"}],"author":[{"embeddable":true,"href":"https:\/\/www.altominho.tv\/site\/wp-json\/wp\/v2\/users\/24"}],"replies":[{"embeddable":true,"href":"https:\/\/www.altominho.tv\/site\/wp-json\/wp\/v2\/comments?post=85154"}],"version-history":[{"count":1,"href":"https:\/\/www.altominho.tv\/site\/wp-json\/wp\/v2\/posts\/85154\/revisions"}],"predecessor-version":[{"id":85155,"href":"https:\/\/www.altominho.tv\/site\/wp-json\/wp\/v2\/posts\/85154\/revisions\/85155"}],"wp:featuredmedia":[{"embeddable":true,"href":"https:\/\/www.altominho.tv\/site\/wp-json\/wp\/v2\/media\/6321"}],"wp:attachment":[{"href":"https:\/\/www.altominho.tv\/site\/wp-json\/wp\/v2\/media?parent=85154"}],"wp:term":[{"taxonomy":"category","embeddable":true,"href":"https:\/\/www.altominho.tv\/site\/wp-json\/wp\/v2\/categories?post=85154"},{"taxonomy":"post_tag","embeddable":true,"href":"https:\/\/www.altominho.tv\/site\/wp-json\/wp\/v2\/tags?post=85154"}],"curies":[{"name":"wp","href":"https:\/\/api.w.org\/{rel}","templated":true}]}}