{"id":84645,"date":"2022-11-04T11:10:38","date_gmt":"2022-11-04T11:10:38","guid":{"rendered":"https:\/\/www.altominho.tv\/site\/?p=84645"},"modified":"2022-11-04T11:10:45","modified_gmt":"2022-11-04T11:10:45","slug":"dez-freguesias-vao-ter-rede-de-abastecimento-de-agua-melhorada","status":"publish","type":"post","link":"https:\/\/www.altominho.tv\/site\/2022\/11\/04\/dez-freguesias-vao-ter-rede-de-abastecimento-de-agua-melhorada\/","title":{"rendered":"Dez freguesias v\u00e3o ter rede de abastecimento de \u00e1gua melhorada"},"content":{"rendered":"<p>A empresa \u00c1guas do Alto Minho informou hoje que aprovou a abertura de concurso p\u00fablico para a Remodela\u00e7\u00e3o de Redes de Abastecimento de \u00c1gua e Drenagem de \u00c1guas Residuais em dez freguesias do Alto Minho pelo valor base de 424\u00a0mil euros, sem cofinanciamento comunit\u00e1rio e prazo de execu\u00e7\u00e3o de 180 dias.<\/p>\n<p>As freguesias abrangidas pelas obras de remodela\u00e7\u00e3o s\u00e3o Vila Praia de \u00c2ncora (Caminha), Cerdal (Valen\u00e7a), Nogueira (Vila Nova de Cerveira), Afife, Barroselas, Meadela, Santa Marta de Portuzelo e Vila Franca (Viana do Castelo) e Paredes de Coura.<\/p>\n<p>A empreitada prev\u00ea tamb\u00e9m melhorias na ETAR existente na Gemieira no concelho de Ponte de Lima.<\/p>\n<p>\u201cAs obras de remodela\u00e7\u00e3o da rede de \u00e1gua ser\u00e3o executadas em locais onde se verificam frequentemente roturas devido ao elevado desgaste dos materiais instalados. Assim, com a execu\u00e7\u00e3o desta empreitada pretende-se diminuir as perdas de \u00e1gua e evitar interrup\u00e7\u00f5es do servi\u00e7o de abastecimento de \u00e1gua associadas \u00e0s repara\u00e7\u00f5es da rede\u201d, informa a empresa, que pede \u201cantecipadamente a compreens\u00e3o de todos para os eventuais transtornos que estas obras poder\u00e3o causar na circula\u00e7\u00e3o vi\u00e1ria\u201d.<\/p>\n","protected":false},"excerpt":{"rendered":"<p>A empresa \u00c1guas do Alto Minho informou hoje que aprovou a abertura de concurso p\u00fablico para a Remodela\u00e7\u00e3o de Redes de Abastecimento de \u00c1gua e Drenagem de \u00c1guas Residuais em dez freguesias do Alto Minho pelo valor base de 424\u00a0mil euros, sem cofinanciamento comunit\u00e1rio e prazo de execu\u00e7\u00e3o de 180 dias. As freguesias abrangidas pelas [&hellip;]<\/p>\n","protected":false},"author":24,"featured_media":84646,"comment_status":"closed","ping_status":"closed","sticky":false,"template":"","format":"standard","meta":{"_exactmetrics_skip_tracking":false,"_exactmetrics_sitenote_active":false,"_exactmetrics_sitenote_note":"","_exactmetrics_sitenote_category":0,"footnotes":""},"categories":[73],"tags":[27],"class_list":["post-84645","post","type-post","status-publish","format-standard","has-post-thumbnail","hentry","category-alto-minho","tag-sociedade"],"yoast_head":"<!-- This site is optimized with the Yoast SEO Premium plugin v27.5 (Yoast SEO v27.5) - https:\/\/yoast.com\/product\/yoast-seo-premium-wordpress\/ -->\n<title>Dez freguesias v\u00e3o ter rede de abastecimento de \u00e1gua melhorada<\/title>\n<meta name=\"description\" content=\"A empresa \u00c1guas do Alto Minho informou hoje que aprovou a abertura de concurso p\u00fablico para a Remodela\u00e7\u00e3o de Redes de Abastecimento de \u00c1gua e Drenagem de \u00c1guas Residuais em dez freguesias do Alto Minho pelo valor base de 424\u00a0mil euros, sem cofinanciamento comunit\u00e1rio e prazo de execu\u00e7\u00e3o de 180 dias.\" \/>\n<meta name=\"robots\" content=\"index, follow, max-snippet:-1, max-image-preview:large, max-video-preview:-1\" \/>\n<link rel=\"canonical\" href=\"https:\/\/www.altominho.tv\/site\/2022\/11\/04\/dez-freguesias-vao-ter-rede-de-abastecimento-de-agua-melhorada\/\" \/>\n<meta property=\"og:locale\" content=\"pt_PT\" \/>\n<meta property=\"og:type\" content=\"article\" \/>\n<meta property=\"og:title\" content=\"Dez freguesias v\u00e3o ter rede de abastecimento de \u00e1gua melhorada\" \/>\n<meta property=\"og:description\" content=\"A empresa \u00c1guas do Alto Minho informou hoje que aprovou a abertura de concurso p\u00fablico para a Remodela\u00e7\u00e3o de Redes de Abastecimento de \u00c1gua e Drenagem de \u00c1guas Residuais em dez freguesias do Alto Minho pelo valor base de 424\u00a0mil euros, sem cofinanciamento comunit\u00e1rio e prazo de execu\u00e7\u00e3o de 180 dias.\" \/>\n<meta property=\"og:url\" content=\"https:\/\/www.altominho.tv\/site\/2022\/11\/04\/dez-freguesias-vao-ter-rede-de-abastecimento-de-agua-melhorada\/\" \/>\n<meta property=\"og:site_name\" content=\"Altominho.tv\" \/>\n<meta property=\"article:publisher\" content=\"https:\/\/www.facebook.com\/altominhotv\" \/>\n<meta property=\"article:published_time\" content=\"2022-11-04T11:10:38+00:00\" \/>\n<meta property=\"article:modified_time\" content=\"2022-11-04T11:10:45+00:00\" \/>\n<meta property=\"og:image\" content=\"https:\/\/www.altominho.tv\/site\/wp-content\/uploads\/2022\/11\/Saneamento-1024x534-1.jpeg\" \/>\n\t<meta property=\"og:image:width\" content=\"1024\" \/>\n\t<meta property=\"og:image:height\" content=\"534\" \/>\n\t<meta property=\"og:image:type\" content=\"image\/jpeg\" \/>\n<meta name=\"author\" content=\"Cesar Lopes\" \/>\n<meta name=\"twitter:card\" content=\"summary_large_image\" \/>\n<meta name=\"twitter:creator\" content=\"@altominhoTV\" \/>\n<meta name=\"twitter:site\" content=\"@altominhoTV\" \/>\n<meta name=\"twitter:label1\" content=\"Escrito por\" \/>\n\t<meta name=\"twitter:data1\" content=\"Cesar Lopes\" \/>\n\t<meta name=\"twitter:label2\" content=\"Tempo estimado de leitura\" \/>\n\t<meta name=\"twitter:data2\" content=\"1 minuto\" \/>\n<script type=\"application\/ld+json\" class=\"yoast-schema-graph\">{\"@context\":\"https:\\\/\\\/schema.org\",\"@graph\":[{\"@type\":\"Article\",\"@id\":\"https:\\\/\\\/www.altominho.tv\\\/site\\\/2022\\\/11\\\/04\\\/dez-freguesias-vao-ter-rede-de-abastecimento-de-agua-melhorada\\\/#article\",\"isPartOf\":{\"@id\":\"https:\\\/\\\/www.altominho.tv\\\/site\\\/2022\\\/11\\\/04\\\/dez-freguesias-vao-ter-rede-de-abastecimento-de-agua-melhorada\\\/\"},\"author\":{\"name\":\"Cesar Lopes\",\"@id\":\"https:\\\/\\\/www.altominho.tv\\\/site\\\/#\\\/schema\\\/person\\\/c5570e5afb933b8d08c43373326ef1b1\"},\"headline\":\"Dez freguesias v\u00e3o ter rede de abastecimento de \u00e1gua melhorada\",\"datePublished\":\"2022-11-04T11:10:38+00:00\",\"dateModified\":\"2022-11-04T11:10:45+00:00\",\"mainEntityOfPage\":{\"@id\":\"https:\\\/\\\/www.altominho.tv\\\/site\\\/2022\\\/11\\\/04\\\/dez-freguesias-vao-ter-rede-de-abastecimento-de-agua-melhorada\\\/\"},\"wordCount\":204,\"image\":{\"@id\":\"https:\\\/\\\/www.altominho.tv\\\/site\\\/2022\\\/11\\\/04\\\/dez-freguesias-vao-ter-rede-de-abastecimento-de-agua-melhorada\\\/#primaryimage\"},\"thumbnailUrl\":\"https:\\\/\\\/www.altominho.tv\\\/site\\\/wp-content\\\/uploads\\\/2022\\\/11\\\/Saneamento-1024x534-1.jpeg\",\"keywords\":[\"Sociedade\"],\"articleSection\":[\"Alto Minho\"],\"inLanguage\":\"pt-PT\",\"copyrightYear\":\"2022\",\"copyrightHolder\":{\"@id\":\"https:\\\/\\\/www.altominho.tv\\\/site\\\/#organization\"}},{\"@type\":\"WebPage\",\"@id\":\"https:\\\/\\\/www.altominho.tv\\\/site\\\/2022\\\/11\\\/04\\\/dez-freguesias-vao-ter-rede-de-abastecimento-de-agua-melhorada\\\/\",\"url\":\"https:\\\/\\\/www.altominho.tv\\\/site\\\/2022\\\/11\\\/04\\\/dez-freguesias-vao-ter-rede-de-abastecimento-de-agua-melhorada\\\/\",\"name\":\"Dez freguesias v\u00e3o ter rede de abastecimento de \u00e1gua melhorada\",\"isPartOf\":{\"@id\":\"https:\\\/\\\/www.altominho.tv\\\/site\\\/#website\"},\"primaryImageOfPage\":{\"@id\":\"https:\\\/\\\/www.altominho.tv\\\/site\\\/2022\\\/11\\\/04\\\/dez-freguesias-vao-ter-rede-de-abastecimento-de-agua-melhorada\\\/#primaryimage\"},\"image\":{\"@id\":\"https:\\\/\\\/www.altominho.tv\\\/site\\\/2022\\\/11\\\/04\\\/dez-freguesias-vao-ter-rede-de-abastecimento-de-agua-melhorada\\\/#primaryimage\"},\"thumbnailUrl\":\"https:\\\/\\\/www.altominho.tv\\\/site\\\/wp-content\\\/uploads\\\/2022\\\/11\\\/Saneamento-1024x534-1.jpeg\",\"datePublished\":\"2022-11-04T11:10:38+00:00\",\"dateModified\":\"2022-11-04T11:10:45+00:00\",\"author\":{\"@id\":\"https:\\\/\\\/www.altominho.tv\\\/site\\\/#\\\/schema\\\/person\\\/c5570e5afb933b8d08c43373326ef1b1\"},\"description\":\"A empresa \u00c1guas do Alto Minho informou hoje que aprovou a abertura de concurso p\u00fablico para a Remodela\u00e7\u00e3o de Redes de Abastecimento de \u00c1gua e Drenagem de \u00c1guas Residuais em dez freguesias do Alto Minho pelo valor base de 424\u00a0mil euros, sem cofinanciamento comunit\u00e1rio e prazo de execu\u00e7\u00e3o de 180 dias.\",\"breadcrumb\":{\"@id\":\"https:\\\/\\\/www.altominho.tv\\\/site\\\/2022\\\/11\\\/04\\\/dez-freguesias-vao-ter-rede-de-abastecimento-de-agua-melhorada\\\/#breadcrumb\"},\"inLanguage\":\"pt-PT\",\"potentialAction\":[{\"@type\":\"ReadAction\",\"target\":[\"https:\\\/\\\/www.altominho.tv\\\/site\\\/2022\\\/11\\\/04\\\/dez-freguesias-vao-ter-rede-de-abastecimento-de-agua-melhorada\\\/\"]}]},{\"@type\":\"ImageObject\",\"inLanguage\":\"pt-PT\",\"@id\":\"https:\\\/\\\/www.altominho.tv\\\/site\\\/2022\\\/11\\\/04\\\/dez-freguesias-vao-ter-rede-de-abastecimento-de-agua-melhorada\\\/#primaryimage\",\"url\":\"https:\\\/\\\/www.altominho.tv\\\/site\\\/wp-content\\\/uploads\\\/2022\\\/11\\\/Saneamento-1024x534-1.jpeg\",\"contentUrl\":\"https:\\\/\\\/www.altominho.tv\\\/site\\\/wp-content\\\/uploads\\\/2022\\\/11\\\/Saneamento-1024x534-1.jpeg\",\"width\":1024,\"height\":534},{\"@type\":\"BreadcrumbList\",\"@id\":\"https:\\\/\\\/www.altominho.tv\\\/site\\\/2022\\\/11\\\/04\\\/dez-freguesias-vao-ter-rede-de-abastecimento-de-agua-melhorada\\\/#breadcrumb\",\"itemListElement\":[{\"@type\":\"ListItem\",\"position\":1,\"name\":\"In\u00edcio\",\"item\":\"https:\\\/\\\/www.altominho.tv\\\/site\\\/\"},{\"@type\":\"ListItem\",\"position\":2,\"name\":\"Dez freguesias v\u00e3o ter rede de abastecimento de \u00e1gua melhorada\"}]},{\"@type\":\"WebSite\",\"@id\":\"https:\\\/\\\/www.altominho.tv\\\/site\\\/#website\",\"url\":\"https:\\\/\\\/www.altominho.tv\\\/site\\\/\",\"name\":\"Altominho.tv\",\"description\":\"A sua regi\u00e3o \u00e0 dist\u00e2ncia de um clique...\",\"potentialAction\":[{\"@type\":\"SearchAction\",\"target\":{\"@type\":\"EntryPoint\",\"urlTemplate\":\"https:\\\/\\\/www.altominho.tv\\\/site\\\/?s={search_term_string}\"},\"query-input\":{\"@type\":\"PropertyValueSpecification\",\"valueRequired\":true,\"valueName\":\"search_term_string\"}}],\"inLanguage\":\"pt-PT\"},{\"@type\":\"Person\",\"@id\":\"https:\\\/\\\/www.altominho.tv\\\/site\\\/#\\\/schema\\\/person\\\/c5570e5afb933b8d08c43373326ef1b1\",\"name\":\"Cesar Lopes\",\"image\":{\"@type\":\"ImageObject\",\"inLanguage\":\"pt-PT\",\"@id\":\"https:\\\/\\\/www.altominho.tv\\\/site\\\/wp-content\\\/uploads\\\/2022\\\/10\\\/Sem-Titulo-150x150.jpg\",\"url\":\"https:\\\/\\\/www.altominho.tv\\\/site\\\/wp-content\\\/uploads\\\/2022\\\/10\\\/Sem-Titulo-150x150.jpg\",\"contentUrl\":\"https:\\\/\\\/www.altominho.tv\\\/site\\\/wp-content\\\/uploads\\\/2022\\\/10\\\/Sem-Titulo-150x150.jpg\",\"caption\":\"Cesar Lopes\"},\"url\":\"https:\\\/\\\/www.altominho.tv\\\/site\\\/author\\\/cesarlopes\\\/\"}]}<\/script>\n<!-- \/ Yoast SEO Premium plugin. -->","yoast_head_json":{"title":"Dez freguesias v\u00e3o ter rede de abastecimento de \u00e1gua melhorada","description":"A empresa \u00c1guas do Alto Minho informou hoje que aprovou a abertura de concurso p\u00fablico para a Remodela\u00e7\u00e3o de Redes de Abastecimento de \u00c1gua e Drenagem de \u00c1guas Residuais em dez freguesias do Alto Minho pelo valor base de 424\u00a0mil euros, sem cofinanciamento comunit\u00e1rio e prazo de execu\u00e7\u00e3o de 180 dias.","robots":{"index":"index","follow":"follow","max-snippet":"max-snippet:-1","max-image-preview":"max-image-preview:large","max-video-preview":"max-video-preview:-1"},"canonical":"https:\/\/www.altominho.tv\/site\/2022\/11\/04\/dez-freguesias-vao-ter-rede-de-abastecimento-de-agua-melhorada\/","og_locale":"pt_PT","og_type":"article","og_title":"Dez freguesias v\u00e3o ter rede de abastecimento de \u00e1gua melhorada","og_description":"A empresa \u00c1guas do Alto Minho informou hoje que aprovou a abertura de concurso p\u00fablico para a Remodela\u00e7\u00e3o de Redes de Abastecimento de \u00c1gua e Drenagem de \u00c1guas Residuais em dez freguesias do Alto Minho pelo valor base de 424\u00a0mil euros, sem cofinanciamento comunit\u00e1rio e prazo de execu\u00e7\u00e3o de 180 dias.","og_url":"https:\/\/www.altominho.tv\/site\/2022\/11\/04\/dez-freguesias-vao-ter-rede-de-abastecimento-de-agua-melhorada\/","og_site_name":"Altominho.tv","article_publisher":"https:\/\/www.facebook.com\/altominhotv","article_published_time":"2022-11-04T11:10:38+00:00","article_modified_time":"2022-11-04T11:10:45+00:00","og_image":[{"width":1024,"height":534,"url":"https:\/\/www.altominho.tv\/site\/wp-content\/uploads\/2022\/11\/Saneamento-1024x534-1.jpeg","type":"image\/jpeg"}],"author":"Cesar Lopes","twitter_card":"summary_large_image","twitter_creator":"@altominhoTV","twitter_site":"@altominhoTV","twitter_misc":{"Escrito por":"Cesar Lopes","Tempo estimado de leitura":"1 minuto"},"schema":{"@context":"https:\/\/schema.org","@graph":[{"@type":"Article","@id":"https:\/\/www.altominho.tv\/site\/2022\/11\/04\/dez-freguesias-vao-ter-rede-de-abastecimento-de-agua-melhorada\/#article","isPartOf":{"@id":"https:\/\/www.altominho.tv\/site\/2022\/11\/04\/dez-freguesias-vao-ter-rede-de-abastecimento-de-agua-melhorada\/"},"author":{"name":"Cesar Lopes","@id":"https:\/\/www.altominho.tv\/site\/#\/schema\/person\/c5570e5afb933b8d08c43373326ef1b1"},"headline":"Dez freguesias v\u00e3o ter rede de abastecimento de \u00e1gua melhorada","datePublished":"2022-11-04T11:10:38+00:00","dateModified":"2022-11-04T11:10:45+00:00","mainEntityOfPage":{"@id":"https:\/\/www.altominho.tv\/site\/2022\/11\/04\/dez-freguesias-vao-ter-rede-de-abastecimento-de-agua-melhorada\/"},"wordCount":204,"image":{"@id":"https:\/\/www.altominho.tv\/site\/2022\/11\/04\/dez-freguesias-vao-ter-rede-de-abastecimento-de-agua-melhorada\/#primaryimage"},"thumbnailUrl":"https:\/\/www.altominho.tv\/site\/wp-content\/uploads\/2022\/11\/Saneamento-1024x534-1.jpeg","keywords":["Sociedade"],"articleSection":["Alto Minho"],"inLanguage":"pt-PT","copyrightYear":"2022","copyrightHolder":{"@id":"https:\/\/www.altominho.tv\/site\/#organization"}},{"@type":"WebPage","@id":"https:\/\/www.altominho.tv\/site\/2022\/11\/04\/dez-freguesias-vao-ter-rede-de-abastecimento-de-agua-melhorada\/","url":"https:\/\/www.altominho.tv\/site\/2022\/11\/04\/dez-freguesias-vao-ter-rede-de-abastecimento-de-agua-melhorada\/","name":"Dez freguesias v\u00e3o ter rede de abastecimento de \u00e1gua melhorada","isPartOf":{"@id":"https:\/\/www.altominho.tv\/site\/#website"},"primaryImageOfPage":{"@id":"https:\/\/www.altominho.tv\/site\/2022\/11\/04\/dez-freguesias-vao-ter-rede-de-abastecimento-de-agua-melhorada\/#primaryimage"},"image":{"@id":"https:\/\/www.altominho.tv\/site\/2022\/11\/04\/dez-freguesias-vao-ter-rede-de-abastecimento-de-agua-melhorada\/#primaryimage"},"thumbnailUrl":"https:\/\/www.altominho.tv\/site\/wp-content\/uploads\/2022\/11\/Saneamento-1024x534-1.jpeg","datePublished":"2022-11-04T11:10:38+00:00","dateModified":"2022-11-04T11:10:45+00:00","author":{"@id":"https:\/\/www.altominho.tv\/site\/#\/schema\/person\/c5570e5afb933b8d08c43373326ef1b1"},"description":"A empresa \u00c1guas do Alto Minho informou hoje que aprovou a abertura de concurso p\u00fablico para a Remodela\u00e7\u00e3o de Redes de Abastecimento de \u00c1gua e Drenagem de \u00c1guas Residuais em dez freguesias do Alto Minho pelo valor base de 424\u00a0mil euros, sem cofinanciamento comunit\u00e1rio e prazo de execu\u00e7\u00e3o de 180 dias.","breadcrumb":{"@id":"https:\/\/www.altominho.tv\/site\/2022\/11\/04\/dez-freguesias-vao-ter-rede-de-abastecimento-de-agua-melhorada\/#breadcrumb"},"inLanguage":"pt-PT","potentialAction":[{"@type":"ReadAction","target":["https:\/\/www.altominho.tv\/site\/2022\/11\/04\/dez-freguesias-vao-ter-rede-de-abastecimento-de-agua-melhorada\/"]}]},{"@type":"ImageObject","inLanguage":"pt-PT","@id":"https:\/\/www.altominho.tv\/site\/2022\/11\/04\/dez-freguesias-vao-ter-rede-de-abastecimento-de-agua-melhorada\/#primaryimage","url":"https:\/\/www.altominho.tv\/site\/wp-content\/uploads\/2022\/11\/Saneamento-1024x534-1.jpeg","contentUrl":"https:\/\/www.altominho.tv\/site\/wp-content\/uploads\/2022\/11\/Saneamento-1024x534-1.jpeg","width":1024,"height":534},{"@type":"BreadcrumbList","@id":"https:\/\/www.altominho.tv\/site\/2022\/11\/04\/dez-freguesias-vao-ter-rede-de-abastecimento-de-agua-melhorada\/#breadcrumb","itemListElement":[{"@type":"ListItem","position":1,"name":"In\u00edcio","item":"https:\/\/www.altominho.tv\/site\/"},{"@type":"ListItem","position":2,"name":"Dez freguesias v\u00e3o ter rede de abastecimento de \u00e1gua melhorada"}]},{"@type":"WebSite","@id":"https:\/\/www.altominho.tv\/site\/#website","url":"https:\/\/www.altominho.tv\/site\/","name":"Altominho.tv","description":"A sua regi\u00e3o \u00e0 dist\u00e2ncia de um clique...","potentialAction":[{"@type":"SearchAction","target":{"@type":"EntryPoint","urlTemplate":"https:\/\/www.altominho.tv\/site\/?s={search_term_string}"},"query-input":{"@type":"PropertyValueSpecification","valueRequired":true,"valueName":"search_term_string"}}],"inLanguage":"pt-PT"},{"@type":"Person","@id":"https:\/\/www.altominho.tv\/site\/#\/schema\/person\/c5570e5afb933b8d08c43373326ef1b1","name":"Cesar Lopes","image":{"@type":"ImageObject","inLanguage":"pt-PT","@id":"https:\/\/www.altominho.tv\/site\/wp-content\/uploads\/2022\/10\/Sem-Titulo-150x150.jpg","url":"https:\/\/www.altominho.tv\/site\/wp-content\/uploads\/2022\/10\/Sem-Titulo-150x150.jpg","contentUrl":"https:\/\/www.altominho.tv\/site\/wp-content\/uploads\/2022\/10\/Sem-Titulo-150x150.jpg","caption":"Cesar Lopes"},"url":"https:\/\/www.altominho.tv\/site\/author\/cesarlopes\/"}]}},"_links":{"self":[{"href":"https:\/\/www.altominho.tv\/site\/wp-json\/wp\/v2\/posts\/84645","targetHints":{"allow":["GET"]}}],"collection":[{"href":"https:\/\/www.altominho.tv\/site\/wp-json\/wp\/v2\/posts"}],"about":[{"href":"https:\/\/www.altominho.tv\/site\/wp-json\/wp\/v2\/types\/post"}],"author":[{"embeddable":true,"href":"https:\/\/www.altominho.tv\/site\/wp-json\/wp\/v2\/users\/24"}],"replies":[{"embeddable":true,"href":"https:\/\/www.altominho.tv\/site\/wp-json\/wp\/v2\/comments?post=84645"}],"version-history":[{"count":1,"href":"https:\/\/www.altominho.tv\/site\/wp-json\/wp\/v2\/posts\/84645\/revisions"}],"predecessor-version":[{"id":84647,"href":"https:\/\/www.altominho.tv\/site\/wp-json\/wp\/v2\/posts\/84645\/revisions\/84647"}],"wp:featuredmedia":[{"embeddable":true,"href":"https:\/\/www.altominho.tv\/site\/wp-json\/wp\/v2\/media\/84646"}],"wp:attachment":[{"href":"https:\/\/www.altominho.tv\/site\/wp-json\/wp\/v2\/media?parent=84645"}],"wp:term":[{"taxonomy":"category","embeddable":true,"href":"https:\/\/www.altominho.tv\/site\/wp-json\/wp\/v2\/categories?post=84645"},{"taxonomy":"post_tag","embeddable":true,"href":"https:\/\/www.altominho.tv\/site\/wp-json\/wp\/v2\/tags?post=84645"}],"curies":[{"name":"wp","href":"https:\/\/api.w.org\/{rel}","templated":true}]}}