{"id":84639,"date":"2022-11-04T10:34:03","date_gmt":"2022-11-04T10:34:03","guid":{"rendered":"https:\/\/www.altominho.tv\/site\/?p=84639"},"modified":"2022-11-04T10:34:09","modified_gmt":"2022-11-04T10:34:09","slug":"tres-jovens-padres-reforcam-a-igreja-em-viana-do-castelo","status":"publish","type":"post","link":"https:\/\/www.altominho.tv\/site\/2022\/11\/04\/tres-jovens-padres-reforcam-a-igreja-em-viana-do-castelo\/","title":{"rendered":"Tr\u00eas jovens padres \u00b4refor\u00e7am` a Igreja em Viana do Castelo"},"content":{"rendered":"\n<p><\/p>\n\n\n<p>Jo\u00e3o Santos, Jo\u00e3o Cruz e Renato Costa v\u00e3o ser ordenados Di\u00e1conos na S\u00e9 Catedral de Viana do Castelo, no pr\u00f3ximo domingo, dia 6 de novembro, pelas 15h30.<\/p>\n<p>Atualmente a estagiar em Par\u00f3quias dos Arciprestados de Viana do Castelo, Ponte de Lima e Vila Nova de Cerveira, os tr\u00eas jovens deram uma entrevista ao Not\u00edcias de Viana, \u00f3rg\u00e3o de comunica\u00e7\u00e3o social oficial da Diocese de Viana do Castelo, onde falaram do seu percurso no Semin\u00e1rio Maior, em Braga, at\u00e9 se tornarem \u201cpraticamente uma fam\u00edlia\u201d<\/p>\n<p>\u201cTinha seis anos quando disse pela primeira vez que queria ser Padre. Ou melhor, despertou-me essa curiosidade\u201d, come\u00e7ou por contar Jo\u00e3o Cruz, de Paredes de Coura, reconhecendo que, naquela altura, n\u00e3o tinha consci\u00eancia do que estava a dizer e confidenciando que, ainda hoje, n\u00e3o sabe responder \u00e0s pessoas quando o questionam sobre como e quando sentiu o chamamento de Deus. \u201cN\u00e3o surge assim do nada como as pessoas pensam. \u00c9 algo que vais vivendo e adquirindo\u201d, assegurou.<\/p>\n<p>Jo\u00e3o Santos, de S\u00e3o Rom\u00e3o de Neiva, defende que seguir o caminho do sacerd\u00f3cio \u00e9 uma escolha e, embora com 12\/13 anos j\u00e1 tivesse curiosidade sobre o tema, foi apenas com 18 que tomou a decis\u00e3o de ir para o Semin\u00e1rio. \u201cTenho um tio Padre e acompanhei o seu percurso, mas n\u00e3o foi por ele que segui este caminho. Foi pela minha viv\u00eancia na comunidade e pelo exemplo de vida do meu falecido P\u00e1roco\u201d, contou.<\/p>\n<p>J\u00e1 Renato Costa, de Valen\u00e7a, tinha quatro anos quando sentiu curiosidade pelo sacerd\u00f3cio. Vem de uma fam\u00edlia crist\u00e3 e fez todo o percurso na catequese, chegando, inclusive, a ser catequista. \u201cFoi no seio da minha fam\u00edlia que senti o chamamento. Eles falavam muito desta realidade e, a partir da\u00ed, foi muito mais f\u00e1cil conhec\u00ea-la e viv\u00ea-la at\u00e9 porque se ningu\u00e9m te der a conhecer uma realidade, tamb\u00e9m n\u00e3o vais viv\u00ea-la\u201d, referiu, admitindo que teve \u201calguns receios\u201d, mas nada que o fizesse pensar em desistir do seu caminho.<\/p>\n<p><img loading=\"lazy\" decoding=\"async\" class=\"alignnone size-medium wp-image-84641\" src=\"https:\/\/www.altominho.tv\/site\/wp-content\/uploads\/2022\/11\/Padres-3-366x433.jpg\" alt=\"\" width=\"366\" height=\"433\" srcset=\"https:\/\/www.altominho.tv\/site\/wp-content\/uploads\/2022\/11\/Padres-3-366x433.jpg 366w, https:\/\/www.altominho.tv\/site\/wp-content\/uploads\/2022\/11\/Padres-3-867x1024.jpg 867w, https:\/\/www.altominho.tv\/site\/wp-content\/uploads\/2022\/11\/Padres-3-768x908.jpg 768w, https:\/\/www.altominho.tv\/site\/wp-content\/uploads\/2022\/11\/Padres-3-1300x1536.jpg 1300w, https:\/\/www.altominho.tv\/site\/wp-content\/uploads\/2022\/11\/Padres-3-370x437.jpg 370w, https:\/\/www.altominho.tv\/site\/wp-content\/uploads\/2022\/11\/Padres-3-270x319.jpg 270w, https:\/\/www.altominho.tv\/site\/wp-content\/uploads\/2022\/11\/Padres-3-570x674.jpg 570w, https:\/\/www.altominho.tv\/site\/wp-content\/uploads\/2022\/11\/Padres-3-740x874.jpg 740w, https:\/\/www.altominho.tv\/site\/wp-content\/uploads\/2022\/11\/Padres-3.jpg 1618w\" sizes=\"auto, (max-width: 366px) 100vw, 366px\" \/><\/p>","protected":false},"excerpt":{"rendered":"<p>Jo\u00e3o Santos, Jo\u00e3o Cruz e Renato Costa v\u00e3o ser ordenados Di\u00e1conos na S\u00e9 Catedral de Viana do Castelo, no pr\u00f3ximo domingo, dia 6 de novembro, pelas 15h30. Atualmente a estagiar em Par\u00f3quias dos Arciprestados de Viana do Castelo, Ponte de Lima e Vila Nova de Cerveira, os tr\u00eas jovens deram uma entrevista ao Not\u00edcias de [&hellip;]<\/p>\n","protected":false},"author":24,"featured_media":84638,"comment_status":"closed","ping_status":"closed","sticky":false,"template":"","format":"standard","meta":{"_exactmetrics_skip_tracking":false,"_exactmetrics_sitenote_active":false,"_exactmetrics_sitenote_note":"","_exactmetrics_sitenote_category":0,"footnotes":""},"categories":[73],"tags":[23,27],"class_list":["post-84639","post","type-post","status-publish","format-standard","has-post-thumbnail","hentry","category-alto-minho","tag-gente","tag-sociedade"],"yoast_head":"<!-- This site is optimized with the Yoast SEO Premium plugin v27.5 (Yoast SEO v27.5) - https:\/\/yoast.com\/product\/yoast-seo-premium-wordpress\/ -->\n<title>Tr\u00eas jovens padres \u00b4refor\u00e7am` a Igreja em Viana do Castelo<\/title>\n<meta name=\"description\" content=\"Jo\u00e3o Santos, Jo\u00e3o Cruz e Renato Costa v\u00e3o ser ordenados Di\u00e1conos na S\u00e9 Catedral de Viana do Castelo, no pr\u00f3ximo domingo, dia 6 de novembro, pelas 15h30.\" \/>\n<meta name=\"robots\" content=\"index, follow, max-snippet:-1, max-image-preview:large, max-video-preview:-1\" \/>\n<link rel=\"canonical\" href=\"https:\/\/www.altominho.tv\/site\/2022\/11\/04\/tres-jovens-padres-reforcam-a-igreja-em-viana-do-castelo\/\" \/>\n<meta property=\"og:locale\" content=\"pt_PT\" \/>\n<meta property=\"og:type\" content=\"article\" \/>\n<meta property=\"og:title\" content=\"Tr\u00eas jovens padres \u00b4refor\u00e7am` a Igreja em Viana do Castelo\" \/>\n<meta property=\"og:description\" content=\"Jo\u00e3o Santos, Jo\u00e3o Cruz e Renato Costa v\u00e3o ser ordenados Di\u00e1conos na S\u00e9 Catedral de Viana do Castelo, no pr\u00f3ximo domingo, dia 6 de novembro, pelas 15h30.\" \/>\n<meta property=\"og:url\" content=\"https:\/\/www.altominho.tv\/site\/2022\/11\/04\/tres-jovens-padres-reforcam-a-igreja-em-viana-do-castelo\/\" \/>\n<meta property=\"og:site_name\" content=\"Altominho.tv\" \/>\n<meta property=\"article:publisher\" content=\"https:\/\/www.facebook.com\/altominhotv\" \/>\n<meta property=\"article:published_time\" content=\"2022-11-04T10:34:03+00:00\" \/>\n<meta property=\"article:modified_time\" content=\"2022-11-04T10:34:09+00:00\" \/>\n<meta property=\"og:image\" content=\"https:\/\/www.altominho.tv\/site\/wp-content\/uploads\/2022\/11\/Padres.jpg\" \/>\n\t<meta property=\"og:image:width\" content=\"1890\" \/>\n\t<meta property=\"og:image:height\" content=\"1063\" \/>\n\t<meta property=\"og:image:type\" content=\"image\/jpeg\" \/>\n<meta name=\"author\" content=\"Cesar Lopes\" \/>\n<meta name=\"twitter:card\" content=\"summary_large_image\" \/>\n<meta name=\"twitter:creator\" content=\"@altominhoTV\" \/>\n<meta name=\"twitter:site\" content=\"@altominhoTV\" \/>\n<meta name=\"twitter:label1\" content=\"Escrito por\" \/>\n\t<meta name=\"twitter:data1\" content=\"Cesar Lopes\" \/>\n\t<meta name=\"twitter:label2\" content=\"Tempo estimado de leitura\" \/>\n\t<meta name=\"twitter:data2\" content=\"2 minutos\" \/>\n<script type=\"application\/ld+json\" class=\"yoast-schema-graph\">{\"@context\":\"https:\\\/\\\/schema.org\",\"@graph\":[{\"@type\":\"Article\",\"@id\":\"https:\\\/\\\/www.altominho.tv\\\/site\\\/2022\\\/11\\\/04\\\/tres-jovens-padres-reforcam-a-igreja-em-viana-do-castelo\\\/#article\",\"isPartOf\":{\"@id\":\"https:\\\/\\\/www.altominho.tv\\\/site\\\/2022\\\/11\\\/04\\\/tres-jovens-padres-reforcam-a-igreja-em-viana-do-castelo\\\/\"},\"author\":{\"name\":\"Cesar Lopes\",\"@id\":\"https:\\\/\\\/www.altominho.tv\\\/site\\\/#\\\/schema\\\/person\\\/c5570e5afb933b8d08c43373326ef1b1\"},\"headline\":\"Tr\u00eas jovens padres \u00b4refor\u00e7am` a Igreja em Viana do Castelo\",\"datePublished\":\"2022-11-04T10:34:03+00:00\",\"dateModified\":\"2022-11-04T10:34:09+00:00\",\"mainEntityOfPage\":{\"@id\":\"https:\\\/\\\/www.altominho.tv\\\/site\\\/2022\\\/11\\\/04\\\/tres-jovens-padres-reforcam-a-igreja-em-viana-do-castelo\\\/\"},\"wordCount\":367,\"image\":{\"@id\":\"https:\\\/\\\/www.altominho.tv\\\/site\\\/2022\\\/11\\\/04\\\/tres-jovens-padres-reforcam-a-igreja-em-viana-do-castelo\\\/#primaryimage\"},\"thumbnailUrl\":\"https:\\\/\\\/www.altominho.tv\\\/site\\\/wp-content\\\/uploads\\\/2022\\\/11\\\/Padres.jpg\",\"keywords\":[\"Gente\",\"Sociedade\"],\"articleSection\":[\"Alto Minho\"],\"inLanguage\":\"pt-PT\",\"copyrightYear\":\"2022\",\"copyrightHolder\":{\"@id\":\"https:\\\/\\\/www.altominho.tv\\\/site\\\/#organization\"}},{\"@type\":\"WebPage\",\"@id\":\"https:\\\/\\\/www.altominho.tv\\\/site\\\/2022\\\/11\\\/04\\\/tres-jovens-padres-reforcam-a-igreja-em-viana-do-castelo\\\/\",\"url\":\"https:\\\/\\\/www.altominho.tv\\\/site\\\/2022\\\/11\\\/04\\\/tres-jovens-padres-reforcam-a-igreja-em-viana-do-castelo\\\/\",\"name\":\"Tr\u00eas jovens padres \u00b4refor\u00e7am` a Igreja em Viana do Castelo\",\"isPartOf\":{\"@id\":\"https:\\\/\\\/www.altominho.tv\\\/site\\\/#website\"},\"primaryImageOfPage\":{\"@id\":\"https:\\\/\\\/www.altominho.tv\\\/site\\\/2022\\\/11\\\/04\\\/tres-jovens-padres-reforcam-a-igreja-em-viana-do-castelo\\\/#primaryimage\"},\"image\":{\"@id\":\"https:\\\/\\\/www.altominho.tv\\\/site\\\/2022\\\/11\\\/04\\\/tres-jovens-padres-reforcam-a-igreja-em-viana-do-castelo\\\/#primaryimage\"},\"thumbnailUrl\":\"https:\\\/\\\/www.altominho.tv\\\/site\\\/wp-content\\\/uploads\\\/2022\\\/11\\\/Padres.jpg\",\"datePublished\":\"2022-11-04T10:34:03+00:00\",\"dateModified\":\"2022-11-04T10:34:09+00:00\",\"author\":{\"@id\":\"https:\\\/\\\/www.altominho.tv\\\/site\\\/#\\\/schema\\\/person\\\/c5570e5afb933b8d08c43373326ef1b1\"},\"description\":\"Jo\u00e3o Santos, Jo\u00e3o Cruz e Renato Costa v\u00e3o ser ordenados Di\u00e1conos na S\u00e9 Catedral de Viana do Castelo, no pr\u00f3ximo domingo, dia 6 de novembro, pelas 15h30.\",\"breadcrumb\":{\"@id\":\"https:\\\/\\\/www.altominho.tv\\\/site\\\/2022\\\/11\\\/04\\\/tres-jovens-padres-reforcam-a-igreja-em-viana-do-castelo\\\/#breadcrumb\"},\"inLanguage\":\"pt-PT\",\"potentialAction\":[{\"@type\":\"ReadAction\",\"target\":[\"https:\\\/\\\/www.altominho.tv\\\/site\\\/2022\\\/11\\\/04\\\/tres-jovens-padres-reforcam-a-igreja-em-viana-do-castelo\\\/\"]}]},{\"@type\":\"ImageObject\",\"inLanguage\":\"pt-PT\",\"@id\":\"https:\\\/\\\/www.altominho.tv\\\/site\\\/2022\\\/11\\\/04\\\/tres-jovens-padres-reforcam-a-igreja-em-viana-do-castelo\\\/#primaryimage\",\"url\":\"https:\\\/\\\/www.altominho.tv\\\/site\\\/wp-content\\\/uploads\\\/2022\\\/11\\\/Padres.jpg\",\"contentUrl\":\"https:\\\/\\\/www.altominho.tv\\\/site\\\/wp-content\\\/uploads\\\/2022\\\/11\\\/Padres.jpg\",\"width\":1890,\"height\":1063},{\"@type\":\"BreadcrumbList\",\"@id\":\"https:\\\/\\\/www.altominho.tv\\\/site\\\/2022\\\/11\\\/04\\\/tres-jovens-padres-reforcam-a-igreja-em-viana-do-castelo\\\/#breadcrumb\",\"itemListElement\":[{\"@type\":\"ListItem\",\"position\":1,\"name\":\"In\u00edcio\",\"item\":\"https:\\\/\\\/www.altominho.tv\\\/site\\\/\"},{\"@type\":\"ListItem\",\"position\":2,\"name\":\"Tr\u00eas jovens padres \u00b4refor\u00e7am` a Igreja em Viana do Castelo\"}]},{\"@type\":\"WebSite\",\"@id\":\"https:\\\/\\\/www.altominho.tv\\\/site\\\/#website\",\"url\":\"https:\\\/\\\/www.altominho.tv\\\/site\\\/\",\"name\":\"Altominho.tv\",\"description\":\"A sua regi\u00e3o \u00e0 dist\u00e2ncia de um clique...\",\"potentialAction\":[{\"@type\":\"SearchAction\",\"target\":{\"@type\":\"EntryPoint\",\"urlTemplate\":\"https:\\\/\\\/www.altominho.tv\\\/site\\\/?s={search_term_string}\"},\"query-input\":{\"@type\":\"PropertyValueSpecification\",\"valueRequired\":true,\"valueName\":\"search_term_string\"}}],\"inLanguage\":\"pt-PT\"},{\"@type\":\"Person\",\"@id\":\"https:\\\/\\\/www.altominho.tv\\\/site\\\/#\\\/schema\\\/person\\\/c5570e5afb933b8d08c43373326ef1b1\",\"name\":\"Cesar Lopes\",\"image\":{\"@type\":\"ImageObject\",\"inLanguage\":\"pt-PT\",\"@id\":\"https:\\\/\\\/www.altominho.tv\\\/site\\\/wp-content\\\/uploads\\\/2022\\\/10\\\/Sem-Titulo-150x150.jpg\",\"url\":\"https:\\\/\\\/www.altominho.tv\\\/site\\\/wp-content\\\/uploads\\\/2022\\\/10\\\/Sem-Titulo-150x150.jpg\",\"contentUrl\":\"https:\\\/\\\/www.altominho.tv\\\/site\\\/wp-content\\\/uploads\\\/2022\\\/10\\\/Sem-Titulo-150x150.jpg\",\"caption\":\"Cesar Lopes\"},\"url\":\"https:\\\/\\\/www.altominho.tv\\\/site\\\/author\\\/cesarlopes\\\/\"}]}<\/script>\n<!-- \/ Yoast SEO Premium plugin. -->","yoast_head_json":{"title":"Tr\u00eas jovens padres \u00b4refor\u00e7am` a Igreja em Viana do Castelo","description":"Jo\u00e3o Santos, Jo\u00e3o Cruz e Renato Costa v\u00e3o ser ordenados Di\u00e1conos na S\u00e9 Catedral de Viana do Castelo, no pr\u00f3ximo domingo, dia 6 de novembro, pelas 15h30.","robots":{"index":"index","follow":"follow","max-snippet":"max-snippet:-1","max-image-preview":"max-image-preview:large","max-video-preview":"max-video-preview:-1"},"canonical":"https:\/\/www.altominho.tv\/site\/2022\/11\/04\/tres-jovens-padres-reforcam-a-igreja-em-viana-do-castelo\/","og_locale":"pt_PT","og_type":"article","og_title":"Tr\u00eas jovens padres \u00b4refor\u00e7am` a Igreja em Viana do Castelo","og_description":"Jo\u00e3o Santos, Jo\u00e3o Cruz e Renato Costa v\u00e3o ser ordenados Di\u00e1conos na S\u00e9 Catedral de Viana do Castelo, no pr\u00f3ximo domingo, dia 6 de novembro, pelas 15h30.","og_url":"https:\/\/www.altominho.tv\/site\/2022\/11\/04\/tres-jovens-padres-reforcam-a-igreja-em-viana-do-castelo\/","og_site_name":"Altominho.tv","article_publisher":"https:\/\/www.facebook.com\/altominhotv","article_published_time":"2022-11-04T10:34:03+00:00","article_modified_time":"2022-11-04T10:34:09+00:00","og_image":[{"width":1890,"height":1063,"url":"https:\/\/www.altominho.tv\/site\/wp-content\/uploads\/2022\/11\/Padres.jpg","type":"image\/jpeg"}],"author":"Cesar Lopes","twitter_card":"summary_large_image","twitter_creator":"@altominhoTV","twitter_site":"@altominhoTV","twitter_misc":{"Escrito por":"Cesar Lopes","Tempo estimado de leitura":"2 minutos"},"schema":{"@context":"https:\/\/schema.org","@graph":[{"@type":"Article","@id":"https:\/\/www.altominho.tv\/site\/2022\/11\/04\/tres-jovens-padres-reforcam-a-igreja-em-viana-do-castelo\/#article","isPartOf":{"@id":"https:\/\/www.altominho.tv\/site\/2022\/11\/04\/tres-jovens-padres-reforcam-a-igreja-em-viana-do-castelo\/"},"author":{"name":"Cesar Lopes","@id":"https:\/\/www.altominho.tv\/site\/#\/schema\/person\/c5570e5afb933b8d08c43373326ef1b1"},"headline":"Tr\u00eas jovens padres \u00b4refor\u00e7am` a Igreja em Viana do Castelo","datePublished":"2022-11-04T10:34:03+00:00","dateModified":"2022-11-04T10:34:09+00:00","mainEntityOfPage":{"@id":"https:\/\/www.altominho.tv\/site\/2022\/11\/04\/tres-jovens-padres-reforcam-a-igreja-em-viana-do-castelo\/"},"wordCount":367,"image":{"@id":"https:\/\/www.altominho.tv\/site\/2022\/11\/04\/tres-jovens-padres-reforcam-a-igreja-em-viana-do-castelo\/#primaryimage"},"thumbnailUrl":"https:\/\/www.altominho.tv\/site\/wp-content\/uploads\/2022\/11\/Padres.jpg","keywords":["Gente","Sociedade"],"articleSection":["Alto Minho"],"inLanguage":"pt-PT","copyrightYear":"2022","copyrightHolder":{"@id":"https:\/\/www.altominho.tv\/site\/#organization"}},{"@type":"WebPage","@id":"https:\/\/www.altominho.tv\/site\/2022\/11\/04\/tres-jovens-padres-reforcam-a-igreja-em-viana-do-castelo\/","url":"https:\/\/www.altominho.tv\/site\/2022\/11\/04\/tres-jovens-padres-reforcam-a-igreja-em-viana-do-castelo\/","name":"Tr\u00eas jovens padres \u00b4refor\u00e7am` a Igreja em Viana do Castelo","isPartOf":{"@id":"https:\/\/www.altominho.tv\/site\/#website"},"primaryImageOfPage":{"@id":"https:\/\/www.altominho.tv\/site\/2022\/11\/04\/tres-jovens-padres-reforcam-a-igreja-em-viana-do-castelo\/#primaryimage"},"image":{"@id":"https:\/\/www.altominho.tv\/site\/2022\/11\/04\/tres-jovens-padres-reforcam-a-igreja-em-viana-do-castelo\/#primaryimage"},"thumbnailUrl":"https:\/\/www.altominho.tv\/site\/wp-content\/uploads\/2022\/11\/Padres.jpg","datePublished":"2022-11-04T10:34:03+00:00","dateModified":"2022-11-04T10:34:09+00:00","author":{"@id":"https:\/\/www.altominho.tv\/site\/#\/schema\/person\/c5570e5afb933b8d08c43373326ef1b1"},"description":"Jo\u00e3o Santos, Jo\u00e3o Cruz e Renato Costa v\u00e3o ser ordenados Di\u00e1conos na S\u00e9 Catedral de Viana do Castelo, no pr\u00f3ximo domingo, dia 6 de novembro, pelas 15h30.","breadcrumb":{"@id":"https:\/\/www.altominho.tv\/site\/2022\/11\/04\/tres-jovens-padres-reforcam-a-igreja-em-viana-do-castelo\/#breadcrumb"},"inLanguage":"pt-PT","potentialAction":[{"@type":"ReadAction","target":["https:\/\/www.altominho.tv\/site\/2022\/11\/04\/tres-jovens-padres-reforcam-a-igreja-em-viana-do-castelo\/"]}]},{"@type":"ImageObject","inLanguage":"pt-PT","@id":"https:\/\/www.altominho.tv\/site\/2022\/11\/04\/tres-jovens-padres-reforcam-a-igreja-em-viana-do-castelo\/#primaryimage","url":"https:\/\/www.altominho.tv\/site\/wp-content\/uploads\/2022\/11\/Padres.jpg","contentUrl":"https:\/\/www.altominho.tv\/site\/wp-content\/uploads\/2022\/11\/Padres.jpg","width":1890,"height":1063},{"@type":"BreadcrumbList","@id":"https:\/\/www.altominho.tv\/site\/2022\/11\/04\/tres-jovens-padres-reforcam-a-igreja-em-viana-do-castelo\/#breadcrumb","itemListElement":[{"@type":"ListItem","position":1,"name":"In\u00edcio","item":"https:\/\/www.altominho.tv\/site\/"},{"@type":"ListItem","position":2,"name":"Tr\u00eas jovens padres \u00b4refor\u00e7am` a Igreja em Viana do Castelo"}]},{"@type":"WebSite","@id":"https:\/\/www.altominho.tv\/site\/#website","url":"https:\/\/www.altominho.tv\/site\/","name":"Altominho.tv","description":"A sua regi\u00e3o \u00e0 dist\u00e2ncia de um clique...","potentialAction":[{"@type":"SearchAction","target":{"@type":"EntryPoint","urlTemplate":"https:\/\/www.altominho.tv\/site\/?s={search_term_string}"},"query-input":{"@type":"PropertyValueSpecification","valueRequired":true,"valueName":"search_term_string"}}],"inLanguage":"pt-PT"},{"@type":"Person","@id":"https:\/\/www.altominho.tv\/site\/#\/schema\/person\/c5570e5afb933b8d08c43373326ef1b1","name":"Cesar Lopes","image":{"@type":"ImageObject","inLanguage":"pt-PT","@id":"https:\/\/www.altominho.tv\/site\/wp-content\/uploads\/2022\/10\/Sem-Titulo-150x150.jpg","url":"https:\/\/www.altominho.tv\/site\/wp-content\/uploads\/2022\/10\/Sem-Titulo-150x150.jpg","contentUrl":"https:\/\/www.altominho.tv\/site\/wp-content\/uploads\/2022\/10\/Sem-Titulo-150x150.jpg","caption":"Cesar Lopes"},"url":"https:\/\/www.altominho.tv\/site\/author\/cesarlopes\/"}]}},"_links":{"self":[{"href":"https:\/\/www.altominho.tv\/site\/wp-json\/wp\/v2\/posts\/84639","targetHints":{"allow":["GET"]}}],"collection":[{"href":"https:\/\/www.altominho.tv\/site\/wp-json\/wp\/v2\/posts"}],"about":[{"href":"https:\/\/www.altominho.tv\/site\/wp-json\/wp\/v2\/types\/post"}],"author":[{"embeddable":true,"href":"https:\/\/www.altominho.tv\/site\/wp-json\/wp\/v2\/users\/24"}],"replies":[{"embeddable":true,"href":"https:\/\/www.altominho.tv\/site\/wp-json\/wp\/v2\/comments?post=84639"}],"version-history":[{"count":2,"href":"https:\/\/www.altominho.tv\/site\/wp-json\/wp\/v2\/posts\/84639\/revisions"}],"predecessor-version":[{"id":84643,"href":"https:\/\/www.altominho.tv\/site\/wp-json\/wp\/v2\/posts\/84639\/revisions\/84643"}],"wp:featuredmedia":[{"embeddable":true,"href":"https:\/\/www.altominho.tv\/site\/wp-json\/wp\/v2\/media\/84638"}],"wp:attachment":[{"href":"https:\/\/www.altominho.tv\/site\/wp-json\/wp\/v2\/media?parent=84639"}],"wp:term":[{"taxonomy":"category","embeddable":true,"href":"https:\/\/www.altominho.tv\/site\/wp-json\/wp\/v2\/categories?post=84639"},{"taxonomy":"post_tag","embeddable":true,"href":"https:\/\/www.altominho.tv\/site\/wp-json\/wp\/v2\/tags?post=84639"}],"curies":[{"name":"wp","href":"https:\/\/api.w.org\/{rel}","templated":true}]}}