{"id":84191,"date":"2022-10-27T10:50:09","date_gmt":"2022-10-27T09:50:09","guid":{"rendered":"https:\/\/www.altominho.tv\/site\/?p=84191"},"modified":"2022-10-27T10:50:15","modified_gmt":"2022-10-27T09:50:15","slug":"regulamento-sobre-incentivos-ao-investimento-em-arcos-de-valdevez-em-consulta-publica","status":"publish","type":"post","link":"https:\/\/www.altominho.tv\/site\/2022\/10\/27\/regulamento-sobre-incentivos-ao-investimento-em-arcos-de-valdevez-em-consulta-publica\/","title":{"rendered":"Regulamento sobre incentivos ao investimento em Arcos de Valdevez em consulta p\u00fablica"},"content":{"rendered":"<p>O regulamento municipal para a concess\u00e3o de incentivos fiscais ao investimento em Arcos de Valdevez entrou esta quinta-feira em discuss\u00e3o p\u00fablica, por um prazo de 30 dias \u00fateis, segundo edital publicado em Di\u00e1rio da Rep\u00fablica.<\/p>\n<p>No documento, a autarquia justifica aquela medida com a necessidade de \u201ctornar o concelho mais atrativo \u00e0 realiza\u00e7\u00e3o de investimentos que viabilizem a cria\u00e7\u00e3o de emprego e de rendimento\u201d.<\/p>\n<p>Os investimentos devem ser \u201crelevantes para a melhoria da qualidade de vida\u201d da popula\u00e7\u00e3o de Arcos de Valdevez e \u201cpara o desenvolvimento sustent\u00e1vel do concelho, bem como para a fixa\u00e7\u00e3o e atra\u00e7\u00e3o da popula\u00e7\u00e3o\u201d.<\/p>\n<p>O regulamento municipal para a concess\u00e3o de incentivos ao investimento em Arcos de Valdevez prev\u00ea a atribui\u00e7\u00e3o de \u201cbenef\u00edcios fiscais pela via da isen\u00e7\u00e3o total ou parcial dos impostos municipais, taxas municipais, e acesso a um programa de apoio ao licenciamento municipal denominado Via Verde\u201d.<\/p>\n<p>O regulamento abrange todas as iniciativas empresariais privadas que visem a sua instala\u00e7\u00e3o, relocaliza\u00e7\u00e3o ou amplia\u00e7\u00e3o no concelho. S\u00e3o \u201csuscet\u00edveis de apoio os projetos de investimento relevantes para o desenvolvimento sustent\u00e1vel do concelho, contribuam para a diversifica\u00e7\u00e3o do tecido empresarial local, que sejam geradores de novos postos de trabalho, promovam o aumento da qualifica\u00e7\u00e3o dos postos de trabalho existentes e assentem em processos de inova\u00e7\u00e3o produtiva, designadamente na produ\u00e7\u00e3o de novos bens e servi\u00e7os no concelho e no pa\u00eds\u201d.<\/p>\n<p>Os \u201cincentivos a conceder poder\u00e3o revestir modalidades de benef\u00edcios fiscais, benef\u00edcios em taxas municipais e apoios procedimentais\u201d.<\/p>\n<p>A isen\u00e7\u00e3o ou redu\u00e7\u00e3o de Imposto Municipal sobre a Transmiss\u00e3o Onerosa de Im\u00f3veis (IMT), relativamente aos im\u00f3veis a afetar \u00e0 atividade prevista para o projeto, a isen\u00e7\u00e3o ou redu\u00e7\u00e3o de Imposto Municipal sobre Im\u00f3veis (IMI), relativamente aos im\u00f3veis afetos \u00e0 atividade prevista para o projeto, pelo prazo m\u00e1ximo de cinco anos, renov\u00e1vel por uma \u00fanica vez, por igual per\u00edodo, isen\u00e7\u00e3o ou redu\u00e7\u00e3o das taxas municipais devidas, a colabora\u00e7\u00e3o no processo de instala\u00e7\u00e3o e expans\u00e3o do projeto e acompanhamento dos procedimentos administrativos e de licenciamento s\u00e3o os incentivos previstos.<\/p>\n<p>Podem ser eleg\u00edveis iniciativas empresariais, tur\u00edsticas e de constru\u00e7\u00e3o de habita\u00e7\u00e3o a custos controlados.<\/p>\n<p>As candidaturas dever\u00e3o ser apresentadas em modelo pr\u00f3prio, dispon\u00edvel na p\u00e1gina eletr\u00f3nica da C\u00e2mara Municipal de Arcos de Valdevez. O promotor ter\u00e1 de indicar, \u201cobrigatoriamente\u201d, entre outros dados, \u201co valor total do investimento, o prazo de implementa\u00e7\u00e3o do projeto, no m\u00e1ximo de 36 meses, e o n\u00famero de novos postos de trabalho afetos ao projeto\u201d.<\/p>\n<p>Os \u201cincentivos a conceder aos projetos candidatados\u201d ter\u00e3o em conta, entre outros, \u201co montante do investimento a realizar nos primeiros cinco anos de atividade e o n\u00famero de postos de trabalho diretos a criar durante o per\u00edodo de implementa\u00e7\u00e3o do projeto\u201d.<\/p>\n<p>Os benef\u00edcios a conceder pelo munic\u00edpio \u201cs\u00e3o formalizados atrav\u00e9s de um contrato de concess\u00e3o, a celebrar entre a autarquia e o benefici\u00e1rio, sendo que a aprova\u00e7\u00e3o da candidatura caduca se no prazo de 60 dias a contar da data da notifica\u00e7\u00e3o da sua aprova\u00e7\u00e3o n\u00e3o for outorgado o respetivo contrato por motivo imput\u00e1vel ao benefici\u00e1rio\u201d.<\/p>\n<p>Os benefici\u00e1rios dos apoios concedidos ao abrigo do regulamento, agora em consulta p\u00fablica, \u201cobrigam-se\u201d, entre outros, \u201ca manter o estabelecimento em funcionamento e os postos de trabalho criados por um prazo m\u00ednimo de 10 anos, contados a partir da outorga do contrato e concess\u00e3o de incentivos ao investimento, salvo autoriza\u00e7\u00e3o expressa da C\u00e2mara Municipal, a fornecer ao munic\u00edpio documentos comprovativos do cumprimento das obriga\u00e7\u00f5es fiscais e obriga\u00e7\u00f5es para com a seguran\u00e7a social, mapas de pessoal, balan\u00e7os e demonstra\u00e7\u00f5es de resultados\u201d.<\/p>\n<p>Os benefici\u00e1rios \u201ccomprometem-se a fornecer ao munic\u00edpio, sempre que for solicitado, no prazo de 10 dias \u00fateis a contar da rece\u00e7\u00e3o da notifica\u00e7\u00e3o, os documentos e as informa\u00e7\u00f5es necess\u00e1rias ao acompanhamento, controlo e fiscaliza\u00e7\u00e3o do contrato de concess\u00e3o de incentivos ao investimento\u201d.<\/p>\n","protected":false},"excerpt":{"rendered":"<p>O regulamento municipal para a concess\u00e3o de incentivos fiscais ao investimento em Arcos de Valdevez entrou esta quinta-feira em discuss\u00e3o p\u00fablica, por um prazo de 30 dias \u00fateis, segundo edital publicado em Di\u00e1rio da Rep\u00fablica. No documento, a autarquia justifica aquela medida com a necessidade de \u201ctornar o concelho mais atrativo \u00e0 realiza\u00e7\u00e3o de investimentos [&hellip;]<\/p>\n","protected":false},"author":13,"featured_media":82838,"comment_status":"closed","ping_status":"closed","sticky":false,"template":"","format":"standard","meta":{"_exactmetrics_skip_tracking":false,"_exactmetrics_sitenote_active":false,"_exactmetrics_sitenote_note":"","_exactmetrics_sitenote_category":0,"footnotes":""},"categories":[2],"tags":[21],"class_list":["post-84191","post","type-post","status-publish","format-standard","has-post-thumbnail","hentry","category-arcos-de-valdevez","tag-economia"],"yoast_head":"<!-- This site is optimized with the Yoast SEO Premium plugin v27.5 (Yoast SEO v27.5) - https:\/\/yoast.com\/product\/yoast-seo-premium-wordpress\/ -->\n<title>Regulamento sobre incentivos ao investimento em Arcos de Valdevez em consulta p\u00fablica<\/title>\n<meta name=\"description\" content=\"O regulamento municipal para a concess\u00e3o de incentivos fiscais ao investimento em Arcos de Valdevez entrou em discuss\u00e3o p\u00fablica.\" \/>\n<meta name=\"robots\" content=\"index, follow, max-snippet:-1, max-image-preview:large, max-video-preview:-1\" \/>\n<link rel=\"canonical\" href=\"https:\/\/www.altominho.tv\/site\/2022\/10\/27\/regulamento-sobre-incentivos-ao-investimento-em-arcos-de-valdevez-em-consulta-publica\/\" \/>\n<meta property=\"og:locale\" content=\"pt_PT\" \/>\n<meta property=\"og:type\" content=\"article\" \/>\n<meta property=\"og:title\" content=\"Regulamento sobre incentivos ao investimento em Arcos de Valdevez em consulta p\u00fablica\" \/>\n<meta property=\"og:description\" content=\"O regulamento municipal para a concess\u00e3o de incentivos fiscais ao investimento em Arcos de Valdevez entrou em discuss\u00e3o p\u00fablica.\" \/>\n<meta property=\"og:url\" content=\"https:\/\/www.altominho.tv\/site\/2022\/10\/27\/regulamento-sobre-incentivos-ao-investimento-em-arcos-de-valdevez-em-consulta-publica\/\" \/>\n<meta property=\"og:site_name\" content=\"Altominho.tv\" \/>\n<meta property=\"article:publisher\" content=\"https:\/\/www.facebook.com\/altominhotv\" \/>\n<meta property=\"article:published_time\" content=\"2022-10-27T09:50:09+00:00\" \/>\n<meta property=\"article:modified_time\" content=\"2022-10-27T09:50:15+00:00\" \/>\n<meta property=\"og:image\" content=\"https:\/\/www.altominho.tv\/site\/wp-content\/uploads\/2022\/09\/Arcos-de-Valdevez.jpeg\" \/>\n\t<meta property=\"og:image:width\" content=\"2556\" \/>\n\t<meta property=\"og:image:height\" content=\"1436\" \/>\n\t<meta property=\"og:image:type\" content=\"image\/jpeg\" \/>\n<meta name=\"author\" content=\"Lusa\" \/>\n<meta name=\"twitter:card\" content=\"summary_large_image\" \/>\n<meta name=\"twitter:creator\" content=\"@altominhoTV\" \/>\n<meta name=\"twitter:site\" content=\"@altominhoTV\" \/>\n<meta name=\"twitter:label1\" content=\"Escrito por\" \/>\n\t<meta name=\"twitter:data1\" content=\"Lusa\" \/>\n\t<meta name=\"twitter:label2\" content=\"Tempo estimado de leitura\" \/>\n\t<meta name=\"twitter:data2\" content=\"4 minutos\" \/>\n<script type=\"application\/ld+json\" class=\"yoast-schema-graph\">{\"@context\":\"https:\\\/\\\/schema.org\",\"@graph\":[{\"@type\":\"Article\",\"@id\":\"https:\\\/\\\/www.altominho.tv\\\/site\\\/2022\\\/10\\\/27\\\/regulamento-sobre-incentivos-ao-investimento-em-arcos-de-valdevez-em-consulta-publica\\\/#article\",\"isPartOf\":{\"@id\":\"https:\\\/\\\/www.altominho.tv\\\/site\\\/2022\\\/10\\\/27\\\/regulamento-sobre-incentivos-ao-investimento-em-arcos-de-valdevez-em-consulta-publica\\\/\"},\"author\":{\"name\":\"Lusa\",\"@id\":\"https:\\\/\\\/www.altominho.tv\\\/site\\\/#\\\/schema\\\/person\\\/63f693da3e1899361cbe955c46f3232e\"},\"headline\":\"Regulamento sobre incentivos ao investimento em Arcos de Valdevez em consulta p\u00fablica\",\"datePublished\":\"2022-10-27T09:50:09+00:00\",\"dateModified\":\"2022-10-27T09:50:15+00:00\",\"mainEntityOfPage\":{\"@id\":\"https:\\\/\\\/www.altominho.tv\\\/site\\\/2022\\\/10\\\/27\\\/regulamento-sobre-incentivos-ao-investimento-em-arcos-de-valdevez-em-consulta-publica\\\/\"},\"wordCount\":717,\"image\":{\"@id\":\"https:\\\/\\\/www.altominho.tv\\\/site\\\/2022\\\/10\\\/27\\\/regulamento-sobre-incentivos-ao-investimento-em-arcos-de-valdevez-em-consulta-publica\\\/#primaryimage\"},\"thumbnailUrl\":\"https:\\\/\\\/www.altominho.tv\\\/site\\\/wp-content\\\/uploads\\\/2022\\\/09\\\/Arcos-de-Valdevez.jpeg\",\"keywords\":[\"Economia\"],\"articleSection\":[\"Arcos de Valdevez\"],\"inLanguage\":\"pt-PT\",\"copyrightYear\":\"2022\",\"copyrightHolder\":{\"@id\":\"https:\\\/\\\/www.altominho.tv\\\/site\\\/#organization\"}},{\"@type\":\"WebPage\",\"@id\":\"https:\\\/\\\/www.altominho.tv\\\/site\\\/2022\\\/10\\\/27\\\/regulamento-sobre-incentivos-ao-investimento-em-arcos-de-valdevez-em-consulta-publica\\\/\",\"url\":\"https:\\\/\\\/www.altominho.tv\\\/site\\\/2022\\\/10\\\/27\\\/regulamento-sobre-incentivos-ao-investimento-em-arcos-de-valdevez-em-consulta-publica\\\/\",\"name\":\"Regulamento sobre incentivos ao investimento em Arcos de Valdevez em consulta p\u00fablica\",\"isPartOf\":{\"@id\":\"https:\\\/\\\/www.altominho.tv\\\/site\\\/#website\"},\"primaryImageOfPage\":{\"@id\":\"https:\\\/\\\/www.altominho.tv\\\/site\\\/2022\\\/10\\\/27\\\/regulamento-sobre-incentivos-ao-investimento-em-arcos-de-valdevez-em-consulta-publica\\\/#primaryimage\"},\"image\":{\"@id\":\"https:\\\/\\\/www.altominho.tv\\\/site\\\/2022\\\/10\\\/27\\\/regulamento-sobre-incentivos-ao-investimento-em-arcos-de-valdevez-em-consulta-publica\\\/#primaryimage\"},\"thumbnailUrl\":\"https:\\\/\\\/www.altominho.tv\\\/site\\\/wp-content\\\/uploads\\\/2022\\\/09\\\/Arcos-de-Valdevez.jpeg\",\"datePublished\":\"2022-10-27T09:50:09+00:00\",\"dateModified\":\"2022-10-27T09:50:15+00:00\",\"author\":{\"@id\":\"https:\\\/\\\/www.altominho.tv\\\/site\\\/#\\\/schema\\\/person\\\/63f693da3e1899361cbe955c46f3232e\"},\"description\":\"O regulamento municipal para a concess\u00e3o de incentivos fiscais ao investimento em Arcos de Valdevez entrou em discuss\u00e3o p\u00fablica.\",\"breadcrumb\":{\"@id\":\"https:\\\/\\\/www.altominho.tv\\\/site\\\/2022\\\/10\\\/27\\\/regulamento-sobre-incentivos-ao-investimento-em-arcos-de-valdevez-em-consulta-publica\\\/#breadcrumb\"},\"inLanguage\":\"pt-PT\",\"potentialAction\":[{\"@type\":\"ReadAction\",\"target\":[\"https:\\\/\\\/www.altominho.tv\\\/site\\\/2022\\\/10\\\/27\\\/regulamento-sobre-incentivos-ao-investimento-em-arcos-de-valdevez-em-consulta-publica\\\/\"]}]},{\"@type\":\"ImageObject\",\"inLanguage\":\"pt-PT\",\"@id\":\"https:\\\/\\\/www.altominho.tv\\\/site\\\/2022\\\/10\\\/27\\\/regulamento-sobre-incentivos-ao-investimento-em-arcos-de-valdevez-em-consulta-publica\\\/#primaryimage\",\"url\":\"https:\\\/\\\/www.altominho.tv\\\/site\\\/wp-content\\\/uploads\\\/2022\\\/09\\\/Arcos-de-Valdevez.jpeg\",\"contentUrl\":\"https:\\\/\\\/www.altominho.tv\\\/site\\\/wp-content\\\/uploads\\\/2022\\\/09\\\/Arcos-de-Valdevez.jpeg\",\"width\":2556,\"height\":1436},{\"@type\":\"BreadcrumbList\",\"@id\":\"https:\\\/\\\/www.altominho.tv\\\/site\\\/2022\\\/10\\\/27\\\/regulamento-sobre-incentivos-ao-investimento-em-arcos-de-valdevez-em-consulta-publica\\\/#breadcrumb\",\"itemListElement\":[{\"@type\":\"ListItem\",\"position\":1,\"name\":\"In\u00edcio\",\"item\":\"https:\\\/\\\/www.altominho.tv\\\/site\\\/\"},{\"@type\":\"ListItem\",\"position\":2,\"name\":\"Regulamento sobre incentivos ao investimento em Arcos de Valdevez em consulta p\u00fablica\"}]},{\"@type\":\"WebSite\",\"@id\":\"https:\\\/\\\/www.altominho.tv\\\/site\\\/#website\",\"url\":\"https:\\\/\\\/www.altominho.tv\\\/site\\\/\",\"name\":\"Altominho.tv\",\"description\":\"A sua regi\u00e3o \u00e0 dist\u00e2ncia de um clique...\",\"potentialAction\":[{\"@type\":\"SearchAction\",\"target\":{\"@type\":\"EntryPoint\",\"urlTemplate\":\"https:\\\/\\\/www.altominho.tv\\\/site\\\/?s={search_term_string}\"},\"query-input\":{\"@type\":\"PropertyValueSpecification\",\"valueRequired\":true,\"valueName\":\"search_term_string\"}}],\"inLanguage\":\"pt-PT\"},{\"@type\":\"Person\",\"@id\":\"https:\\\/\\\/www.altominho.tv\\\/site\\\/#\\\/schema\\\/person\\\/63f693da3e1899361cbe955c46f3232e\",\"name\":\"Lusa\",\"image\":{\"@type\":\"ImageObject\",\"inLanguage\":\"pt-PT\",\"@id\":\"https:\\\/\\\/www.altominho.tv\\\/site\\\/wp-content\\\/uploads\\\/2019\\\/08\\\/LUSA_Logo.gif\",\"url\":\"https:\\\/\\\/www.altominho.tv\\\/site\\\/wp-content\\\/uploads\\\/2019\\\/08\\\/LUSA_Logo.gif\",\"contentUrl\":\"https:\\\/\\\/www.altominho.tv\\\/site\\\/wp-content\\\/uploads\\\/2019\\\/08\\\/LUSA_Logo.gif\",\"caption\":\"Lusa\"},\"sameAs\":[\"http:\\\/\\\/\\\/\\\/www.altominho.tv\\\/site\"],\"url\":\"https:\\\/\\\/www.altominho.tv\\\/site\\\/author\\\/lusa\\\/\"}]}<\/script>\n<!-- \/ Yoast SEO Premium plugin. -->","yoast_head_json":{"title":"Regulamento sobre incentivos ao investimento em Arcos de Valdevez em consulta p\u00fablica","description":"O regulamento municipal para a concess\u00e3o de incentivos fiscais ao investimento em Arcos de Valdevez entrou em discuss\u00e3o p\u00fablica.","robots":{"index":"index","follow":"follow","max-snippet":"max-snippet:-1","max-image-preview":"max-image-preview:large","max-video-preview":"max-video-preview:-1"},"canonical":"https:\/\/www.altominho.tv\/site\/2022\/10\/27\/regulamento-sobre-incentivos-ao-investimento-em-arcos-de-valdevez-em-consulta-publica\/","og_locale":"pt_PT","og_type":"article","og_title":"Regulamento sobre incentivos ao investimento em Arcos de Valdevez em consulta p\u00fablica","og_description":"O regulamento municipal para a concess\u00e3o de incentivos fiscais ao investimento em Arcos de Valdevez entrou em discuss\u00e3o p\u00fablica.","og_url":"https:\/\/www.altominho.tv\/site\/2022\/10\/27\/regulamento-sobre-incentivos-ao-investimento-em-arcos-de-valdevez-em-consulta-publica\/","og_site_name":"Altominho.tv","article_publisher":"https:\/\/www.facebook.com\/altominhotv","article_published_time":"2022-10-27T09:50:09+00:00","article_modified_time":"2022-10-27T09:50:15+00:00","og_image":[{"width":2556,"height":1436,"url":"https:\/\/www.altominho.tv\/site\/wp-content\/uploads\/2022\/09\/Arcos-de-Valdevez.jpeg","type":"image\/jpeg"}],"author":"Lusa","twitter_card":"summary_large_image","twitter_creator":"@altominhoTV","twitter_site":"@altominhoTV","twitter_misc":{"Escrito por":"Lusa","Tempo estimado de leitura":"4 minutos"},"schema":{"@context":"https:\/\/schema.org","@graph":[{"@type":"Article","@id":"https:\/\/www.altominho.tv\/site\/2022\/10\/27\/regulamento-sobre-incentivos-ao-investimento-em-arcos-de-valdevez-em-consulta-publica\/#article","isPartOf":{"@id":"https:\/\/www.altominho.tv\/site\/2022\/10\/27\/regulamento-sobre-incentivos-ao-investimento-em-arcos-de-valdevez-em-consulta-publica\/"},"author":{"name":"Lusa","@id":"https:\/\/www.altominho.tv\/site\/#\/schema\/person\/63f693da3e1899361cbe955c46f3232e"},"headline":"Regulamento sobre incentivos ao investimento em Arcos de Valdevez em consulta p\u00fablica","datePublished":"2022-10-27T09:50:09+00:00","dateModified":"2022-10-27T09:50:15+00:00","mainEntityOfPage":{"@id":"https:\/\/www.altominho.tv\/site\/2022\/10\/27\/regulamento-sobre-incentivos-ao-investimento-em-arcos-de-valdevez-em-consulta-publica\/"},"wordCount":717,"image":{"@id":"https:\/\/www.altominho.tv\/site\/2022\/10\/27\/regulamento-sobre-incentivos-ao-investimento-em-arcos-de-valdevez-em-consulta-publica\/#primaryimage"},"thumbnailUrl":"https:\/\/www.altominho.tv\/site\/wp-content\/uploads\/2022\/09\/Arcos-de-Valdevez.jpeg","keywords":["Economia"],"articleSection":["Arcos de Valdevez"],"inLanguage":"pt-PT","copyrightYear":"2022","copyrightHolder":{"@id":"https:\/\/www.altominho.tv\/site\/#organization"}},{"@type":"WebPage","@id":"https:\/\/www.altominho.tv\/site\/2022\/10\/27\/regulamento-sobre-incentivos-ao-investimento-em-arcos-de-valdevez-em-consulta-publica\/","url":"https:\/\/www.altominho.tv\/site\/2022\/10\/27\/regulamento-sobre-incentivos-ao-investimento-em-arcos-de-valdevez-em-consulta-publica\/","name":"Regulamento sobre incentivos ao investimento em Arcos de Valdevez em consulta p\u00fablica","isPartOf":{"@id":"https:\/\/www.altominho.tv\/site\/#website"},"primaryImageOfPage":{"@id":"https:\/\/www.altominho.tv\/site\/2022\/10\/27\/regulamento-sobre-incentivos-ao-investimento-em-arcos-de-valdevez-em-consulta-publica\/#primaryimage"},"image":{"@id":"https:\/\/www.altominho.tv\/site\/2022\/10\/27\/regulamento-sobre-incentivos-ao-investimento-em-arcos-de-valdevez-em-consulta-publica\/#primaryimage"},"thumbnailUrl":"https:\/\/www.altominho.tv\/site\/wp-content\/uploads\/2022\/09\/Arcos-de-Valdevez.jpeg","datePublished":"2022-10-27T09:50:09+00:00","dateModified":"2022-10-27T09:50:15+00:00","author":{"@id":"https:\/\/www.altominho.tv\/site\/#\/schema\/person\/63f693da3e1899361cbe955c46f3232e"},"description":"O regulamento municipal para a concess\u00e3o de incentivos fiscais ao investimento em Arcos de Valdevez entrou em discuss\u00e3o p\u00fablica.","breadcrumb":{"@id":"https:\/\/www.altominho.tv\/site\/2022\/10\/27\/regulamento-sobre-incentivos-ao-investimento-em-arcos-de-valdevez-em-consulta-publica\/#breadcrumb"},"inLanguage":"pt-PT","potentialAction":[{"@type":"ReadAction","target":["https:\/\/www.altominho.tv\/site\/2022\/10\/27\/regulamento-sobre-incentivos-ao-investimento-em-arcos-de-valdevez-em-consulta-publica\/"]}]},{"@type":"ImageObject","inLanguage":"pt-PT","@id":"https:\/\/www.altominho.tv\/site\/2022\/10\/27\/regulamento-sobre-incentivos-ao-investimento-em-arcos-de-valdevez-em-consulta-publica\/#primaryimage","url":"https:\/\/www.altominho.tv\/site\/wp-content\/uploads\/2022\/09\/Arcos-de-Valdevez.jpeg","contentUrl":"https:\/\/www.altominho.tv\/site\/wp-content\/uploads\/2022\/09\/Arcos-de-Valdevez.jpeg","width":2556,"height":1436},{"@type":"BreadcrumbList","@id":"https:\/\/www.altominho.tv\/site\/2022\/10\/27\/regulamento-sobre-incentivos-ao-investimento-em-arcos-de-valdevez-em-consulta-publica\/#breadcrumb","itemListElement":[{"@type":"ListItem","position":1,"name":"In\u00edcio","item":"https:\/\/www.altominho.tv\/site\/"},{"@type":"ListItem","position":2,"name":"Regulamento sobre incentivos ao investimento em Arcos de Valdevez em consulta p\u00fablica"}]},{"@type":"WebSite","@id":"https:\/\/www.altominho.tv\/site\/#website","url":"https:\/\/www.altominho.tv\/site\/","name":"Altominho.tv","description":"A sua regi\u00e3o \u00e0 dist\u00e2ncia de um clique...","potentialAction":[{"@type":"SearchAction","target":{"@type":"EntryPoint","urlTemplate":"https:\/\/www.altominho.tv\/site\/?s={search_term_string}"},"query-input":{"@type":"PropertyValueSpecification","valueRequired":true,"valueName":"search_term_string"}}],"inLanguage":"pt-PT"},{"@type":"Person","@id":"https:\/\/www.altominho.tv\/site\/#\/schema\/person\/63f693da3e1899361cbe955c46f3232e","name":"Lusa","image":{"@type":"ImageObject","inLanguage":"pt-PT","@id":"https:\/\/www.altominho.tv\/site\/wp-content\/uploads\/2019\/08\/LUSA_Logo.gif","url":"https:\/\/www.altominho.tv\/site\/wp-content\/uploads\/2019\/08\/LUSA_Logo.gif","contentUrl":"https:\/\/www.altominho.tv\/site\/wp-content\/uploads\/2019\/08\/LUSA_Logo.gif","caption":"Lusa"},"sameAs":["http:\/\/\/\/www.altominho.tv\/site"],"url":"https:\/\/www.altominho.tv\/site\/author\/lusa\/"}]}},"_links":{"self":[{"href":"https:\/\/www.altominho.tv\/site\/wp-json\/wp\/v2\/posts\/84191","targetHints":{"allow":["GET"]}}],"collection":[{"href":"https:\/\/www.altominho.tv\/site\/wp-json\/wp\/v2\/posts"}],"about":[{"href":"https:\/\/www.altominho.tv\/site\/wp-json\/wp\/v2\/types\/post"}],"author":[{"embeddable":true,"href":"https:\/\/www.altominho.tv\/site\/wp-json\/wp\/v2\/users\/13"}],"replies":[{"embeddable":true,"href":"https:\/\/www.altominho.tv\/site\/wp-json\/wp\/v2\/comments?post=84191"}],"version-history":[{"count":1,"href":"https:\/\/www.altominho.tv\/site\/wp-json\/wp\/v2\/posts\/84191\/revisions"}],"predecessor-version":[{"id":84192,"href":"https:\/\/www.altominho.tv\/site\/wp-json\/wp\/v2\/posts\/84191\/revisions\/84192"}],"wp:featuredmedia":[{"embeddable":true,"href":"https:\/\/www.altominho.tv\/site\/wp-json\/wp\/v2\/media\/82838"}],"wp:attachment":[{"href":"https:\/\/www.altominho.tv\/site\/wp-json\/wp\/v2\/media?parent=84191"}],"wp:term":[{"taxonomy":"category","embeddable":true,"href":"https:\/\/www.altominho.tv\/site\/wp-json\/wp\/v2\/categories?post=84191"},{"taxonomy":"post_tag","embeddable":true,"href":"https:\/\/www.altominho.tv\/site\/wp-json\/wp\/v2\/tags?post=84191"}],"curies":[{"name":"wp","href":"https:\/\/api.w.org\/{rel}","templated":true}]}}