{"id":84155,"date":"2022-10-26T10:05:18","date_gmt":"2022-10-26T09:05:18","guid":{"rendered":"https:\/\/www.altominho.tv\/site\/?p=84155"},"modified":"2022-10-26T10:05:28","modified_gmt":"2022-10-26T09:05:28","slug":"feira-dos-santos-esta-a-chegar-mais-de-400-tendas-esperam-milhares-de-visitantes-em-cerdal","status":"publish","type":"post","link":"https:\/\/www.altominho.tv\/site\/2022\/10\/26\/feira-dos-santos-esta-a-chegar-mais-de-400-tendas-esperam-milhares-de-visitantes-em-cerdal\/","title":{"rendered":"Feira dos Santos est\u00e1 a chegar: Mais de 400 tendas esperam milhares de visitantes em Cerdal"},"content":{"rendered":"\n<p><\/p>\n\n\n<p align=\"justify\">A Feira dos Santos de Cerdal est\u00e1 de regresso nos dias 1 e 2 de novembro, com mais de 400 tendas prontas para receberem milhares de visitantes.<\/p>\n<p align=\"justify\">&#8220;\u00c9 o principal evento de outono da Euro regi\u00e3o Galiza-Norte de Portugal, recebendo portugueses e espanh\u00f3is em perfeita comunh\u00e3o, numa tradi\u00e7\u00e3o secular&#8221;, adianta o Munic\u00edpio de Valen\u00e7a em comunicado.<\/p>\n<p align=\"justify\">&#8220;O vestu\u00e1rio, as lou\u00e7as, o cal\u00e7ado, as tasquinhas, o gado bovino, caprino e ovino, os produtos do campo, as maquinarias agr\u00edcolas, os parques de divers\u00f5es e uma infinidade de outros atrativos prometem fazer as del\u00edcias dos visitantes&#8221;, acrescenta a autarquia.<\/p>\n<p align=\"justify\">As corridas de cavalos, em passo travado, decorrem no dia 1 de novembro, a partir das 14h30.<\/p>","protected":false},"excerpt":{"rendered":"<p>A Feira dos Santos de Cerdal est\u00e1 de regresso nos dias 1 e 2 de novembro, com mais de 400 tendas prontas para receberem milhares de visitantes. &#8220;\u00c9 o principal evento de outono da Euro regi\u00e3o Galiza-Norte de Portugal, recebendo portugueses e espanh\u00f3is em perfeita comunh\u00e3o, numa tradi\u00e7\u00e3o secular&#8221;, adianta o Munic\u00edpio de Valen\u00e7a em [&hellip;]<\/p>\n","protected":false},"author":24,"featured_media":84156,"comment_status":"closed","ping_status":"closed","sticky":false,"template":"","format":"standard","meta":{"_exactmetrics_skip_tracking":false,"_exactmetrics_sitenote_active":false,"_exactmetrics_sitenote_note":"","_exactmetrics_sitenote_category":0,"footnotes":""},"categories":[13],"tags":[27],"class_list":["post-84155","post","type-post","status-publish","format-standard","has-post-thumbnail","hentry","category-valenca","tag-sociedade"],"yoast_head":"<!-- This site is optimized with the Yoast SEO Premium plugin v27.5 (Yoast SEO v27.5) - https:\/\/yoast.com\/product\/yoast-seo-premium-wordpress\/ -->\n<title>Feira dos Santos est\u00e1 a chegar: Mais de 400 tendas esperam milhares de visitantes em Cerdal<\/title>\n<meta name=\"description\" content=\"A Feira dos Santos de Cerdal est\u00e1 de regresso nos dias 1 e 2 de novembro, com mais de 400 tendas prontas para receberem milhares de visitantes.\" \/>\n<meta name=\"robots\" content=\"index, follow, max-snippet:-1, max-image-preview:large, max-video-preview:-1\" \/>\n<link rel=\"canonical\" href=\"https:\/\/www.altominho.tv\/site\/2022\/10\/26\/feira-dos-santos-esta-a-chegar-mais-de-400-tendas-esperam-milhares-de-visitantes-em-cerdal\/\" \/>\n<meta property=\"og:locale\" content=\"pt_PT\" \/>\n<meta property=\"og:type\" content=\"article\" \/>\n<meta property=\"og:title\" content=\"Feira dos Santos est\u00e1 a chegar: Mais de 400 tendas esperam milhares de visitantes em Cerdal\" \/>\n<meta property=\"og:description\" content=\"A Feira dos Santos de Cerdal est\u00e1 de regresso nos dias 1 e 2 de novembro, com mais de 400 tendas prontas para receberem milhares de visitantes.\" \/>\n<meta property=\"og:url\" content=\"https:\/\/www.altominho.tv\/site\/2022\/10\/26\/feira-dos-santos-esta-a-chegar-mais-de-400-tendas-esperam-milhares-de-visitantes-em-cerdal\/\" \/>\n<meta property=\"og:site_name\" content=\"Altominho.tv\" \/>\n<meta property=\"article:publisher\" content=\"https:\/\/www.facebook.com\/altominhotv\" \/>\n<meta property=\"article:published_time\" content=\"2022-10-26T09:05:18+00:00\" \/>\n<meta property=\"article:modified_time\" content=\"2022-10-26T09:05:28+00:00\" \/>\n<meta property=\"og:image\" content=\"https:\/\/www.altominho.tv\/site\/wp-content\/uploads\/2022\/10\/Captura-de-ecra\u0303-2022-10-26-a\u0300s-09.52.21.png\" \/>\n\t<meta property=\"og:image:width\" content=\"735\" \/>\n\t<meta property=\"og:image:height\" content=\"407\" \/>\n\t<meta property=\"og:image:type\" content=\"image\/png\" \/>\n<meta name=\"author\" content=\"Cesar Lopes\" \/>\n<meta name=\"twitter:card\" content=\"summary_large_image\" \/>\n<meta name=\"twitter:creator\" content=\"@altominhoTV\" \/>\n<meta name=\"twitter:site\" content=\"@altominhoTV\" \/>\n<meta name=\"twitter:label1\" content=\"Escrito por\" \/>\n\t<meta name=\"twitter:data1\" content=\"Cesar Lopes\" \/>\n\t<meta name=\"twitter:label2\" content=\"Tempo estimado de leitura\" \/>\n\t<meta name=\"twitter:data2\" content=\"1 minuto\" \/>\n<script type=\"application\/ld+json\" class=\"yoast-schema-graph\">{\"@context\":\"https:\\\/\\\/schema.org\",\"@graph\":[{\"@type\":\"Article\",\"@id\":\"https:\\\/\\\/www.altominho.tv\\\/site\\\/2022\\\/10\\\/26\\\/feira-dos-santos-esta-a-chegar-mais-de-400-tendas-esperam-milhares-de-visitantes-em-cerdal\\\/#article\",\"isPartOf\":{\"@id\":\"https:\\\/\\\/www.altominho.tv\\\/site\\\/2022\\\/10\\\/26\\\/feira-dos-santos-esta-a-chegar-mais-de-400-tendas-esperam-milhares-de-visitantes-em-cerdal\\\/\"},\"author\":{\"name\":\"Cesar Lopes\",\"@id\":\"https:\\\/\\\/www.altominho.tv\\\/site\\\/#\\\/schema\\\/person\\\/c5570e5afb933b8d08c43373326ef1b1\"},\"headline\":\"Feira dos Santos est\u00e1 a chegar: Mais de 400 tendas esperam milhares de visitantes em Cerdal\",\"datePublished\":\"2022-10-26T09:05:18+00:00\",\"dateModified\":\"2022-10-26T09:05:28+00:00\",\"mainEntityOfPage\":{\"@id\":\"https:\\\/\\\/www.altominho.tv\\\/site\\\/2022\\\/10\\\/26\\\/feira-dos-santos-esta-a-chegar-mais-de-400-tendas-esperam-milhares-de-visitantes-em-cerdal\\\/\"},\"wordCount\":135,\"image\":{\"@id\":\"https:\\\/\\\/www.altominho.tv\\\/site\\\/2022\\\/10\\\/26\\\/feira-dos-santos-esta-a-chegar-mais-de-400-tendas-esperam-milhares-de-visitantes-em-cerdal\\\/#primaryimage\"},\"thumbnailUrl\":\"https:\\\/\\\/www.altominho.tv\\\/site\\\/wp-content\\\/uploads\\\/2022\\\/10\\\/Captura-de-ecra\u0303-2022-10-26-a\u0300s-09.52.21.png\",\"keywords\":[\"Sociedade\"],\"articleSection\":[\"Valen\u00e7a\"],\"inLanguage\":\"pt-PT\",\"copyrightYear\":\"2022\",\"copyrightHolder\":{\"@id\":\"https:\\\/\\\/www.altominho.tv\\\/site\\\/#organization\"}},{\"@type\":\"WebPage\",\"@id\":\"https:\\\/\\\/www.altominho.tv\\\/site\\\/2022\\\/10\\\/26\\\/feira-dos-santos-esta-a-chegar-mais-de-400-tendas-esperam-milhares-de-visitantes-em-cerdal\\\/\",\"url\":\"https:\\\/\\\/www.altominho.tv\\\/site\\\/2022\\\/10\\\/26\\\/feira-dos-santos-esta-a-chegar-mais-de-400-tendas-esperam-milhares-de-visitantes-em-cerdal\\\/\",\"name\":\"Feira dos Santos est\u00e1 a chegar: Mais de 400 tendas esperam milhares de visitantes em Cerdal\",\"isPartOf\":{\"@id\":\"https:\\\/\\\/www.altominho.tv\\\/site\\\/#website\"},\"primaryImageOfPage\":{\"@id\":\"https:\\\/\\\/www.altominho.tv\\\/site\\\/2022\\\/10\\\/26\\\/feira-dos-santos-esta-a-chegar-mais-de-400-tendas-esperam-milhares-de-visitantes-em-cerdal\\\/#primaryimage\"},\"image\":{\"@id\":\"https:\\\/\\\/www.altominho.tv\\\/site\\\/2022\\\/10\\\/26\\\/feira-dos-santos-esta-a-chegar-mais-de-400-tendas-esperam-milhares-de-visitantes-em-cerdal\\\/#primaryimage\"},\"thumbnailUrl\":\"https:\\\/\\\/www.altominho.tv\\\/site\\\/wp-content\\\/uploads\\\/2022\\\/10\\\/Captura-de-ecra\u0303-2022-10-26-a\u0300s-09.52.21.png\",\"datePublished\":\"2022-10-26T09:05:18+00:00\",\"dateModified\":\"2022-10-26T09:05:28+00:00\",\"author\":{\"@id\":\"https:\\\/\\\/www.altominho.tv\\\/site\\\/#\\\/schema\\\/person\\\/c5570e5afb933b8d08c43373326ef1b1\"},\"description\":\"A Feira dos Santos de Cerdal est\u00e1 de regresso nos dias 1 e 2 de novembro, com mais de 400 tendas prontas para receberem milhares de visitantes.\",\"breadcrumb\":{\"@id\":\"https:\\\/\\\/www.altominho.tv\\\/site\\\/2022\\\/10\\\/26\\\/feira-dos-santos-esta-a-chegar-mais-de-400-tendas-esperam-milhares-de-visitantes-em-cerdal\\\/#breadcrumb\"},\"inLanguage\":\"pt-PT\",\"potentialAction\":[{\"@type\":\"ReadAction\",\"target\":[\"https:\\\/\\\/www.altominho.tv\\\/site\\\/2022\\\/10\\\/26\\\/feira-dos-santos-esta-a-chegar-mais-de-400-tendas-esperam-milhares-de-visitantes-em-cerdal\\\/\"]}]},{\"@type\":\"ImageObject\",\"inLanguage\":\"pt-PT\",\"@id\":\"https:\\\/\\\/www.altominho.tv\\\/site\\\/2022\\\/10\\\/26\\\/feira-dos-santos-esta-a-chegar-mais-de-400-tendas-esperam-milhares-de-visitantes-em-cerdal\\\/#primaryimage\",\"url\":\"https:\\\/\\\/www.altominho.tv\\\/site\\\/wp-content\\\/uploads\\\/2022\\\/10\\\/Captura-de-ecra\u0303-2022-10-26-a\u0300s-09.52.21.png\",\"contentUrl\":\"https:\\\/\\\/www.altominho.tv\\\/site\\\/wp-content\\\/uploads\\\/2022\\\/10\\\/Captura-de-ecra\u0303-2022-10-26-a\u0300s-09.52.21.png\",\"width\":735,\"height\":407},{\"@type\":\"BreadcrumbList\",\"@id\":\"https:\\\/\\\/www.altominho.tv\\\/site\\\/2022\\\/10\\\/26\\\/feira-dos-santos-esta-a-chegar-mais-de-400-tendas-esperam-milhares-de-visitantes-em-cerdal\\\/#breadcrumb\",\"itemListElement\":[{\"@type\":\"ListItem\",\"position\":1,\"name\":\"In\u00edcio\",\"item\":\"https:\\\/\\\/www.altominho.tv\\\/site\\\/\"},{\"@type\":\"ListItem\",\"position\":2,\"name\":\"Feira dos Santos est\u00e1 a chegar: Mais de 400 tendas esperam milhares de visitantes em Cerdal\"}]},{\"@type\":\"WebSite\",\"@id\":\"https:\\\/\\\/www.altominho.tv\\\/site\\\/#website\",\"url\":\"https:\\\/\\\/www.altominho.tv\\\/site\\\/\",\"name\":\"Altominho.tv\",\"description\":\"A sua regi\u00e3o \u00e0 dist\u00e2ncia de um clique...\",\"potentialAction\":[{\"@type\":\"SearchAction\",\"target\":{\"@type\":\"EntryPoint\",\"urlTemplate\":\"https:\\\/\\\/www.altominho.tv\\\/site\\\/?s={search_term_string}\"},\"query-input\":{\"@type\":\"PropertyValueSpecification\",\"valueRequired\":true,\"valueName\":\"search_term_string\"}}],\"inLanguage\":\"pt-PT\"},{\"@type\":\"Person\",\"@id\":\"https:\\\/\\\/www.altominho.tv\\\/site\\\/#\\\/schema\\\/person\\\/c5570e5afb933b8d08c43373326ef1b1\",\"name\":\"Cesar Lopes\",\"image\":{\"@type\":\"ImageObject\",\"inLanguage\":\"pt-PT\",\"@id\":\"https:\\\/\\\/www.altominho.tv\\\/site\\\/wp-content\\\/uploads\\\/2022\\\/10\\\/Sem-Titulo-150x150.jpg\",\"url\":\"https:\\\/\\\/www.altominho.tv\\\/site\\\/wp-content\\\/uploads\\\/2022\\\/10\\\/Sem-Titulo-150x150.jpg\",\"contentUrl\":\"https:\\\/\\\/www.altominho.tv\\\/site\\\/wp-content\\\/uploads\\\/2022\\\/10\\\/Sem-Titulo-150x150.jpg\",\"caption\":\"Cesar Lopes\"},\"url\":\"https:\\\/\\\/www.altominho.tv\\\/site\\\/author\\\/cesarlopes\\\/\"}]}<\/script>\n<!-- \/ Yoast SEO Premium plugin. -->","yoast_head_json":{"title":"Feira dos Santos est\u00e1 a chegar: Mais de 400 tendas esperam milhares de visitantes em Cerdal","description":"A Feira dos Santos de Cerdal est\u00e1 de regresso nos dias 1 e 2 de novembro, com mais de 400 tendas prontas para receberem milhares de visitantes.","robots":{"index":"index","follow":"follow","max-snippet":"max-snippet:-1","max-image-preview":"max-image-preview:large","max-video-preview":"max-video-preview:-1"},"canonical":"https:\/\/www.altominho.tv\/site\/2022\/10\/26\/feira-dos-santos-esta-a-chegar-mais-de-400-tendas-esperam-milhares-de-visitantes-em-cerdal\/","og_locale":"pt_PT","og_type":"article","og_title":"Feira dos Santos est\u00e1 a chegar: Mais de 400 tendas esperam milhares de visitantes em Cerdal","og_description":"A Feira dos Santos de Cerdal est\u00e1 de regresso nos dias 1 e 2 de novembro, com mais de 400 tendas prontas para receberem milhares de visitantes.","og_url":"https:\/\/www.altominho.tv\/site\/2022\/10\/26\/feira-dos-santos-esta-a-chegar-mais-de-400-tendas-esperam-milhares-de-visitantes-em-cerdal\/","og_site_name":"Altominho.tv","article_publisher":"https:\/\/www.facebook.com\/altominhotv","article_published_time":"2022-10-26T09:05:18+00:00","article_modified_time":"2022-10-26T09:05:28+00:00","og_image":[{"width":735,"height":407,"url":"https:\/\/www.altominho.tv\/site\/wp-content\/uploads\/2022\/10\/Captura-de-ecra\u0303-2022-10-26-a\u0300s-09.52.21.png","type":"image\/png"}],"author":"Cesar Lopes","twitter_card":"summary_large_image","twitter_creator":"@altominhoTV","twitter_site":"@altominhoTV","twitter_misc":{"Escrito por":"Cesar Lopes","Tempo estimado de leitura":"1 minuto"},"schema":{"@context":"https:\/\/schema.org","@graph":[{"@type":"Article","@id":"https:\/\/www.altominho.tv\/site\/2022\/10\/26\/feira-dos-santos-esta-a-chegar-mais-de-400-tendas-esperam-milhares-de-visitantes-em-cerdal\/#article","isPartOf":{"@id":"https:\/\/www.altominho.tv\/site\/2022\/10\/26\/feira-dos-santos-esta-a-chegar-mais-de-400-tendas-esperam-milhares-de-visitantes-em-cerdal\/"},"author":{"name":"Cesar Lopes","@id":"https:\/\/www.altominho.tv\/site\/#\/schema\/person\/c5570e5afb933b8d08c43373326ef1b1"},"headline":"Feira dos Santos est\u00e1 a chegar: Mais de 400 tendas esperam milhares de visitantes em Cerdal","datePublished":"2022-10-26T09:05:18+00:00","dateModified":"2022-10-26T09:05:28+00:00","mainEntityOfPage":{"@id":"https:\/\/www.altominho.tv\/site\/2022\/10\/26\/feira-dos-santos-esta-a-chegar-mais-de-400-tendas-esperam-milhares-de-visitantes-em-cerdal\/"},"wordCount":135,"image":{"@id":"https:\/\/www.altominho.tv\/site\/2022\/10\/26\/feira-dos-santos-esta-a-chegar-mais-de-400-tendas-esperam-milhares-de-visitantes-em-cerdal\/#primaryimage"},"thumbnailUrl":"https:\/\/www.altominho.tv\/site\/wp-content\/uploads\/2022\/10\/Captura-de-ecra\u0303-2022-10-26-a\u0300s-09.52.21.png","keywords":["Sociedade"],"articleSection":["Valen\u00e7a"],"inLanguage":"pt-PT","copyrightYear":"2022","copyrightHolder":{"@id":"https:\/\/www.altominho.tv\/site\/#organization"}},{"@type":"WebPage","@id":"https:\/\/www.altominho.tv\/site\/2022\/10\/26\/feira-dos-santos-esta-a-chegar-mais-de-400-tendas-esperam-milhares-de-visitantes-em-cerdal\/","url":"https:\/\/www.altominho.tv\/site\/2022\/10\/26\/feira-dos-santos-esta-a-chegar-mais-de-400-tendas-esperam-milhares-de-visitantes-em-cerdal\/","name":"Feira dos Santos est\u00e1 a chegar: Mais de 400 tendas esperam milhares de visitantes em Cerdal","isPartOf":{"@id":"https:\/\/www.altominho.tv\/site\/#website"},"primaryImageOfPage":{"@id":"https:\/\/www.altominho.tv\/site\/2022\/10\/26\/feira-dos-santos-esta-a-chegar-mais-de-400-tendas-esperam-milhares-de-visitantes-em-cerdal\/#primaryimage"},"image":{"@id":"https:\/\/www.altominho.tv\/site\/2022\/10\/26\/feira-dos-santos-esta-a-chegar-mais-de-400-tendas-esperam-milhares-de-visitantes-em-cerdal\/#primaryimage"},"thumbnailUrl":"https:\/\/www.altominho.tv\/site\/wp-content\/uploads\/2022\/10\/Captura-de-ecra\u0303-2022-10-26-a\u0300s-09.52.21.png","datePublished":"2022-10-26T09:05:18+00:00","dateModified":"2022-10-26T09:05:28+00:00","author":{"@id":"https:\/\/www.altominho.tv\/site\/#\/schema\/person\/c5570e5afb933b8d08c43373326ef1b1"},"description":"A Feira dos Santos de Cerdal est\u00e1 de regresso nos dias 1 e 2 de novembro, com mais de 400 tendas prontas para receberem milhares de visitantes.","breadcrumb":{"@id":"https:\/\/www.altominho.tv\/site\/2022\/10\/26\/feira-dos-santos-esta-a-chegar-mais-de-400-tendas-esperam-milhares-de-visitantes-em-cerdal\/#breadcrumb"},"inLanguage":"pt-PT","potentialAction":[{"@type":"ReadAction","target":["https:\/\/www.altominho.tv\/site\/2022\/10\/26\/feira-dos-santos-esta-a-chegar-mais-de-400-tendas-esperam-milhares-de-visitantes-em-cerdal\/"]}]},{"@type":"ImageObject","inLanguage":"pt-PT","@id":"https:\/\/www.altominho.tv\/site\/2022\/10\/26\/feira-dos-santos-esta-a-chegar-mais-de-400-tendas-esperam-milhares-de-visitantes-em-cerdal\/#primaryimage","url":"https:\/\/www.altominho.tv\/site\/wp-content\/uploads\/2022\/10\/Captura-de-ecra\u0303-2022-10-26-a\u0300s-09.52.21.png","contentUrl":"https:\/\/www.altominho.tv\/site\/wp-content\/uploads\/2022\/10\/Captura-de-ecra\u0303-2022-10-26-a\u0300s-09.52.21.png","width":735,"height":407},{"@type":"BreadcrumbList","@id":"https:\/\/www.altominho.tv\/site\/2022\/10\/26\/feira-dos-santos-esta-a-chegar-mais-de-400-tendas-esperam-milhares-de-visitantes-em-cerdal\/#breadcrumb","itemListElement":[{"@type":"ListItem","position":1,"name":"In\u00edcio","item":"https:\/\/www.altominho.tv\/site\/"},{"@type":"ListItem","position":2,"name":"Feira dos Santos est\u00e1 a chegar: Mais de 400 tendas esperam milhares de visitantes em Cerdal"}]},{"@type":"WebSite","@id":"https:\/\/www.altominho.tv\/site\/#website","url":"https:\/\/www.altominho.tv\/site\/","name":"Altominho.tv","description":"A sua regi\u00e3o \u00e0 dist\u00e2ncia de um clique...","potentialAction":[{"@type":"SearchAction","target":{"@type":"EntryPoint","urlTemplate":"https:\/\/www.altominho.tv\/site\/?s={search_term_string}"},"query-input":{"@type":"PropertyValueSpecification","valueRequired":true,"valueName":"search_term_string"}}],"inLanguage":"pt-PT"},{"@type":"Person","@id":"https:\/\/www.altominho.tv\/site\/#\/schema\/person\/c5570e5afb933b8d08c43373326ef1b1","name":"Cesar Lopes","image":{"@type":"ImageObject","inLanguage":"pt-PT","@id":"https:\/\/www.altominho.tv\/site\/wp-content\/uploads\/2022\/10\/Sem-Titulo-150x150.jpg","url":"https:\/\/www.altominho.tv\/site\/wp-content\/uploads\/2022\/10\/Sem-Titulo-150x150.jpg","contentUrl":"https:\/\/www.altominho.tv\/site\/wp-content\/uploads\/2022\/10\/Sem-Titulo-150x150.jpg","caption":"Cesar Lopes"},"url":"https:\/\/www.altominho.tv\/site\/author\/cesarlopes\/"}]}},"_links":{"self":[{"href":"https:\/\/www.altominho.tv\/site\/wp-json\/wp\/v2\/posts\/84155","targetHints":{"allow":["GET"]}}],"collection":[{"href":"https:\/\/www.altominho.tv\/site\/wp-json\/wp\/v2\/posts"}],"about":[{"href":"https:\/\/www.altominho.tv\/site\/wp-json\/wp\/v2\/types\/post"}],"author":[{"embeddable":true,"href":"https:\/\/www.altominho.tv\/site\/wp-json\/wp\/v2\/users\/24"}],"replies":[{"embeddable":true,"href":"https:\/\/www.altominho.tv\/site\/wp-json\/wp\/v2\/comments?post=84155"}],"version-history":[{"count":1,"href":"https:\/\/www.altominho.tv\/site\/wp-json\/wp\/v2\/posts\/84155\/revisions"}],"predecessor-version":[{"id":84157,"href":"https:\/\/www.altominho.tv\/site\/wp-json\/wp\/v2\/posts\/84155\/revisions\/84157"}],"wp:featuredmedia":[{"embeddable":true,"href":"https:\/\/www.altominho.tv\/site\/wp-json\/wp\/v2\/media\/84156"}],"wp:attachment":[{"href":"https:\/\/www.altominho.tv\/site\/wp-json\/wp\/v2\/media?parent=84155"}],"wp:term":[{"taxonomy":"category","embeddable":true,"href":"https:\/\/www.altominho.tv\/site\/wp-json\/wp\/v2\/categories?post=84155"},{"taxonomy":"post_tag","embeddable":true,"href":"https:\/\/www.altominho.tv\/site\/wp-json\/wp\/v2\/tags?post=84155"}],"curies":[{"name":"wp","href":"https:\/\/api.w.org\/{rel}","templated":true}]}}