{"id":8407,"date":"2018-01-17T17:43:15","date_gmt":"2018-01-17T17:43:15","guid":{"rendered":"http:\/\/www.altominho.tv\/site\/?p=8407"},"modified":"2018-01-17T17:43:15","modified_gmt":"2018-01-17T17:43:15","slug":"entrudo-chega-a-melgaco-a-10-de-fevereiro","status":"publish","type":"post","link":"https:\/\/www.altominho.tv\/site\/2018\/01\/17\/entrudo-chega-a-melgaco-a-10-de-fevereiro\/","title":{"rendered":"Entrudo chega a Melga\u00e7o a 10 de fevereiro"},"content":{"rendered":"<p>A autarquia de Melga\u00e7o est\u00e1 a preparar a festa carnavalesca: o evento tem data marcada para o dia 10 de fevereiro, na Casa da Cultura.<\/p>\n<p>Haver\u00e1 concurso e baile de mascarados para os mais atrevidos e doces t\u00edpicos da \u00e9poca, de Melga\u00e7o, mas tamb\u00e9m da Galiza.<\/p>\n<blockquote><p>A iniciativa acontece pela primeira vez mas quer desde j\u00e1 ser um marco para quem visita o Munic\u00edpio Mais a Norte de Portugal:\u00a0\u2018acreditamos que este seja mais um evento de sucesso do nosso munic\u00edpio e que se repita nos pr\u00f3ximos anos, quem sabe envolvendo os nossos vizinhos galegos\u2019, considera o autarca Manoel Batista.<\/p><\/blockquote>\n<p>\u00c9 objetivo primordial da iniciativa estabelecer uma\u00a0liga\u00e7\u00e3o \u00e0s tradi\u00e7\u00f5es das gentes de Melga\u00e7o, com o intento de oferecer um evento que tem por base a cultura da regi\u00e3o.<\/p>\n<p>A iniciativa tem in\u00edcio \u00e0s 21h30, na Casa da Cultura, com um welcome drink, onde haver\u00e1 Bucho doce, produto t\u00edpico da \u00e9poca em Melga\u00e7o, e tamb\u00e9m um doce galego, \u2018Orelhas\u2019, t\u00edpico da \u00e9poca na Galiza, como uma forma de honrar os vizinhos.<\/p>\n<p>\u00c0s 22h00 haver\u00e1 Concurso de Mascarados, seguindo-se depois, pelas 23h30, o Baile de Mascarados, no bar do Edif\u00edcio das Piscinas Municipais.<\/p>\n<p>A organiza\u00e7\u00e3o \u00e9 da C\u00e2mara Municipal, em parceria com a Associa\u00e7\u00e3o Empresarial Minho Transfronteiri\u00e7o, o Alameda Bar, o Bar da Laura, o Bar Cova do Le\u00e3o e o Rios Bar.<\/p>\n","protected":false},"excerpt":{"rendered":"<p>A autarquia de Melga\u00e7o est\u00e1 a preparar a festa carnavalesca: o evento tem data marcada para o dia 10 de fevereiro, na Casa da Cultura. Haver\u00e1 concurso e baile de mascarados para os mais atrevidos e doces t\u00edpicos da \u00e9poca, de Melga\u00e7o, mas tamb\u00e9m da Galiza. A iniciativa acontece pela primeira vez mas quer desde [&hellip;]<\/p>\n","protected":false},"author":6,"featured_media":8408,"comment_status":"closed","ping_status":"closed","sticky":false,"template":"","format":"standard","meta":{"_exactmetrics_skip_tracking":false,"_exactmetrics_sitenote_active":false,"_exactmetrics_sitenote_note":"","_exactmetrics_sitenote_category":0,"footnotes":""},"categories":[8],"tags":[24],"class_list":["post-8407","post","type-post","status-publish","format-standard","has-post-thumbnail","hentry","category-melgaco","tag-lazer"],"yoast_head":"<!-- This site is optimized with the Yoast SEO Premium plugin v27.5 (Yoast SEO v27.5) - https:\/\/yoast.com\/product\/yoast-seo-premium-wordpress\/ -->\n<title>Entrudo chega a Melga\u00e7o a 10 de fevereiro<\/title>\n<meta name=\"robots\" content=\"index, follow, max-snippet:-1, max-image-preview:large, max-video-preview:-1\" \/>\n<link rel=\"canonical\" href=\"https:\/\/www.altominho.tv\/site\/2018\/01\/17\/entrudo-chega-a-melgaco-a-10-de-fevereiro\/\" \/>\n<meta property=\"og:locale\" content=\"pt_PT\" \/>\n<meta property=\"og:type\" content=\"article\" \/>\n<meta property=\"og:title\" content=\"Entrudo chega a Melga\u00e7o a 10 de fevereiro\" \/>\n<meta property=\"og:description\" content=\"A autarquia de Melga\u00e7o est\u00e1 a preparar a festa carnavalesca: o evento tem data marcada para o dia 10 de fevereiro, na Casa da Cultura. Haver\u00e1 concurso e baile de mascarados para os mais atrevidos e doces t\u00edpicos da \u00e9poca, de Melga\u00e7o, mas tamb\u00e9m da Galiza. A iniciativa acontece pela primeira vez mas quer desde [&hellip;]\" \/>\n<meta property=\"og:url\" content=\"https:\/\/www.altominho.tv\/site\/2018\/01\/17\/entrudo-chega-a-melgaco-a-10-de-fevereiro\/\" \/>\n<meta property=\"og:site_name\" content=\"Altominho.tv\" \/>\n<meta property=\"article:publisher\" content=\"https:\/\/www.facebook.com\/altominhotv\" \/>\n<meta property=\"article:published_time\" content=\"2018-01-17T17:43:15+00:00\" \/>\n<meta property=\"og:image\" content=\"https:\/\/www.altominho.tv\/site\/wp-content\/uploads\/2018\/01\/entrudo.png\" \/>\n\t<meta property=\"og:image:width\" content=\"1020\" \/>\n\t<meta property=\"og:image:height\" content=\"633\" \/>\n\t<meta property=\"og:image:type\" content=\"image\/png\" \/>\n<meta name=\"author\" content=\"C\u00e1tia Malheiro\" \/>\n<meta name=\"twitter:card\" content=\"summary_large_image\" \/>\n<meta name=\"twitter:creator\" content=\"@altominhoTV\" \/>\n<meta name=\"twitter:site\" content=\"@altominhoTV\" \/>\n<meta name=\"twitter:label1\" content=\"Escrito por\" \/>\n\t<meta name=\"twitter:data1\" content=\"C\u00e1tia Malheiro\" \/>\n\t<meta name=\"twitter:label2\" content=\"Tempo estimado de leitura\" \/>\n\t<meta name=\"twitter:data2\" content=\"1 minuto\" \/>\n<script type=\"application\/ld+json\" class=\"yoast-schema-graph\">{\"@context\":\"https:\\\/\\\/schema.org\",\"@graph\":[{\"@type\":\"Article\",\"@id\":\"https:\\\/\\\/www.altominho.tv\\\/site\\\/2018\\\/01\\\/17\\\/entrudo-chega-a-melgaco-a-10-de-fevereiro\\\/#article\",\"isPartOf\":{\"@id\":\"https:\\\/\\\/www.altominho.tv\\\/site\\\/2018\\\/01\\\/17\\\/entrudo-chega-a-melgaco-a-10-de-fevereiro\\\/\"},\"author\":{\"name\":\"C\u00e1tia Malheiro\",\"@id\":\"https:\\\/\\\/www.altominho.tv\\\/site\\\/#\\\/schema\\\/person\\\/5c9404a8b438614c93da6ca09db92574\"},\"headline\":\"Entrudo chega a Melga\u00e7o a 10 de fevereiro\",\"datePublished\":\"2018-01-17T17:43:15+00:00\",\"mainEntityOfPage\":{\"@id\":\"https:\\\/\\\/www.altominho.tv\\\/site\\\/2018\\\/01\\\/17\\\/entrudo-chega-a-melgaco-a-10-de-fevereiro\\\/\"},\"wordCount\":249,\"image\":{\"@id\":\"https:\\\/\\\/www.altominho.tv\\\/site\\\/2018\\\/01\\\/17\\\/entrudo-chega-a-melgaco-a-10-de-fevereiro\\\/#primaryimage\"},\"thumbnailUrl\":\"https:\\\/\\\/www.altominho.tv\\\/site\\\/wp-content\\\/uploads\\\/2018\\\/01\\\/entrudo.png\",\"keywords\":[\"Lazer\"],\"articleSection\":[\"Melga\u00e7o\"],\"inLanguage\":\"pt-PT\",\"copyrightYear\":\"2018\",\"copyrightHolder\":{\"@id\":\"https:\\\/\\\/www.altominho.tv\\\/site\\\/#organization\"}},{\"@type\":\"WebPage\",\"@id\":\"https:\\\/\\\/www.altominho.tv\\\/site\\\/2018\\\/01\\\/17\\\/entrudo-chega-a-melgaco-a-10-de-fevereiro\\\/\",\"url\":\"https:\\\/\\\/www.altominho.tv\\\/site\\\/2018\\\/01\\\/17\\\/entrudo-chega-a-melgaco-a-10-de-fevereiro\\\/\",\"name\":\"Entrudo chega a Melga\u00e7o a 10 de fevereiro\",\"isPartOf\":{\"@id\":\"https:\\\/\\\/www.altominho.tv\\\/site\\\/#website\"},\"primaryImageOfPage\":{\"@id\":\"https:\\\/\\\/www.altominho.tv\\\/site\\\/2018\\\/01\\\/17\\\/entrudo-chega-a-melgaco-a-10-de-fevereiro\\\/#primaryimage\"},\"image\":{\"@id\":\"https:\\\/\\\/www.altominho.tv\\\/site\\\/2018\\\/01\\\/17\\\/entrudo-chega-a-melgaco-a-10-de-fevereiro\\\/#primaryimage\"},\"thumbnailUrl\":\"https:\\\/\\\/www.altominho.tv\\\/site\\\/wp-content\\\/uploads\\\/2018\\\/01\\\/entrudo.png\",\"datePublished\":\"2018-01-17T17:43:15+00:00\",\"author\":{\"@id\":\"https:\\\/\\\/www.altominho.tv\\\/site\\\/#\\\/schema\\\/person\\\/5c9404a8b438614c93da6ca09db92574\"},\"breadcrumb\":{\"@id\":\"https:\\\/\\\/www.altominho.tv\\\/site\\\/2018\\\/01\\\/17\\\/entrudo-chega-a-melgaco-a-10-de-fevereiro\\\/#breadcrumb\"},\"inLanguage\":\"pt-PT\",\"potentialAction\":[{\"@type\":\"ReadAction\",\"target\":[\"https:\\\/\\\/www.altominho.tv\\\/site\\\/2018\\\/01\\\/17\\\/entrudo-chega-a-melgaco-a-10-de-fevereiro\\\/\"]}]},{\"@type\":\"ImageObject\",\"inLanguage\":\"pt-PT\",\"@id\":\"https:\\\/\\\/www.altominho.tv\\\/site\\\/2018\\\/01\\\/17\\\/entrudo-chega-a-melgaco-a-10-de-fevereiro\\\/#primaryimage\",\"url\":\"https:\\\/\\\/www.altominho.tv\\\/site\\\/wp-content\\\/uploads\\\/2018\\\/01\\\/entrudo.png\",\"contentUrl\":\"https:\\\/\\\/www.altominho.tv\\\/site\\\/wp-content\\\/uploads\\\/2018\\\/01\\\/entrudo.png\",\"width\":1020,\"height\":633},{\"@type\":\"BreadcrumbList\",\"@id\":\"https:\\\/\\\/www.altominho.tv\\\/site\\\/2018\\\/01\\\/17\\\/entrudo-chega-a-melgaco-a-10-de-fevereiro\\\/#breadcrumb\",\"itemListElement\":[{\"@type\":\"ListItem\",\"position\":1,\"name\":\"In\u00edcio\",\"item\":\"https:\\\/\\\/www.altominho.tv\\\/site\\\/\"},{\"@type\":\"ListItem\",\"position\":2,\"name\":\"Entrudo chega a Melga\u00e7o a 10 de fevereiro\"}]},{\"@type\":\"WebSite\",\"@id\":\"https:\\\/\\\/www.altominho.tv\\\/site\\\/#website\",\"url\":\"https:\\\/\\\/www.altominho.tv\\\/site\\\/\",\"name\":\"Altominho.tv\",\"description\":\"A sua regi\u00e3o \u00e0 dist\u00e2ncia de um clique...\",\"potentialAction\":[{\"@type\":\"SearchAction\",\"target\":{\"@type\":\"EntryPoint\",\"urlTemplate\":\"https:\\\/\\\/www.altominho.tv\\\/site\\\/?s={search_term_string}\"},\"query-input\":{\"@type\":\"PropertyValueSpecification\",\"valueRequired\":true,\"valueName\":\"search_term_string\"}}],\"inLanguage\":\"pt-PT\"},{\"@type\":\"Person\",\"@id\":\"https:\\\/\\\/www.altominho.tv\\\/site\\\/#\\\/schema\\\/person\\\/5c9404a8b438614c93da6ca09db92574\",\"name\":\"C\u00e1tia Malheiro\",\"image\":{\"@type\":\"ImageObject\",\"inLanguage\":\"pt-PT\",\"@id\":\"https:\\\/\\\/www.altominho.tv\\\/site\\\/wp-content\\\/uploads\\\/2017\\\/11\\\/Catia_Malheiro-150x150.jpg\",\"url\":\"https:\\\/\\\/www.altominho.tv\\\/site\\\/wp-content\\\/uploads\\\/2017\\\/11\\\/Catia_Malheiro-150x150.jpg\",\"contentUrl\":\"https:\\\/\\\/www.altominho.tv\\\/site\\\/wp-content\\\/uploads\\\/2017\\\/11\\\/Catia_Malheiro-150x150.jpg\",\"caption\":\"C\u00e1tia Malheiro\"},\"url\":\"https:\\\/\\\/www.altominho.tv\\\/site\\\/author\\\/catiamalheiro\\\/\"}]}<\/script>\n<!-- \/ Yoast SEO Premium plugin. -->","yoast_head_json":{"title":"Entrudo chega a Melga\u00e7o a 10 de fevereiro","robots":{"index":"index","follow":"follow","max-snippet":"max-snippet:-1","max-image-preview":"max-image-preview:large","max-video-preview":"max-video-preview:-1"},"canonical":"https:\/\/www.altominho.tv\/site\/2018\/01\/17\/entrudo-chega-a-melgaco-a-10-de-fevereiro\/","og_locale":"pt_PT","og_type":"article","og_title":"Entrudo chega a Melga\u00e7o a 10 de fevereiro","og_description":"A autarquia de Melga\u00e7o est\u00e1 a preparar a festa carnavalesca: o evento tem data marcada para o dia 10 de fevereiro, na Casa da Cultura. Haver\u00e1 concurso e baile de mascarados para os mais atrevidos e doces t\u00edpicos da \u00e9poca, de Melga\u00e7o, mas tamb\u00e9m da Galiza. A iniciativa acontece pela primeira vez mas quer desde [&hellip;]","og_url":"https:\/\/www.altominho.tv\/site\/2018\/01\/17\/entrudo-chega-a-melgaco-a-10-de-fevereiro\/","og_site_name":"Altominho.tv","article_publisher":"https:\/\/www.facebook.com\/altominhotv","article_published_time":"2018-01-17T17:43:15+00:00","og_image":[{"width":1020,"height":633,"url":"https:\/\/www.altominho.tv\/site\/wp-content\/uploads\/2018\/01\/entrudo.png","type":"image\/png"}],"author":"C\u00e1tia Malheiro","twitter_card":"summary_large_image","twitter_creator":"@altominhoTV","twitter_site":"@altominhoTV","twitter_misc":{"Escrito por":"C\u00e1tia Malheiro","Tempo estimado de leitura":"1 minuto"},"schema":{"@context":"https:\/\/schema.org","@graph":[{"@type":"Article","@id":"https:\/\/www.altominho.tv\/site\/2018\/01\/17\/entrudo-chega-a-melgaco-a-10-de-fevereiro\/#article","isPartOf":{"@id":"https:\/\/www.altominho.tv\/site\/2018\/01\/17\/entrudo-chega-a-melgaco-a-10-de-fevereiro\/"},"author":{"name":"C\u00e1tia Malheiro","@id":"https:\/\/www.altominho.tv\/site\/#\/schema\/person\/5c9404a8b438614c93da6ca09db92574"},"headline":"Entrudo chega a Melga\u00e7o a 10 de fevereiro","datePublished":"2018-01-17T17:43:15+00:00","mainEntityOfPage":{"@id":"https:\/\/www.altominho.tv\/site\/2018\/01\/17\/entrudo-chega-a-melgaco-a-10-de-fevereiro\/"},"wordCount":249,"image":{"@id":"https:\/\/www.altominho.tv\/site\/2018\/01\/17\/entrudo-chega-a-melgaco-a-10-de-fevereiro\/#primaryimage"},"thumbnailUrl":"https:\/\/www.altominho.tv\/site\/wp-content\/uploads\/2018\/01\/entrudo.png","keywords":["Lazer"],"articleSection":["Melga\u00e7o"],"inLanguage":"pt-PT","copyrightYear":"2018","copyrightHolder":{"@id":"https:\/\/www.altominho.tv\/site\/#organization"}},{"@type":"WebPage","@id":"https:\/\/www.altominho.tv\/site\/2018\/01\/17\/entrudo-chega-a-melgaco-a-10-de-fevereiro\/","url":"https:\/\/www.altominho.tv\/site\/2018\/01\/17\/entrudo-chega-a-melgaco-a-10-de-fevereiro\/","name":"Entrudo chega a Melga\u00e7o a 10 de fevereiro","isPartOf":{"@id":"https:\/\/www.altominho.tv\/site\/#website"},"primaryImageOfPage":{"@id":"https:\/\/www.altominho.tv\/site\/2018\/01\/17\/entrudo-chega-a-melgaco-a-10-de-fevereiro\/#primaryimage"},"image":{"@id":"https:\/\/www.altominho.tv\/site\/2018\/01\/17\/entrudo-chega-a-melgaco-a-10-de-fevereiro\/#primaryimage"},"thumbnailUrl":"https:\/\/www.altominho.tv\/site\/wp-content\/uploads\/2018\/01\/entrudo.png","datePublished":"2018-01-17T17:43:15+00:00","author":{"@id":"https:\/\/www.altominho.tv\/site\/#\/schema\/person\/5c9404a8b438614c93da6ca09db92574"},"breadcrumb":{"@id":"https:\/\/www.altominho.tv\/site\/2018\/01\/17\/entrudo-chega-a-melgaco-a-10-de-fevereiro\/#breadcrumb"},"inLanguage":"pt-PT","potentialAction":[{"@type":"ReadAction","target":["https:\/\/www.altominho.tv\/site\/2018\/01\/17\/entrudo-chega-a-melgaco-a-10-de-fevereiro\/"]}]},{"@type":"ImageObject","inLanguage":"pt-PT","@id":"https:\/\/www.altominho.tv\/site\/2018\/01\/17\/entrudo-chega-a-melgaco-a-10-de-fevereiro\/#primaryimage","url":"https:\/\/www.altominho.tv\/site\/wp-content\/uploads\/2018\/01\/entrudo.png","contentUrl":"https:\/\/www.altominho.tv\/site\/wp-content\/uploads\/2018\/01\/entrudo.png","width":1020,"height":633},{"@type":"BreadcrumbList","@id":"https:\/\/www.altominho.tv\/site\/2018\/01\/17\/entrudo-chega-a-melgaco-a-10-de-fevereiro\/#breadcrumb","itemListElement":[{"@type":"ListItem","position":1,"name":"In\u00edcio","item":"https:\/\/www.altominho.tv\/site\/"},{"@type":"ListItem","position":2,"name":"Entrudo chega a Melga\u00e7o a 10 de fevereiro"}]},{"@type":"WebSite","@id":"https:\/\/www.altominho.tv\/site\/#website","url":"https:\/\/www.altominho.tv\/site\/","name":"Altominho.tv","description":"A sua regi\u00e3o \u00e0 dist\u00e2ncia de um clique...","potentialAction":[{"@type":"SearchAction","target":{"@type":"EntryPoint","urlTemplate":"https:\/\/www.altominho.tv\/site\/?s={search_term_string}"},"query-input":{"@type":"PropertyValueSpecification","valueRequired":true,"valueName":"search_term_string"}}],"inLanguage":"pt-PT"},{"@type":"Person","@id":"https:\/\/www.altominho.tv\/site\/#\/schema\/person\/5c9404a8b438614c93da6ca09db92574","name":"C\u00e1tia Malheiro","image":{"@type":"ImageObject","inLanguage":"pt-PT","@id":"https:\/\/www.altominho.tv\/site\/wp-content\/uploads\/2017\/11\/Catia_Malheiro-150x150.jpg","url":"https:\/\/www.altominho.tv\/site\/wp-content\/uploads\/2017\/11\/Catia_Malheiro-150x150.jpg","contentUrl":"https:\/\/www.altominho.tv\/site\/wp-content\/uploads\/2017\/11\/Catia_Malheiro-150x150.jpg","caption":"C\u00e1tia Malheiro"},"url":"https:\/\/www.altominho.tv\/site\/author\/catiamalheiro\/"}]}},"_links":{"self":[{"href":"https:\/\/www.altominho.tv\/site\/wp-json\/wp\/v2\/posts\/8407","targetHints":{"allow":["GET"]}}],"collection":[{"href":"https:\/\/www.altominho.tv\/site\/wp-json\/wp\/v2\/posts"}],"about":[{"href":"https:\/\/www.altominho.tv\/site\/wp-json\/wp\/v2\/types\/post"}],"author":[{"embeddable":true,"href":"https:\/\/www.altominho.tv\/site\/wp-json\/wp\/v2\/users\/6"}],"replies":[{"embeddable":true,"href":"https:\/\/www.altominho.tv\/site\/wp-json\/wp\/v2\/comments?post=8407"}],"version-history":[{"count":0,"href":"https:\/\/www.altominho.tv\/site\/wp-json\/wp\/v2\/posts\/8407\/revisions"}],"wp:featuredmedia":[{"embeddable":true,"href":"https:\/\/www.altominho.tv\/site\/wp-json\/wp\/v2\/media\/8408"}],"wp:attachment":[{"href":"https:\/\/www.altominho.tv\/site\/wp-json\/wp\/v2\/media?parent=8407"}],"wp:term":[{"taxonomy":"category","embeddable":true,"href":"https:\/\/www.altominho.tv\/site\/wp-json\/wp\/v2\/categories?post=8407"},{"taxonomy":"post_tag","embeddable":true,"href":"https:\/\/www.altominho.tv\/site\/wp-json\/wp\/v2\/tags?post=8407"}],"curies":[{"name":"wp","href":"https:\/\/api.w.org\/{rel}","templated":true}]}}