{"id":84045,"date":"2022-10-22T14:20:49","date_gmt":"2022-10-22T13:20:49","guid":{"rendered":"https:\/\/www.altominho.tv\/site\/?p=84045"},"modified":"2022-10-22T14:20:53","modified_gmt":"2022-10-22T13:20:53","slug":"altominho-tv-nomeada-pelo-quarto-ano-consecutivo-para-premio-de-ciberjornalismo","status":"publish","type":"post","link":"https:\/\/www.altominho.tv\/site\/2022\/10\/22\/altominho-tv-nomeada-pelo-quarto-ano-consecutivo-para-premio-de-ciberjornalismo\/","title":{"rendered":"Altominho TV nomeada pelo quarto ano consecutivo para Pr\u00e9mio de Ciberjornalismo"},"content":{"rendered":"<p>A Altominho TV est\u00e1 nomeada, pelo quarto ano consecutivo, para o pr\u00e9mio do Observat\u00f3rio de Ciberjornalismo (ObCiber), na categoria de ciberjornalismo de proximidade.<\/p>\n<p>A reportagem &#8220;<a href=\"\/\/www.altominho.tv\/site\/2021\/11\/25\/sandra-a-pastora-que-encontrou-a-felicidade-na-serra\/\">Sandra, a pastora que encontrou a felicidade na serra<\/a>&#8220;, da autoria da jornalista Andreia Ferreira e do rep\u00f3rter de imagem Alexandre Ferreira, \u00e9 a nomeada.<\/p>\n<p>Na mesma categoria est\u00e1 ainda nomeado o trabalho &#8220;<a href=\"https:\/\/amensagem.pt\/2022\/03\/07\/cova-da-moura-amadora-amas-se-eu-nao-existo-as-criancas-vao-sofrer\/\">Se eu n\u00e3o existo, as m\u00e3es n\u00e3o podem trabalhar e as crian\u00e7as \u00e9 que v\u00e3o sofrer<\/a>&#8221; e &#8220;<a href=\"https:\/\/amensagem.pt\/2022\/09\/01\/balneario-moradores-associacao-bairro-branco-beato-lisboa-dignidade\/\">Um balne\u00e1rio mudou a vida a estes moradores do Beato com a dignidade de um banho<\/a>&#8220;, do Mensagem de Lisboa.<\/p>\n<p>Depois das escolhas do j\u00fari, \u00e9 agora a vez do p\u00fablico reconhecer os trabalhos que, em cada categoria, considera como os melhores de 2022.<\/p>\n<p>Os vencedores ser\u00e3o conhecidos a 26 de outubro e a <a href=\"https:\/\/docs.google.com\/forms\/d\/e\/1FAIpQLScKJ45wD0DRN0Ei4Rq3E8phC_NiH8GDHCXurvxjnzsYyLt1wA\/viewform\" target=\"_blank\" rel=\"noopener noreferrer\">vota\u00e7\u00e3o<\/a> do p\u00fablico <strong>est\u00e1 a<\/strong> <strong>decorrer at\u00e9 25 de outubro<\/strong> no <a href=\"https:\/\/obciber.wordpress.com\/2022\/10\/21\/votacao-para-os-premios-de-ciberjornalismo-2022\/\" target=\"_blank\" rel=\"noopener\">site do Obciber<\/a>.<\/p>\n<p>Os Pr\u00e9mios Obciber pretendem reconhecer os trabalhos jornal\u00edsticos produzidos em Portugal na \u00e1rea do ciberjornalismo e s\u00e3o atribu\u00eddos em v\u00e1rias categorias.<\/p>\n<p>Na categoria de ciberjornalismo de proximidade, a Altominho TV venceu, em 2021 com a reportagem &#8220;<a href=\"\/\/www.altominho.tv\/site\/2020\/11\/14\/pandemia-aos-olhos-dos-idosos\/\" target=\"_blank\" rel=\"noreferrer noopener\">Pandemia aos olhos dos idosos<\/a>&#8221; , em 2020 com &#8220;<a href=\"\/\/www.altominho.tv\/site\/2020\/03\/03\/escola-de-arcos-de-valdevez-educa-caes-para-ajudar-quem-precisa\/\">Escola de Arcos de Valdevez educa c\u00e3es para ajudar quem precisa<\/a>&#8221; tendo arrecadado tamb\u00e9m nesse ano o pr\u00e9mio do p\u00fablico com a reportagem &#8220;<a href=\"\/\/www.altominho.tv\/site\/2020\/01\/28\/aos-88-anos-manuel-barbosa-e-um-dos-poucos-moleiros-do-alto-minho\/\">Aos 88 anos, Manuel Barbosa \u00e9 um dos poucos moleiros do Alto Minho<\/a>&#8221; e em 2019 vence o <a href=\"\/\/www.altominho.tv\/site\/2019\/11\/28\/altominho-tv-vence-premio-de-ciberjornalismo\/\">pr\u00e9mio do p\u00fablico<\/a> com a reportagem &#8220;<a href=\"\/\/www.altominho.tv\/site\/2019\/06\/13\/os-ultimos-brandeiros-de-val-de-poldros-moncao\/\">Os \u00faltimos brandeiros de Val de Poldros<\/a>&#8220;.<\/p>\n<p>Link Direto para Vota\u00e7\u00e3o para os pr\u00e9mios 2022: <a href=\"https:\/\/docs.google.com\/forms\/d\/e\/1FAIpQLScKJ45wD0DRN0Ei4Rq3E8phC_NiH8GDHCXurvxjnzsYyLt1wA\/viewform\" data-wplink-edit=\"true\">https:\/\/docs.google.com\/forms\/d\/e\/1FAIpQLScKJ45wD0DRN0Ei4Rq3E8phC_NiH8GDHCXurvxjnzsYyLt1wA\/viewform<\/a><\/p>\n<div id=\"altom-1323495377\" class=\"altom-teste-dentro-do-artigo\"><\/div>\n","protected":false},"excerpt":{"rendered":"<p>A Altominho TV est\u00e1 nomeada, pelo quarto ano consecutivo, para o pr\u00e9mio do Observat\u00f3rio de Ciberjornalismo (ObCiber), na categoria de ciberjornalismo de proximidade. A reportagem &#8220;Sandra, a pastora que encontrou a felicidade na serra&#8220;, da autoria da jornalista Andreia Ferreira e do rep\u00f3rter de imagem Alexandre Ferreira, \u00e9 a nomeada. Na mesma categoria est\u00e1 ainda [&hellip;]<\/p>\n","protected":false},"author":1,"featured_media":84049,"comment_status":"closed","ping_status":"closed","sticky":false,"template":"","format":"standard","meta":{"_exactmetrics_skip_tracking":false,"footnotes":""},"categories":[73],"tags":[19,23],"class_list":["post-84045","post","type-post","status-publish","format-standard","has-post-thumbnail","hentry","category-alto-minho","tag-cultura","tag-gente"],"yoast_head":"<!-- This site is optimized with the Yoast SEO Premium plugin v28.3 (Yoast SEO v28.3) - https:\/\/yoast.com\/product\/yoast-seo-premium-wordpress\/ -->\n<title>Altominho TV nomeada pelo quarto ano consecutivo para Pr\u00e9mio de Ciberjornalismo<\/title>\n<meta name=\"robots\" content=\"index, follow, max-snippet:-1, max-image-preview:large, max-video-preview:-1\" \/>\n<link rel=\"canonical\" href=\"https:\/\/www.altominho.tv\/site\/2022\/10\/22\/altominho-tv-nomeada-pelo-quarto-ano-consecutivo-para-premio-de-ciberjornalismo\/\" \/>\n<meta property=\"og:locale\" content=\"pt_PT\" \/>\n<meta property=\"og:type\" content=\"article\" \/>\n<meta property=\"og:title\" content=\"Altominho TV nomeada pelo quarto ano consecutivo para Pr\u00e9mio de Ciberjornalismo\" \/>\n<meta property=\"og:description\" content=\"A Altominho TV est\u00e1 nomeada, pelo quarto ano consecutivo, para o pr\u00e9mio do Observat\u00f3rio de Ciberjornalismo (ObCiber), na categoria de ciberjornalismo de proximidade. A reportagem &#8220;Sandra, a pastora que encontrou a felicidade na serra&#8220;, da autoria da jornalista Andreia Ferreira e do rep\u00f3rter de imagem Alexandre Ferreira, \u00e9 a nomeada. Na mesma categoria est\u00e1 ainda [&hellip;]\" \/>\n<meta property=\"og:url\" content=\"https:\/\/www.altominho.tv\/site\/2022\/10\/22\/altominho-tv-nomeada-pelo-quarto-ano-consecutivo-para-premio-de-ciberjornalismo\/\" \/>\n<meta property=\"og:site_name\" content=\"Altominho.tv\" \/>\n<meta property=\"article:publisher\" content=\"https:\/\/www.facebook.com\/altominhotv\" \/>\n<meta property=\"article:published_time\" content=\"2022-10-22T13:20:49+00:00\" \/>\n<meta property=\"article:modified_time\" content=\"2022-10-22T13:20:53+00:00\" \/>\n<meta property=\"og:image\" content=\"https:\/\/www.altominho.tv\/site\/wp-content\/uploads\/2022\/10\/Sandra-Pastora_Capa.jpg\" \/>\n\t<meta property=\"og:image:width\" content=\"1920\" \/>\n\t<meta property=\"og:image:height\" content=\"1080\" \/>\n\t<meta property=\"og:image:type\" content=\"image\/jpeg\" \/>\n<meta name=\"author\" content=\"Altominho.tv\" \/>\n<meta name=\"twitter:card\" content=\"summary_large_image\" \/>\n<meta name=\"twitter:creator\" content=\"@altominhoTV\" \/>\n<meta name=\"twitter:site\" content=\"@altominhoTV\" \/>\n<meta name=\"twitter:label1\" content=\"Escrito por\" \/>\n\t<meta name=\"twitter:data1\" content=\"Altominho.tv\" \/>\n\t<meta name=\"twitter:label2\" content=\"Tempo estimado de leitura\" \/>\n\t<meta name=\"twitter:data2\" content=\"2 minutos\" \/>\n<script type=\"application\/ld+json\" class=\"yoast-schema-graph\">{\"@context\":\"https:\\\/\\\/schema.org\",\"@graph\":[{\"@type\":\"Article\",\"@id\":\"https:\\\/\\\/www.altominho.tv\\\/site\\\/2022\\\/10\\\/22\\\/altominho-tv-nomeada-pelo-quarto-ano-consecutivo-para-premio-de-ciberjornalismo\\\/#article\",\"isPartOf\":{\"@id\":\"https:\\\/\\\/www.altominho.tv\\\/site\\\/2022\\\/10\\\/22\\\/altominho-tv-nomeada-pelo-quarto-ano-consecutivo-para-premio-de-ciberjornalismo\\\/\"},\"author\":{\"name\":\"Altominho.tv\",\"@id\":\"https:\\\/\\\/www.altominho.tv\\\/site\\\/#\\\/schema\\\/person\\\/4e536851627d7914baf3dac752b6af22\"},\"headline\":\"Altominho TV nomeada pelo quarto ano consecutivo para Pr\u00e9mio de Ciberjornalismo\",\"datePublished\":\"2022-10-22T13:20:49+00:00\",\"dateModified\":\"2022-10-22T13:20:53+00:00\",\"mainEntityOfPage\":{\"@id\":\"https:\\\/\\\/www.altominho.tv\\\/site\\\/2022\\\/10\\\/22\\\/altominho-tv-nomeada-pelo-quarto-ano-consecutivo-para-premio-de-ciberjornalismo\\\/\"},\"wordCount\":294,\"image\":{\"@id\":\"https:\\\/\\\/www.altominho.tv\\\/site\\\/2022\\\/10\\\/22\\\/altominho-tv-nomeada-pelo-quarto-ano-consecutivo-para-premio-de-ciberjornalismo\\\/#primaryimage\"},\"thumbnailUrl\":\"https:\\\/\\\/www.altominho.tv\\\/site\\\/wp-content\\\/uploads\\\/2022\\\/10\\\/Sandra-Pastora_Capa.jpg\",\"keywords\":[\"Cultura\",\"Gente\"],\"articleSection\":[\"Alto Minho\"],\"inLanguage\":\"pt-PT\",\"copyrightYear\":\"2022\",\"copyrightHolder\":{\"@id\":\"https:\\\/\\\/www.altominho.tv\\\/site\\\/#organization\"}},{\"@type\":\"WebPage\",\"@id\":\"https:\\\/\\\/www.altominho.tv\\\/site\\\/2022\\\/10\\\/22\\\/altominho-tv-nomeada-pelo-quarto-ano-consecutivo-para-premio-de-ciberjornalismo\\\/\",\"url\":\"https:\\\/\\\/www.altominho.tv\\\/site\\\/2022\\\/10\\\/22\\\/altominho-tv-nomeada-pelo-quarto-ano-consecutivo-para-premio-de-ciberjornalismo\\\/\",\"name\":\"Altominho TV nomeada pelo quarto ano consecutivo para Pr\u00e9mio de Ciberjornalismo\",\"isPartOf\":{\"@id\":\"https:\\\/\\\/www.altominho.tv\\\/site\\\/#website\"},\"primaryImageOfPage\":{\"@id\":\"https:\\\/\\\/www.altominho.tv\\\/site\\\/2022\\\/10\\\/22\\\/altominho-tv-nomeada-pelo-quarto-ano-consecutivo-para-premio-de-ciberjornalismo\\\/#primaryimage\"},\"image\":{\"@id\":\"https:\\\/\\\/www.altominho.tv\\\/site\\\/2022\\\/10\\\/22\\\/altominho-tv-nomeada-pelo-quarto-ano-consecutivo-para-premio-de-ciberjornalismo\\\/#primaryimage\"},\"thumbnailUrl\":\"https:\\\/\\\/www.altominho.tv\\\/site\\\/wp-content\\\/uploads\\\/2022\\\/10\\\/Sandra-Pastora_Capa.jpg\",\"datePublished\":\"2022-10-22T13:20:49+00:00\",\"dateModified\":\"2022-10-22T13:20:53+00:00\",\"author\":{\"@id\":\"https:\\\/\\\/www.altominho.tv\\\/site\\\/#\\\/schema\\\/person\\\/4e536851627d7914baf3dac752b6af22\"},\"breadcrumb\":{\"@id\":\"https:\\\/\\\/www.altominho.tv\\\/site\\\/2022\\\/10\\\/22\\\/altominho-tv-nomeada-pelo-quarto-ano-consecutivo-para-premio-de-ciberjornalismo\\\/#breadcrumb\"},\"inLanguage\":\"pt-PT\",\"potentialAction\":[{\"@type\":\"ReadAction\",\"target\":[\"https:\\\/\\\/www.altominho.tv\\\/site\\\/2022\\\/10\\\/22\\\/altominho-tv-nomeada-pelo-quarto-ano-consecutivo-para-premio-de-ciberjornalismo\\\/\"]}]},{\"@type\":\"ImageObject\",\"inLanguage\":\"pt-PT\",\"@id\":\"https:\\\/\\\/www.altominho.tv\\\/site\\\/2022\\\/10\\\/22\\\/altominho-tv-nomeada-pelo-quarto-ano-consecutivo-para-premio-de-ciberjornalismo\\\/#primaryimage\",\"url\":\"https:\\\/\\\/www.altominho.tv\\\/site\\\/wp-content\\\/uploads\\\/2022\\\/10\\\/Sandra-Pastora_Capa.jpg\",\"contentUrl\":\"https:\\\/\\\/www.altominho.tv\\\/site\\\/wp-content\\\/uploads\\\/2022\\\/10\\\/Sandra-Pastora_Capa.jpg\",\"width\":1920,\"height\":1080},{\"@type\":\"BreadcrumbList\",\"@id\":\"https:\\\/\\\/www.altominho.tv\\\/site\\\/2022\\\/10\\\/22\\\/altominho-tv-nomeada-pelo-quarto-ano-consecutivo-para-premio-de-ciberjornalismo\\\/#breadcrumb\",\"itemListElement\":[{\"@type\":\"ListItem\",\"position\":1,\"name\":\"In\u00edcio\",\"item\":\"https:\\\/\\\/www.altominho.tv\\\/site\\\/\"},{\"@type\":\"ListItem\",\"position\":2,\"name\":\"Altominho TV nomeada pelo quarto ano consecutivo para Pr\u00e9mio de Ciberjornalismo\"}]},{\"@type\":\"WebSite\",\"@id\":\"https:\\\/\\\/www.altominho.tv\\\/site\\\/#website\",\"url\":\"https:\\\/\\\/www.altominho.tv\\\/site\\\/\",\"name\":\"Altominho.tv\",\"description\":\"A sua regi\u00e3o \u00e0 dist\u00e2ncia de um clique...\",\"potentialAction\":[{\"@type\":\"SearchAction\",\"target\":{\"@type\":\"EntryPoint\",\"urlTemplate\":\"https:\\\/\\\/www.altominho.tv\\\/site\\\/?s={search_term_string}\"},\"query-input\":{\"@type\":\"PropertyValueSpecification\",\"valueRequired\":true,\"valueName\":\"search_term_string\"}}],\"inLanguage\":\"pt-PT\"},{\"@type\":\"Person\",\"@id\":\"https:\\\/\\\/www.altominho.tv\\\/site\\\/#\\\/schema\\\/person\\\/4e536851627d7914baf3dac752b6af22\",\"name\":\"Altominho.tv\",\"image\":{\"@type\":\"ImageObject\",\"inLanguage\":\"pt-PT\",\"@id\":\"https:\\\/\\\/www.altominho.tv\\\/site\\\/wp-content\\\/uploads\\\/2019\\\/11\\\/Logo_Avatar_2-150x150.jpg\",\"url\":\"https:\\\/\\\/www.altominho.tv\\\/site\\\/wp-content\\\/uploads\\\/2019\\\/11\\\/Logo_Avatar_2-150x150.jpg\",\"contentUrl\":\"https:\\\/\\\/www.altominho.tv\\\/site\\\/wp-content\\\/uploads\\\/2019\\\/11\\\/Logo_Avatar_2-150x150.jpg\",\"caption\":\"Altominho.tv\"},\"url\":\"https:\\\/\\\/www.altominho.tv\\\/site\\\/author\\\/altominhotv-tecnico\\\/\"}]}<\/script>\n<!-- \/ Yoast SEO Premium plugin. -->","yoast_head_json":{"title":"Altominho TV nomeada pelo quarto ano consecutivo para Pr\u00e9mio de Ciberjornalismo","robots":{"index":"index","follow":"follow","max-snippet":"max-snippet:-1","max-image-preview":"max-image-preview:large","max-video-preview":"max-video-preview:-1"},"canonical":"https:\/\/www.altominho.tv\/site\/2022\/10\/22\/altominho-tv-nomeada-pelo-quarto-ano-consecutivo-para-premio-de-ciberjornalismo\/","og_locale":"pt_PT","og_type":"article","og_title":"Altominho TV nomeada pelo quarto ano consecutivo para Pr\u00e9mio de Ciberjornalismo","og_description":"A Altominho TV est\u00e1 nomeada, pelo quarto ano consecutivo, para o pr\u00e9mio do Observat\u00f3rio de Ciberjornalismo (ObCiber), na categoria de ciberjornalismo de proximidade. A reportagem &#8220;Sandra, a pastora que encontrou a felicidade na serra&#8220;, da autoria da jornalista Andreia Ferreira e do rep\u00f3rter de imagem Alexandre Ferreira, \u00e9 a nomeada. Na mesma categoria est\u00e1 ainda [&hellip;]","og_url":"https:\/\/www.altominho.tv\/site\/2022\/10\/22\/altominho-tv-nomeada-pelo-quarto-ano-consecutivo-para-premio-de-ciberjornalismo\/","og_site_name":"Altominho.tv","article_publisher":"https:\/\/www.facebook.com\/altominhotv","article_published_time":"2022-10-22T13:20:49+00:00","article_modified_time":"2022-10-22T13:20:53+00:00","og_image":[{"width":1920,"height":1080,"url":"https:\/\/www.altominho.tv\/site\/wp-content\/uploads\/2022\/10\/Sandra-Pastora_Capa.jpg","type":"image\/jpeg"}],"author":"Altominho.tv","twitter_card":"summary_large_image","twitter_creator":"@altominhoTV","twitter_site":"@altominhoTV","twitter_misc":{"Escrito por":"Altominho.tv","Tempo estimado de leitura":"2 minutos"},"schema":{"@context":"https:\/\/schema.org","@graph":[{"@type":"Article","@id":"https:\/\/www.altominho.tv\/site\/2022\/10\/22\/altominho-tv-nomeada-pelo-quarto-ano-consecutivo-para-premio-de-ciberjornalismo\/#article","isPartOf":{"@id":"https:\/\/www.altominho.tv\/site\/2022\/10\/22\/altominho-tv-nomeada-pelo-quarto-ano-consecutivo-para-premio-de-ciberjornalismo\/"},"author":{"name":"Altominho.tv","@id":"https:\/\/www.altominho.tv\/site\/#\/schema\/person\/4e536851627d7914baf3dac752b6af22"},"headline":"Altominho TV nomeada pelo quarto ano consecutivo para Pr\u00e9mio de Ciberjornalismo","datePublished":"2022-10-22T13:20:49+00:00","dateModified":"2022-10-22T13:20:53+00:00","mainEntityOfPage":{"@id":"https:\/\/www.altominho.tv\/site\/2022\/10\/22\/altominho-tv-nomeada-pelo-quarto-ano-consecutivo-para-premio-de-ciberjornalismo\/"},"wordCount":294,"image":{"@id":"https:\/\/www.altominho.tv\/site\/2022\/10\/22\/altominho-tv-nomeada-pelo-quarto-ano-consecutivo-para-premio-de-ciberjornalismo\/#primaryimage"},"thumbnailUrl":"https:\/\/www.altominho.tv\/site\/wp-content\/uploads\/2022\/10\/Sandra-Pastora_Capa.jpg","keywords":["Cultura","Gente"],"articleSection":["Alto Minho"],"inLanguage":"pt-PT","copyrightYear":"2022","copyrightHolder":{"@id":"https:\/\/www.altominho.tv\/site\/#organization"}},{"@type":"WebPage","@id":"https:\/\/www.altominho.tv\/site\/2022\/10\/22\/altominho-tv-nomeada-pelo-quarto-ano-consecutivo-para-premio-de-ciberjornalismo\/","url":"https:\/\/www.altominho.tv\/site\/2022\/10\/22\/altominho-tv-nomeada-pelo-quarto-ano-consecutivo-para-premio-de-ciberjornalismo\/","name":"Altominho TV nomeada pelo quarto ano consecutivo para Pr\u00e9mio de Ciberjornalismo","isPartOf":{"@id":"https:\/\/www.altominho.tv\/site\/#website"},"primaryImageOfPage":{"@id":"https:\/\/www.altominho.tv\/site\/2022\/10\/22\/altominho-tv-nomeada-pelo-quarto-ano-consecutivo-para-premio-de-ciberjornalismo\/#primaryimage"},"image":{"@id":"https:\/\/www.altominho.tv\/site\/2022\/10\/22\/altominho-tv-nomeada-pelo-quarto-ano-consecutivo-para-premio-de-ciberjornalismo\/#primaryimage"},"thumbnailUrl":"https:\/\/www.altominho.tv\/site\/wp-content\/uploads\/2022\/10\/Sandra-Pastora_Capa.jpg","datePublished":"2022-10-22T13:20:49+00:00","dateModified":"2022-10-22T13:20:53+00:00","author":{"@id":"https:\/\/www.altominho.tv\/site\/#\/schema\/person\/4e536851627d7914baf3dac752b6af22"},"breadcrumb":{"@id":"https:\/\/www.altominho.tv\/site\/2022\/10\/22\/altominho-tv-nomeada-pelo-quarto-ano-consecutivo-para-premio-de-ciberjornalismo\/#breadcrumb"},"inLanguage":"pt-PT","potentialAction":[{"@type":"ReadAction","target":["https:\/\/www.altominho.tv\/site\/2022\/10\/22\/altominho-tv-nomeada-pelo-quarto-ano-consecutivo-para-premio-de-ciberjornalismo\/"]}]},{"@type":"ImageObject","inLanguage":"pt-PT","@id":"https:\/\/www.altominho.tv\/site\/2022\/10\/22\/altominho-tv-nomeada-pelo-quarto-ano-consecutivo-para-premio-de-ciberjornalismo\/#primaryimage","url":"https:\/\/www.altominho.tv\/site\/wp-content\/uploads\/2022\/10\/Sandra-Pastora_Capa.jpg","contentUrl":"https:\/\/www.altominho.tv\/site\/wp-content\/uploads\/2022\/10\/Sandra-Pastora_Capa.jpg","width":1920,"height":1080},{"@type":"BreadcrumbList","@id":"https:\/\/www.altominho.tv\/site\/2022\/10\/22\/altominho-tv-nomeada-pelo-quarto-ano-consecutivo-para-premio-de-ciberjornalismo\/#breadcrumb","itemListElement":[{"@type":"ListItem","position":1,"name":"In\u00edcio","item":"https:\/\/www.altominho.tv\/site\/"},{"@type":"ListItem","position":2,"name":"Altominho TV nomeada pelo quarto ano consecutivo para Pr\u00e9mio de Ciberjornalismo"}]},{"@type":"WebSite","@id":"https:\/\/www.altominho.tv\/site\/#website","url":"https:\/\/www.altominho.tv\/site\/","name":"Altominho.tv","description":"A sua regi\u00e3o \u00e0 dist\u00e2ncia de um clique...","potentialAction":[{"@type":"SearchAction","target":{"@type":"EntryPoint","urlTemplate":"https:\/\/www.altominho.tv\/site\/?s={search_term_string}"},"query-input":{"@type":"PropertyValueSpecification","valueRequired":true,"valueName":"search_term_string"}}],"inLanguage":"pt-PT"},{"@type":"Person","@id":"https:\/\/www.altominho.tv\/site\/#\/schema\/person\/4e536851627d7914baf3dac752b6af22","name":"Altominho.tv","image":{"@type":"ImageObject","inLanguage":"pt-PT","@id":"https:\/\/www.altominho.tv\/site\/wp-content\/uploads\/2019\/11\/Logo_Avatar_2-150x150.jpg","url":"https:\/\/www.altominho.tv\/site\/wp-content\/uploads\/2019\/11\/Logo_Avatar_2-150x150.jpg","contentUrl":"https:\/\/www.altominho.tv\/site\/wp-content\/uploads\/2019\/11\/Logo_Avatar_2-150x150.jpg","caption":"Altominho.tv"},"url":"https:\/\/www.altominho.tv\/site\/author\/altominhotv-tecnico\/"}]}},"_links":{"self":[{"href":"https:\/\/www.altominho.tv\/site\/wp-json\/wp\/v2\/posts\/84045","targetHints":{"allow":["GET"]}}],"collection":[{"href":"https:\/\/www.altominho.tv\/site\/wp-json\/wp\/v2\/posts"}],"about":[{"href":"https:\/\/www.altominho.tv\/site\/wp-json\/wp\/v2\/types\/post"}],"author":[{"embeddable":true,"href":"https:\/\/www.altominho.tv\/site\/wp-json\/wp\/v2\/users\/1"}],"replies":[{"embeddable":true,"href":"https:\/\/www.altominho.tv\/site\/wp-json\/wp\/v2\/comments?post=84045"}],"version-history":[{"count":4,"href":"https:\/\/www.altominho.tv\/site\/wp-json\/wp\/v2\/posts\/84045\/revisions"}],"predecessor-version":[{"id":84050,"href":"https:\/\/www.altominho.tv\/site\/wp-json\/wp\/v2\/posts\/84045\/revisions\/84050"}],"wp:featuredmedia":[{"embeddable":true,"href":"https:\/\/www.altominho.tv\/site\/wp-json\/wp\/v2\/media\/84049"}],"wp:attachment":[{"href":"https:\/\/www.altominho.tv\/site\/wp-json\/wp\/v2\/media?parent=84045"}],"wp:term":[{"taxonomy":"category","embeddable":true,"href":"https:\/\/www.altominho.tv\/site\/wp-json\/wp\/v2\/categories?post=84045"},{"taxonomy":"post_tag","embeddable":true,"href":"https:\/\/www.altominho.tv\/site\/wp-json\/wp\/v2\/tags?post=84045"}],"curies":[{"name":"wp","href":"https:\/\/api.w.org\/{rel}","templated":true}]}}