{"id":8404,"date":"2018-01-17T17:17:24","date_gmt":"2018-01-17T17:17:24","guid":{"rendered":"http:\/\/www.altominho.tv\/site\/?p=8404"},"modified":"2018-01-17T17:17:24","modified_gmt":"2018-01-17T17:17:24","slug":"maioria-em-caminha-reforca-investimento-em-orcamento-para-2018","status":"publish","type":"post","link":"https:\/\/www.altominho.tv\/site\/2018\/01\/17\/maioria-em-caminha-reforca-investimento-em-orcamento-para-2018\/","title":{"rendered":"Maioria em Caminha \u201crefor\u00e7a\u201d investimento em or\u00e7amento para 2018"},"content":{"rendered":"<p>O or\u00e7amento da C\u00e2mara de Caminha para 2018, de 22,7 milh\u00f5es de euros, &#8220;\u00e9 o maior dos \u00faltimos cinco anos&#8221;, refere a maioria PS, mas a oposi\u00e7\u00e3o PSD, que votou contra, fala em &#8220;promessas e imensas omiss\u00f5es perigosas&#8221;.<\/p>\n<p>Em declara\u00e7\u00f5es hoje \u00e0 ag\u00eancia Lusa, o presidente da C\u00e2mara, Miguel Alves (PS), explicou que o or\u00e7amento para 2018 &#8220;refor\u00e7a o m\u00fasculo do munic\u00edpio pelo aumento exponencial do investimento, atacando as gorduras atrav\u00e9s de uma forte conten\u00e7\u00e3o de despesa&#8221;.<\/p>\n<blockquote><p>\n&#8220;Rompemos com o ciclo tradicional dos pol\u00edticos que investem mais em ano de elei\u00e7\u00f5es e baixam o esfor\u00e7o nos anos seguintes. Desta vez n\u00e3o, 2018 ser\u00e1 um ano de grande investimento, faremos mais do dobro do investimento que fizemos em ano de elei\u00e7\u00f5es&#8221;, afirmou o autarca socialista.<\/p><\/blockquote>\n<p>Em 2017, o or\u00e7amento daquele concelho do Alto Minho foi de quase 20,7 milh\u00f5es de euros.<\/p>\n<p>Apesar do &#8220;refor\u00e7o&#8221; de investimento, Miguel Alves referiu que o or\u00e7amento para 2018, hoje aprovado em reuni\u00e3o camar\u00e1ria com os quatro votos da maioria socialista, &#8220;n\u00e3o esconde as dificuldades&#8221;.<\/p>\n<blockquote><p>\n&#8220;Este ser\u00e1 um ano de grande conten\u00e7\u00e3o, um ano duro e de controlo da despesa. A despesa corrente desce 17% e \u00e1reas como a cultura, o desporto e a aquisi\u00e7\u00e3o de bens e servi\u00e7os ter\u00e3o que fazer um esfor\u00e7o para gastarem menos. H\u00e1, no entanto, tr\u00eas \u00e1reas que est\u00e3o a salvo destas medidas restritivas, as freguesias, a educa\u00e7\u00e3o e a prote\u00e7\u00e3o Civil. Nestas \u00e1reas continuamos a apostar, esta \u00e9 a nossa \u2018troika&#8217; virtuosa&#8221;, disse.<\/p><\/blockquote>\n<p>Para a oposi\u00e7\u00e3o social-democrata, liderada pela vereadora Liliana Silva, o documento &#8220;\u00e9 um mero manifesto eleitoral sem acrescentar nada de novo ao que tem sido feito em anos anteriores&#8221;.<\/p>\n<blockquote><p>\n&#8220;\u00c9 um or\u00e7amento enquadrado em promessas, com imensas omiss\u00f5es perigosas sobre a realidade financeira do munic\u00edpio, com muitos erros e diverg\u00eancias nos mapas de apoio. \u00c9 um or\u00e7amento que reflete uma descida acentuada nas transfer\u00eancias para as freguesias, na educa\u00e7\u00e3o e no apoio \u00e0s fam\u00edlias&#8221;, destacou.<\/p><\/blockquote>\n<p>A l\u00edder da bancada do PSD, composta por tr\u00eas vereadores, acrescentou que &#8220;a experi\u00eancia do passado revela que os chav\u00f5es usados pelo executivo socialista para classificar os seus sucessivos or\u00e7amentos tentaram somente camuflar aqueles que foram aut\u00eanticos fracassos financeiros&#8221;.<\/p>\n<p>&#8220;N\u00e3o existe em todo o or\u00e7amento uma \u00fanica linha sobre o segundo acordo de pagamento \u00e0 empresa \u00c1guas do Norte, aprovado em dezembro de 2017, pela falta de pagamento das faturas de \u00e1gua de janeiro de 2016 a novembro de 2017, na ordem dos cinco milh\u00f5es de euros, mais cerca de 500 mil euros de juros. Se pensarmos que ter\u00e1 de pagar o primeiro acordo, da sua responsabilidade, e que se cifra em 600 mil euros por ano, mais o seu segundo acordo de cerca de 1,2 milh\u00f5es de euros por ano, mais as faturas da \u00e1gua referentes ao ano, percebe-se facilmente que o or\u00e7amento n\u00e3o tem receita para este encargo financeiro de cerca de 2,8 milh\u00f5es&#8221;, especificou.<\/p>\n<p>J\u00e1 o socialista Miguel Alves destacou que, em Caminha, &#8220;os impostos n\u00e3o sobem e as transfer\u00eancias de Estado aumentam 1,5%&#8221;.<\/p>\n<blockquote><p>\n&#8220;A novidade na receita \u00e9 o aumento exponencial nas despesas na aquisi\u00e7\u00e3o de bens de capital, ou seja, nas despesas de investimento &#8211; 6,8 milh\u00f5es, uma subida de 125% relativamente ao ano anterior&#8221;, disse.<\/p><\/blockquote>\n<p>Miguel Alves referiu ainda um &#8220;corte de 17% na despesa corrente (menos 1,6 milh\u00f5es), atrav\u00e9s da diminui\u00e7\u00e3o de encargos em publicidade (20%), combust\u00edveis (32%), comunica\u00e7\u00f5es (32%) e em pareceres e consultadoria (45%) &#8220;.<\/p>\n<p>&#8220;Todas as \u00e1reas de funcionamento da c\u00e2mara sofrem cortes com exce\u00e7\u00e3o de tr\u00eas relativas \u00e0s freguesias, educa\u00e7\u00e3o e prote\u00e7\u00e3o civil&#8221;, frisou.<\/p>\n","protected":false},"excerpt":{"rendered":"<p>O or\u00e7amento da C\u00e2mara de Caminha para 2018, de 22,7 milh\u00f5es de euros, &#8220;\u00e9 o maior dos \u00faltimos cinco anos&#8221;, refere a maioria PS, mas a oposi\u00e7\u00e3o PSD, que votou contra, fala em &#8220;promessas e imensas omiss\u00f5es perigosas&#8221;. Em declara\u00e7\u00f5es hoje \u00e0 ag\u00eancia Lusa, o presidente da C\u00e2mara, Miguel Alves (PS), explicou que o or\u00e7amento [&hellip;]<\/p>\n","protected":false},"author":6,"featured_media":8405,"comment_status":"closed","ping_status":"closed","sticky":false,"template":"","format":"standard","meta":{"_exactmetrics_skip_tracking":false,"_exactmetrics_sitenote_active":false,"_exactmetrics_sitenote_note":"","_exactmetrics_sitenote_category":0,"footnotes":""},"categories":[7],"tags":[21],"class_list":["post-8404","post","type-post","status-publish","format-standard","has-post-thumbnail","hentry","category-caminha","tag-economia"],"yoast_head":"<!-- This site is optimized with the Yoast SEO Premium plugin v27.5 (Yoast SEO v27.5) - https:\/\/yoast.com\/product\/yoast-seo-premium-wordpress\/ -->\n<title>Maioria em Caminha \u201crefor\u00e7a\u201d investimento em or\u00e7amento para 2018<\/title>\n<meta name=\"robots\" content=\"index, follow, max-snippet:-1, max-image-preview:large, max-video-preview:-1\" \/>\n<link rel=\"canonical\" href=\"https:\/\/www.altominho.tv\/site\/2018\/01\/17\/maioria-em-caminha-reforca-investimento-em-orcamento-para-2018\/\" \/>\n<meta property=\"og:locale\" content=\"pt_PT\" \/>\n<meta property=\"og:type\" content=\"article\" \/>\n<meta property=\"og:title\" content=\"Maioria em Caminha \u201crefor\u00e7a\u201d investimento em or\u00e7amento para 2018\" \/>\n<meta property=\"og:description\" content=\"O or\u00e7amento da C\u00e2mara de Caminha para 2018, de 22,7 milh\u00f5es de euros, &#8220;\u00e9 o maior dos \u00faltimos cinco anos&#8221;, refere a maioria PS, mas a oposi\u00e7\u00e3o PSD, que votou contra, fala em &#8220;promessas e imensas omiss\u00f5es perigosas&#8221;. Em declara\u00e7\u00f5es hoje \u00e0 ag\u00eancia Lusa, o presidente da C\u00e2mara, Miguel Alves (PS), explicou que o or\u00e7amento [&hellip;]\" \/>\n<meta property=\"og:url\" content=\"https:\/\/www.altominho.tv\/site\/2018\/01\/17\/maioria-em-caminha-reforca-investimento-em-orcamento-para-2018\/\" \/>\n<meta property=\"og:site_name\" content=\"Altominho.tv\" \/>\n<meta property=\"article:publisher\" content=\"https:\/\/www.facebook.com\/altominhotv\" \/>\n<meta property=\"article:published_time\" content=\"2018-01-17T17:17:24+00:00\" \/>\n<meta property=\"og:image\" content=\"https:\/\/www.altominho.tv\/site\/wp-content\/uploads\/2018\/01\/cmc.jpg\" \/>\n\t<meta property=\"og:image:width\" content=\"800\" \/>\n\t<meta property=\"og:image:height\" content=\"533\" \/>\n\t<meta property=\"og:image:type\" content=\"image\/jpeg\" \/>\n<meta name=\"author\" content=\"C\u00e1tia Malheiro\" \/>\n<meta name=\"twitter:card\" content=\"summary_large_image\" \/>\n<meta name=\"twitter:creator\" content=\"@altominhoTV\" \/>\n<meta name=\"twitter:site\" content=\"@altominhoTV\" \/>\n<meta name=\"twitter:label1\" content=\"Escrito por\" \/>\n\t<meta name=\"twitter:data1\" content=\"C\u00e1tia Malheiro\" \/>\n\t<meta name=\"twitter:label2\" content=\"Tempo estimado de leitura\" \/>\n\t<meta name=\"twitter:data2\" content=\"3 minutos\" \/>\n<script type=\"application\/ld+json\" class=\"yoast-schema-graph\">{\"@context\":\"https:\\\/\\\/schema.org\",\"@graph\":[{\"@type\":\"Article\",\"@id\":\"https:\\\/\\\/www.altominho.tv\\\/site\\\/2018\\\/01\\\/17\\\/maioria-em-caminha-reforca-investimento-em-orcamento-para-2018\\\/#article\",\"isPartOf\":{\"@id\":\"https:\\\/\\\/www.altominho.tv\\\/site\\\/2018\\\/01\\\/17\\\/maioria-em-caminha-reforca-investimento-em-orcamento-para-2018\\\/\"},\"author\":{\"name\":\"C\u00e1tia Malheiro\",\"@id\":\"https:\\\/\\\/www.altominho.tv\\\/site\\\/#\\\/schema\\\/person\\\/5c9404a8b438614c93da6ca09db92574\"},\"headline\":\"Maioria em Caminha \u201crefor\u00e7a\u201d investimento em or\u00e7amento para 2018\",\"datePublished\":\"2018-01-17T17:17:24+00:00\",\"mainEntityOfPage\":{\"@id\":\"https:\\\/\\\/www.altominho.tv\\\/site\\\/2018\\\/01\\\/17\\\/maioria-em-caminha-reforca-investimento-em-orcamento-para-2018\\\/\"},\"wordCount\":631,\"image\":{\"@id\":\"https:\\\/\\\/www.altominho.tv\\\/site\\\/2018\\\/01\\\/17\\\/maioria-em-caminha-reforca-investimento-em-orcamento-para-2018\\\/#primaryimage\"},\"thumbnailUrl\":\"https:\\\/\\\/www.altominho.tv\\\/site\\\/wp-content\\\/uploads\\\/2018\\\/01\\\/cmc.jpg\",\"keywords\":[\"Economia\"],\"articleSection\":[\"Caminha\"],\"inLanguage\":\"pt-PT\",\"copyrightYear\":\"2018\",\"copyrightHolder\":{\"@id\":\"https:\\\/\\\/www.altominho.tv\\\/site\\\/#organization\"}},{\"@type\":\"WebPage\",\"@id\":\"https:\\\/\\\/www.altominho.tv\\\/site\\\/2018\\\/01\\\/17\\\/maioria-em-caminha-reforca-investimento-em-orcamento-para-2018\\\/\",\"url\":\"https:\\\/\\\/www.altominho.tv\\\/site\\\/2018\\\/01\\\/17\\\/maioria-em-caminha-reforca-investimento-em-orcamento-para-2018\\\/\",\"name\":\"Maioria em Caminha \u201crefor\u00e7a\u201d investimento em or\u00e7amento para 2018\",\"isPartOf\":{\"@id\":\"https:\\\/\\\/www.altominho.tv\\\/site\\\/#website\"},\"primaryImageOfPage\":{\"@id\":\"https:\\\/\\\/www.altominho.tv\\\/site\\\/2018\\\/01\\\/17\\\/maioria-em-caminha-reforca-investimento-em-orcamento-para-2018\\\/#primaryimage\"},\"image\":{\"@id\":\"https:\\\/\\\/www.altominho.tv\\\/site\\\/2018\\\/01\\\/17\\\/maioria-em-caminha-reforca-investimento-em-orcamento-para-2018\\\/#primaryimage\"},\"thumbnailUrl\":\"https:\\\/\\\/www.altominho.tv\\\/site\\\/wp-content\\\/uploads\\\/2018\\\/01\\\/cmc.jpg\",\"datePublished\":\"2018-01-17T17:17:24+00:00\",\"author\":{\"@id\":\"https:\\\/\\\/www.altominho.tv\\\/site\\\/#\\\/schema\\\/person\\\/5c9404a8b438614c93da6ca09db92574\"},\"breadcrumb\":{\"@id\":\"https:\\\/\\\/www.altominho.tv\\\/site\\\/2018\\\/01\\\/17\\\/maioria-em-caminha-reforca-investimento-em-orcamento-para-2018\\\/#breadcrumb\"},\"inLanguage\":\"pt-PT\",\"potentialAction\":[{\"@type\":\"ReadAction\",\"target\":[\"https:\\\/\\\/www.altominho.tv\\\/site\\\/2018\\\/01\\\/17\\\/maioria-em-caminha-reforca-investimento-em-orcamento-para-2018\\\/\"]}]},{\"@type\":\"ImageObject\",\"inLanguage\":\"pt-PT\",\"@id\":\"https:\\\/\\\/www.altominho.tv\\\/site\\\/2018\\\/01\\\/17\\\/maioria-em-caminha-reforca-investimento-em-orcamento-para-2018\\\/#primaryimage\",\"url\":\"https:\\\/\\\/www.altominho.tv\\\/site\\\/wp-content\\\/uploads\\\/2018\\\/01\\\/cmc.jpg\",\"contentUrl\":\"https:\\\/\\\/www.altominho.tv\\\/site\\\/wp-content\\\/uploads\\\/2018\\\/01\\\/cmc.jpg\",\"width\":800,\"height\":533},{\"@type\":\"BreadcrumbList\",\"@id\":\"https:\\\/\\\/www.altominho.tv\\\/site\\\/2018\\\/01\\\/17\\\/maioria-em-caminha-reforca-investimento-em-orcamento-para-2018\\\/#breadcrumb\",\"itemListElement\":[{\"@type\":\"ListItem\",\"position\":1,\"name\":\"In\u00edcio\",\"item\":\"https:\\\/\\\/www.altominho.tv\\\/site\\\/\"},{\"@type\":\"ListItem\",\"position\":2,\"name\":\"Maioria em Caminha \u201crefor\u00e7a\u201d investimento em or\u00e7amento para 2018\"}]},{\"@type\":\"WebSite\",\"@id\":\"https:\\\/\\\/www.altominho.tv\\\/site\\\/#website\",\"url\":\"https:\\\/\\\/www.altominho.tv\\\/site\\\/\",\"name\":\"Altominho.tv\",\"description\":\"A sua regi\u00e3o \u00e0 dist\u00e2ncia de um clique...\",\"potentialAction\":[{\"@type\":\"SearchAction\",\"target\":{\"@type\":\"EntryPoint\",\"urlTemplate\":\"https:\\\/\\\/www.altominho.tv\\\/site\\\/?s={search_term_string}\"},\"query-input\":{\"@type\":\"PropertyValueSpecification\",\"valueRequired\":true,\"valueName\":\"search_term_string\"}}],\"inLanguage\":\"pt-PT\"},{\"@type\":\"Person\",\"@id\":\"https:\\\/\\\/www.altominho.tv\\\/site\\\/#\\\/schema\\\/person\\\/5c9404a8b438614c93da6ca09db92574\",\"name\":\"C\u00e1tia Malheiro\",\"image\":{\"@type\":\"ImageObject\",\"inLanguage\":\"pt-PT\",\"@id\":\"https:\\\/\\\/www.altominho.tv\\\/site\\\/wp-content\\\/uploads\\\/2017\\\/11\\\/Catia_Malheiro-150x150.jpg\",\"url\":\"https:\\\/\\\/www.altominho.tv\\\/site\\\/wp-content\\\/uploads\\\/2017\\\/11\\\/Catia_Malheiro-150x150.jpg\",\"contentUrl\":\"https:\\\/\\\/www.altominho.tv\\\/site\\\/wp-content\\\/uploads\\\/2017\\\/11\\\/Catia_Malheiro-150x150.jpg\",\"caption\":\"C\u00e1tia Malheiro\"},\"url\":\"https:\\\/\\\/www.altominho.tv\\\/site\\\/author\\\/catiamalheiro\\\/\"}]}<\/script>\n<!-- \/ Yoast SEO Premium plugin. -->","yoast_head_json":{"title":"Maioria em Caminha \u201crefor\u00e7a\u201d investimento em or\u00e7amento para 2018","robots":{"index":"index","follow":"follow","max-snippet":"max-snippet:-1","max-image-preview":"max-image-preview:large","max-video-preview":"max-video-preview:-1"},"canonical":"https:\/\/www.altominho.tv\/site\/2018\/01\/17\/maioria-em-caminha-reforca-investimento-em-orcamento-para-2018\/","og_locale":"pt_PT","og_type":"article","og_title":"Maioria em Caminha \u201crefor\u00e7a\u201d investimento em or\u00e7amento para 2018","og_description":"O or\u00e7amento da C\u00e2mara de Caminha para 2018, de 22,7 milh\u00f5es de euros, &#8220;\u00e9 o maior dos \u00faltimos cinco anos&#8221;, refere a maioria PS, mas a oposi\u00e7\u00e3o PSD, que votou contra, fala em &#8220;promessas e imensas omiss\u00f5es perigosas&#8221;. Em declara\u00e7\u00f5es hoje \u00e0 ag\u00eancia Lusa, o presidente da C\u00e2mara, Miguel Alves (PS), explicou que o or\u00e7amento [&hellip;]","og_url":"https:\/\/www.altominho.tv\/site\/2018\/01\/17\/maioria-em-caminha-reforca-investimento-em-orcamento-para-2018\/","og_site_name":"Altominho.tv","article_publisher":"https:\/\/www.facebook.com\/altominhotv","article_published_time":"2018-01-17T17:17:24+00:00","og_image":[{"width":800,"height":533,"url":"https:\/\/www.altominho.tv\/site\/wp-content\/uploads\/2018\/01\/cmc.jpg","type":"image\/jpeg"}],"author":"C\u00e1tia Malheiro","twitter_card":"summary_large_image","twitter_creator":"@altominhoTV","twitter_site":"@altominhoTV","twitter_misc":{"Escrito por":"C\u00e1tia Malheiro","Tempo estimado de leitura":"3 minutos"},"schema":{"@context":"https:\/\/schema.org","@graph":[{"@type":"Article","@id":"https:\/\/www.altominho.tv\/site\/2018\/01\/17\/maioria-em-caminha-reforca-investimento-em-orcamento-para-2018\/#article","isPartOf":{"@id":"https:\/\/www.altominho.tv\/site\/2018\/01\/17\/maioria-em-caminha-reforca-investimento-em-orcamento-para-2018\/"},"author":{"name":"C\u00e1tia Malheiro","@id":"https:\/\/www.altominho.tv\/site\/#\/schema\/person\/5c9404a8b438614c93da6ca09db92574"},"headline":"Maioria em Caminha \u201crefor\u00e7a\u201d investimento em or\u00e7amento para 2018","datePublished":"2018-01-17T17:17:24+00:00","mainEntityOfPage":{"@id":"https:\/\/www.altominho.tv\/site\/2018\/01\/17\/maioria-em-caminha-reforca-investimento-em-orcamento-para-2018\/"},"wordCount":631,"image":{"@id":"https:\/\/www.altominho.tv\/site\/2018\/01\/17\/maioria-em-caminha-reforca-investimento-em-orcamento-para-2018\/#primaryimage"},"thumbnailUrl":"https:\/\/www.altominho.tv\/site\/wp-content\/uploads\/2018\/01\/cmc.jpg","keywords":["Economia"],"articleSection":["Caminha"],"inLanguage":"pt-PT","copyrightYear":"2018","copyrightHolder":{"@id":"https:\/\/www.altominho.tv\/site\/#organization"}},{"@type":"WebPage","@id":"https:\/\/www.altominho.tv\/site\/2018\/01\/17\/maioria-em-caminha-reforca-investimento-em-orcamento-para-2018\/","url":"https:\/\/www.altominho.tv\/site\/2018\/01\/17\/maioria-em-caminha-reforca-investimento-em-orcamento-para-2018\/","name":"Maioria em Caminha \u201crefor\u00e7a\u201d investimento em or\u00e7amento para 2018","isPartOf":{"@id":"https:\/\/www.altominho.tv\/site\/#website"},"primaryImageOfPage":{"@id":"https:\/\/www.altominho.tv\/site\/2018\/01\/17\/maioria-em-caminha-reforca-investimento-em-orcamento-para-2018\/#primaryimage"},"image":{"@id":"https:\/\/www.altominho.tv\/site\/2018\/01\/17\/maioria-em-caminha-reforca-investimento-em-orcamento-para-2018\/#primaryimage"},"thumbnailUrl":"https:\/\/www.altominho.tv\/site\/wp-content\/uploads\/2018\/01\/cmc.jpg","datePublished":"2018-01-17T17:17:24+00:00","author":{"@id":"https:\/\/www.altominho.tv\/site\/#\/schema\/person\/5c9404a8b438614c93da6ca09db92574"},"breadcrumb":{"@id":"https:\/\/www.altominho.tv\/site\/2018\/01\/17\/maioria-em-caminha-reforca-investimento-em-orcamento-para-2018\/#breadcrumb"},"inLanguage":"pt-PT","potentialAction":[{"@type":"ReadAction","target":["https:\/\/www.altominho.tv\/site\/2018\/01\/17\/maioria-em-caminha-reforca-investimento-em-orcamento-para-2018\/"]}]},{"@type":"ImageObject","inLanguage":"pt-PT","@id":"https:\/\/www.altominho.tv\/site\/2018\/01\/17\/maioria-em-caminha-reforca-investimento-em-orcamento-para-2018\/#primaryimage","url":"https:\/\/www.altominho.tv\/site\/wp-content\/uploads\/2018\/01\/cmc.jpg","contentUrl":"https:\/\/www.altominho.tv\/site\/wp-content\/uploads\/2018\/01\/cmc.jpg","width":800,"height":533},{"@type":"BreadcrumbList","@id":"https:\/\/www.altominho.tv\/site\/2018\/01\/17\/maioria-em-caminha-reforca-investimento-em-orcamento-para-2018\/#breadcrumb","itemListElement":[{"@type":"ListItem","position":1,"name":"In\u00edcio","item":"https:\/\/www.altominho.tv\/site\/"},{"@type":"ListItem","position":2,"name":"Maioria em Caminha \u201crefor\u00e7a\u201d investimento em or\u00e7amento para 2018"}]},{"@type":"WebSite","@id":"https:\/\/www.altominho.tv\/site\/#website","url":"https:\/\/www.altominho.tv\/site\/","name":"Altominho.tv","description":"A sua regi\u00e3o \u00e0 dist\u00e2ncia de um clique...","potentialAction":[{"@type":"SearchAction","target":{"@type":"EntryPoint","urlTemplate":"https:\/\/www.altominho.tv\/site\/?s={search_term_string}"},"query-input":{"@type":"PropertyValueSpecification","valueRequired":true,"valueName":"search_term_string"}}],"inLanguage":"pt-PT"},{"@type":"Person","@id":"https:\/\/www.altominho.tv\/site\/#\/schema\/person\/5c9404a8b438614c93da6ca09db92574","name":"C\u00e1tia Malheiro","image":{"@type":"ImageObject","inLanguage":"pt-PT","@id":"https:\/\/www.altominho.tv\/site\/wp-content\/uploads\/2017\/11\/Catia_Malheiro-150x150.jpg","url":"https:\/\/www.altominho.tv\/site\/wp-content\/uploads\/2017\/11\/Catia_Malheiro-150x150.jpg","contentUrl":"https:\/\/www.altominho.tv\/site\/wp-content\/uploads\/2017\/11\/Catia_Malheiro-150x150.jpg","caption":"C\u00e1tia Malheiro"},"url":"https:\/\/www.altominho.tv\/site\/author\/catiamalheiro\/"}]}},"_links":{"self":[{"href":"https:\/\/www.altominho.tv\/site\/wp-json\/wp\/v2\/posts\/8404","targetHints":{"allow":["GET"]}}],"collection":[{"href":"https:\/\/www.altominho.tv\/site\/wp-json\/wp\/v2\/posts"}],"about":[{"href":"https:\/\/www.altominho.tv\/site\/wp-json\/wp\/v2\/types\/post"}],"author":[{"embeddable":true,"href":"https:\/\/www.altominho.tv\/site\/wp-json\/wp\/v2\/users\/6"}],"replies":[{"embeddable":true,"href":"https:\/\/www.altominho.tv\/site\/wp-json\/wp\/v2\/comments?post=8404"}],"version-history":[{"count":0,"href":"https:\/\/www.altominho.tv\/site\/wp-json\/wp\/v2\/posts\/8404\/revisions"}],"wp:featuredmedia":[{"embeddable":true,"href":"https:\/\/www.altominho.tv\/site\/wp-json\/wp\/v2\/media\/8405"}],"wp:attachment":[{"href":"https:\/\/www.altominho.tv\/site\/wp-json\/wp\/v2\/media?parent=8404"}],"wp:term":[{"taxonomy":"category","embeddable":true,"href":"https:\/\/www.altominho.tv\/site\/wp-json\/wp\/v2\/categories?post=8404"},{"taxonomy":"post_tag","embeddable":true,"href":"https:\/\/www.altominho.tv\/site\/wp-json\/wp\/v2\/tags?post=8404"}],"curies":[{"name":"wp","href":"https:\/\/api.w.org\/{rel}","templated":true}]}}