{"id":83914,"date":"2022-10-19T14:35:35","date_gmt":"2022-10-19T13:35:35","guid":{"rendered":"https:\/\/www.altominho.tv\/site\/?p=83914"},"modified":"2022-10-19T14:35:40","modified_gmt":"2022-10-19T13:35:40","slug":"festival-de-musica-experimental-chega-a-quatro-municipios-do-alto-minho","status":"publish","type":"post","link":"https:\/\/www.altominho.tv\/site\/2022\/10\/19\/festival-de-musica-experimental-chega-a-quatro-municipios-do-alto-minho\/","title":{"rendered":"Festival de m\u00fasica experimental chega a quatro munic\u00edpios do Alto Minho"},"content":{"rendered":"<p>O festival de m\u00fasica experimental e improvisada Space Festival est\u00e1 de regresso entre os dias 3 e 26 de novembro. Este ano, vai acontecer em quatro concelhos do distrito de Viana do Castelo e em Montemor-o-Velho, no distrito de Coimbra.<\/p>\n<p>Em comunicado, a organiza\u00e7\u00e3o do festival itinerante, a cargo da Associa\u00e7\u00e3o Cultural Rock\u2018n\u2019Cave e pelo Space Ensemble, explicou que, al\u00e9m de Caminha, onde decorreu o festival em 2021, a edi\u00e7\u00e3o deste ano acrescenta quatro novas localidades: Paredes de Coura, Ponte de Lima e Mon\u00e7\u00e3o, tamb\u00e9m no distrito de Viana do Castelo, e, Montemor-o-Velho, no distrito de Coimbra.<\/p>\n<p>Nos quatro munic\u00edpios do Alto Minho, o festival passa primeiro pelo Centro Cultural de Paredes de Coura, entre 3 e 5 de novembro, seguindo para o Teatro Diogo Bernardes, em Ponte de Lima, no dia 6. J\u00e1 entre 18 e 20 de novembro chega ao Cine Teatro Jo\u00e3o Verde, em Mon\u00e7\u00e3o. A \u00faltima paragem acontece nos dias 25 e 26 no Teatro Valadares, em Caminha, com extens\u00e3o do programa ao Cineteatro dos Bombeiros Volunt\u00e1rios de Vila Praia de \u00c2ncora.<\/p>\n<p>O cartaz do festival, \u201cque privilegia a passagem por territ\u00f3rios de baixa densidade, para que localidades de pequena e m\u00e9dia dimens\u00e3o sejam tamb\u00e9m palco de cultura contempor\u00e2nea\u201d, apresenta este ano nomes como Gustavo Costa, OCENPSIEA, Jo\u00e3o Pais Filipe, Ricardo Jacinto, Vera Morais e Hristo Goleminov, Krake, C\u00edntia, Margarida Garcia, The Rite of Trio e Cluster &#8211; Grupo Experimental de Matosinhos, entre outros.<\/p>\n<p>O Space Festival regressa em 2022 \u201ccom o objetivo de continuar a promover o acesso a projetos consolidados e emergentes que se dedicam \u00e0 m\u00fasica experimental e improvisada ou encontram nela a sua base, fora dos grandes centros urbanos\u201d.<\/p>\n<p>Al\u00e9m de concertos, o programa \u201cinclui tamb\u00e9m espet\u00e1culos com intera\u00e7\u00e3o entre m\u00fasica e v\u00eddeo, como \u00e9 o caso de alguns filmes-concerto do Space Ensemble\u201d. \u00c9 o caso dos \u201cFilmes da Terra do Pai Natal, inclu\u00eddo no programa de servi\u00e7o educativo, e a estreia do novo espet\u00e1culo \u2018Music For Short Films\u2019, que ser\u00e1 apresentado em v\u00e1rios locais, criando combina\u00e7\u00f5es \u00fanicas de m\u00fasicos e filmes a cada apresenta\u00e7\u00e3o\u201d.<\/p>\n<p>O Space Festival \u201creceber\u00e1 tamb\u00e9m o ensaio audiovisual Sobre a Cegueira (inspirado no romance \u2018Ensaio sobre a Cegueira\u2019, de Jos\u00e9 Saramago), de Vitor Joaquim, Jo\u00e3o Silva e Raquel Castro, \u2018Cody XV\u2019, um projeto de Pedro Sousa, e Ry Vuh, que junta Jorge Queijo e Jorge Coelho na bateria e guitarra, acompanhados por Jo\u00e3o Guedes nos efeitos visuais\u201d.<\/p>\n<p>Ser\u00e1 tamb\u00e9m \u201capresentado o espet\u00e1culo participativo \u2018Minho, Coura, Lima\u2019, transversal aos munic\u00edpios de Paredes de Coura, Mon\u00e7\u00e3o e Ponte de Lima, que j\u00e1 est\u00e1 a ser desenvolvido com as comunidades de cada local, que participam nos espet\u00e1culos finais apresentados nas tr\u00eas localidades no \u00e2mbito do Space Festival\u201d.<\/p>\n<p>Este ano, \u201co festival estende a programa\u00e7\u00e3o a outros dom\u00ednios e apresenta, no primeiro fim de semana em Paredes de Coura, o filme \u2018SOA\u2019, de Raquel Castro, que parte do som para abordar temas como ecologia, cidadania, igualdade, pol\u00edticas urbanas e de como a paisagem sonora afeta [os cidad\u00e3os]\u201d.<\/p>\n<p>O Space Festival \u201csurgiu em 1999, em Coimbra. At\u00e9 2005, decorreu, em edi\u00e7\u00f5es itinerantes, em diversos locais como Porto, Lisboa, Braga e Aveiro, programou in\u00fameros artistas portugueses de refer\u00eancia, abordando os novos rumos da m\u00fasica contempor\u00e2nea possibilitados pela via da experimenta\u00e7\u00e3o, da improvisa\u00e7\u00e3o e das novas tecnologias digitais\u201d.<\/p>\n<p>A edi\u00e7\u00e3o de 2022 conta com o apoio da Dire\u00e7\u00e3o-Geral das Artes e dos munic\u00edpios de Paredes de Coura, Ponte de Lima, Mon\u00e7\u00e3o e Caminha, no Alto Minho, e do CITEC\/CITEMOR, em Montemor-o-Velho, distrito de Coimbra.<\/p>\n","protected":false},"excerpt":{"rendered":"<p>O festival de m\u00fasica experimental e improvisada Space Festival est\u00e1 de regresso entre os dias 3 e 26 de novembro. Este ano, vai acontecer em quatro concelhos do distrito de Viana do Castelo e em Montemor-o-Velho, no distrito de Coimbra. Em comunicado, a organiza\u00e7\u00e3o do festival itinerante, a cargo da Associa\u00e7\u00e3o Cultural Rock\u2018n\u2019Cave e pelo [&hellip;]<\/p>\n","protected":false},"author":15,"featured_media":83915,"comment_status":"closed","ping_status":"closed","sticky":false,"template":"","format":"standard","meta":{"_exactmetrics_skip_tracking":false,"_exactmetrics_sitenote_active":false,"_exactmetrics_sitenote_note":"","_exactmetrics_sitenote_category":0,"footnotes":""},"categories":[73],"tags":[19],"class_list":["post-83914","post","type-post","status-publish","format-standard","has-post-thumbnail","hentry","category-alto-minho","tag-cultura"],"yoast_head":"<!-- This site is optimized with the Yoast SEO Premium plugin v27.5 (Yoast SEO v27.5) - https:\/\/yoast.com\/product\/yoast-seo-premium-wordpress\/ -->\n<title>Festival de m\u00fasica experimental chega a quatro munic\u00edpios do Alto Minho<\/title>\n<meta name=\"description\" content=\"O festival m\u00fasica experimental e improvisada Space Festival regressa entre 3 e 26 de novembro e vai percorrer quatro concelhos do Alto Minho.\" \/>\n<meta name=\"robots\" content=\"index, follow, max-snippet:-1, max-image-preview:large, max-video-preview:-1\" \/>\n<link rel=\"canonical\" href=\"https:\/\/www.altominho.tv\/site\/2022\/10\/19\/festival-de-musica-experimental-chega-a-quatro-municipios-do-alto-minho\/\" \/>\n<meta property=\"og:locale\" content=\"pt_PT\" \/>\n<meta property=\"og:type\" content=\"article\" \/>\n<meta property=\"og:title\" content=\"Festival de m\u00fasica experimental chega a quatro munic\u00edpios do Alto Minho\" \/>\n<meta property=\"og:description\" content=\"O festival m\u00fasica experimental e improvisada Space Festival regressa entre 3 e 26 de novembro e vai percorrer quatro concelhos do Alto Minho.\" \/>\n<meta property=\"og:url\" content=\"https:\/\/www.altominho.tv\/site\/2022\/10\/19\/festival-de-musica-experimental-chega-a-quatro-municipios-do-alto-minho\/\" \/>\n<meta property=\"og:site_name\" content=\"Altominho.tv\" \/>\n<meta property=\"article:publisher\" content=\"https:\/\/www.facebook.com\/altominhotv\" \/>\n<meta property=\"article:published_time\" content=\"2022-10-19T13:35:35+00:00\" \/>\n<meta property=\"article:modified_time\" content=\"2022-10-19T13:35:40+00:00\" \/>\n<meta property=\"og:image\" content=\"https:\/\/www.altominho.tv\/site\/wp-content\/uploads\/2022\/10\/Space-Festival.jpg\" \/>\n\t<meta property=\"og:image:width\" content=\"880\" \/>\n\t<meta property=\"og:image:height\" content=\"495\" \/>\n\t<meta property=\"og:image:type\" content=\"image\/jpeg\" \/>\n<meta name=\"author\" content=\"Andreia Ferreira | Lusa\" \/>\n<meta name=\"twitter:card\" content=\"summary_large_image\" \/>\n<meta name=\"twitter:creator\" content=\"@altominhoTV\" \/>\n<meta name=\"twitter:site\" content=\"@altominhoTV\" \/>\n<meta name=\"twitter:label1\" content=\"Escrito por\" \/>\n\t<meta name=\"twitter:data1\" content=\"Andreia Ferreira | Lusa\" \/>\n\t<meta name=\"twitter:label2\" content=\"Tempo estimado de leitura\" \/>\n\t<meta name=\"twitter:data2\" content=\"4 minutos\" \/>\n<script type=\"application\/ld+json\" class=\"yoast-schema-graph\">{\"@context\":\"https:\\\/\\\/schema.org\",\"@graph\":[{\"@type\":\"Article\",\"@id\":\"https:\\\/\\\/www.altominho.tv\\\/site\\\/2022\\\/10\\\/19\\\/festival-de-musica-experimental-chega-a-quatro-municipios-do-alto-minho\\\/#article\",\"isPartOf\":{\"@id\":\"https:\\\/\\\/www.altominho.tv\\\/site\\\/2022\\\/10\\\/19\\\/festival-de-musica-experimental-chega-a-quatro-municipios-do-alto-minho\\\/\"},\"author\":{\"name\":\"Andreia Ferreira | Lusa\",\"@id\":\"https:\\\/\\\/www.altominho.tv\\\/site\\\/#\\\/schema\\\/person\\\/a0bff6dc1041aadd46fa81887444b017\"},\"headline\":\"Festival de m\u00fasica experimental chega a quatro munic\u00edpios do Alto Minho\",\"datePublished\":\"2022-10-19T13:35:35+00:00\",\"dateModified\":\"2022-10-19T13:35:40+00:00\",\"mainEntityOfPage\":{\"@id\":\"https:\\\/\\\/www.altominho.tv\\\/site\\\/2022\\\/10\\\/19\\\/festival-de-musica-experimental-chega-a-quatro-municipios-do-alto-minho\\\/\"},\"wordCount\":636,\"image\":{\"@id\":\"https:\\\/\\\/www.altominho.tv\\\/site\\\/2022\\\/10\\\/19\\\/festival-de-musica-experimental-chega-a-quatro-municipios-do-alto-minho\\\/#primaryimage\"},\"thumbnailUrl\":\"https:\\\/\\\/www.altominho.tv\\\/site\\\/wp-content\\\/uploads\\\/2022\\\/10\\\/Space-Festival.jpg\",\"keywords\":[\"Cultura\"],\"articleSection\":[\"Alto Minho\"],\"inLanguage\":\"pt-PT\",\"copyrightYear\":\"2022\",\"copyrightHolder\":{\"@id\":\"https:\\\/\\\/www.altominho.tv\\\/site\\\/#organization\"}},{\"@type\":\"WebPage\",\"@id\":\"https:\\\/\\\/www.altominho.tv\\\/site\\\/2022\\\/10\\\/19\\\/festival-de-musica-experimental-chega-a-quatro-municipios-do-alto-minho\\\/\",\"url\":\"https:\\\/\\\/www.altominho.tv\\\/site\\\/2022\\\/10\\\/19\\\/festival-de-musica-experimental-chega-a-quatro-municipios-do-alto-minho\\\/\",\"name\":\"Festival de m\u00fasica experimental chega a quatro munic\u00edpios do Alto Minho\",\"isPartOf\":{\"@id\":\"https:\\\/\\\/www.altominho.tv\\\/site\\\/#website\"},\"primaryImageOfPage\":{\"@id\":\"https:\\\/\\\/www.altominho.tv\\\/site\\\/2022\\\/10\\\/19\\\/festival-de-musica-experimental-chega-a-quatro-municipios-do-alto-minho\\\/#primaryimage\"},\"image\":{\"@id\":\"https:\\\/\\\/www.altominho.tv\\\/site\\\/2022\\\/10\\\/19\\\/festival-de-musica-experimental-chega-a-quatro-municipios-do-alto-minho\\\/#primaryimage\"},\"thumbnailUrl\":\"https:\\\/\\\/www.altominho.tv\\\/site\\\/wp-content\\\/uploads\\\/2022\\\/10\\\/Space-Festival.jpg\",\"datePublished\":\"2022-10-19T13:35:35+00:00\",\"dateModified\":\"2022-10-19T13:35:40+00:00\",\"author\":{\"@id\":\"https:\\\/\\\/www.altominho.tv\\\/site\\\/#\\\/schema\\\/person\\\/a0bff6dc1041aadd46fa81887444b017\"},\"description\":\"O festival m\u00fasica experimental e improvisada Space Festival regressa entre 3 e 26 de novembro e vai percorrer quatro concelhos do Alto Minho.\",\"breadcrumb\":{\"@id\":\"https:\\\/\\\/www.altominho.tv\\\/site\\\/2022\\\/10\\\/19\\\/festival-de-musica-experimental-chega-a-quatro-municipios-do-alto-minho\\\/#breadcrumb\"},\"inLanguage\":\"pt-PT\",\"potentialAction\":[{\"@type\":\"ReadAction\",\"target\":[\"https:\\\/\\\/www.altominho.tv\\\/site\\\/2022\\\/10\\\/19\\\/festival-de-musica-experimental-chega-a-quatro-municipios-do-alto-minho\\\/\"]}]},{\"@type\":\"ImageObject\",\"inLanguage\":\"pt-PT\",\"@id\":\"https:\\\/\\\/www.altominho.tv\\\/site\\\/2022\\\/10\\\/19\\\/festival-de-musica-experimental-chega-a-quatro-municipios-do-alto-minho\\\/#primaryimage\",\"url\":\"https:\\\/\\\/www.altominho.tv\\\/site\\\/wp-content\\\/uploads\\\/2022\\\/10\\\/Space-Festival.jpg\",\"contentUrl\":\"https:\\\/\\\/www.altominho.tv\\\/site\\\/wp-content\\\/uploads\\\/2022\\\/10\\\/Space-Festival.jpg\",\"width\":880,\"height\":495,\"caption\":\"FACEBOOK SPACE FESTIVAL\"},{\"@type\":\"BreadcrumbList\",\"@id\":\"https:\\\/\\\/www.altominho.tv\\\/site\\\/2022\\\/10\\\/19\\\/festival-de-musica-experimental-chega-a-quatro-municipios-do-alto-minho\\\/#breadcrumb\",\"itemListElement\":[{\"@type\":\"ListItem\",\"position\":1,\"name\":\"In\u00edcio\",\"item\":\"https:\\\/\\\/www.altominho.tv\\\/site\\\/\"},{\"@type\":\"ListItem\",\"position\":2,\"name\":\"Festival de m\u00fasica experimental chega a quatro munic\u00edpios do Alto Minho\"}]},{\"@type\":\"WebSite\",\"@id\":\"https:\\\/\\\/www.altominho.tv\\\/site\\\/#website\",\"url\":\"https:\\\/\\\/www.altominho.tv\\\/site\\\/\",\"name\":\"Altominho.tv\",\"description\":\"A sua regi\u00e3o \u00e0 dist\u00e2ncia de um clique...\",\"potentialAction\":[{\"@type\":\"SearchAction\",\"target\":{\"@type\":\"EntryPoint\",\"urlTemplate\":\"https:\\\/\\\/www.altominho.tv\\\/site\\\/?s={search_term_string}\"},\"query-input\":{\"@type\":\"PropertyValueSpecification\",\"valueRequired\":true,\"valueName\":\"search_term_string\"}}],\"inLanguage\":\"pt-PT\"},{\"@type\":\"Person\",\"@id\":\"https:\\\/\\\/www.altominho.tv\\\/site\\\/#\\\/schema\\\/person\\\/a0bff6dc1041aadd46fa81887444b017\",\"name\":\"Andreia Ferreira | Lusa\",\"image\":{\"@type\":\"ImageObject\",\"inLanguage\":\"pt-PT\",\"@id\":\"https:\\\/\\\/www.altominho.tv\\\/site\\\/wp-content\\\/uploads\\\/2018\\\/04\\\/Andreia-150x150.jpg\",\"url\":\"https:\\\/\\\/www.altominho.tv\\\/site\\\/wp-content\\\/uploads\\\/2018\\\/04\\\/Andreia-150x150.jpg\",\"contentUrl\":\"https:\\\/\\\/www.altominho.tv\\\/site\\\/wp-content\\\/uploads\\\/2018\\\/04\\\/Andreia-150x150.jpg\",\"caption\":\"Andreia Ferreira | Lusa\"},\"sameAs\":[\"https:\\\/\\\/www.altominho.tv\\\/site\"],\"url\":\"https:\\\/\\\/www.altominho.tv\\\/site\\\/author\\\/andreiaferreiralusa\\\/\"}]}<\/script>\n<!-- \/ Yoast SEO Premium plugin. -->","yoast_head_json":{"title":"Festival de m\u00fasica experimental chega a quatro munic\u00edpios do Alto Minho","description":"O festival m\u00fasica experimental e improvisada Space Festival regressa entre 3 e 26 de novembro e vai percorrer quatro concelhos do Alto Minho.","robots":{"index":"index","follow":"follow","max-snippet":"max-snippet:-1","max-image-preview":"max-image-preview:large","max-video-preview":"max-video-preview:-1"},"canonical":"https:\/\/www.altominho.tv\/site\/2022\/10\/19\/festival-de-musica-experimental-chega-a-quatro-municipios-do-alto-minho\/","og_locale":"pt_PT","og_type":"article","og_title":"Festival de m\u00fasica experimental chega a quatro munic\u00edpios do Alto Minho","og_description":"O festival m\u00fasica experimental e improvisada Space Festival regressa entre 3 e 26 de novembro e vai percorrer quatro concelhos do Alto Minho.","og_url":"https:\/\/www.altominho.tv\/site\/2022\/10\/19\/festival-de-musica-experimental-chega-a-quatro-municipios-do-alto-minho\/","og_site_name":"Altominho.tv","article_publisher":"https:\/\/www.facebook.com\/altominhotv","article_published_time":"2022-10-19T13:35:35+00:00","article_modified_time":"2022-10-19T13:35:40+00:00","og_image":[{"width":880,"height":495,"url":"https:\/\/www.altominho.tv\/site\/wp-content\/uploads\/2022\/10\/Space-Festival.jpg","type":"image\/jpeg"}],"author":"Andreia Ferreira | Lusa","twitter_card":"summary_large_image","twitter_creator":"@altominhoTV","twitter_site":"@altominhoTV","twitter_misc":{"Escrito por":"Andreia Ferreira | Lusa","Tempo estimado de leitura":"4 minutos"},"schema":{"@context":"https:\/\/schema.org","@graph":[{"@type":"Article","@id":"https:\/\/www.altominho.tv\/site\/2022\/10\/19\/festival-de-musica-experimental-chega-a-quatro-municipios-do-alto-minho\/#article","isPartOf":{"@id":"https:\/\/www.altominho.tv\/site\/2022\/10\/19\/festival-de-musica-experimental-chega-a-quatro-municipios-do-alto-minho\/"},"author":{"name":"Andreia Ferreira | Lusa","@id":"https:\/\/www.altominho.tv\/site\/#\/schema\/person\/a0bff6dc1041aadd46fa81887444b017"},"headline":"Festival de m\u00fasica experimental chega a quatro munic\u00edpios do Alto Minho","datePublished":"2022-10-19T13:35:35+00:00","dateModified":"2022-10-19T13:35:40+00:00","mainEntityOfPage":{"@id":"https:\/\/www.altominho.tv\/site\/2022\/10\/19\/festival-de-musica-experimental-chega-a-quatro-municipios-do-alto-minho\/"},"wordCount":636,"image":{"@id":"https:\/\/www.altominho.tv\/site\/2022\/10\/19\/festival-de-musica-experimental-chega-a-quatro-municipios-do-alto-minho\/#primaryimage"},"thumbnailUrl":"https:\/\/www.altominho.tv\/site\/wp-content\/uploads\/2022\/10\/Space-Festival.jpg","keywords":["Cultura"],"articleSection":["Alto Minho"],"inLanguage":"pt-PT","copyrightYear":"2022","copyrightHolder":{"@id":"https:\/\/www.altominho.tv\/site\/#organization"}},{"@type":"WebPage","@id":"https:\/\/www.altominho.tv\/site\/2022\/10\/19\/festival-de-musica-experimental-chega-a-quatro-municipios-do-alto-minho\/","url":"https:\/\/www.altominho.tv\/site\/2022\/10\/19\/festival-de-musica-experimental-chega-a-quatro-municipios-do-alto-minho\/","name":"Festival de m\u00fasica experimental chega a quatro munic\u00edpios do Alto Minho","isPartOf":{"@id":"https:\/\/www.altominho.tv\/site\/#website"},"primaryImageOfPage":{"@id":"https:\/\/www.altominho.tv\/site\/2022\/10\/19\/festival-de-musica-experimental-chega-a-quatro-municipios-do-alto-minho\/#primaryimage"},"image":{"@id":"https:\/\/www.altominho.tv\/site\/2022\/10\/19\/festival-de-musica-experimental-chega-a-quatro-municipios-do-alto-minho\/#primaryimage"},"thumbnailUrl":"https:\/\/www.altominho.tv\/site\/wp-content\/uploads\/2022\/10\/Space-Festival.jpg","datePublished":"2022-10-19T13:35:35+00:00","dateModified":"2022-10-19T13:35:40+00:00","author":{"@id":"https:\/\/www.altominho.tv\/site\/#\/schema\/person\/a0bff6dc1041aadd46fa81887444b017"},"description":"O festival m\u00fasica experimental e improvisada Space Festival regressa entre 3 e 26 de novembro e vai percorrer quatro concelhos do Alto Minho.","breadcrumb":{"@id":"https:\/\/www.altominho.tv\/site\/2022\/10\/19\/festival-de-musica-experimental-chega-a-quatro-municipios-do-alto-minho\/#breadcrumb"},"inLanguage":"pt-PT","potentialAction":[{"@type":"ReadAction","target":["https:\/\/www.altominho.tv\/site\/2022\/10\/19\/festival-de-musica-experimental-chega-a-quatro-municipios-do-alto-minho\/"]}]},{"@type":"ImageObject","inLanguage":"pt-PT","@id":"https:\/\/www.altominho.tv\/site\/2022\/10\/19\/festival-de-musica-experimental-chega-a-quatro-municipios-do-alto-minho\/#primaryimage","url":"https:\/\/www.altominho.tv\/site\/wp-content\/uploads\/2022\/10\/Space-Festival.jpg","contentUrl":"https:\/\/www.altominho.tv\/site\/wp-content\/uploads\/2022\/10\/Space-Festival.jpg","width":880,"height":495,"caption":"FACEBOOK SPACE FESTIVAL"},{"@type":"BreadcrumbList","@id":"https:\/\/www.altominho.tv\/site\/2022\/10\/19\/festival-de-musica-experimental-chega-a-quatro-municipios-do-alto-minho\/#breadcrumb","itemListElement":[{"@type":"ListItem","position":1,"name":"In\u00edcio","item":"https:\/\/www.altominho.tv\/site\/"},{"@type":"ListItem","position":2,"name":"Festival de m\u00fasica experimental chega a quatro munic\u00edpios do Alto Minho"}]},{"@type":"WebSite","@id":"https:\/\/www.altominho.tv\/site\/#website","url":"https:\/\/www.altominho.tv\/site\/","name":"Altominho.tv","description":"A sua regi\u00e3o \u00e0 dist\u00e2ncia de um clique...","potentialAction":[{"@type":"SearchAction","target":{"@type":"EntryPoint","urlTemplate":"https:\/\/www.altominho.tv\/site\/?s={search_term_string}"},"query-input":{"@type":"PropertyValueSpecification","valueRequired":true,"valueName":"search_term_string"}}],"inLanguage":"pt-PT"},{"@type":"Person","@id":"https:\/\/www.altominho.tv\/site\/#\/schema\/person\/a0bff6dc1041aadd46fa81887444b017","name":"Andreia Ferreira | Lusa","image":{"@type":"ImageObject","inLanguage":"pt-PT","@id":"https:\/\/www.altominho.tv\/site\/wp-content\/uploads\/2018\/04\/Andreia-150x150.jpg","url":"https:\/\/www.altominho.tv\/site\/wp-content\/uploads\/2018\/04\/Andreia-150x150.jpg","contentUrl":"https:\/\/www.altominho.tv\/site\/wp-content\/uploads\/2018\/04\/Andreia-150x150.jpg","caption":"Andreia Ferreira | Lusa"},"sameAs":["https:\/\/www.altominho.tv\/site"],"url":"https:\/\/www.altominho.tv\/site\/author\/andreiaferreiralusa\/"}]}},"_links":{"self":[{"href":"https:\/\/www.altominho.tv\/site\/wp-json\/wp\/v2\/posts\/83914","targetHints":{"allow":["GET"]}}],"collection":[{"href":"https:\/\/www.altominho.tv\/site\/wp-json\/wp\/v2\/posts"}],"about":[{"href":"https:\/\/www.altominho.tv\/site\/wp-json\/wp\/v2\/types\/post"}],"author":[{"embeddable":true,"href":"https:\/\/www.altominho.tv\/site\/wp-json\/wp\/v2\/users\/15"}],"replies":[{"embeddable":true,"href":"https:\/\/www.altominho.tv\/site\/wp-json\/wp\/v2\/comments?post=83914"}],"version-history":[{"count":2,"href":"https:\/\/www.altominho.tv\/site\/wp-json\/wp\/v2\/posts\/83914\/revisions"}],"predecessor-version":[{"id":83917,"href":"https:\/\/www.altominho.tv\/site\/wp-json\/wp\/v2\/posts\/83914\/revisions\/83917"}],"wp:featuredmedia":[{"embeddable":true,"href":"https:\/\/www.altominho.tv\/site\/wp-json\/wp\/v2\/media\/83915"}],"wp:attachment":[{"href":"https:\/\/www.altominho.tv\/site\/wp-json\/wp\/v2\/media?parent=83914"}],"wp:term":[{"taxonomy":"category","embeddable":true,"href":"https:\/\/www.altominho.tv\/site\/wp-json\/wp\/v2\/categories?post=83914"},{"taxonomy":"post_tag","embeddable":true,"href":"https:\/\/www.altominho.tv\/site\/wp-json\/wp\/v2\/tags?post=83914"}],"curies":[{"name":"wp","href":"https:\/\/api.w.org\/{rel}","templated":true}]}}