{"id":83905,"date":"2022-10-19T11:03:35","date_gmt":"2022-10-19T10:03:35","guid":{"rendered":"https:\/\/www.altominho.tv\/site\/?p=83905"},"modified":"2022-10-19T11:03:40","modified_gmt":"2022-10-19T10:03:40","slug":"chuva-vento-e-agitacao-maritima-ate-sabado-devido-a-depressao-armand","status":"publish","type":"post","link":"https:\/\/www.altominho.tv\/site\/2022\/10\/19\/chuva-vento-e-agitacao-maritima-ate-sabado-devido-a-depressao-armand\/","title":{"rendered":"Chuva, vento e agita\u00e7\u00e3o mar\u00edtima at\u00e9 s\u00e1bado devido \u00e0 depress\u00e3o Armand"},"content":{"rendered":"\n<p>Portugal continental est\u00e1 a ser afetado desde hoje, e at\u00e9 s\u00e1bado, pelos efeitos da depress\u00e3o Armand com vento, chuva por vezes forte e persistente e agita\u00e7\u00e3o mar\u00edtima, informou o Instituto Portugu\u00eas do Mar e da Atmosfera (IPMA).<\/p>\n\n\n\n<p>Em comunicado, o IPMA adianta que os efeitos da depress\u00e3o v\u00e3o ser sentidos pelo menos at\u00e9 s\u00e1bado, com vento por vezes forte, transportando uma massa de ar tropical muito h\u00famida.<\/p>\n\n\n\n<p>Por causa da depress\u00e3o, est\u00e1 tamb\u00e9m prevista a ocorr\u00eancia de precipita\u00e7\u00e3o por vezes forte e persistente, e vento forte no litoral e terras altas hoje e quinta-feira, com rajadas de vento nos per\u00edodos de maior instabilidade, podendo atingir 95 quil\u00f3metros por hora (km\/h) no litoral Norte e terras altas.\u00a0<\/p>\n\n\n\n<p>Est\u00e1 tamb\u00e9m previsto um aumento significativo da agita\u00e7\u00e3o mar\u00edtima a partir do fim da tarde de quinta-feira, com ondas de sudoeste at\u00e9 05 metros.<br>O IPMA adianta tamb\u00e9m que esta depress\u00e3o afetar\u00e1 igualmente o arquip\u00e9lago da Madeira, onde se espera a ocorr\u00eancia de precipita\u00e7\u00e3o por vezes forte e persistente, em especial na quinta-feira, assim como um aumento da agita\u00e7\u00e3o mar\u00edtima, com ondas de noroeste com 04 metros.\u00a0<\/p>\n\n\n\n<p>Os distritos de Bragan\u00e7a, Viseu, Porto, Guarda, Faro, Vila Real, Set\u00fabal, Santar\u00e9m, Viana do Castelo, Lisboa, Leiria, Beja, Castelo Branco, Aveiro, Coimbra, Portalegre e Braga v\u00e3o estar sob aviso amarelo at\u00e9 \u00e0s 21:00 de hoje devido \u00e0 chuva, por vezes forte, que pode ser acompanhada de trovoada e rajadas.<\/p>\n\n\n\n<p>Os distritos do Porto, Viana do Castelo e Braga t\u00eam aviso laranja por causa do vento, temporariamente forte com rajadas at\u00e9 95 quil\u00f3metros por hora (km\/h) no litoral e terras altas, passando depois a amarelo.<\/p>\n\n\n\n<p>Tamb\u00e9m por causa do vento, mas sob aviso amarelo est\u00e3o os distritos do Porto, Viana do Castelo, Lisboa, Leiria, Aveiro, Coimbra e Braga, at\u00e9 \u00e0s 12:00 de hoje, e depois entre as 06:00 e as 15:00 de quinta-feira.<\/p>\n\n\n\n<p>O IPMA emitiu tamb\u00e9m aviso amarelo para os distritos do Porto, Faro, Set\u00fabal, Viana do Castelo, Lisboa, Leiria, Beja, Aveiro, Coimbra e Braga por causa da agita\u00e7\u00e3o mar\u00edtima, prevendo-se ondas de oeste\/sudoeste com 04 a 05 metros, passando gradualmente a ondas de oeste\/noroeste entre as 03:00 de quinta-feira e as 03:00 de sexta-feira.<\/p>\n\n\n\n<p>A costa Norte da Madeira e o Porto Santo v\u00e3o estar tamb\u00e9m sob aviso amarelo por causa da agita\u00e7\u00e3o mar\u00edtima entre as 06:00 de quinta-feira e as 00:00 de sexta-feira.<\/p>\n\n\n\n<p>O aviso laranja indica situa\u00e7\u00e3o meteorol\u00f3gica de risco moderado a elevado e o amarelo \u00e9 emitido pelo IPMA sempre que existe uma situa\u00e7\u00e3o de risco para determinadas atividades dependentes da situa\u00e7\u00e3o meteorol\u00f3gica.<\/p>\n\n\n\n<p>A Prote\u00e7\u00e3o Civil registou entre as 18:00 de ter\u00e7a-feira e as 07:00 de hoje 83 ocorr\u00eancias relacionadas com o mau tempo no continente, sobretudo inunda\u00e7\u00f5es e queda de \u00e1rvores.<\/p>\n","protected":false},"excerpt":{"rendered":"<p>Portugal continental est\u00e1 a ser afetado desde hoje, e at\u00e9 s\u00e1bado, pelos efeitos da depress\u00e3o Armand com vento, chuva por vezes forte e persistente e agita\u00e7\u00e3o mar\u00edtima, informou o Instituto Portugu\u00eas do Mar e da Atmosfera (IPMA). Em comunicado, o IPMA adianta que os efeitos da depress\u00e3o v\u00e3o ser sentidos pelo menos at\u00e9 s\u00e1bado, com [&hellip;]<\/p>\n","protected":false},"author":13,"featured_media":83906,"comment_status":"closed","ping_status":"closed","sticky":false,"template":"","format":"standard","meta":{"_exactmetrics_skip_tracking":false,"_exactmetrics_sitenote_active":false,"_exactmetrics_sitenote_note":"","_exactmetrics_sitenote_category":0,"footnotes":""},"categories":[73],"tags":[27],"class_list":["post-83905","post","type-post","status-publish","format-standard","has-post-thumbnail","hentry","category-alto-minho","tag-sociedade"],"yoast_head":"<!-- This site is optimized with the Yoast SEO Premium plugin v27.5 (Yoast SEO v27.5) - https:\/\/yoast.com\/product\/yoast-seo-premium-wordpress\/ -->\n<title>Chuva, vento e agita\u00e7\u00e3o mar\u00edtima at\u00e9 s\u00e1bado devido \u00e0 depress\u00e3o Armand<\/title>\n<meta name=\"robots\" content=\"index, follow, max-snippet:-1, max-image-preview:large, max-video-preview:-1\" \/>\n<link rel=\"canonical\" href=\"https:\/\/www.altominho.tv\/site\/2022\/10\/19\/chuva-vento-e-agitacao-maritima-ate-sabado-devido-a-depressao-armand\/\" \/>\n<meta property=\"og:locale\" content=\"pt_PT\" \/>\n<meta property=\"og:type\" content=\"article\" \/>\n<meta property=\"og:title\" content=\"Chuva, vento e agita\u00e7\u00e3o mar\u00edtima at\u00e9 s\u00e1bado devido \u00e0 depress\u00e3o Armand\" \/>\n<meta property=\"og:description\" content=\"Portugal continental est\u00e1 a ser afetado desde hoje, e at\u00e9 s\u00e1bado, pelos efeitos da depress\u00e3o Armand com vento, chuva por vezes forte e persistente e agita\u00e7\u00e3o mar\u00edtima, informou o Instituto Portugu\u00eas do Mar e da Atmosfera (IPMA). Em comunicado, o IPMA adianta que os efeitos da depress\u00e3o v\u00e3o ser sentidos pelo menos at\u00e9 s\u00e1bado, com [&hellip;]\" \/>\n<meta property=\"og:url\" content=\"https:\/\/www.altominho.tv\/site\/2022\/10\/19\/chuva-vento-e-agitacao-maritima-ate-sabado-devido-a-depressao-armand\/\" \/>\n<meta property=\"og:site_name\" content=\"Altominho.tv\" \/>\n<meta property=\"article:publisher\" content=\"https:\/\/www.facebook.com\/altominhotv\" \/>\n<meta property=\"article:published_time\" content=\"2022-10-19T10:03:35+00:00\" \/>\n<meta property=\"article:modified_time\" content=\"2022-10-19T10:03:40+00:00\" \/>\n<meta property=\"og:image\" content=\"https:\/\/www.altominho.tv\/site\/wp-content\/uploads\/2022\/10\/chuva-forte.jpeg\" \/>\n\t<meta property=\"og:image:width\" content=\"1280\" \/>\n\t<meta property=\"og:image:height\" content=\"960\" \/>\n\t<meta property=\"og:image:type\" content=\"image\/jpeg\" \/>\n<meta name=\"author\" content=\"Lusa\" \/>\n<meta name=\"twitter:card\" content=\"summary_large_image\" \/>\n<meta name=\"twitter:creator\" content=\"@altominhoTV\" \/>\n<meta name=\"twitter:site\" content=\"@altominhoTV\" \/>\n<meta name=\"twitter:label1\" content=\"Escrito por\" \/>\n\t<meta name=\"twitter:data1\" content=\"Lusa\" \/>\n\t<meta name=\"twitter:label2\" content=\"Tempo estimado de leitura\" \/>\n\t<meta name=\"twitter:data2\" content=\"3 minutos\" \/>\n<script type=\"application\/ld+json\" class=\"yoast-schema-graph\">{\"@context\":\"https:\\\/\\\/schema.org\",\"@graph\":[{\"@type\":\"Article\",\"@id\":\"https:\\\/\\\/www.altominho.tv\\\/site\\\/2022\\\/10\\\/19\\\/chuva-vento-e-agitacao-maritima-ate-sabado-devido-a-depressao-armand\\\/#article\",\"isPartOf\":{\"@id\":\"https:\\\/\\\/www.altominho.tv\\\/site\\\/2022\\\/10\\\/19\\\/chuva-vento-e-agitacao-maritima-ate-sabado-devido-a-depressao-armand\\\/\"},\"author\":{\"name\":\"Lusa\",\"@id\":\"https:\\\/\\\/www.altominho.tv\\\/site\\\/#\\\/schema\\\/person\\\/63f693da3e1899361cbe955c46f3232e\"},\"headline\":\"Chuva, vento e agita\u00e7\u00e3o mar\u00edtima at\u00e9 s\u00e1bado devido \u00e0 depress\u00e3o Armand\",\"datePublished\":\"2022-10-19T10:03:35+00:00\",\"dateModified\":\"2022-10-19T10:03:40+00:00\",\"mainEntityOfPage\":{\"@id\":\"https:\\\/\\\/www.altominho.tv\\\/site\\\/2022\\\/10\\\/19\\\/chuva-vento-e-agitacao-maritima-ate-sabado-devido-a-depressao-armand\\\/\"},\"wordCount\":498,\"image\":{\"@id\":\"https:\\\/\\\/www.altominho.tv\\\/site\\\/2022\\\/10\\\/19\\\/chuva-vento-e-agitacao-maritima-ate-sabado-devido-a-depressao-armand\\\/#primaryimage\"},\"thumbnailUrl\":\"https:\\\/\\\/www.altominho.tv\\\/site\\\/wp-content\\\/uploads\\\/2022\\\/10\\\/chuva-forte.jpeg\",\"keywords\":[\"Sociedade\"],\"articleSection\":[\"Alto Minho\"],\"inLanguage\":\"pt-PT\",\"copyrightYear\":\"2022\",\"copyrightHolder\":{\"@id\":\"https:\\\/\\\/www.altominho.tv\\\/site\\\/#organization\"}},{\"@type\":\"WebPage\",\"@id\":\"https:\\\/\\\/www.altominho.tv\\\/site\\\/2022\\\/10\\\/19\\\/chuva-vento-e-agitacao-maritima-ate-sabado-devido-a-depressao-armand\\\/\",\"url\":\"https:\\\/\\\/www.altominho.tv\\\/site\\\/2022\\\/10\\\/19\\\/chuva-vento-e-agitacao-maritima-ate-sabado-devido-a-depressao-armand\\\/\",\"name\":\"Chuva, vento e agita\u00e7\u00e3o mar\u00edtima at\u00e9 s\u00e1bado devido \u00e0 depress\u00e3o Armand\",\"isPartOf\":{\"@id\":\"https:\\\/\\\/www.altominho.tv\\\/site\\\/#website\"},\"primaryImageOfPage\":{\"@id\":\"https:\\\/\\\/www.altominho.tv\\\/site\\\/2022\\\/10\\\/19\\\/chuva-vento-e-agitacao-maritima-ate-sabado-devido-a-depressao-armand\\\/#primaryimage\"},\"image\":{\"@id\":\"https:\\\/\\\/www.altominho.tv\\\/site\\\/2022\\\/10\\\/19\\\/chuva-vento-e-agitacao-maritima-ate-sabado-devido-a-depressao-armand\\\/#primaryimage\"},\"thumbnailUrl\":\"https:\\\/\\\/www.altominho.tv\\\/site\\\/wp-content\\\/uploads\\\/2022\\\/10\\\/chuva-forte.jpeg\",\"datePublished\":\"2022-10-19T10:03:35+00:00\",\"dateModified\":\"2022-10-19T10:03:40+00:00\",\"author\":{\"@id\":\"https:\\\/\\\/www.altominho.tv\\\/site\\\/#\\\/schema\\\/person\\\/63f693da3e1899361cbe955c46f3232e\"},\"breadcrumb\":{\"@id\":\"https:\\\/\\\/www.altominho.tv\\\/site\\\/2022\\\/10\\\/19\\\/chuva-vento-e-agitacao-maritima-ate-sabado-devido-a-depressao-armand\\\/#breadcrumb\"},\"inLanguage\":\"pt-PT\",\"potentialAction\":[{\"@type\":\"ReadAction\",\"target\":[\"https:\\\/\\\/www.altominho.tv\\\/site\\\/2022\\\/10\\\/19\\\/chuva-vento-e-agitacao-maritima-ate-sabado-devido-a-depressao-armand\\\/\"]}]},{\"@type\":\"ImageObject\",\"inLanguage\":\"pt-PT\",\"@id\":\"https:\\\/\\\/www.altominho.tv\\\/site\\\/2022\\\/10\\\/19\\\/chuva-vento-e-agitacao-maritima-ate-sabado-devido-a-depressao-armand\\\/#primaryimage\",\"url\":\"https:\\\/\\\/www.altominho.tv\\\/site\\\/wp-content\\\/uploads\\\/2022\\\/10\\\/chuva-forte.jpeg\",\"contentUrl\":\"https:\\\/\\\/www.altominho.tv\\\/site\\\/wp-content\\\/uploads\\\/2022\\\/10\\\/chuva-forte.jpeg\",\"width\":1280,\"height\":960,\"caption\":\"Traffic jam\"},{\"@type\":\"BreadcrumbList\",\"@id\":\"https:\\\/\\\/www.altominho.tv\\\/site\\\/2022\\\/10\\\/19\\\/chuva-vento-e-agitacao-maritima-ate-sabado-devido-a-depressao-armand\\\/#breadcrumb\",\"itemListElement\":[{\"@type\":\"ListItem\",\"position\":1,\"name\":\"In\u00edcio\",\"item\":\"https:\\\/\\\/www.altominho.tv\\\/site\\\/\"},{\"@type\":\"ListItem\",\"position\":2,\"name\":\"Chuva, vento e agita\u00e7\u00e3o mar\u00edtima at\u00e9 s\u00e1bado devido \u00e0 depress\u00e3o Armand\"}]},{\"@type\":\"WebSite\",\"@id\":\"https:\\\/\\\/www.altominho.tv\\\/site\\\/#website\",\"url\":\"https:\\\/\\\/www.altominho.tv\\\/site\\\/\",\"name\":\"Altominho.tv\",\"description\":\"A sua regi\u00e3o \u00e0 dist\u00e2ncia de um clique...\",\"potentialAction\":[{\"@type\":\"SearchAction\",\"target\":{\"@type\":\"EntryPoint\",\"urlTemplate\":\"https:\\\/\\\/www.altominho.tv\\\/site\\\/?s={search_term_string}\"},\"query-input\":{\"@type\":\"PropertyValueSpecification\",\"valueRequired\":true,\"valueName\":\"search_term_string\"}}],\"inLanguage\":\"pt-PT\"},{\"@type\":\"Person\",\"@id\":\"https:\\\/\\\/www.altominho.tv\\\/site\\\/#\\\/schema\\\/person\\\/63f693da3e1899361cbe955c46f3232e\",\"name\":\"Lusa\",\"image\":{\"@type\":\"ImageObject\",\"inLanguage\":\"pt-PT\",\"@id\":\"https:\\\/\\\/www.altominho.tv\\\/site\\\/wp-content\\\/uploads\\\/2019\\\/08\\\/LUSA_Logo.gif\",\"url\":\"https:\\\/\\\/www.altominho.tv\\\/site\\\/wp-content\\\/uploads\\\/2019\\\/08\\\/LUSA_Logo.gif\",\"contentUrl\":\"https:\\\/\\\/www.altominho.tv\\\/site\\\/wp-content\\\/uploads\\\/2019\\\/08\\\/LUSA_Logo.gif\",\"caption\":\"Lusa\"},\"sameAs\":[\"http:\\\/\\\/\\\/\\\/www.altominho.tv\\\/site\"],\"url\":\"https:\\\/\\\/www.altominho.tv\\\/site\\\/author\\\/lusa\\\/\"}]}<\/script>\n<!-- \/ Yoast SEO Premium plugin. -->","yoast_head_json":{"title":"Chuva, vento e agita\u00e7\u00e3o mar\u00edtima at\u00e9 s\u00e1bado devido \u00e0 depress\u00e3o Armand","robots":{"index":"index","follow":"follow","max-snippet":"max-snippet:-1","max-image-preview":"max-image-preview:large","max-video-preview":"max-video-preview:-1"},"canonical":"https:\/\/www.altominho.tv\/site\/2022\/10\/19\/chuva-vento-e-agitacao-maritima-ate-sabado-devido-a-depressao-armand\/","og_locale":"pt_PT","og_type":"article","og_title":"Chuva, vento e agita\u00e7\u00e3o mar\u00edtima at\u00e9 s\u00e1bado devido \u00e0 depress\u00e3o Armand","og_description":"Portugal continental est\u00e1 a ser afetado desde hoje, e at\u00e9 s\u00e1bado, pelos efeitos da depress\u00e3o Armand com vento, chuva por vezes forte e persistente e agita\u00e7\u00e3o mar\u00edtima, informou o Instituto Portugu\u00eas do Mar e da Atmosfera (IPMA). Em comunicado, o IPMA adianta que os efeitos da depress\u00e3o v\u00e3o ser sentidos pelo menos at\u00e9 s\u00e1bado, com [&hellip;]","og_url":"https:\/\/www.altominho.tv\/site\/2022\/10\/19\/chuva-vento-e-agitacao-maritima-ate-sabado-devido-a-depressao-armand\/","og_site_name":"Altominho.tv","article_publisher":"https:\/\/www.facebook.com\/altominhotv","article_published_time":"2022-10-19T10:03:35+00:00","article_modified_time":"2022-10-19T10:03:40+00:00","og_image":[{"width":1280,"height":960,"url":"https:\/\/www.altominho.tv\/site\/wp-content\/uploads\/2022\/10\/chuva-forte.jpeg","type":"image\/jpeg"}],"author":"Lusa","twitter_card":"summary_large_image","twitter_creator":"@altominhoTV","twitter_site":"@altominhoTV","twitter_misc":{"Escrito por":"Lusa","Tempo estimado de leitura":"3 minutos"},"schema":{"@context":"https:\/\/schema.org","@graph":[{"@type":"Article","@id":"https:\/\/www.altominho.tv\/site\/2022\/10\/19\/chuva-vento-e-agitacao-maritima-ate-sabado-devido-a-depressao-armand\/#article","isPartOf":{"@id":"https:\/\/www.altominho.tv\/site\/2022\/10\/19\/chuva-vento-e-agitacao-maritima-ate-sabado-devido-a-depressao-armand\/"},"author":{"name":"Lusa","@id":"https:\/\/www.altominho.tv\/site\/#\/schema\/person\/63f693da3e1899361cbe955c46f3232e"},"headline":"Chuva, vento e agita\u00e7\u00e3o mar\u00edtima at\u00e9 s\u00e1bado devido \u00e0 depress\u00e3o Armand","datePublished":"2022-10-19T10:03:35+00:00","dateModified":"2022-10-19T10:03:40+00:00","mainEntityOfPage":{"@id":"https:\/\/www.altominho.tv\/site\/2022\/10\/19\/chuva-vento-e-agitacao-maritima-ate-sabado-devido-a-depressao-armand\/"},"wordCount":498,"image":{"@id":"https:\/\/www.altominho.tv\/site\/2022\/10\/19\/chuva-vento-e-agitacao-maritima-ate-sabado-devido-a-depressao-armand\/#primaryimage"},"thumbnailUrl":"https:\/\/www.altominho.tv\/site\/wp-content\/uploads\/2022\/10\/chuva-forte.jpeg","keywords":["Sociedade"],"articleSection":["Alto Minho"],"inLanguage":"pt-PT","copyrightYear":"2022","copyrightHolder":{"@id":"https:\/\/www.altominho.tv\/site\/#organization"}},{"@type":"WebPage","@id":"https:\/\/www.altominho.tv\/site\/2022\/10\/19\/chuva-vento-e-agitacao-maritima-ate-sabado-devido-a-depressao-armand\/","url":"https:\/\/www.altominho.tv\/site\/2022\/10\/19\/chuva-vento-e-agitacao-maritima-ate-sabado-devido-a-depressao-armand\/","name":"Chuva, vento e agita\u00e7\u00e3o mar\u00edtima at\u00e9 s\u00e1bado devido \u00e0 depress\u00e3o Armand","isPartOf":{"@id":"https:\/\/www.altominho.tv\/site\/#website"},"primaryImageOfPage":{"@id":"https:\/\/www.altominho.tv\/site\/2022\/10\/19\/chuva-vento-e-agitacao-maritima-ate-sabado-devido-a-depressao-armand\/#primaryimage"},"image":{"@id":"https:\/\/www.altominho.tv\/site\/2022\/10\/19\/chuva-vento-e-agitacao-maritima-ate-sabado-devido-a-depressao-armand\/#primaryimage"},"thumbnailUrl":"https:\/\/www.altominho.tv\/site\/wp-content\/uploads\/2022\/10\/chuva-forte.jpeg","datePublished":"2022-10-19T10:03:35+00:00","dateModified":"2022-10-19T10:03:40+00:00","author":{"@id":"https:\/\/www.altominho.tv\/site\/#\/schema\/person\/63f693da3e1899361cbe955c46f3232e"},"breadcrumb":{"@id":"https:\/\/www.altominho.tv\/site\/2022\/10\/19\/chuva-vento-e-agitacao-maritima-ate-sabado-devido-a-depressao-armand\/#breadcrumb"},"inLanguage":"pt-PT","potentialAction":[{"@type":"ReadAction","target":["https:\/\/www.altominho.tv\/site\/2022\/10\/19\/chuva-vento-e-agitacao-maritima-ate-sabado-devido-a-depressao-armand\/"]}]},{"@type":"ImageObject","inLanguage":"pt-PT","@id":"https:\/\/www.altominho.tv\/site\/2022\/10\/19\/chuva-vento-e-agitacao-maritima-ate-sabado-devido-a-depressao-armand\/#primaryimage","url":"https:\/\/www.altominho.tv\/site\/wp-content\/uploads\/2022\/10\/chuva-forte.jpeg","contentUrl":"https:\/\/www.altominho.tv\/site\/wp-content\/uploads\/2022\/10\/chuva-forte.jpeg","width":1280,"height":960,"caption":"Traffic jam"},{"@type":"BreadcrumbList","@id":"https:\/\/www.altominho.tv\/site\/2022\/10\/19\/chuva-vento-e-agitacao-maritima-ate-sabado-devido-a-depressao-armand\/#breadcrumb","itemListElement":[{"@type":"ListItem","position":1,"name":"In\u00edcio","item":"https:\/\/www.altominho.tv\/site\/"},{"@type":"ListItem","position":2,"name":"Chuva, vento e agita\u00e7\u00e3o mar\u00edtima at\u00e9 s\u00e1bado devido \u00e0 depress\u00e3o Armand"}]},{"@type":"WebSite","@id":"https:\/\/www.altominho.tv\/site\/#website","url":"https:\/\/www.altominho.tv\/site\/","name":"Altominho.tv","description":"A sua regi\u00e3o \u00e0 dist\u00e2ncia de um clique...","potentialAction":[{"@type":"SearchAction","target":{"@type":"EntryPoint","urlTemplate":"https:\/\/www.altominho.tv\/site\/?s={search_term_string}"},"query-input":{"@type":"PropertyValueSpecification","valueRequired":true,"valueName":"search_term_string"}}],"inLanguage":"pt-PT"},{"@type":"Person","@id":"https:\/\/www.altominho.tv\/site\/#\/schema\/person\/63f693da3e1899361cbe955c46f3232e","name":"Lusa","image":{"@type":"ImageObject","inLanguage":"pt-PT","@id":"https:\/\/www.altominho.tv\/site\/wp-content\/uploads\/2019\/08\/LUSA_Logo.gif","url":"https:\/\/www.altominho.tv\/site\/wp-content\/uploads\/2019\/08\/LUSA_Logo.gif","contentUrl":"https:\/\/www.altominho.tv\/site\/wp-content\/uploads\/2019\/08\/LUSA_Logo.gif","caption":"Lusa"},"sameAs":["http:\/\/\/\/www.altominho.tv\/site"],"url":"https:\/\/www.altominho.tv\/site\/author\/lusa\/"}]}},"_links":{"self":[{"href":"https:\/\/www.altominho.tv\/site\/wp-json\/wp\/v2\/posts\/83905","targetHints":{"allow":["GET"]}}],"collection":[{"href":"https:\/\/www.altominho.tv\/site\/wp-json\/wp\/v2\/posts"}],"about":[{"href":"https:\/\/www.altominho.tv\/site\/wp-json\/wp\/v2\/types\/post"}],"author":[{"embeddable":true,"href":"https:\/\/www.altominho.tv\/site\/wp-json\/wp\/v2\/users\/13"}],"replies":[{"embeddable":true,"href":"https:\/\/www.altominho.tv\/site\/wp-json\/wp\/v2\/comments?post=83905"}],"version-history":[{"count":1,"href":"https:\/\/www.altominho.tv\/site\/wp-json\/wp\/v2\/posts\/83905\/revisions"}],"predecessor-version":[{"id":83907,"href":"https:\/\/www.altominho.tv\/site\/wp-json\/wp\/v2\/posts\/83905\/revisions\/83907"}],"wp:featuredmedia":[{"embeddable":true,"href":"https:\/\/www.altominho.tv\/site\/wp-json\/wp\/v2\/media\/83906"}],"wp:attachment":[{"href":"https:\/\/www.altominho.tv\/site\/wp-json\/wp\/v2\/media?parent=83905"}],"wp:term":[{"taxonomy":"category","embeddable":true,"href":"https:\/\/www.altominho.tv\/site\/wp-json\/wp\/v2\/categories?post=83905"},{"taxonomy":"post_tag","embeddable":true,"href":"https:\/\/www.altominho.tv\/site\/wp-json\/wp\/v2\/tags?post=83905"}],"curies":[{"name":"wp","href":"https:\/\/api.w.org\/{rel}","templated":true}]}}