{"id":8385,"date":"2018-01-17T15:53:20","date_gmt":"2018-01-17T15:53:20","guid":{"rendered":"http:\/\/www.altominho.tv\/site\/?p=8385"},"modified":"2018-01-23T00:48:23","modified_gmt":"2018-01-23T00:48:23","slug":"projeto-terra-motiva-criancas-a-fazer-escolhas-responsaveis-altominho-tv","status":"publish","type":"post","link":"https:\/\/www.altominho.tv\/site\/2018\/01\/17\/projeto-terra-motiva-criancas-a-fazer-escolhas-responsaveis-altominho-tv\/","title":{"rendered":"&#8216;Projeto Terra&#8217; motiva crian\u00e7as a fazer escolhas respons\u00e1veis | Altominho TV"},"content":{"rendered":"<div class=\"page\" title=\"Page 1\">\n<div class=\"layoutArea\">\n<div class=\"column\">\n<p>&nbsp;<\/p>\n<\/div>\n<\/div>\n<\/div>\n<p><iframe loading=\"lazy\" width=\"770\" height=\"433\" src=\"https:\/\/www.youtube.com\/embed\/gePtYO2MtF0?feature=oembed\" frameborder=\"0\" allow=\"autoplay; encrypted-media\" allowfullscreen><\/iframe><\/p>\n<div class=\"page\" title=\"Page 1\">\n<div class=\"layoutArea\">\n<div class=\"column\">\n<p>O projeto desenvolvido no a\u0302mbito da educac\u0327a\u0303o ambiental que abrange a sau\u0301de, a alimentac\u0327a\u0303o e o bem estar promove junto dos mais jovens momentos de interac\u0327a\u0303o com a natureza, de forma sauda\u0301vel, alegre e respeitadora.<\/p>\n<\/div>\n<\/div>\n<\/div>\n","protected":false},"excerpt":{"rendered":"<p>&nbsp; O projeto desenvolvido no a\u0302mbito da educac\u0327a\u0303o ambiental que abrange a sau\u0301de, a alimentac\u0327a\u0303o e o bem estar promove junto dos mais jovens momentos de interac\u0327a\u0303o com a natureza, de forma sauda\u0301vel, alegre e respeitadora.<\/p>\n","protected":false},"author":6,"featured_media":8596,"comment_status":"closed","ping_status":"closed","sticky":false,"template":"","format":"video","meta":{"_exactmetrics_skip_tracking":false,"_exactmetrics_sitenote_active":false,"_exactmetrics_sitenote_note":"","_exactmetrics_sitenote_category":0,"footnotes":""},"categories":[10],"tags":[22],"class_list":["post-8385","post","type-post","status-publish","format-video","has-post-thumbnail","hentry","category-paredes-de-coura","tag-educacao","post_format-post-format-video"],"yoast_head":"<!-- This site is optimized with the Yoast SEO Premium plugin v27.5 (Yoast SEO v27.5) - https:\/\/yoast.com\/product\/yoast-seo-premium-wordpress\/ -->\n<title>&#039;Projeto Terra&#039; motiva crian\u00e7as a fazer escolhas respons\u00e1veis | Altominho TV<\/title>\n<meta name=\"robots\" content=\"index, follow, max-snippet:-1, max-image-preview:large, max-video-preview:-1\" \/>\n<link rel=\"canonical\" href=\"https:\/\/www.altominho.tv\/site\/2018\/01\/17\/projeto-terra-motiva-criancas-a-fazer-escolhas-responsaveis-altominho-tv\/\" \/>\n<meta property=\"og:locale\" content=\"pt_PT\" \/>\n<meta property=\"og:type\" content=\"article\" \/>\n<meta property=\"og:title\" content=\"&#039;Projeto Terra&#039; motiva crian\u00e7as a fazer escolhas respons\u00e1veis | Altominho TV\" \/>\n<meta property=\"og:description\" content=\"&nbsp; O projeto desenvolvido no a\u0302mbito da educac\u0327a\u0303o ambiental que abrange a sau\u0301de, a alimentac\u0327a\u0303o e o bem estar promove junto dos mais jovens momentos de interac\u0327a\u0303o com a natureza, de forma sauda\u0301vel, alegre e respeitadora.\" \/>\n<meta property=\"og:url\" content=\"https:\/\/www.altominho.tv\/site\/2018\/01\/17\/projeto-terra-motiva-criancas-a-fazer-escolhas-responsaveis-altominho-tv\/\" \/>\n<meta property=\"og:site_name\" content=\"Altominho.tv\" \/>\n<meta property=\"article:publisher\" content=\"https:\/\/www.facebook.com\/altominhotv\" \/>\n<meta property=\"article:published_time\" content=\"2018-01-17T15:53:20+00:00\" \/>\n<meta property=\"article:modified_time\" content=\"2018-01-23T00:48:23+00:00\" \/>\n<meta property=\"og:image\" content=\"https:\/\/www.altominho.tv\/site\/wp-content\/uploads\/2018\/01\/Projeto_Terra.jpg\" \/>\n\t<meta property=\"og:image:width\" content=\"2880\" \/>\n\t<meta property=\"og:image:height\" content=\"1580\" \/>\n\t<meta property=\"og:image:type\" content=\"image\/jpeg\" \/>\n<meta name=\"author\" content=\"C\u00e1tia Malheiro\" \/>\n<meta name=\"twitter:card\" content=\"summary_large_image\" \/>\n<meta name=\"twitter:creator\" content=\"@altominhoTV\" \/>\n<meta name=\"twitter:site\" content=\"@altominhoTV\" \/>\n<meta name=\"twitter:label1\" content=\"Escrito por\" \/>\n\t<meta name=\"twitter:data1\" content=\"C\u00e1tia Malheiro\" \/>\n<script type=\"application\/ld+json\" class=\"yoast-schema-graph\">{\"@context\":\"https:\\\/\\\/schema.org\",\"@graph\":[{\"@type\":\"Article\",\"@id\":\"https:\\\/\\\/www.altominho.tv\\\/site\\\/2018\\\/01\\\/17\\\/projeto-terra-motiva-criancas-a-fazer-escolhas-responsaveis-altominho-tv\\\/#article\",\"isPartOf\":{\"@id\":\"https:\\\/\\\/www.altominho.tv\\\/site\\\/2018\\\/01\\\/17\\\/projeto-terra-motiva-criancas-a-fazer-escolhas-responsaveis-altominho-tv\\\/\"},\"author\":{\"name\":\"C\u00e1tia Malheiro\",\"@id\":\"https:\\\/\\\/www.altominho.tv\\\/site\\\/#\\\/schema\\\/person\\\/5c9404a8b438614c93da6ca09db92574\"},\"headline\":\"&#8216;Projeto Terra&#8217; motiva crian\u00e7as a fazer escolhas respons\u00e1veis | Altominho TV\",\"datePublished\":\"2018-01-17T15:53:20+00:00\",\"dateModified\":\"2018-01-23T00:48:23+00:00\",\"mainEntityOfPage\":{\"@id\":\"https:\\\/\\\/www.altominho.tv\\\/site\\\/2018\\\/01\\\/17\\\/projeto-terra-motiva-criancas-a-fazer-escolhas-responsaveis-altominho-tv\\\/\"},\"wordCount\":67,\"image\":{\"@id\":\"https:\\\/\\\/www.altominho.tv\\\/site\\\/2018\\\/01\\\/17\\\/projeto-terra-motiva-criancas-a-fazer-escolhas-responsaveis-altominho-tv\\\/#primaryimage\"},\"thumbnailUrl\":\"https:\\\/\\\/www.altominho.tv\\\/site\\\/wp-content\\\/uploads\\\/2018\\\/01\\\/Projeto_Terra.jpg\",\"keywords\":[\"Educa\u00e7\u00e3o\"],\"articleSection\":[\"Paredes de Coura\"],\"inLanguage\":\"pt-PT\",\"copyrightYear\":\"2018\",\"copyrightHolder\":{\"@id\":\"https:\\\/\\\/www.altominho.tv\\\/site\\\/#organization\"}},{\"@type\":\"WebPage\",\"@id\":\"https:\\\/\\\/www.altominho.tv\\\/site\\\/2018\\\/01\\\/17\\\/projeto-terra-motiva-criancas-a-fazer-escolhas-responsaveis-altominho-tv\\\/\",\"url\":\"https:\\\/\\\/www.altominho.tv\\\/site\\\/2018\\\/01\\\/17\\\/projeto-terra-motiva-criancas-a-fazer-escolhas-responsaveis-altominho-tv\\\/\",\"name\":\"'Projeto Terra' motiva crian\u00e7as a fazer escolhas respons\u00e1veis | Altominho TV\",\"isPartOf\":{\"@id\":\"https:\\\/\\\/www.altominho.tv\\\/site\\\/#website\"},\"primaryImageOfPage\":{\"@id\":\"https:\\\/\\\/www.altominho.tv\\\/site\\\/2018\\\/01\\\/17\\\/projeto-terra-motiva-criancas-a-fazer-escolhas-responsaveis-altominho-tv\\\/#primaryimage\"},\"image\":{\"@id\":\"https:\\\/\\\/www.altominho.tv\\\/site\\\/2018\\\/01\\\/17\\\/projeto-terra-motiva-criancas-a-fazer-escolhas-responsaveis-altominho-tv\\\/#primaryimage\"},\"thumbnailUrl\":\"https:\\\/\\\/www.altominho.tv\\\/site\\\/wp-content\\\/uploads\\\/2018\\\/01\\\/Projeto_Terra.jpg\",\"datePublished\":\"2018-01-17T15:53:20+00:00\",\"dateModified\":\"2018-01-23T00:48:23+00:00\",\"author\":{\"@id\":\"https:\\\/\\\/www.altominho.tv\\\/site\\\/#\\\/schema\\\/person\\\/5c9404a8b438614c93da6ca09db92574\"},\"breadcrumb\":{\"@id\":\"https:\\\/\\\/www.altominho.tv\\\/site\\\/2018\\\/01\\\/17\\\/projeto-terra-motiva-criancas-a-fazer-escolhas-responsaveis-altominho-tv\\\/#breadcrumb\"},\"inLanguage\":\"pt-PT\",\"potentialAction\":[{\"@type\":\"ReadAction\",\"target\":[\"https:\\\/\\\/www.altominho.tv\\\/site\\\/2018\\\/01\\\/17\\\/projeto-terra-motiva-criancas-a-fazer-escolhas-responsaveis-altominho-tv\\\/\"]}]},{\"@type\":\"ImageObject\",\"inLanguage\":\"pt-PT\",\"@id\":\"https:\\\/\\\/www.altominho.tv\\\/site\\\/2018\\\/01\\\/17\\\/projeto-terra-motiva-criancas-a-fazer-escolhas-responsaveis-altominho-tv\\\/#primaryimage\",\"url\":\"https:\\\/\\\/www.altominho.tv\\\/site\\\/wp-content\\\/uploads\\\/2018\\\/01\\\/Projeto_Terra.jpg\",\"contentUrl\":\"https:\\\/\\\/www.altominho.tv\\\/site\\\/wp-content\\\/uploads\\\/2018\\\/01\\\/Projeto_Terra.jpg\",\"width\":2880,\"height\":1580},{\"@type\":\"BreadcrumbList\",\"@id\":\"https:\\\/\\\/www.altominho.tv\\\/site\\\/2018\\\/01\\\/17\\\/projeto-terra-motiva-criancas-a-fazer-escolhas-responsaveis-altominho-tv\\\/#breadcrumb\",\"itemListElement\":[{\"@type\":\"ListItem\",\"position\":1,\"name\":\"In\u00edcio\",\"item\":\"https:\\\/\\\/www.altominho.tv\\\/site\\\/\"},{\"@type\":\"ListItem\",\"position\":2,\"name\":\"&#8216;Projeto Terra&#8217; motiva crian\u00e7as a fazer escolhas respons\u00e1veis | Altominho TV\"}]},{\"@type\":\"WebSite\",\"@id\":\"https:\\\/\\\/www.altominho.tv\\\/site\\\/#website\",\"url\":\"https:\\\/\\\/www.altominho.tv\\\/site\\\/\",\"name\":\"Altominho.tv\",\"description\":\"A sua regi\u00e3o \u00e0 dist\u00e2ncia de um clique...\",\"potentialAction\":[{\"@type\":\"SearchAction\",\"target\":{\"@type\":\"EntryPoint\",\"urlTemplate\":\"https:\\\/\\\/www.altominho.tv\\\/site\\\/?s={search_term_string}\"},\"query-input\":{\"@type\":\"PropertyValueSpecification\",\"valueRequired\":true,\"valueName\":\"search_term_string\"}}],\"inLanguage\":\"pt-PT\"},{\"@type\":\"Person\",\"@id\":\"https:\\\/\\\/www.altominho.tv\\\/site\\\/#\\\/schema\\\/person\\\/5c9404a8b438614c93da6ca09db92574\",\"name\":\"C\u00e1tia Malheiro\",\"image\":{\"@type\":\"ImageObject\",\"inLanguage\":\"pt-PT\",\"@id\":\"https:\\\/\\\/www.altominho.tv\\\/site\\\/wp-content\\\/uploads\\\/2017\\\/11\\\/Catia_Malheiro-150x150.jpg\",\"url\":\"https:\\\/\\\/www.altominho.tv\\\/site\\\/wp-content\\\/uploads\\\/2017\\\/11\\\/Catia_Malheiro-150x150.jpg\",\"contentUrl\":\"https:\\\/\\\/www.altominho.tv\\\/site\\\/wp-content\\\/uploads\\\/2017\\\/11\\\/Catia_Malheiro-150x150.jpg\",\"caption\":\"C\u00e1tia Malheiro\"},\"url\":\"https:\\\/\\\/www.altominho.tv\\\/site\\\/author\\\/catiamalheiro\\\/\"}]}<\/script>\n<meta property=\"og:video\" content=\"https:\/\/www.youtube.com\/embed\/gePtYO2MtF0\" \/>\n<meta property=\"og:video:type\" content=\"text\/html\" \/>\n<meta property=\"og:video:duration\" content=\"111\" \/>\n<meta property=\"og:video:width\" content=\"480\" \/>\n<meta property=\"og:video:height\" content=\"270\" \/>\n<meta property=\"ya:ovs:adult\" content=\"false\" \/>\n<meta property=\"ya:ovs:upload_date\" content=\"2018-01-17T15:53:20+00:00\" \/>\n<meta property=\"ya:ovs:allow_embed\" content=\"true\" \/>\n<!-- \/ Yoast SEO Premium plugin. -->","yoast_head_json":{"title":"'Projeto Terra' motiva crian\u00e7as a fazer escolhas respons\u00e1veis | Altominho TV","robots":{"index":"index","follow":"follow","max-snippet":"max-snippet:-1","max-image-preview":"max-image-preview:large","max-video-preview":"max-video-preview:-1"},"canonical":"https:\/\/www.altominho.tv\/site\/2018\/01\/17\/projeto-terra-motiva-criancas-a-fazer-escolhas-responsaveis-altominho-tv\/","og_locale":"pt_PT","og_type":"article","og_title":"'Projeto Terra' motiva crian\u00e7as a fazer escolhas respons\u00e1veis | Altominho TV","og_description":"&nbsp; O projeto desenvolvido no a\u0302mbito da educac\u0327a\u0303o ambiental que abrange a sau\u0301de, a alimentac\u0327a\u0303o e o bem estar promove junto dos mais jovens momentos de interac\u0327a\u0303o com a natureza, de forma sauda\u0301vel, alegre e respeitadora.","og_url":"https:\/\/www.altominho.tv\/site\/2018\/01\/17\/projeto-terra-motiva-criancas-a-fazer-escolhas-responsaveis-altominho-tv\/","og_site_name":"Altominho.tv","article_publisher":"https:\/\/www.facebook.com\/altominhotv","article_published_time":"2018-01-17T15:53:20+00:00","article_modified_time":"2018-01-23T00:48:23+00:00","og_image":[{"width":2880,"height":1580,"url":"https:\/\/www.altominho.tv\/site\/wp-content\/uploads\/2018\/01\/Projeto_Terra.jpg","type":"image\/jpeg"}],"author":"C\u00e1tia Malheiro","twitter_card":"summary_large_image","twitter_creator":"@altominhoTV","twitter_site":"@altominhoTV","twitter_misc":{"Escrito por":"C\u00e1tia Malheiro"},"schema":{"@context":"https:\/\/schema.org","@graph":[{"@type":"Article","@id":"https:\/\/www.altominho.tv\/site\/2018\/01\/17\/projeto-terra-motiva-criancas-a-fazer-escolhas-responsaveis-altominho-tv\/#article","isPartOf":{"@id":"https:\/\/www.altominho.tv\/site\/2018\/01\/17\/projeto-terra-motiva-criancas-a-fazer-escolhas-responsaveis-altominho-tv\/"},"author":{"name":"C\u00e1tia Malheiro","@id":"https:\/\/www.altominho.tv\/site\/#\/schema\/person\/5c9404a8b438614c93da6ca09db92574"},"headline":"&#8216;Projeto Terra&#8217; motiva crian\u00e7as a fazer escolhas respons\u00e1veis | Altominho TV","datePublished":"2018-01-17T15:53:20+00:00","dateModified":"2018-01-23T00:48:23+00:00","mainEntityOfPage":{"@id":"https:\/\/www.altominho.tv\/site\/2018\/01\/17\/projeto-terra-motiva-criancas-a-fazer-escolhas-responsaveis-altominho-tv\/"},"wordCount":67,"image":{"@id":"https:\/\/www.altominho.tv\/site\/2018\/01\/17\/projeto-terra-motiva-criancas-a-fazer-escolhas-responsaveis-altominho-tv\/#primaryimage"},"thumbnailUrl":"https:\/\/www.altominho.tv\/site\/wp-content\/uploads\/2018\/01\/Projeto_Terra.jpg","keywords":["Educa\u00e7\u00e3o"],"articleSection":["Paredes de Coura"],"inLanguage":"pt-PT","copyrightYear":"2018","copyrightHolder":{"@id":"https:\/\/www.altominho.tv\/site\/#organization"}},{"@type":"WebPage","@id":"https:\/\/www.altominho.tv\/site\/2018\/01\/17\/projeto-terra-motiva-criancas-a-fazer-escolhas-responsaveis-altominho-tv\/","url":"https:\/\/www.altominho.tv\/site\/2018\/01\/17\/projeto-terra-motiva-criancas-a-fazer-escolhas-responsaveis-altominho-tv\/","name":"'Projeto Terra' motiva crian\u00e7as a fazer escolhas respons\u00e1veis | Altominho TV","isPartOf":{"@id":"https:\/\/www.altominho.tv\/site\/#website"},"primaryImageOfPage":{"@id":"https:\/\/www.altominho.tv\/site\/2018\/01\/17\/projeto-terra-motiva-criancas-a-fazer-escolhas-responsaveis-altominho-tv\/#primaryimage"},"image":{"@id":"https:\/\/www.altominho.tv\/site\/2018\/01\/17\/projeto-terra-motiva-criancas-a-fazer-escolhas-responsaveis-altominho-tv\/#primaryimage"},"thumbnailUrl":"https:\/\/www.altominho.tv\/site\/wp-content\/uploads\/2018\/01\/Projeto_Terra.jpg","datePublished":"2018-01-17T15:53:20+00:00","dateModified":"2018-01-23T00:48:23+00:00","author":{"@id":"https:\/\/www.altominho.tv\/site\/#\/schema\/person\/5c9404a8b438614c93da6ca09db92574"},"breadcrumb":{"@id":"https:\/\/www.altominho.tv\/site\/2018\/01\/17\/projeto-terra-motiva-criancas-a-fazer-escolhas-responsaveis-altominho-tv\/#breadcrumb"},"inLanguage":"pt-PT","potentialAction":[{"@type":"ReadAction","target":["https:\/\/www.altominho.tv\/site\/2018\/01\/17\/projeto-terra-motiva-criancas-a-fazer-escolhas-responsaveis-altominho-tv\/"]}]},{"@type":"ImageObject","inLanguage":"pt-PT","@id":"https:\/\/www.altominho.tv\/site\/2018\/01\/17\/projeto-terra-motiva-criancas-a-fazer-escolhas-responsaveis-altominho-tv\/#primaryimage","url":"https:\/\/www.altominho.tv\/site\/wp-content\/uploads\/2018\/01\/Projeto_Terra.jpg","contentUrl":"https:\/\/www.altominho.tv\/site\/wp-content\/uploads\/2018\/01\/Projeto_Terra.jpg","width":2880,"height":1580},{"@type":"BreadcrumbList","@id":"https:\/\/www.altominho.tv\/site\/2018\/01\/17\/projeto-terra-motiva-criancas-a-fazer-escolhas-responsaveis-altominho-tv\/#breadcrumb","itemListElement":[{"@type":"ListItem","position":1,"name":"In\u00edcio","item":"https:\/\/www.altominho.tv\/site\/"},{"@type":"ListItem","position":2,"name":"&#8216;Projeto Terra&#8217; motiva crian\u00e7as a fazer escolhas respons\u00e1veis | Altominho TV"}]},{"@type":"WebSite","@id":"https:\/\/www.altominho.tv\/site\/#website","url":"https:\/\/www.altominho.tv\/site\/","name":"Altominho.tv","description":"A sua regi\u00e3o \u00e0 dist\u00e2ncia de um clique...","potentialAction":[{"@type":"SearchAction","target":{"@type":"EntryPoint","urlTemplate":"https:\/\/www.altominho.tv\/site\/?s={search_term_string}"},"query-input":{"@type":"PropertyValueSpecification","valueRequired":true,"valueName":"search_term_string"}}],"inLanguage":"pt-PT"},{"@type":"Person","@id":"https:\/\/www.altominho.tv\/site\/#\/schema\/person\/5c9404a8b438614c93da6ca09db92574","name":"C\u00e1tia Malheiro","image":{"@type":"ImageObject","inLanguage":"pt-PT","@id":"https:\/\/www.altominho.tv\/site\/wp-content\/uploads\/2017\/11\/Catia_Malheiro-150x150.jpg","url":"https:\/\/www.altominho.tv\/site\/wp-content\/uploads\/2017\/11\/Catia_Malheiro-150x150.jpg","contentUrl":"https:\/\/www.altominho.tv\/site\/wp-content\/uploads\/2017\/11\/Catia_Malheiro-150x150.jpg","caption":"C\u00e1tia Malheiro"},"url":"https:\/\/www.altominho.tv\/site\/author\/catiamalheiro\/"}]},"og_video":"https:\/\/www.youtube.com\/embed\/gePtYO2MtF0","og_video_type":"text\/html","og_video_duration":"111","og_video_width":"480","og_video_height":"270","ya_ovs_adult":"false","ya_ovs_upload_date":"2018-01-17T15:53:20+00:00","ya_ovs_allow_embed":"true"},"_links":{"self":[{"href":"https:\/\/www.altominho.tv\/site\/wp-json\/wp\/v2\/posts\/8385","targetHints":{"allow":["GET"]}}],"collection":[{"href":"https:\/\/www.altominho.tv\/site\/wp-json\/wp\/v2\/posts"}],"about":[{"href":"https:\/\/www.altominho.tv\/site\/wp-json\/wp\/v2\/types\/post"}],"author":[{"embeddable":true,"href":"https:\/\/www.altominho.tv\/site\/wp-json\/wp\/v2\/users\/6"}],"replies":[{"embeddable":true,"href":"https:\/\/www.altominho.tv\/site\/wp-json\/wp\/v2\/comments?post=8385"}],"version-history":[{"count":0,"href":"https:\/\/www.altominho.tv\/site\/wp-json\/wp\/v2\/posts\/8385\/revisions"}],"wp:featuredmedia":[{"embeddable":true,"href":"https:\/\/www.altominho.tv\/site\/wp-json\/wp\/v2\/media\/8596"}],"wp:attachment":[{"href":"https:\/\/www.altominho.tv\/site\/wp-json\/wp\/v2\/media?parent=8385"}],"wp:term":[{"taxonomy":"category","embeddable":true,"href":"https:\/\/www.altominho.tv\/site\/wp-json\/wp\/v2\/categories?post=8385"},{"taxonomy":"post_tag","embeddable":true,"href":"https:\/\/www.altominho.tv\/site\/wp-json\/wp\/v2\/tags?post=8385"}],"curies":[{"name":"wp","href":"https:\/\/api.w.org\/{rel}","templated":true}]}}