{"id":83757,"date":"2022-10-14T17:09:23","date_gmt":"2022-10-14T16:09:23","guid":{"rendered":"https:\/\/www.altominho.tv\/site\/?p=83757"},"modified":"2022-10-14T17:09:27","modified_gmt":"2022-10-14T16:09:27","slug":"escola-do-rock-e-coro-senior-musica-no-couracao-atuam-no-domingo-em-paredes-de-coura","status":"publish","type":"post","link":"https:\/\/www.altominho.tv\/site\/2022\/10\/14\/escola-do-rock-e-coro-senior-musica-no-couracao-atuam-no-domingo-em-paredes-de-coura\/","title":{"rendered":"Escola do Rock e Coro S\u00e9nior M\u00fasica no Coura\u00e7\u00e3o atuam no domingo em Paredes de Coura"},"content":{"rendered":"<p>A Escola do Rock de Paredes de Coura e o Coro S\u00e9nior M\u00fasica no Coura\u00e7\u00e3o v\u00e3o estar juntos num concerto que ter\u00e1 lugar no pr\u00f3ximo domingo, \u00e0s 15h30, no centro cultural.<\/p>\n<p><span style=\"font-size: revert\">O espet\u00e1culo pretende apresentar o trabalho da resid\u00eancia art\u00edstica que, durante o fim de semana,\u00a0vai reunir elementos destes dois grupos.<\/span><\/p>\n<p>&#8220;A m\u00fasica \u00e9 o motivo aglutinador para o encontro intergeracional promovido pela Escola do Rock de Paredes de Coura e pelo Coro S\u00e9nior M\u00fasica no Coura\u00e7\u00e3o ao longo dos dois dias\u201d, refere a autarquia em comunicado enviado \u00e0s reda\u00e7\u00f5es.<\/p>\n<p>A Escola do Rock \u00e9 uma iniciativa do munic\u00edpio de Paredes de Coura e que, com a colabora\u00e7\u00e3o e dire\u00e7\u00e3o art\u00edstica do Space Ensemble, n\u00e3o s\u00f3 permite a um conjunto de m\u00fasicos provenientes de todo o pa\u00eds desenvolver compet\u00eancias musicais e criativas, em especial na \u00e1rea da m\u00fasica rock, como tamb\u00e9m promove <em>tours <\/em>pelo Norte de Portugal e Galiza ou at\u00e9, como no caso desta a\u00e7\u00e3o com\u00a0o Coro S\u00e9nior M\u00fasica no Coura\u00e7\u00e3o, partilha experi\u00eancias com institui\u00e7\u00f5es da comunidade.<\/p>\n<p>Al\u00e9m da m\u00fasica, o fim de semana em Paredes de Coura inclui cinema, com a proje\u00e7\u00e3o do filme \u201c1618\u201d, dirigido por Lu\u00eds Ismael, que remete o p\u00fablico \u201cpara os tempos da Inquisi\u00e7\u00e3o e a persegui\u00e7\u00e3o \u00e0 comunidade judaica portuguesa que ent\u00e3o vivia na cidade do Porto\u201d.<\/p>\n<p>Para \u201cos mais criativos\u201d, a C\u00e2mara de Paredes de Coura prop\u00f5e constru\u00e7\u00f5es LEGO, no domingo, a partir das 15h00, na Caixa dos Brinquedos, com o <em>workshop<\/em>\u00a0sobre naves espaciais que \u00e9 dirigido a crian\u00e7as entre os 7 e os 12 anos, bem como \u00e0s suas fam\u00edlias.<\/p>\n","protected":false},"excerpt":{"rendered":"<p>A Escola do Rock de Paredes de Coura e o Coro S\u00e9nior M\u00fasica no Coura\u00e7\u00e3o v\u00e3o estar juntos num concerto que ter\u00e1 lugar no pr\u00f3ximo domingo, \u00e0s 15h30, no centro cultural. O espet\u00e1culo pretende apresentar o trabalho da resid\u00eancia art\u00edstica que, durante o fim de semana,\u00a0vai reunir elementos destes dois grupos. &#8220;A m\u00fasica \u00e9 o [&hellip;]<\/p>\n","protected":false},"author":12,"featured_media":83761,"comment_status":"closed","ping_status":"closed","sticky":false,"template":"","format":"standard","meta":{"_exactmetrics_skip_tracking":false,"_exactmetrics_sitenote_active":false,"_exactmetrics_sitenote_note":"","_exactmetrics_sitenote_category":0,"footnotes":""},"categories":[10],"tags":[19],"class_list":["post-83757","post","type-post","status-publish","format-standard","has-post-thumbnail","hentry","category-paredes-de-coura","tag-cultura"],"yoast_head":"<!-- This site is optimized with the Yoast SEO Premium plugin v27.5 (Yoast SEO v27.5) - https:\/\/yoast.com\/product\/yoast-seo-premium-wordpress\/ -->\n<title>Escola do Rock e Coro S\u00e9nior M\u00fasica no Coura\u00e7\u00e3o atuam no domingo em Paredes de Coura<\/title>\n<meta name=\"description\" content=\"A Escola do Rock de Paredes de Coura e o Coro S\u00e9nior M\u00fasica no Coura\u00e7\u00e3o v\u00e3o estar juntos num concerto que ter\u00e1 lugar no domingo, no centro cultural.\" \/>\n<meta name=\"robots\" content=\"index, follow, max-snippet:-1, max-image-preview:large, max-video-preview:-1\" \/>\n<link rel=\"canonical\" href=\"https:\/\/www.altominho.tv\/site\/2022\/10\/14\/escola-do-rock-e-coro-senior-musica-no-couracao-atuam-no-domingo-em-paredes-de-coura\/\" \/>\n<meta property=\"og:locale\" content=\"pt_PT\" \/>\n<meta property=\"og:type\" content=\"article\" \/>\n<meta property=\"og:title\" content=\"Escola do Rock e Coro S\u00e9nior M\u00fasica no Coura\u00e7\u00e3o atuam no domingo em Paredes de Coura\" \/>\n<meta property=\"og:description\" content=\"A Escola do Rock de Paredes de Coura e o Coro S\u00e9nior M\u00fasica no Coura\u00e7\u00e3o v\u00e3o estar juntos num concerto que ter\u00e1 lugar no domingo, no centro cultural.\" \/>\n<meta property=\"og:url\" content=\"https:\/\/www.altominho.tv\/site\/2022\/10\/14\/escola-do-rock-e-coro-senior-musica-no-couracao-atuam-no-domingo-em-paredes-de-coura\/\" \/>\n<meta property=\"og:site_name\" content=\"Altominho.tv\" \/>\n<meta property=\"article:publisher\" content=\"https:\/\/www.facebook.com\/altominhotv\" \/>\n<meta property=\"article:published_time\" content=\"2022-10-14T16:09:23+00:00\" \/>\n<meta property=\"article:modified_time\" content=\"2022-10-14T16:09:27+00:00\" \/>\n<meta property=\"og:image\" content=\"https:\/\/www.altominho.tv\/site\/wp-content\/uploads\/2022\/10\/Escola-do-Rock-Paredes-de-Coura.jpeg\" \/>\n\t<meta property=\"og:image:width\" content=\"2048\" \/>\n\t<meta property=\"og:image:height\" content=\"1365\" \/>\n\t<meta property=\"og:image:type\" content=\"image\/jpeg\" \/>\n<meta name=\"author\" content=\"Andreia Ferreira\" \/>\n<meta name=\"twitter:card\" content=\"summary_large_image\" \/>\n<meta name=\"twitter:creator\" content=\"@altominhoTV\" \/>\n<meta name=\"twitter:site\" content=\"@altominhoTV\" \/>\n<meta name=\"twitter:label1\" content=\"Escrito por\" \/>\n\t<meta name=\"twitter:data1\" content=\"Andreia Ferreira\" \/>\n\t<meta name=\"twitter:label2\" content=\"Tempo estimado de leitura\" \/>\n\t<meta name=\"twitter:data2\" content=\"2 minutos\" \/>\n<script type=\"application\/ld+json\" class=\"yoast-schema-graph\">{\"@context\":\"https:\\\/\\\/schema.org\",\"@graph\":[{\"@type\":\"Article\",\"@id\":\"https:\\\/\\\/www.altominho.tv\\\/site\\\/2022\\\/10\\\/14\\\/escola-do-rock-e-coro-senior-musica-no-couracao-atuam-no-domingo-em-paredes-de-coura\\\/#article\",\"isPartOf\":{\"@id\":\"https:\\\/\\\/www.altominho.tv\\\/site\\\/2022\\\/10\\\/14\\\/escola-do-rock-e-coro-senior-musica-no-couracao-atuam-no-domingo-em-paredes-de-coura\\\/\"},\"author\":{\"name\":\"Andreia Ferreira\",\"@id\":\"https:\\\/\\\/www.altominho.tv\\\/site\\\/#\\\/schema\\\/person\\\/d9be4265364723f14ea8e0d56a1d38cd\"},\"headline\":\"Escola do Rock e Coro S\u00e9nior M\u00fasica no Coura\u00e7\u00e3o atuam no domingo em Paredes de Coura\",\"datePublished\":\"2022-10-14T16:09:23+00:00\",\"dateModified\":\"2022-10-14T16:09:27+00:00\",\"mainEntityOfPage\":{\"@id\":\"https:\\\/\\\/www.altominho.tv\\\/site\\\/2022\\\/10\\\/14\\\/escola-do-rock-e-coro-senior-musica-no-couracao-atuam-no-domingo-em-paredes-de-coura\\\/\"},\"wordCount\":316,\"image\":{\"@id\":\"https:\\\/\\\/www.altominho.tv\\\/site\\\/2022\\\/10\\\/14\\\/escola-do-rock-e-coro-senior-musica-no-couracao-atuam-no-domingo-em-paredes-de-coura\\\/#primaryimage\"},\"thumbnailUrl\":\"https:\\\/\\\/www.altominho.tv\\\/site\\\/wp-content\\\/uploads\\\/2022\\\/10\\\/Escola-do-Rock-Paredes-de-Coura.jpeg\",\"keywords\":[\"Cultura\"],\"articleSection\":[\"Paredes de Coura\"],\"inLanguage\":\"pt-PT\",\"copyrightYear\":\"2022\",\"copyrightHolder\":{\"@id\":\"https:\\\/\\\/www.altominho.tv\\\/site\\\/#organization\"}},{\"@type\":\"WebPage\",\"@id\":\"https:\\\/\\\/www.altominho.tv\\\/site\\\/2022\\\/10\\\/14\\\/escola-do-rock-e-coro-senior-musica-no-couracao-atuam-no-domingo-em-paredes-de-coura\\\/\",\"url\":\"https:\\\/\\\/www.altominho.tv\\\/site\\\/2022\\\/10\\\/14\\\/escola-do-rock-e-coro-senior-musica-no-couracao-atuam-no-domingo-em-paredes-de-coura\\\/\",\"name\":\"Escola do Rock e Coro S\u00e9nior M\u00fasica no Coura\u00e7\u00e3o atuam no domingo em Paredes de Coura\",\"isPartOf\":{\"@id\":\"https:\\\/\\\/www.altominho.tv\\\/site\\\/#website\"},\"primaryImageOfPage\":{\"@id\":\"https:\\\/\\\/www.altominho.tv\\\/site\\\/2022\\\/10\\\/14\\\/escola-do-rock-e-coro-senior-musica-no-couracao-atuam-no-domingo-em-paredes-de-coura\\\/#primaryimage\"},\"image\":{\"@id\":\"https:\\\/\\\/www.altominho.tv\\\/site\\\/2022\\\/10\\\/14\\\/escola-do-rock-e-coro-senior-musica-no-couracao-atuam-no-domingo-em-paredes-de-coura\\\/#primaryimage\"},\"thumbnailUrl\":\"https:\\\/\\\/www.altominho.tv\\\/site\\\/wp-content\\\/uploads\\\/2022\\\/10\\\/Escola-do-Rock-Paredes-de-Coura.jpeg\",\"datePublished\":\"2022-10-14T16:09:23+00:00\",\"dateModified\":\"2022-10-14T16:09:27+00:00\",\"author\":{\"@id\":\"https:\\\/\\\/www.altominho.tv\\\/site\\\/#\\\/schema\\\/person\\\/d9be4265364723f14ea8e0d56a1d38cd\"},\"description\":\"A Escola do Rock de Paredes de Coura e o Coro S\u00e9nior M\u00fasica no Coura\u00e7\u00e3o v\u00e3o estar juntos num concerto que ter\u00e1 lugar no domingo, no centro cultural.\",\"breadcrumb\":{\"@id\":\"https:\\\/\\\/www.altominho.tv\\\/site\\\/2022\\\/10\\\/14\\\/escola-do-rock-e-coro-senior-musica-no-couracao-atuam-no-domingo-em-paredes-de-coura\\\/#breadcrumb\"},\"inLanguage\":\"pt-PT\",\"potentialAction\":[{\"@type\":\"ReadAction\",\"target\":[\"https:\\\/\\\/www.altominho.tv\\\/site\\\/2022\\\/10\\\/14\\\/escola-do-rock-e-coro-senior-musica-no-couracao-atuam-no-domingo-em-paredes-de-coura\\\/\"]}]},{\"@type\":\"ImageObject\",\"inLanguage\":\"pt-PT\",\"@id\":\"https:\\\/\\\/www.altominho.tv\\\/site\\\/2022\\\/10\\\/14\\\/escola-do-rock-e-coro-senior-musica-no-couracao-atuam-no-domingo-em-paredes-de-coura\\\/#primaryimage\",\"url\":\"https:\\\/\\\/www.altominho.tv\\\/site\\\/wp-content\\\/uploads\\\/2022\\\/10\\\/Escola-do-Rock-Paredes-de-Coura.jpeg\",\"contentUrl\":\"https:\\\/\\\/www.altominho.tv\\\/site\\\/wp-content\\\/uploads\\\/2022\\\/10\\\/Escola-do-Rock-Paredes-de-Coura.jpeg\",\"width\":2048,\"height\":1365,\"caption\":\"FACEBOOK ESCOLA DO ROCK PAREDES DE COURA\"},{\"@type\":\"BreadcrumbList\",\"@id\":\"https:\\\/\\\/www.altominho.tv\\\/site\\\/2022\\\/10\\\/14\\\/escola-do-rock-e-coro-senior-musica-no-couracao-atuam-no-domingo-em-paredes-de-coura\\\/#breadcrumb\",\"itemListElement\":[{\"@type\":\"ListItem\",\"position\":1,\"name\":\"In\u00edcio\",\"item\":\"https:\\\/\\\/www.altominho.tv\\\/site\\\/\"},{\"@type\":\"ListItem\",\"position\":2,\"name\":\"Escola do Rock e Coro S\u00e9nior M\u00fasica no Coura\u00e7\u00e3o atuam no domingo em Paredes de Coura\"}]},{\"@type\":\"WebSite\",\"@id\":\"https:\\\/\\\/www.altominho.tv\\\/site\\\/#website\",\"url\":\"https:\\\/\\\/www.altominho.tv\\\/site\\\/\",\"name\":\"Altominho.tv\",\"description\":\"A sua regi\u00e3o \u00e0 dist\u00e2ncia de um clique...\",\"potentialAction\":[{\"@type\":\"SearchAction\",\"target\":{\"@type\":\"EntryPoint\",\"urlTemplate\":\"https:\\\/\\\/www.altominho.tv\\\/site\\\/?s={search_term_string}\"},\"query-input\":{\"@type\":\"PropertyValueSpecification\",\"valueRequired\":true,\"valueName\":\"search_term_string\"}}],\"inLanguage\":\"pt-PT\"},{\"@type\":\"Person\",\"@id\":\"https:\\\/\\\/www.altominho.tv\\\/site\\\/#\\\/schema\\\/person\\\/d9be4265364723f14ea8e0d56a1d38cd\",\"name\":\"Andreia Ferreira\",\"image\":{\"@type\":\"ImageObject\",\"inLanguage\":\"pt-PT\",\"@id\":\"https:\\\/\\\/www.altominho.tv\\\/site\\\/wp-content\\\/uploads\\\/2021\\\/01\\\/AndreiaFerreira-150x150.jpg\",\"url\":\"https:\\\/\\\/www.altominho.tv\\\/site\\\/wp-content\\\/uploads\\\/2021\\\/01\\\/AndreiaFerreira-150x150.jpg\",\"contentUrl\":\"https:\\\/\\\/www.altominho.tv\\\/site\\\/wp-content\\\/uploads\\\/2021\\\/01\\\/AndreiaFerreira-150x150.jpg\",\"caption\":\"Andreia Ferreira\"},\"url\":\"https:\\\/\\\/www.altominho.tv\\\/site\\\/author\\\/andreiaferreira\\\/\"}]}<\/script>\n<!-- \/ Yoast SEO Premium plugin. -->","yoast_head_json":{"title":"Escola do Rock e Coro S\u00e9nior M\u00fasica no Coura\u00e7\u00e3o atuam no domingo em Paredes de Coura","description":"A Escola do Rock de Paredes de Coura e o Coro S\u00e9nior M\u00fasica no Coura\u00e7\u00e3o v\u00e3o estar juntos num concerto que ter\u00e1 lugar no domingo, no centro cultural.","robots":{"index":"index","follow":"follow","max-snippet":"max-snippet:-1","max-image-preview":"max-image-preview:large","max-video-preview":"max-video-preview:-1"},"canonical":"https:\/\/www.altominho.tv\/site\/2022\/10\/14\/escola-do-rock-e-coro-senior-musica-no-couracao-atuam-no-domingo-em-paredes-de-coura\/","og_locale":"pt_PT","og_type":"article","og_title":"Escola do Rock e Coro S\u00e9nior M\u00fasica no Coura\u00e7\u00e3o atuam no domingo em Paredes de Coura","og_description":"A Escola do Rock de Paredes de Coura e o Coro S\u00e9nior M\u00fasica no Coura\u00e7\u00e3o v\u00e3o estar juntos num concerto que ter\u00e1 lugar no domingo, no centro cultural.","og_url":"https:\/\/www.altominho.tv\/site\/2022\/10\/14\/escola-do-rock-e-coro-senior-musica-no-couracao-atuam-no-domingo-em-paredes-de-coura\/","og_site_name":"Altominho.tv","article_publisher":"https:\/\/www.facebook.com\/altominhotv","article_published_time":"2022-10-14T16:09:23+00:00","article_modified_time":"2022-10-14T16:09:27+00:00","og_image":[{"width":2048,"height":1365,"url":"https:\/\/www.altominho.tv\/site\/wp-content\/uploads\/2022\/10\/Escola-do-Rock-Paredes-de-Coura.jpeg","type":"image\/jpeg"}],"author":"Andreia Ferreira","twitter_card":"summary_large_image","twitter_creator":"@altominhoTV","twitter_site":"@altominhoTV","twitter_misc":{"Escrito por":"Andreia Ferreira","Tempo estimado de leitura":"2 minutos"},"schema":{"@context":"https:\/\/schema.org","@graph":[{"@type":"Article","@id":"https:\/\/www.altominho.tv\/site\/2022\/10\/14\/escola-do-rock-e-coro-senior-musica-no-couracao-atuam-no-domingo-em-paredes-de-coura\/#article","isPartOf":{"@id":"https:\/\/www.altominho.tv\/site\/2022\/10\/14\/escola-do-rock-e-coro-senior-musica-no-couracao-atuam-no-domingo-em-paredes-de-coura\/"},"author":{"name":"Andreia Ferreira","@id":"https:\/\/www.altominho.tv\/site\/#\/schema\/person\/d9be4265364723f14ea8e0d56a1d38cd"},"headline":"Escola do Rock e Coro S\u00e9nior M\u00fasica no Coura\u00e7\u00e3o atuam no domingo em Paredes de Coura","datePublished":"2022-10-14T16:09:23+00:00","dateModified":"2022-10-14T16:09:27+00:00","mainEntityOfPage":{"@id":"https:\/\/www.altominho.tv\/site\/2022\/10\/14\/escola-do-rock-e-coro-senior-musica-no-couracao-atuam-no-domingo-em-paredes-de-coura\/"},"wordCount":316,"image":{"@id":"https:\/\/www.altominho.tv\/site\/2022\/10\/14\/escola-do-rock-e-coro-senior-musica-no-couracao-atuam-no-domingo-em-paredes-de-coura\/#primaryimage"},"thumbnailUrl":"https:\/\/www.altominho.tv\/site\/wp-content\/uploads\/2022\/10\/Escola-do-Rock-Paredes-de-Coura.jpeg","keywords":["Cultura"],"articleSection":["Paredes de Coura"],"inLanguage":"pt-PT","copyrightYear":"2022","copyrightHolder":{"@id":"https:\/\/www.altominho.tv\/site\/#organization"}},{"@type":"WebPage","@id":"https:\/\/www.altominho.tv\/site\/2022\/10\/14\/escola-do-rock-e-coro-senior-musica-no-couracao-atuam-no-domingo-em-paredes-de-coura\/","url":"https:\/\/www.altominho.tv\/site\/2022\/10\/14\/escola-do-rock-e-coro-senior-musica-no-couracao-atuam-no-domingo-em-paredes-de-coura\/","name":"Escola do Rock e Coro S\u00e9nior M\u00fasica no Coura\u00e7\u00e3o atuam no domingo em Paredes de Coura","isPartOf":{"@id":"https:\/\/www.altominho.tv\/site\/#website"},"primaryImageOfPage":{"@id":"https:\/\/www.altominho.tv\/site\/2022\/10\/14\/escola-do-rock-e-coro-senior-musica-no-couracao-atuam-no-domingo-em-paredes-de-coura\/#primaryimage"},"image":{"@id":"https:\/\/www.altominho.tv\/site\/2022\/10\/14\/escola-do-rock-e-coro-senior-musica-no-couracao-atuam-no-domingo-em-paredes-de-coura\/#primaryimage"},"thumbnailUrl":"https:\/\/www.altominho.tv\/site\/wp-content\/uploads\/2022\/10\/Escola-do-Rock-Paredes-de-Coura.jpeg","datePublished":"2022-10-14T16:09:23+00:00","dateModified":"2022-10-14T16:09:27+00:00","author":{"@id":"https:\/\/www.altominho.tv\/site\/#\/schema\/person\/d9be4265364723f14ea8e0d56a1d38cd"},"description":"A Escola do Rock de Paredes de Coura e o Coro S\u00e9nior M\u00fasica no Coura\u00e7\u00e3o v\u00e3o estar juntos num concerto que ter\u00e1 lugar no domingo, no centro cultural.","breadcrumb":{"@id":"https:\/\/www.altominho.tv\/site\/2022\/10\/14\/escola-do-rock-e-coro-senior-musica-no-couracao-atuam-no-domingo-em-paredes-de-coura\/#breadcrumb"},"inLanguage":"pt-PT","potentialAction":[{"@type":"ReadAction","target":["https:\/\/www.altominho.tv\/site\/2022\/10\/14\/escola-do-rock-e-coro-senior-musica-no-couracao-atuam-no-domingo-em-paredes-de-coura\/"]}]},{"@type":"ImageObject","inLanguage":"pt-PT","@id":"https:\/\/www.altominho.tv\/site\/2022\/10\/14\/escola-do-rock-e-coro-senior-musica-no-couracao-atuam-no-domingo-em-paredes-de-coura\/#primaryimage","url":"https:\/\/www.altominho.tv\/site\/wp-content\/uploads\/2022\/10\/Escola-do-Rock-Paredes-de-Coura.jpeg","contentUrl":"https:\/\/www.altominho.tv\/site\/wp-content\/uploads\/2022\/10\/Escola-do-Rock-Paredes-de-Coura.jpeg","width":2048,"height":1365,"caption":"FACEBOOK ESCOLA DO ROCK PAREDES DE COURA"},{"@type":"BreadcrumbList","@id":"https:\/\/www.altominho.tv\/site\/2022\/10\/14\/escola-do-rock-e-coro-senior-musica-no-couracao-atuam-no-domingo-em-paredes-de-coura\/#breadcrumb","itemListElement":[{"@type":"ListItem","position":1,"name":"In\u00edcio","item":"https:\/\/www.altominho.tv\/site\/"},{"@type":"ListItem","position":2,"name":"Escola do Rock e Coro S\u00e9nior M\u00fasica no Coura\u00e7\u00e3o atuam no domingo em Paredes de Coura"}]},{"@type":"WebSite","@id":"https:\/\/www.altominho.tv\/site\/#website","url":"https:\/\/www.altominho.tv\/site\/","name":"Altominho.tv","description":"A sua regi\u00e3o \u00e0 dist\u00e2ncia de um clique...","potentialAction":[{"@type":"SearchAction","target":{"@type":"EntryPoint","urlTemplate":"https:\/\/www.altominho.tv\/site\/?s={search_term_string}"},"query-input":{"@type":"PropertyValueSpecification","valueRequired":true,"valueName":"search_term_string"}}],"inLanguage":"pt-PT"},{"@type":"Person","@id":"https:\/\/www.altominho.tv\/site\/#\/schema\/person\/d9be4265364723f14ea8e0d56a1d38cd","name":"Andreia Ferreira","image":{"@type":"ImageObject","inLanguage":"pt-PT","@id":"https:\/\/www.altominho.tv\/site\/wp-content\/uploads\/2021\/01\/AndreiaFerreira-150x150.jpg","url":"https:\/\/www.altominho.tv\/site\/wp-content\/uploads\/2021\/01\/AndreiaFerreira-150x150.jpg","contentUrl":"https:\/\/www.altominho.tv\/site\/wp-content\/uploads\/2021\/01\/AndreiaFerreira-150x150.jpg","caption":"Andreia Ferreira"},"url":"https:\/\/www.altominho.tv\/site\/author\/andreiaferreira\/"}]}},"_links":{"self":[{"href":"https:\/\/www.altominho.tv\/site\/wp-json\/wp\/v2\/posts\/83757","targetHints":{"allow":["GET"]}}],"collection":[{"href":"https:\/\/www.altominho.tv\/site\/wp-json\/wp\/v2\/posts"}],"about":[{"href":"https:\/\/www.altominho.tv\/site\/wp-json\/wp\/v2\/types\/post"}],"author":[{"embeddable":true,"href":"https:\/\/www.altominho.tv\/site\/wp-json\/wp\/v2\/users\/12"}],"replies":[{"embeddable":true,"href":"https:\/\/www.altominho.tv\/site\/wp-json\/wp\/v2\/comments?post=83757"}],"version-history":[{"count":0,"href":"https:\/\/www.altominho.tv\/site\/wp-json\/wp\/v2\/posts\/83757\/revisions"}],"wp:featuredmedia":[{"embeddable":true,"href":"https:\/\/www.altominho.tv\/site\/wp-json\/wp\/v2\/media\/83761"}],"wp:attachment":[{"href":"https:\/\/www.altominho.tv\/site\/wp-json\/wp\/v2\/media?parent=83757"}],"wp:term":[{"taxonomy":"category","embeddable":true,"href":"https:\/\/www.altominho.tv\/site\/wp-json\/wp\/v2\/categories?post=83757"},{"taxonomy":"post_tag","embeddable":true,"href":"https:\/\/www.altominho.tv\/site\/wp-json\/wp\/v2\/tags?post=83757"}],"curies":[{"name":"wp","href":"https:\/\/api.w.org\/{rel}","templated":true}]}}