{"id":83731,"date":"2022-10-14T09:44:50","date_gmt":"2022-10-14T08:44:50","guid":{"rendered":"https:\/\/www.altominho.tv\/site\/?p=83731"},"modified":"2022-10-14T09:44:56","modified_gmt":"2022-10-14T08:44:56","slug":"melgaco-acolhe-primeira-etapa-da-taca-de-portugal-de-ciclocrosse","status":"publish","type":"post","link":"https:\/\/www.altominho.tv\/site\/2022\/10\/14\/melgaco-acolhe-primeira-etapa-da-taca-de-portugal-de-ciclocrosse\/","title":{"rendered":"Melga\u00e7o acolhe primeira etapa da Ta\u00e7a de Portugal de Ciclocrosse"},"content":{"rendered":"<p><strong>Melga\u00e7o vai acolher, no pr\u00f3ximo dia 30 de outubro, a 1.\u00aa etapa da Ta\u00e7a de Portugal de Ciclocrosse (CRO).<\/strong> <strong>A iniciativa, pontu\u00e1vel tamb\u00e9m para o Campeonato do Minho de Ciclocrosse 2022\/23, decorrer\u00e1 na pista de ciclocrosse junto ao Centro de Est\u00e1gios e tem in\u00edcio marcado para as 09h30.<\/strong><\/p>\n<p><strong>Promovida em conjunto pela Associa\u00e7\u00e3o de Ciclismo do Minho, pela Melsport \u2013 Melga\u00e7o, Desporto, pelo Munic\u00edpio de Melga\u00e7o e Lazer E.M. e pela Uni\u00e3o Velocip\u00e9dica Portuguesa \u2013 Federa\u00e7\u00e3o Portuguesa de Ciclismo, <\/strong><strong>a prova destina-se \u00e0s categorias de juvenis, cadetes, juniores, sub-23, elites e masters.<\/strong><\/p>\n<p><strong>A Ta\u00e7a de Portugal de CRO \u00e9 um trof\u00e9u oficial da UVP\/Federa\u00e7\u00e3o Portuguesa de Ciclismo e destina-se aos atletas com licen\u00e7a desportiva de competi\u00e7\u00e3o, Ciclismo Para Todos e ainda atletas que subscrevam a filia\u00e7\u00e3o di\u00e1ria para a prova.\u00a0<\/strong><\/p>\n<p><strong>A <\/strong><strong>programa\u00e7\u00e3o<\/strong><strong> prev\u00ea o in\u00edcio da competi\u00e7\u00e3o pelas 09h30, para a categoria de Juvenis. De seguida, pelas 10h00, partem as categorias de Masters 30, 40, 50, 60 e Open. Os Cadetes e todas as categorias femininas t\u00eam partida marcada \u00e0s 11h00. A partida dos Juniores e de Elites ser\u00e1 realizada pelas 12h00 e a cerim\u00f3nia protocolar de entrega de pr\u00e9mios est\u00e1 marcada para as 13h15.<\/strong><\/p>\n","protected":false},"excerpt":{"rendered":"<p>Melga\u00e7o vai acolher, no pr\u00f3ximo dia 30 de outubro, a 1.\u00aa etapa da Ta\u00e7a de Portugal de Ciclocrosse (CRO). A iniciativa, pontu\u00e1vel tamb\u00e9m para o Campeonato do Minho de Ciclocrosse 2022\/23, decorrer\u00e1 na pista de ciclocrosse junto ao Centro de Est\u00e1gios e tem in\u00edcio marcado para as 09h30. Promovida em conjunto pela Associa\u00e7\u00e3o de Ciclismo [&hellip;]<\/p>\n","protected":false},"author":24,"featured_media":83732,"comment_status":"closed","ping_status":"closed","sticky":false,"template":"","format":"standard","meta":{"_exactmetrics_skip_tracking":false,"_exactmetrics_sitenote_active":false,"_exactmetrics_sitenote_note":"","_exactmetrics_sitenote_category":0,"footnotes":""},"categories":[8],"tags":[20],"class_list":["post-83731","post","type-post","status-publish","format-standard","has-post-thumbnail","hentry","category-melgaco","tag-desporto"],"yoast_head":"<!-- This site is optimized with the Yoast SEO Premium plugin v27.5 (Yoast SEO v27.5) - https:\/\/yoast.com\/product\/yoast-seo-premium-wordpress\/ -->\n<title>Melga\u00e7o acolhe primeira etapa da Ta\u00e7a de Portugal de Ciclocrosse<\/title>\n<meta name=\"description\" content=\"Melga\u00e7o vai acolher, no pr\u00f3ximo dia 30 de outubro, a 1.\u00aa etapa da Ta\u00e7a de Portugal de Ciclocrosse (CRO). A iniciativa, pontu\u00e1vel tamb\u00e9m para o Campeonato do Minho de Ciclocrosse 2022\/23, decorrer\u00e1 na pista de ciclocrosse junto ao Centro de Est\u00e1gios e tem in\u00edcio marcado para as 09h30.\" \/>\n<meta name=\"robots\" content=\"index, follow, max-snippet:-1, max-image-preview:large, max-video-preview:-1\" \/>\n<link rel=\"canonical\" href=\"https:\/\/www.altominho.tv\/site\/2022\/10\/14\/melgaco-acolhe-primeira-etapa-da-taca-de-portugal-de-ciclocrosse\/\" \/>\n<meta property=\"og:locale\" content=\"pt_PT\" \/>\n<meta property=\"og:type\" content=\"article\" \/>\n<meta property=\"og:title\" content=\"Melga\u00e7o acolhe primeira etapa da Ta\u00e7a de Portugal de Ciclocrosse\" \/>\n<meta property=\"og:description\" content=\"Melga\u00e7o vai acolher, no pr\u00f3ximo dia 30 de outubro, a 1.\u00aa etapa da Ta\u00e7a de Portugal de Ciclocrosse (CRO). A iniciativa, pontu\u00e1vel tamb\u00e9m para o Campeonato do Minho de Ciclocrosse 2022\/23, decorrer\u00e1 na pista de ciclocrosse junto ao Centro de Est\u00e1gios e tem in\u00edcio marcado para as 09h30.\" \/>\n<meta property=\"og:url\" content=\"https:\/\/www.altominho.tv\/site\/2022\/10\/14\/melgaco-acolhe-primeira-etapa-da-taca-de-portugal-de-ciclocrosse\/\" \/>\n<meta property=\"og:site_name\" content=\"Altominho.tv\" \/>\n<meta property=\"article:publisher\" content=\"https:\/\/www.facebook.com\/altominhotv\" \/>\n<meta property=\"article:published_time\" content=\"2022-10-14T08:44:50+00:00\" \/>\n<meta property=\"article:modified_time\" content=\"2022-10-14T08:44:56+00:00\" \/>\n<meta property=\"og:image\" content=\"https:\/\/www.altominho.tv\/site\/wp-content\/uploads\/2022\/10\/Melgaco_2022_Imagem-noticia-1030px-x-730px.jpg\" \/>\n\t<meta property=\"og:image:width\" content=\"1029\" \/>\n\t<meta property=\"og:image:height\" content=\"729\" \/>\n\t<meta property=\"og:image:type\" content=\"image\/jpeg\" \/>\n<meta name=\"author\" content=\"Cesar Lopes\" \/>\n<meta name=\"twitter:card\" content=\"summary_large_image\" \/>\n<meta name=\"twitter:creator\" content=\"@altominhoTV\" \/>\n<meta name=\"twitter:site\" content=\"@altominhoTV\" \/>\n<meta name=\"twitter:label1\" content=\"Escrito por\" \/>\n\t<meta name=\"twitter:data1\" content=\"Cesar Lopes\" \/>\n\t<meta name=\"twitter:label2\" content=\"Tempo estimado de leitura\" \/>\n\t<meta name=\"twitter:data2\" content=\"2 minutos\" \/>\n<script type=\"application\/ld+json\" class=\"yoast-schema-graph\">{\"@context\":\"https:\\\/\\\/schema.org\",\"@graph\":[{\"@type\":\"Article\",\"@id\":\"https:\\\/\\\/www.altominho.tv\\\/site\\\/2022\\\/10\\\/14\\\/melgaco-acolhe-primeira-etapa-da-taca-de-portugal-de-ciclocrosse\\\/#article\",\"isPartOf\":{\"@id\":\"https:\\\/\\\/www.altominho.tv\\\/site\\\/2022\\\/10\\\/14\\\/melgaco-acolhe-primeira-etapa-da-taca-de-portugal-de-ciclocrosse\\\/\"},\"author\":{\"name\":\"Cesar Lopes\",\"@id\":\"https:\\\/\\\/www.altominho.tv\\\/site\\\/#\\\/schema\\\/person\\\/c5570e5afb933b8d08c43373326ef1b1\"},\"headline\":\"Melga\u00e7o acolhe primeira etapa da Ta\u00e7a de Portugal de Ciclocrosse\",\"datePublished\":\"2022-10-14T08:44:50+00:00\",\"dateModified\":\"2022-10-14T08:44:56+00:00\",\"mainEntityOfPage\":{\"@id\":\"https:\\\/\\\/www.altominho.tv\\\/site\\\/2022\\\/10\\\/14\\\/melgaco-acolhe-primeira-etapa-da-taca-de-portugal-de-ciclocrosse\\\/\"},\"wordCount\":226,\"image\":{\"@id\":\"https:\\\/\\\/www.altominho.tv\\\/site\\\/2022\\\/10\\\/14\\\/melgaco-acolhe-primeira-etapa-da-taca-de-portugal-de-ciclocrosse\\\/#primaryimage\"},\"thumbnailUrl\":\"https:\\\/\\\/www.altominho.tv\\\/site\\\/wp-content\\\/uploads\\\/2022\\\/10\\\/Melgaco_2022_Imagem-noticia-1030px-x-730px.jpg\",\"keywords\":[\"Desporto\"],\"articleSection\":[\"Melga\u00e7o\"],\"inLanguage\":\"pt-PT\",\"copyrightYear\":\"2022\",\"copyrightHolder\":{\"@id\":\"https:\\\/\\\/www.altominho.tv\\\/site\\\/#organization\"}},{\"@type\":\"WebPage\",\"@id\":\"https:\\\/\\\/www.altominho.tv\\\/site\\\/2022\\\/10\\\/14\\\/melgaco-acolhe-primeira-etapa-da-taca-de-portugal-de-ciclocrosse\\\/\",\"url\":\"https:\\\/\\\/www.altominho.tv\\\/site\\\/2022\\\/10\\\/14\\\/melgaco-acolhe-primeira-etapa-da-taca-de-portugal-de-ciclocrosse\\\/\",\"name\":\"Melga\u00e7o acolhe primeira etapa da Ta\u00e7a de Portugal de Ciclocrosse\",\"isPartOf\":{\"@id\":\"https:\\\/\\\/www.altominho.tv\\\/site\\\/#website\"},\"primaryImageOfPage\":{\"@id\":\"https:\\\/\\\/www.altominho.tv\\\/site\\\/2022\\\/10\\\/14\\\/melgaco-acolhe-primeira-etapa-da-taca-de-portugal-de-ciclocrosse\\\/#primaryimage\"},\"image\":{\"@id\":\"https:\\\/\\\/www.altominho.tv\\\/site\\\/2022\\\/10\\\/14\\\/melgaco-acolhe-primeira-etapa-da-taca-de-portugal-de-ciclocrosse\\\/#primaryimage\"},\"thumbnailUrl\":\"https:\\\/\\\/www.altominho.tv\\\/site\\\/wp-content\\\/uploads\\\/2022\\\/10\\\/Melgaco_2022_Imagem-noticia-1030px-x-730px.jpg\",\"datePublished\":\"2022-10-14T08:44:50+00:00\",\"dateModified\":\"2022-10-14T08:44:56+00:00\",\"author\":{\"@id\":\"https:\\\/\\\/www.altominho.tv\\\/site\\\/#\\\/schema\\\/person\\\/c5570e5afb933b8d08c43373326ef1b1\"},\"description\":\"Melga\u00e7o vai acolher, no pr\u00f3ximo dia 30 de outubro, a 1.\u00aa etapa da Ta\u00e7a de Portugal de Ciclocrosse (CRO). A iniciativa, pontu\u00e1vel tamb\u00e9m para o Campeonato do Minho de Ciclocrosse 2022\\\/23, decorrer\u00e1 na pista de ciclocrosse junto ao Centro de Est\u00e1gios e tem in\u00edcio marcado para as 09h30.\",\"breadcrumb\":{\"@id\":\"https:\\\/\\\/www.altominho.tv\\\/site\\\/2022\\\/10\\\/14\\\/melgaco-acolhe-primeira-etapa-da-taca-de-portugal-de-ciclocrosse\\\/#breadcrumb\"},\"inLanguage\":\"pt-PT\",\"potentialAction\":[{\"@type\":\"ReadAction\",\"target\":[\"https:\\\/\\\/www.altominho.tv\\\/site\\\/2022\\\/10\\\/14\\\/melgaco-acolhe-primeira-etapa-da-taca-de-portugal-de-ciclocrosse\\\/\"]}]},{\"@type\":\"ImageObject\",\"inLanguage\":\"pt-PT\",\"@id\":\"https:\\\/\\\/www.altominho.tv\\\/site\\\/2022\\\/10\\\/14\\\/melgaco-acolhe-primeira-etapa-da-taca-de-portugal-de-ciclocrosse\\\/#primaryimage\",\"url\":\"https:\\\/\\\/www.altominho.tv\\\/site\\\/wp-content\\\/uploads\\\/2022\\\/10\\\/Melgaco_2022_Imagem-noticia-1030px-x-730px.jpg\",\"contentUrl\":\"https:\\\/\\\/www.altominho.tv\\\/site\\\/wp-content\\\/uploads\\\/2022\\\/10\\\/Melgaco_2022_Imagem-noticia-1030px-x-730px.jpg\",\"width\":1029,\"height\":729},{\"@type\":\"BreadcrumbList\",\"@id\":\"https:\\\/\\\/www.altominho.tv\\\/site\\\/2022\\\/10\\\/14\\\/melgaco-acolhe-primeira-etapa-da-taca-de-portugal-de-ciclocrosse\\\/#breadcrumb\",\"itemListElement\":[{\"@type\":\"ListItem\",\"position\":1,\"name\":\"In\u00edcio\",\"item\":\"https:\\\/\\\/www.altominho.tv\\\/site\\\/\"},{\"@type\":\"ListItem\",\"position\":2,\"name\":\"Melga\u00e7o acolhe primeira etapa da Ta\u00e7a de Portugal de Ciclocrosse\"}]},{\"@type\":\"WebSite\",\"@id\":\"https:\\\/\\\/www.altominho.tv\\\/site\\\/#website\",\"url\":\"https:\\\/\\\/www.altominho.tv\\\/site\\\/\",\"name\":\"Altominho.tv\",\"description\":\"A sua regi\u00e3o \u00e0 dist\u00e2ncia de um clique...\",\"potentialAction\":[{\"@type\":\"SearchAction\",\"target\":{\"@type\":\"EntryPoint\",\"urlTemplate\":\"https:\\\/\\\/www.altominho.tv\\\/site\\\/?s={search_term_string}\"},\"query-input\":{\"@type\":\"PropertyValueSpecification\",\"valueRequired\":true,\"valueName\":\"search_term_string\"}}],\"inLanguage\":\"pt-PT\"},{\"@type\":\"Person\",\"@id\":\"https:\\\/\\\/www.altominho.tv\\\/site\\\/#\\\/schema\\\/person\\\/c5570e5afb933b8d08c43373326ef1b1\",\"name\":\"Cesar Lopes\",\"image\":{\"@type\":\"ImageObject\",\"inLanguage\":\"pt-PT\",\"@id\":\"https:\\\/\\\/www.altominho.tv\\\/site\\\/wp-content\\\/uploads\\\/2022\\\/10\\\/Sem-Titulo-150x150.jpg\",\"url\":\"https:\\\/\\\/www.altominho.tv\\\/site\\\/wp-content\\\/uploads\\\/2022\\\/10\\\/Sem-Titulo-150x150.jpg\",\"contentUrl\":\"https:\\\/\\\/www.altominho.tv\\\/site\\\/wp-content\\\/uploads\\\/2022\\\/10\\\/Sem-Titulo-150x150.jpg\",\"caption\":\"Cesar Lopes\"},\"url\":\"https:\\\/\\\/www.altominho.tv\\\/site\\\/author\\\/cesarlopes\\\/\"}]}<\/script>\n<!-- \/ Yoast SEO Premium plugin. -->","yoast_head_json":{"title":"Melga\u00e7o acolhe primeira etapa da Ta\u00e7a de Portugal de Ciclocrosse","description":"Melga\u00e7o vai acolher, no pr\u00f3ximo dia 30 de outubro, a 1.\u00aa etapa da Ta\u00e7a de Portugal de Ciclocrosse (CRO). A iniciativa, pontu\u00e1vel tamb\u00e9m para o Campeonato do Minho de Ciclocrosse 2022\/23, decorrer\u00e1 na pista de ciclocrosse junto ao Centro de Est\u00e1gios e tem in\u00edcio marcado para as 09h30.","robots":{"index":"index","follow":"follow","max-snippet":"max-snippet:-1","max-image-preview":"max-image-preview:large","max-video-preview":"max-video-preview:-1"},"canonical":"https:\/\/www.altominho.tv\/site\/2022\/10\/14\/melgaco-acolhe-primeira-etapa-da-taca-de-portugal-de-ciclocrosse\/","og_locale":"pt_PT","og_type":"article","og_title":"Melga\u00e7o acolhe primeira etapa da Ta\u00e7a de Portugal de Ciclocrosse","og_description":"Melga\u00e7o vai acolher, no pr\u00f3ximo dia 30 de outubro, a 1.\u00aa etapa da Ta\u00e7a de Portugal de Ciclocrosse (CRO). A iniciativa, pontu\u00e1vel tamb\u00e9m para o Campeonato do Minho de Ciclocrosse 2022\/23, decorrer\u00e1 na pista de ciclocrosse junto ao Centro de Est\u00e1gios e tem in\u00edcio marcado para as 09h30.","og_url":"https:\/\/www.altominho.tv\/site\/2022\/10\/14\/melgaco-acolhe-primeira-etapa-da-taca-de-portugal-de-ciclocrosse\/","og_site_name":"Altominho.tv","article_publisher":"https:\/\/www.facebook.com\/altominhotv","article_published_time":"2022-10-14T08:44:50+00:00","article_modified_time":"2022-10-14T08:44:56+00:00","og_image":[{"width":1029,"height":729,"url":"https:\/\/www.altominho.tv\/site\/wp-content\/uploads\/2022\/10\/Melgaco_2022_Imagem-noticia-1030px-x-730px.jpg","type":"image\/jpeg"}],"author":"Cesar Lopes","twitter_card":"summary_large_image","twitter_creator":"@altominhoTV","twitter_site":"@altominhoTV","twitter_misc":{"Escrito por":"Cesar Lopes","Tempo estimado de leitura":"2 minutos"},"schema":{"@context":"https:\/\/schema.org","@graph":[{"@type":"Article","@id":"https:\/\/www.altominho.tv\/site\/2022\/10\/14\/melgaco-acolhe-primeira-etapa-da-taca-de-portugal-de-ciclocrosse\/#article","isPartOf":{"@id":"https:\/\/www.altominho.tv\/site\/2022\/10\/14\/melgaco-acolhe-primeira-etapa-da-taca-de-portugal-de-ciclocrosse\/"},"author":{"name":"Cesar Lopes","@id":"https:\/\/www.altominho.tv\/site\/#\/schema\/person\/c5570e5afb933b8d08c43373326ef1b1"},"headline":"Melga\u00e7o acolhe primeira etapa da Ta\u00e7a de Portugal de Ciclocrosse","datePublished":"2022-10-14T08:44:50+00:00","dateModified":"2022-10-14T08:44:56+00:00","mainEntityOfPage":{"@id":"https:\/\/www.altominho.tv\/site\/2022\/10\/14\/melgaco-acolhe-primeira-etapa-da-taca-de-portugal-de-ciclocrosse\/"},"wordCount":226,"image":{"@id":"https:\/\/www.altominho.tv\/site\/2022\/10\/14\/melgaco-acolhe-primeira-etapa-da-taca-de-portugal-de-ciclocrosse\/#primaryimage"},"thumbnailUrl":"https:\/\/www.altominho.tv\/site\/wp-content\/uploads\/2022\/10\/Melgaco_2022_Imagem-noticia-1030px-x-730px.jpg","keywords":["Desporto"],"articleSection":["Melga\u00e7o"],"inLanguage":"pt-PT","copyrightYear":"2022","copyrightHolder":{"@id":"https:\/\/www.altominho.tv\/site\/#organization"}},{"@type":"WebPage","@id":"https:\/\/www.altominho.tv\/site\/2022\/10\/14\/melgaco-acolhe-primeira-etapa-da-taca-de-portugal-de-ciclocrosse\/","url":"https:\/\/www.altominho.tv\/site\/2022\/10\/14\/melgaco-acolhe-primeira-etapa-da-taca-de-portugal-de-ciclocrosse\/","name":"Melga\u00e7o acolhe primeira etapa da Ta\u00e7a de Portugal de Ciclocrosse","isPartOf":{"@id":"https:\/\/www.altominho.tv\/site\/#website"},"primaryImageOfPage":{"@id":"https:\/\/www.altominho.tv\/site\/2022\/10\/14\/melgaco-acolhe-primeira-etapa-da-taca-de-portugal-de-ciclocrosse\/#primaryimage"},"image":{"@id":"https:\/\/www.altominho.tv\/site\/2022\/10\/14\/melgaco-acolhe-primeira-etapa-da-taca-de-portugal-de-ciclocrosse\/#primaryimage"},"thumbnailUrl":"https:\/\/www.altominho.tv\/site\/wp-content\/uploads\/2022\/10\/Melgaco_2022_Imagem-noticia-1030px-x-730px.jpg","datePublished":"2022-10-14T08:44:50+00:00","dateModified":"2022-10-14T08:44:56+00:00","author":{"@id":"https:\/\/www.altominho.tv\/site\/#\/schema\/person\/c5570e5afb933b8d08c43373326ef1b1"},"description":"Melga\u00e7o vai acolher, no pr\u00f3ximo dia 30 de outubro, a 1.\u00aa etapa da Ta\u00e7a de Portugal de Ciclocrosse (CRO). A iniciativa, pontu\u00e1vel tamb\u00e9m para o Campeonato do Minho de Ciclocrosse 2022\/23, decorrer\u00e1 na pista de ciclocrosse junto ao Centro de Est\u00e1gios e tem in\u00edcio marcado para as 09h30.","breadcrumb":{"@id":"https:\/\/www.altominho.tv\/site\/2022\/10\/14\/melgaco-acolhe-primeira-etapa-da-taca-de-portugal-de-ciclocrosse\/#breadcrumb"},"inLanguage":"pt-PT","potentialAction":[{"@type":"ReadAction","target":["https:\/\/www.altominho.tv\/site\/2022\/10\/14\/melgaco-acolhe-primeira-etapa-da-taca-de-portugal-de-ciclocrosse\/"]}]},{"@type":"ImageObject","inLanguage":"pt-PT","@id":"https:\/\/www.altominho.tv\/site\/2022\/10\/14\/melgaco-acolhe-primeira-etapa-da-taca-de-portugal-de-ciclocrosse\/#primaryimage","url":"https:\/\/www.altominho.tv\/site\/wp-content\/uploads\/2022\/10\/Melgaco_2022_Imagem-noticia-1030px-x-730px.jpg","contentUrl":"https:\/\/www.altominho.tv\/site\/wp-content\/uploads\/2022\/10\/Melgaco_2022_Imagem-noticia-1030px-x-730px.jpg","width":1029,"height":729},{"@type":"BreadcrumbList","@id":"https:\/\/www.altominho.tv\/site\/2022\/10\/14\/melgaco-acolhe-primeira-etapa-da-taca-de-portugal-de-ciclocrosse\/#breadcrumb","itemListElement":[{"@type":"ListItem","position":1,"name":"In\u00edcio","item":"https:\/\/www.altominho.tv\/site\/"},{"@type":"ListItem","position":2,"name":"Melga\u00e7o acolhe primeira etapa da Ta\u00e7a de Portugal de Ciclocrosse"}]},{"@type":"WebSite","@id":"https:\/\/www.altominho.tv\/site\/#website","url":"https:\/\/www.altominho.tv\/site\/","name":"Altominho.tv","description":"A sua regi\u00e3o \u00e0 dist\u00e2ncia de um clique...","potentialAction":[{"@type":"SearchAction","target":{"@type":"EntryPoint","urlTemplate":"https:\/\/www.altominho.tv\/site\/?s={search_term_string}"},"query-input":{"@type":"PropertyValueSpecification","valueRequired":true,"valueName":"search_term_string"}}],"inLanguage":"pt-PT"},{"@type":"Person","@id":"https:\/\/www.altominho.tv\/site\/#\/schema\/person\/c5570e5afb933b8d08c43373326ef1b1","name":"Cesar Lopes","image":{"@type":"ImageObject","inLanguage":"pt-PT","@id":"https:\/\/www.altominho.tv\/site\/wp-content\/uploads\/2022\/10\/Sem-Titulo-150x150.jpg","url":"https:\/\/www.altominho.tv\/site\/wp-content\/uploads\/2022\/10\/Sem-Titulo-150x150.jpg","contentUrl":"https:\/\/www.altominho.tv\/site\/wp-content\/uploads\/2022\/10\/Sem-Titulo-150x150.jpg","caption":"Cesar Lopes"},"url":"https:\/\/www.altominho.tv\/site\/author\/cesarlopes\/"}]}},"_links":{"self":[{"href":"https:\/\/www.altominho.tv\/site\/wp-json\/wp\/v2\/posts\/83731","targetHints":{"allow":["GET"]}}],"collection":[{"href":"https:\/\/www.altominho.tv\/site\/wp-json\/wp\/v2\/posts"}],"about":[{"href":"https:\/\/www.altominho.tv\/site\/wp-json\/wp\/v2\/types\/post"}],"author":[{"embeddable":true,"href":"https:\/\/www.altominho.tv\/site\/wp-json\/wp\/v2\/users\/24"}],"replies":[{"embeddable":true,"href":"https:\/\/www.altominho.tv\/site\/wp-json\/wp\/v2\/comments?post=83731"}],"version-history":[{"count":0,"href":"https:\/\/www.altominho.tv\/site\/wp-json\/wp\/v2\/posts\/83731\/revisions"}],"wp:featuredmedia":[{"embeddable":true,"href":"https:\/\/www.altominho.tv\/site\/wp-json\/wp\/v2\/media\/83732"}],"wp:attachment":[{"href":"https:\/\/www.altominho.tv\/site\/wp-json\/wp\/v2\/media?parent=83731"}],"wp:term":[{"taxonomy":"category","embeddable":true,"href":"https:\/\/www.altominho.tv\/site\/wp-json\/wp\/v2\/categories?post=83731"},{"taxonomy":"post_tag","embeddable":true,"href":"https:\/\/www.altominho.tv\/site\/wp-json\/wp\/v2\/tags?post=83731"}],"curies":[{"name":"wp","href":"https:\/\/api.w.org\/{rel}","templated":true}]}}