{"id":8373,"date":"2018-01-17T15:09:35","date_gmt":"2018-01-17T15:09:35","guid":{"rendered":"http:\/\/www.altominho.tv\/site\/?p=8373"},"modified":"2018-01-17T15:09:35","modified_gmt":"2018-01-17T15:09:35","slug":"ponte-da-barca-acolheu-7o-encontro-das-romarias-do-minho","status":"publish","type":"post","link":"https:\/\/www.altominho.tv\/site\/2018\/01\/17\/ponte-da-barca-acolheu-7o-encontro-das-romarias-do-minho\/","title":{"rendered":"Ponte da Barca acolheu 7\u00ba encontro das Romarias do Minho"},"content":{"rendered":"<p>Ponte da Barca acolheu o 7\u00ba encontro\u00a0das Romarias do Minho, que decorreu na passada sexta-feira, na Casa da Cultura.<\/p>\n<p>\u00c0 semelhan\u00e7a de encontros anteriores teve como finalidade a partilha de d\u00favidas, sugest\u00f5es e a defini\u00e7\u00e3o de estrat\u00e9gias de valoriza\u00e7\u00e3o daquelas festas como elementos diferenciadores da regi\u00e3o, e ainda verificar o ponto de situa\u00e7\u00e3o relativo \u00e0 inventaria\u00e7\u00e3o que cada uma est\u00e1 a fazer das suas romarias, com o intuito de as integrar no Invent\u00e1rio Nacional do Patrim\u00f3nio Cultural Imaterial (INPCI). Uma eventual candidatura conjunta \u00e0 Unesco est\u00e1 tamb\u00e9m em cima da mesa, que ajudar\u00e1 a preservar a genuinidade e a tipicidade das romarias minhotas.<\/p>\n<p>\u201cA Romaria Minhota \u00e9 um produto \u00fanico que o nosso territ\u00f3rio pode oferecer ao mundo e \u00e9 precisamente no trabalhar conjunto que reside a for\u00e7a para a sua salvaguarda e valoriza\u00e7\u00e3o\u201d, defendeu Augusto Marinho, Presidente da C\u00e2mara de Ponte da Barca que falava na sess\u00e3o de abertura.<\/p>\n<p>Presente na reuni\u00e3o esteve, ainda, a vereadora da Cultura, Maria Jos\u00e9 Gon\u00e7alves e \u00c1lvaro Campelo, docente e investigador de refer\u00eancia na \u00e1rea da antropologia que elucidou os presentes sobre os processos de inventaria\u00e7\u00e3o, investiga\u00e7\u00e3o e abordagem das festividades religiosas e populares.<\/p>\n<p>Recorde-se que al\u00e9m da Romaria de S. Bartolomeu de Ponte da Barca integram esta iniciativa\u00a0as festividades de S\u00e3o Jo\u00e3o de Braga, Senhora do Al\u00edvio de Vila Verde &#8211; onde decorrer\u00e1 a pr\u00f3xima reuni\u00e3o de trabalho -, S. Bartolomeu do Mar de Esposende, Nossa Senhora dos Rem\u00e9dios de Cabeceiras de Basto, S\u00e3o Torcato de Guimar\u00e3es, Senhora do Porto de Ave da P\u00f3voa de Lanhoso, S\u00e3o Bento da Porta Aberta de Terras do Bouro, Festas Antoninas de Vila Nova de Famalic\u00e3o, Feiras Novas de Ponte de Lima, Nossa Senhora da F\u00e9 de Vieira do Minho e pela primeira vez, nesta \u00faltima reuni\u00e3o, a Romaria de S\u00e3o Jo\u00e3o d&#8217;Arga de Caminha.<\/p>\n<p>Os encontros t\u00eam contado tamb\u00e9m com a participa\u00e7\u00e3o da\u00a0Dire\u00e7\u00e3o Regional de Cultura do Norte.<\/p>\n<p><strong>\u00a0<\/strong><\/p>\n","protected":false},"excerpt":{"rendered":"<p>Ponte da Barca acolheu o 7\u00ba encontro\u00a0das Romarias do Minho, que decorreu na passada sexta-feira, na Casa da Cultura. \u00c0 semelhan\u00e7a de encontros anteriores teve como finalidade a partilha de d\u00favidas, sugest\u00f5es e a defini\u00e7\u00e3o de estrat\u00e9gias de valoriza\u00e7\u00e3o daquelas festas como elementos diferenciadores da regi\u00e3o, e ainda verificar o ponto de situa\u00e7\u00e3o relativo \u00e0 [&hellip;]<\/p>\n","protected":false},"author":6,"featured_media":8374,"comment_status":"closed","ping_status":"closed","sticky":false,"template":"","format":"standard","meta":{"_exactmetrics_skip_tracking":false,"_exactmetrics_sitenote_active":false,"_exactmetrics_sitenote_note":"","_exactmetrics_sitenote_category":0,"footnotes":""},"categories":[11],"tags":[19],"class_list":["post-8373","post","type-post","status-publish","format-standard","has-post-thumbnail","hentry","category-ponte-da-barca","tag-cultura"],"yoast_head":"<!-- This site is optimized with the Yoast SEO Premium plugin v27.5 (Yoast SEO v27.5) - https:\/\/yoast.com\/product\/yoast-seo-premium-wordpress\/ -->\n<title>Ponte da Barca acolheu 7\u00ba encontro das Romarias do Minho<\/title>\n<meta name=\"robots\" content=\"index, follow, max-snippet:-1, max-image-preview:large, max-video-preview:-1\" \/>\n<link rel=\"canonical\" href=\"https:\/\/www.altominho.tv\/site\/2018\/01\/17\/ponte-da-barca-acolheu-7o-encontro-das-romarias-do-minho\/\" \/>\n<meta property=\"og:locale\" content=\"pt_PT\" \/>\n<meta property=\"og:type\" content=\"article\" \/>\n<meta property=\"og:title\" content=\"Ponte da Barca acolheu 7\u00ba encontro das Romarias do Minho\" \/>\n<meta property=\"og:description\" content=\"Ponte da Barca acolheu o 7\u00ba encontro\u00a0das Romarias do Minho, que decorreu na passada sexta-feira, na Casa da Cultura. \u00c0 semelhan\u00e7a de encontros anteriores teve como finalidade a partilha de d\u00favidas, sugest\u00f5es e a defini\u00e7\u00e3o de estrat\u00e9gias de valoriza\u00e7\u00e3o daquelas festas como elementos diferenciadores da regi\u00e3o, e ainda verificar o ponto de situa\u00e7\u00e3o relativo \u00e0 [&hellip;]\" \/>\n<meta property=\"og:url\" content=\"https:\/\/www.altominho.tv\/site\/2018\/01\/17\/ponte-da-barca-acolheu-7o-encontro-das-romarias-do-minho\/\" \/>\n<meta property=\"og:site_name\" content=\"Altominho.tv\" \/>\n<meta property=\"article:publisher\" content=\"https:\/\/www.facebook.com\/altominhotv\" \/>\n<meta property=\"article:published_time\" content=\"2018-01-17T15:09:35+00:00\" \/>\n<meta property=\"og:image\" content=\"https:\/\/www.altominho.tv\/site\/wp-content\/uploads\/2018\/01\/rom.jpg\" \/>\n\t<meta property=\"og:image:width\" content=\"1920\" \/>\n\t<meta property=\"og:image:height\" content=\"1080\" \/>\n\t<meta property=\"og:image:type\" content=\"image\/jpeg\" \/>\n<meta name=\"author\" content=\"C\u00e1tia Malheiro\" \/>\n<meta name=\"twitter:card\" content=\"summary_large_image\" \/>\n<meta name=\"twitter:creator\" content=\"@altominhoTV\" \/>\n<meta name=\"twitter:site\" content=\"@altominhoTV\" \/>\n<meta name=\"twitter:label1\" content=\"Escrito por\" \/>\n\t<meta name=\"twitter:data1\" content=\"C\u00e1tia Malheiro\" \/>\n\t<meta name=\"twitter:label2\" content=\"Tempo estimado de leitura\" \/>\n\t<meta name=\"twitter:data2\" content=\"2 minutos\" \/>\n<script type=\"application\/ld+json\" class=\"yoast-schema-graph\">{\"@context\":\"https:\\\/\\\/schema.org\",\"@graph\":[{\"@type\":\"Article\",\"@id\":\"https:\\\/\\\/www.altominho.tv\\\/site\\\/2018\\\/01\\\/17\\\/ponte-da-barca-acolheu-7o-encontro-das-romarias-do-minho\\\/#article\",\"isPartOf\":{\"@id\":\"https:\\\/\\\/www.altominho.tv\\\/site\\\/2018\\\/01\\\/17\\\/ponte-da-barca-acolheu-7o-encontro-das-romarias-do-minho\\\/\"},\"author\":{\"name\":\"C\u00e1tia Malheiro\",\"@id\":\"https:\\\/\\\/www.altominho.tv\\\/site\\\/#\\\/schema\\\/person\\\/5c9404a8b438614c93da6ca09db92574\"},\"headline\":\"Ponte da Barca acolheu 7\u00ba encontro das Romarias do Minho\",\"datePublished\":\"2018-01-17T15:09:35+00:00\",\"mainEntityOfPage\":{\"@id\":\"https:\\\/\\\/www.altominho.tv\\\/site\\\/2018\\\/01\\\/17\\\/ponte-da-barca-acolheu-7o-encontro-das-romarias-do-minho\\\/\"},\"wordCount\":360,\"image\":{\"@id\":\"https:\\\/\\\/www.altominho.tv\\\/site\\\/2018\\\/01\\\/17\\\/ponte-da-barca-acolheu-7o-encontro-das-romarias-do-minho\\\/#primaryimage\"},\"thumbnailUrl\":\"https:\\\/\\\/www.altominho.tv\\\/site\\\/wp-content\\\/uploads\\\/2018\\\/01\\\/rom.jpg\",\"keywords\":[\"Cultura\"],\"articleSection\":[\"Ponte da Barca\"],\"inLanguage\":\"pt-PT\",\"copyrightYear\":\"2018\",\"copyrightHolder\":{\"@id\":\"https:\\\/\\\/www.altominho.tv\\\/site\\\/#organization\"}},{\"@type\":\"WebPage\",\"@id\":\"https:\\\/\\\/www.altominho.tv\\\/site\\\/2018\\\/01\\\/17\\\/ponte-da-barca-acolheu-7o-encontro-das-romarias-do-minho\\\/\",\"url\":\"https:\\\/\\\/www.altominho.tv\\\/site\\\/2018\\\/01\\\/17\\\/ponte-da-barca-acolheu-7o-encontro-das-romarias-do-minho\\\/\",\"name\":\"Ponte da Barca acolheu 7\u00ba encontro das Romarias do Minho\",\"isPartOf\":{\"@id\":\"https:\\\/\\\/www.altominho.tv\\\/site\\\/#website\"},\"primaryImageOfPage\":{\"@id\":\"https:\\\/\\\/www.altominho.tv\\\/site\\\/2018\\\/01\\\/17\\\/ponte-da-barca-acolheu-7o-encontro-das-romarias-do-minho\\\/#primaryimage\"},\"image\":{\"@id\":\"https:\\\/\\\/www.altominho.tv\\\/site\\\/2018\\\/01\\\/17\\\/ponte-da-barca-acolheu-7o-encontro-das-romarias-do-minho\\\/#primaryimage\"},\"thumbnailUrl\":\"https:\\\/\\\/www.altominho.tv\\\/site\\\/wp-content\\\/uploads\\\/2018\\\/01\\\/rom.jpg\",\"datePublished\":\"2018-01-17T15:09:35+00:00\",\"author\":{\"@id\":\"https:\\\/\\\/www.altominho.tv\\\/site\\\/#\\\/schema\\\/person\\\/5c9404a8b438614c93da6ca09db92574\"},\"breadcrumb\":{\"@id\":\"https:\\\/\\\/www.altominho.tv\\\/site\\\/2018\\\/01\\\/17\\\/ponte-da-barca-acolheu-7o-encontro-das-romarias-do-minho\\\/#breadcrumb\"},\"inLanguage\":\"pt-PT\",\"potentialAction\":[{\"@type\":\"ReadAction\",\"target\":[\"https:\\\/\\\/www.altominho.tv\\\/site\\\/2018\\\/01\\\/17\\\/ponte-da-barca-acolheu-7o-encontro-das-romarias-do-minho\\\/\"]}]},{\"@type\":\"ImageObject\",\"inLanguage\":\"pt-PT\",\"@id\":\"https:\\\/\\\/www.altominho.tv\\\/site\\\/2018\\\/01\\\/17\\\/ponte-da-barca-acolheu-7o-encontro-das-romarias-do-minho\\\/#primaryimage\",\"url\":\"https:\\\/\\\/www.altominho.tv\\\/site\\\/wp-content\\\/uploads\\\/2018\\\/01\\\/rom.jpg\",\"contentUrl\":\"https:\\\/\\\/www.altominho.tv\\\/site\\\/wp-content\\\/uploads\\\/2018\\\/01\\\/rom.jpg\",\"width\":1920,\"height\":1080},{\"@type\":\"BreadcrumbList\",\"@id\":\"https:\\\/\\\/www.altominho.tv\\\/site\\\/2018\\\/01\\\/17\\\/ponte-da-barca-acolheu-7o-encontro-das-romarias-do-minho\\\/#breadcrumb\",\"itemListElement\":[{\"@type\":\"ListItem\",\"position\":1,\"name\":\"In\u00edcio\",\"item\":\"https:\\\/\\\/www.altominho.tv\\\/site\\\/\"},{\"@type\":\"ListItem\",\"position\":2,\"name\":\"Ponte da Barca acolheu 7\u00ba encontro das Romarias do Minho\"}]},{\"@type\":\"WebSite\",\"@id\":\"https:\\\/\\\/www.altominho.tv\\\/site\\\/#website\",\"url\":\"https:\\\/\\\/www.altominho.tv\\\/site\\\/\",\"name\":\"Altominho.tv\",\"description\":\"A sua regi\u00e3o \u00e0 dist\u00e2ncia de um clique...\",\"potentialAction\":[{\"@type\":\"SearchAction\",\"target\":{\"@type\":\"EntryPoint\",\"urlTemplate\":\"https:\\\/\\\/www.altominho.tv\\\/site\\\/?s={search_term_string}\"},\"query-input\":{\"@type\":\"PropertyValueSpecification\",\"valueRequired\":true,\"valueName\":\"search_term_string\"}}],\"inLanguage\":\"pt-PT\"},{\"@type\":\"Person\",\"@id\":\"https:\\\/\\\/www.altominho.tv\\\/site\\\/#\\\/schema\\\/person\\\/5c9404a8b438614c93da6ca09db92574\",\"name\":\"C\u00e1tia Malheiro\",\"image\":{\"@type\":\"ImageObject\",\"inLanguage\":\"pt-PT\",\"@id\":\"https:\\\/\\\/www.altominho.tv\\\/site\\\/wp-content\\\/uploads\\\/2017\\\/11\\\/Catia_Malheiro-150x150.jpg\",\"url\":\"https:\\\/\\\/www.altominho.tv\\\/site\\\/wp-content\\\/uploads\\\/2017\\\/11\\\/Catia_Malheiro-150x150.jpg\",\"contentUrl\":\"https:\\\/\\\/www.altominho.tv\\\/site\\\/wp-content\\\/uploads\\\/2017\\\/11\\\/Catia_Malheiro-150x150.jpg\",\"caption\":\"C\u00e1tia Malheiro\"},\"url\":\"https:\\\/\\\/www.altominho.tv\\\/site\\\/author\\\/catiamalheiro\\\/\"}]}<\/script>\n<!-- \/ Yoast SEO Premium plugin. -->","yoast_head_json":{"title":"Ponte da Barca acolheu 7\u00ba encontro das Romarias do Minho","robots":{"index":"index","follow":"follow","max-snippet":"max-snippet:-1","max-image-preview":"max-image-preview:large","max-video-preview":"max-video-preview:-1"},"canonical":"https:\/\/www.altominho.tv\/site\/2018\/01\/17\/ponte-da-barca-acolheu-7o-encontro-das-romarias-do-minho\/","og_locale":"pt_PT","og_type":"article","og_title":"Ponte da Barca acolheu 7\u00ba encontro das Romarias do Minho","og_description":"Ponte da Barca acolheu o 7\u00ba encontro\u00a0das Romarias do Minho, que decorreu na passada sexta-feira, na Casa da Cultura. \u00c0 semelhan\u00e7a de encontros anteriores teve como finalidade a partilha de d\u00favidas, sugest\u00f5es e a defini\u00e7\u00e3o de estrat\u00e9gias de valoriza\u00e7\u00e3o daquelas festas como elementos diferenciadores da regi\u00e3o, e ainda verificar o ponto de situa\u00e7\u00e3o relativo \u00e0 [&hellip;]","og_url":"https:\/\/www.altominho.tv\/site\/2018\/01\/17\/ponte-da-barca-acolheu-7o-encontro-das-romarias-do-minho\/","og_site_name":"Altominho.tv","article_publisher":"https:\/\/www.facebook.com\/altominhotv","article_published_time":"2018-01-17T15:09:35+00:00","og_image":[{"width":1920,"height":1080,"url":"https:\/\/www.altominho.tv\/site\/wp-content\/uploads\/2018\/01\/rom.jpg","type":"image\/jpeg"}],"author":"C\u00e1tia Malheiro","twitter_card":"summary_large_image","twitter_creator":"@altominhoTV","twitter_site":"@altominhoTV","twitter_misc":{"Escrito por":"C\u00e1tia Malheiro","Tempo estimado de leitura":"2 minutos"},"schema":{"@context":"https:\/\/schema.org","@graph":[{"@type":"Article","@id":"https:\/\/www.altominho.tv\/site\/2018\/01\/17\/ponte-da-barca-acolheu-7o-encontro-das-romarias-do-minho\/#article","isPartOf":{"@id":"https:\/\/www.altominho.tv\/site\/2018\/01\/17\/ponte-da-barca-acolheu-7o-encontro-das-romarias-do-minho\/"},"author":{"name":"C\u00e1tia Malheiro","@id":"https:\/\/www.altominho.tv\/site\/#\/schema\/person\/5c9404a8b438614c93da6ca09db92574"},"headline":"Ponte da Barca acolheu 7\u00ba encontro das Romarias do Minho","datePublished":"2018-01-17T15:09:35+00:00","mainEntityOfPage":{"@id":"https:\/\/www.altominho.tv\/site\/2018\/01\/17\/ponte-da-barca-acolheu-7o-encontro-das-romarias-do-minho\/"},"wordCount":360,"image":{"@id":"https:\/\/www.altominho.tv\/site\/2018\/01\/17\/ponte-da-barca-acolheu-7o-encontro-das-romarias-do-minho\/#primaryimage"},"thumbnailUrl":"https:\/\/www.altominho.tv\/site\/wp-content\/uploads\/2018\/01\/rom.jpg","keywords":["Cultura"],"articleSection":["Ponte da Barca"],"inLanguage":"pt-PT","copyrightYear":"2018","copyrightHolder":{"@id":"https:\/\/www.altominho.tv\/site\/#organization"}},{"@type":"WebPage","@id":"https:\/\/www.altominho.tv\/site\/2018\/01\/17\/ponte-da-barca-acolheu-7o-encontro-das-romarias-do-minho\/","url":"https:\/\/www.altominho.tv\/site\/2018\/01\/17\/ponte-da-barca-acolheu-7o-encontro-das-romarias-do-minho\/","name":"Ponte da Barca acolheu 7\u00ba encontro das Romarias do Minho","isPartOf":{"@id":"https:\/\/www.altominho.tv\/site\/#website"},"primaryImageOfPage":{"@id":"https:\/\/www.altominho.tv\/site\/2018\/01\/17\/ponte-da-barca-acolheu-7o-encontro-das-romarias-do-minho\/#primaryimage"},"image":{"@id":"https:\/\/www.altominho.tv\/site\/2018\/01\/17\/ponte-da-barca-acolheu-7o-encontro-das-romarias-do-minho\/#primaryimage"},"thumbnailUrl":"https:\/\/www.altominho.tv\/site\/wp-content\/uploads\/2018\/01\/rom.jpg","datePublished":"2018-01-17T15:09:35+00:00","author":{"@id":"https:\/\/www.altominho.tv\/site\/#\/schema\/person\/5c9404a8b438614c93da6ca09db92574"},"breadcrumb":{"@id":"https:\/\/www.altominho.tv\/site\/2018\/01\/17\/ponte-da-barca-acolheu-7o-encontro-das-romarias-do-minho\/#breadcrumb"},"inLanguage":"pt-PT","potentialAction":[{"@type":"ReadAction","target":["https:\/\/www.altominho.tv\/site\/2018\/01\/17\/ponte-da-barca-acolheu-7o-encontro-das-romarias-do-minho\/"]}]},{"@type":"ImageObject","inLanguage":"pt-PT","@id":"https:\/\/www.altominho.tv\/site\/2018\/01\/17\/ponte-da-barca-acolheu-7o-encontro-das-romarias-do-minho\/#primaryimage","url":"https:\/\/www.altominho.tv\/site\/wp-content\/uploads\/2018\/01\/rom.jpg","contentUrl":"https:\/\/www.altominho.tv\/site\/wp-content\/uploads\/2018\/01\/rom.jpg","width":1920,"height":1080},{"@type":"BreadcrumbList","@id":"https:\/\/www.altominho.tv\/site\/2018\/01\/17\/ponte-da-barca-acolheu-7o-encontro-das-romarias-do-minho\/#breadcrumb","itemListElement":[{"@type":"ListItem","position":1,"name":"In\u00edcio","item":"https:\/\/www.altominho.tv\/site\/"},{"@type":"ListItem","position":2,"name":"Ponte da Barca acolheu 7\u00ba encontro das Romarias do Minho"}]},{"@type":"WebSite","@id":"https:\/\/www.altominho.tv\/site\/#website","url":"https:\/\/www.altominho.tv\/site\/","name":"Altominho.tv","description":"A sua regi\u00e3o \u00e0 dist\u00e2ncia de um clique...","potentialAction":[{"@type":"SearchAction","target":{"@type":"EntryPoint","urlTemplate":"https:\/\/www.altominho.tv\/site\/?s={search_term_string}"},"query-input":{"@type":"PropertyValueSpecification","valueRequired":true,"valueName":"search_term_string"}}],"inLanguage":"pt-PT"},{"@type":"Person","@id":"https:\/\/www.altominho.tv\/site\/#\/schema\/person\/5c9404a8b438614c93da6ca09db92574","name":"C\u00e1tia Malheiro","image":{"@type":"ImageObject","inLanguage":"pt-PT","@id":"https:\/\/www.altominho.tv\/site\/wp-content\/uploads\/2017\/11\/Catia_Malheiro-150x150.jpg","url":"https:\/\/www.altominho.tv\/site\/wp-content\/uploads\/2017\/11\/Catia_Malheiro-150x150.jpg","contentUrl":"https:\/\/www.altominho.tv\/site\/wp-content\/uploads\/2017\/11\/Catia_Malheiro-150x150.jpg","caption":"C\u00e1tia Malheiro"},"url":"https:\/\/www.altominho.tv\/site\/author\/catiamalheiro\/"}]}},"_links":{"self":[{"href":"https:\/\/www.altominho.tv\/site\/wp-json\/wp\/v2\/posts\/8373","targetHints":{"allow":["GET"]}}],"collection":[{"href":"https:\/\/www.altominho.tv\/site\/wp-json\/wp\/v2\/posts"}],"about":[{"href":"https:\/\/www.altominho.tv\/site\/wp-json\/wp\/v2\/types\/post"}],"author":[{"embeddable":true,"href":"https:\/\/www.altominho.tv\/site\/wp-json\/wp\/v2\/users\/6"}],"replies":[{"embeddable":true,"href":"https:\/\/www.altominho.tv\/site\/wp-json\/wp\/v2\/comments?post=8373"}],"version-history":[{"count":0,"href":"https:\/\/www.altominho.tv\/site\/wp-json\/wp\/v2\/posts\/8373\/revisions"}],"wp:featuredmedia":[{"embeddable":true,"href":"https:\/\/www.altominho.tv\/site\/wp-json\/wp\/v2\/media\/8374"}],"wp:attachment":[{"href":"https:\/\/www.altominho.tv\/site\/wp-json\/wp\/v2\/media?parent=8373"}],"wp:term":[{"taxonomy":"category","embeddable":true,"href":"https:\/\/www.altominho.tv\/site\/wp-json\/wp\/v2\/categories?post=8373"},{"taxonomy":"post_tag","embeddable":true,"href":"https:\/\/www.altominho.tv\/site\/wp-json\/wp\/v2\/tags?post=8373"}],"curies":[{"name":"wp","href":"https:\/\/api.w.org\/{rel}","templated":true}]}}