{"id":83684,"date":"2022-10-13T12:03:56","date_gmt":"2022-10-13T11:03:56","guid":{"rendered":"https:\/\/www.altominho.tv\/site\/?p=83684"},"modified":"2022-10-13T12:06:19","modified_gmt":"2022-10-13T11:06:19","slug":"confraria-da-foda-de-pias-entroniza-12-novos-confrades","status":"publish","type":"post","link":"https:\/\/www.altominho.tv\/site\/2022\/10\/13\/confraria-da-foda-de-pias-entroniza-12-novos-confrades\/","title":{"rendered":"Confraria da Foda de Pias entroniza 12 novos confrades"},"content":{"rendered":"<p>O IV cap\u00edtulo de entroniza\u00e7\u00e3o da Confraria da Foda de Pias vai realizar-se no pr\u00f3ximo s\u00e1bado, em Mon\u00e7\u00e3o. Nesta cerim\u00f3nia, ser\u00e3o acolhidos 12 novos confrades.<\/p>\n<p>&#8220;A Confraria da Foda de Pias vai entronizar 12 confrades efetivos e um confrade de honra, que ser\u00e1 o administrador do Pal\u00e1cio da Brejoeira, Em\u00edlio Magalh\u00e3es&#8221;, revelou o gr\u00e3o-mestre da confraria, Manuel Gon\u00e7alves.<\/p>\n<p>Os futuros elementos da Confraria da Foda de Pias \u2013 Mon\u00e7\u00e3o, registada oficialmente no dia 19 de outubro de 2016, ter\u00e3o como miss\u00e3o defender, valorizar e promover o Cordeiro \u00e0 Moda de Mon\u00e7\u00e3o, conhecido como \u201cFoda \u00e0 Mon\u00e7\u00e3o\u201d.<\/p>\n<div class=\"cxgpxx05 d1544ag0 sj5x9vvc tw6a2znq l9j0dhe7 ni8dbmo4 stjgntxs e72ty7fz qlfml3jp inkptoze qmr60zad jm1wdb64 qv66sw1b ljqsnud1 odn2s2vf tkr6xdv7\" role=\"none\" data-testid=\"solid-message-bubble\">\n<div class=\"rq0escxv l9j0dhe7 du4w35lb __fb-dark-mode\" role=\"none\">\n<div dir=\"ltr\">\n<div class=\"m_8680390603949951219WordSection1\">\n<p>O programa da cerim\u00f3nia arranca \u00e0s 09h00, no Pal\u00e1cio da Brejoeira, com a rece\u00e7\u00e3o e boas-vindas \u00e0s confrarias convidadas, prosseguindo, pelas 10h30, com um desfile entre o Parque das Caldas e o Cine Teatro Jo\u00e3o Verde, passando pelos passadi\u00e7os de madeira \u201cA Galiza Mail`o Minho\u201d, Largo do Loreto e Pra\u00e7a da Rep\u00fablica.<\/p>\n<p>Mais tarde, pelas 11h30, decorre a cerim\u00f3nia de entroniza\u00e7\u00e3o dos novos confrades no Cine Teatro Jo\u00e3o Verde, seguida do almo\u00e7o e troca de lembran\u00e7as entre confrarias.<\/p>\n<\/div>\n<\/div>\n<\/div>\n<\/div>\n","protected":false},"excerpt":{"rendered":"<p>O IV cap\u00edtulo de entroniza\u00e7\u00e3o da Confraria da Foda de Pias vai realizar-se no pr\u00f3ximo s\u00e1bado, em Mon\u00e7\u00e3o. Nesta cerim\u00f3nia, ser\u00e3o acolhidos 12 novos confrades. &#8220;A Confraria da Foda de Pias vai entronizar 12 confrades efetivos e um confrade de honra, que ser\u00e1 o administrador do Pal\u00e1cio da Brejoeira, Em\u00edlio Magalh\u00e3es&#8221;, revelou o gr\u00e3o-mestre da [&hellip;]<\/p>\n","protected":false},"author":12,"featured_media":83701,"comment_status":"closed","ping_status":"closed","sticky":false,"template":"","format":"standard","meta":{"_exactmetrics_skip_tracking":false,"_exactmetrics_sitenote_active":false,"_exactmetrics_sitenote_note":"","_exactmetrics_sitenote_category":0,"footnotes":""},"categories":[9],"tags":[27],"class_list":["post-83684","post","type-post","status-publish","format-standard","has-post-thumbnail","hentry","category-moncao","tag-sociedade"],"yoast_head":"<!-- This site is optimized with the Yoast SEO Premium plugin v27.4 (Yoast SEO v27.4) - https:\/\/yoast.com\/product\/yoast-seo-premium-wordpress\/ -->\n<title>Confraria da Foda de Pias entroniza 12 novos confrades<\/title>\n<meta name=\"description\" content=\"O IV cap\u00edtulo de entroniza\u00e7\u00e3o da Confraria da Foda de Pias vai realizar-se no s\u00e1bado, em Mon\u00e7\u00e3o. Nesta cerim\u00f3nia, ser\u00e3o acolhidos 12 novos confrades.\" \/>\n<meta name=\"robots\" content=\"index, follow, max-snippet:-1, max-image-preview:large, max-video-preview:-1\" \/>\n<link rel=\"canonical\" href=\"https:\/\/www.altominho.tv\/site\/2022\/10\/13\/confraria-da-foda-de-pias-entroniza-12-novos-confrades\/\" \/>\n<meta property=\"og:locale\" content=\"pt_PT\" \/>\n<meta property=\"og:type\" content=\"article\" \/>\n<meta property=\"og:title\" content=\"Confraria da Foda de Pias entroniza 12 novos confrades\" \/>\n<meta property=\"og:description\" content=\"O IV cap\u00edtulo de entroniza\u00e7\u00e3o da Confraria da Foda de Pias vai realizar-se no s\u00e1bado, em Mon\u00e7\u00e3o. Nesta cerim\u00f3nia, ser\u00e3o acolhidos 12 novos confrades.\" \/>\n<meta property=\"og:url\" content=\"https:\/\/www.altominho.tv\/site\/2022\/10\/13\/confraria-da-foda-de-pias-entroniza-12-novos-confrades\/\" \/>\n<meta property=\"og:site_name\" content=\"Altominho.tv\" \/>\n<meta property=\"article:publisher\" content=\"https:\/\/www.facebook.com\/altominhotv\" \/>\n<meta property=\"article:published_time\" content=\"2022-10-13T11:03:56+00:00\" \/>\n<meta property=\"article:modified_time\" content=\"2022-10-13T11:06:19+00:00\" \/>\n<meta property=\"og:image\" content=\"https:\/\/www.altominho.tv\/site\/wp-content\/uploads\/2022\/10\/Confraria-Foda.jpg\" \/>\n\t<meta property=\"og:image:width\" content=\"1833\" \/>\n\t<meta property=\"og:image:height\" content=\"1255\" \/>\n\t<meta property=\"og:image:type\" content=\"image\/jpeg\" \/>\n<meta name=\"author\" content=\"Andreia Ferreira\" \/>\n<meta name=\"twitter:card\" content=\"summary_large_image\" \/>\n<meta name=\"twitter:creator\" content=\"@altominhoTV\" \/>\n<meta name=\"twitter:site\" content=\"@altominhoTV\" \/>\n<meta name=\"twitter:label1\" content=\"Escrito por\" \/>\n\t<meta name=\"twitter:data1\" content=\"Andreia Ferreira\" \/>\n\t<meta name=\"twitter:label2\" content=\"Tempo estimado de leitura\" \/>\n\t<meta name=\"twitter:data2\" content=\"1 minuto\" \/>\n<script type=\"application\/ld+json\" class=\"yoast-schema-graph\">{\"@context\":\"https:\\\/\\\/schema.org\",\"@graph\":[{\"@type\":\"Article\",\"@id\":\"https:\\\/\\\/www.altominho.tv\\\/site\\\/2022\\\/10\\\/13\\\/confraria-da-foda-de-pias-entroniza-12-novos-confrades\\\/#article\",\"isPartOf\":{\"@id\":\"https:\\\/\\\/www.altominho.tv\\\/site\\\/2022\\\/10\\\/13\\\/confraria-da-foda-de-pias-entroniza-12-novos-confrades\\\/\"},\"author\":{\"name\":\"Andreia Ferreira\",\"@id\":\"https:\\\/\\\/www.altominho.tv\\\/site\\\/#\\\/schema\\\/person\\\/d9be4265364723f14ea8e0d56a1d38cd\"},\"headline\":\"Confraria da Foda de Pias entroniza 12 novos confrades\",\"datePublished\":\"2022-10-13T11:03:56+00:00\",\"dateModified\":\"2022-10-13T11:06:19+00:00\",\"mainEntityOfPage\":{\"@id\":\"https:\\\/\\\/www.altominho.tv\\\/site\\\/2022\\\/10\\\/13\\\/confraria-da-foda-de-pias-entroniza-12-novos-confrades\\\/\"},\"wordCount\":205,\"image\":{\"@id\":\"https:\\\/\\\/www.altominho.tv\\\/site\\\/2022\\\/10\\\/13\\\/confraria-da-foda-de-pias-entroniza-12-novos-confrades\\\/#primaryimage\"},\"thumbnailUrl\":\"https:\\\/\\\/www.altominho.tv\\\/site\\\/wp-content\\\/uploads\\\/2022\\\/10\\\/Confraria-Foda.jpg\",\"keywords\":[\"Sociedade\"],\"articleSection\":[\"Mon\u00e7\u00e3o\"],\"inLanguage\":\"pt-PT\",\"copyrightYear\":\"2022\",\"copyrightHolder\":{\"@id\":\"https:\\\/\\\/www.altominho.tv\\\/site\\\/#organization\"}},{\"@type\":\"WebPage\",\"@id\":\"https:\\\/\\\/www.altominho.tv\\\/site\\\/2022\\\/10\\\/13\\\/confraria-da-foda-de-pias-entroniza-12-novos-confrades\\\/\",\"url\":\"https:\\\/\\\/www.altominho.tv\\\/site\\\/2022\\\/10\\\/13\\\/confraria-da-foda-de-pias-entroniza-12-novos-confrades\\\/\",\"name\":\"Confraria da Foda de Pias entroniza 12 novos confrades\",\"isPartOf\":{\"@id\":\"https:\\\/\\\/www.altominho.tv\\\/site\\\/#website\"},\"primaryImageOfPage\":{\"@id\":\"https:\\\/\\\/www.altominho.tv\\\/site\\\/2022\\\/10\\\/13\\\/confraria-da-foda-de-pias-entroniza-12-novos-confrades\\\/#primaryimage\"},\"image\":{\"@id\":\"https:\\\/\\\/www.altominho.tv\\\/site\\\/2022\\\/10\\\/13\\\/confraria-da-foda-de-pias-entroniza-12-novos-confrades\\\/#primaryimage\"},\"thumbnailUrl\":\"https:\\\/\\\/www.altominho.tv\\\/site\\\/wp-content\\\/uploads\\\/2022\\\/10\\\/Confraria-Foda.jpg\",\"datePublished\":\"2022-10-13T11:03:56+00:00\",\"dateModified\":\"2022-10-13T11:06:19+00:00\",\"author\":{\"@id\":\"https:\\\/\\\/www.altominho.tv\\\/site\\\/#\\\/schema\\\/person\\\/d9be4265364723f14ea8e0d56a1d38cd\"},\"description\":\"O IV cap\u00edtulo de entroniza\u00e7\u00e3o da Confraria da Foda de Pias vai realizar-se no s\u00e1bado, em Mon\u00e7\u00e3o. Nesta cerim\u00f3nia, ser\u00e3o acolhidos 12 novos confrades.\",\"breadcrumb\":{\"@id\":\"https:\\\/\\\/www.altominho.tv\\\/site\\\/2022\\\/10\\\/13\\\/confraria-da-foda-de-pias-entroniza-12-novos-confrades\\\/#breadcrumb\"},\"inLanguage\":\"pt-PT\",\"potentialAction\":[{\"@type\":\"ReadAction\",\"target\":[\"https:\\\/\\\/www.altominho.tv\\\/site\\\/2022\\\/10\\\/13\\\/confraria-da-foda-de-pias-entroniza-12-novos-confrades\\\/\"]}]},{\"@type\":\"ImageObject\",\"inLanguage\":\"pt-PT\",\"@id\":\"https:\\\/\\\/www.altominho.tv\\\/site\\\/2022\\\/10\\\/13\\\/confraria-da-foda-de-pias-entroniza-12-novos-confrades\\\/#primaryimage\",\"url\":\"https:\\\/\\\/www.altominho.tv\\\/site\\\/wp-content\\\/uploads\\\/2022\\\/10\\\/Confraria-Foda.jpg\",\"contentUrl\":\"https:\\\/\\\/www.altominho.tv\\\/site\\\/wp-content\\\/uploads\\\/2022\\\/10\\\/Confraria-Foda.jpg\",\"width\":1833,\"height\":1255,\"caption\":\"FACEBOOK CONFRARIA DA FODA\"},{\"@type\":\"BreadcrumbList\",\"@id\":\"https:\\\/\\\/www.altominho.tv\\\/site\\\/2022\\\/10\\\/13\\\/confraria-da-foda-de-pias-entroniza-12-novos-confrades\\\/#breadcrumb\",\"itemListElement\":[{\"@type\":\"ListItem\",\"position\":1,\"name\":\"In\u00edcio\",\"item\":\"https:\\\/\\\/www.altominho.tv\\\/site\\\/\"},{\"@type\":\"ListItem\",\"position\":2,\"name\":\"Confraria da Foda de Pias entroniza 12 novos confrades\"}]},{\"@type\":\"WebSite\",\"@id\":\"https:\\\/\\\/www.altominho.tv\\\/site\\\/#website\",\"url\":\"https:\\\/\\\/www.altominho.tv\\\/site\\\/\",\"name\":\"Altominho.tv\",\"description\":\"A sua regi\u00e3o \u00e0 dist\u00e2ncia de um clique...\",\"potentialAction\":[{\"@type\":\"SearchAction\",\"target\":{\"@type\":\"EntryPoint\",\"urlTemplate\":\"https:\\\/\\\/www.altominho.tv\\\/site\\\/?s={search_term_string}\"},\"query-input\":{\"@type\":\"PropertyValueSpecification\",\"valueRequired\":true,\"valueName\":\"search_term_string\"}}],\"inLanguage\":\"pt-PT\"},{\"@type\":\"Person\",\"@id\":\"https:\\\/\\\/www.altominho.tv\\\/site\\\/#\\\/schema\\\/person\\\/d9be4265364723f14ea8e0d56a1d38cd\",\"name\":\"Andreia Ferreira\",\"image\":{\"@type\":\"ImageObject\",\"inLanguage\":\"pt-PT\",\"@id\":\"https:\\\/\\\/www.altominho.tv\\\/site\\\/wp-content\\\/uploads\\\/2021\\\/01\\\/AndreiaFerreira-150x150.jpg\",\"url\":\"https:\\\/\\\/www.altominho.tv\\\/site\\\/wp-content\\\/uploads\\\/2021\\\/01\\\/AndreiaFerreira-150x150.jpg\",\"contentUrl\":\"https:\\\/\\\/www.altominho.tv\\\/site\\\/wp-content\\\/uploads\\\/2021\\\/01\\\/AndreiaFerreira-150x150.jpg\",\"caption\":\"Andreia Ferreira\"},\"url\":\"https:\\\/\\\/www.altominho.tv\\\/site\\\/author\\\/andreiaferreira\\\/\"}]}<\/script>\n<!-- \/ Yoast SEO Premium plugin. -->","yoast_head_json":{"title":"Confraria da Foda de Pias entroniza 12 novos confrades","description":"O IV cap\u00edtulo de entroniza\u00e7\u00e3o da Confraria da Foda de Pias vai realizar-se no s\u00e1bado, em Mon\u00e7\u00e3o. Nesta cerim\u00f3nia, ser\u00e3o acolhidos 12 novos confrades.","robots":{"index":"index","follow":"follow","max-snippet":"max-snippet:-1","max-image-preview":"max-image-preview:large","max-video-preview":"max-video-preview:-1"},"canonical":"https:\/\/www.altominho.tv\/site\/2022\/10\/13\/confraria-da-foda-de-pias-entroniza-12-novos-confrades\/","og_locale":"pt_PT","og_type":"article","og_title":"Confraria da Foda de Pias entroniza 12 novos confrades","og_description":"O IV cap\u00edtulo de entroniza\u00e7\u00e3o da Confraria da Foda de Pias vai realizar-se no s\u00e1bado, em Mon\u00e7\u00e3o. Nesta cerim\u00f3nia, ser\u00e3o acolhidos 12 novos confrades.","og_url":"https:\/\/www.altominho.tv\/site\/2022\/10\/13\/confraria-da-foda-de-pias-entroniza-12-novos-confrades\/","og_site_name":"Altominho.tv","article_publisher":"https:\/\/www.facebook.com\/altominhotv","article_published_time":"2022-10-13T11:03:56+00:00","article_modified_time":"2022-10-13T11:06:19+00:00","og_image":[{"width":1833,"height":1255,"url":"https:\/\/www.altominho.tv\/site\/wp-content\/uploads\/2022\/10\/Confraria-Foda.jpg","type":"image\/jpeg"}],"author":"Andreia Ferreira","twitter_card":"summary_large_image","twitter_creator":"@altominhoTV","twitter_site":"@altominhoTV","twitter_misc":{"Escrito por":"Andreia Ferreira","Tempo estimado de leitura":"1 minuto"},"schema":{"@context":"https:\/\/schema.org","@graph":[{"@type":"Article","@id":"https:\/\/www.altominho.tv\/site\/2022\/10\/13\/confraria-da-foda-de-pias-entroniza-12-novos-confrades\/#article","isPartOf":{"@id":"https:\/\/www.altominho.tv\/site\/2022\/10\/13\/confraria-da-foda-de-pias-entroniza-12-novos-confrades\/"},"author":{"name":"Andreia Ferreira","@id":"https:\/\/www.altominho.tv\/site\/#\/schema\/person\/d9be4265364723f14ea8e0d56a1d38cd"},"headline":"Confraria da Foda de Pias entroniza 12 novos confrades","datePublished":"2022-10-13T11:03:56+00:00","dateModified":"2022-10-13T11:06:19+00:00","mainEntityOfPage":{"@id":"https:\/\/www.altominho.tv\/site\/2022\/10\/13\/confraria-da-foda-de-pias-entroniza-12-novos-confrades\/"},"wordCount":205,"image":{"@id":"https:\/\/www.altominho.tv\/site\/2022\/10\/13\/confraria-da-foda-de-pias-entroniza-12-novos-confrades\/#primaryimage"},"thumbnailUrl":"https:\/\/www.altominho.tv\/site\/wp-content\/uploads\/2022\/10\/Confraria-Foda.jpg","keywords":["Sociedade"],"articleSection":["Mon\u00e7\u00e3o"],"inLanguage":"pt-PT","copyrightYear":"2022","copyrightHolder":{"@id":"https:\/\/www.altominho.tv\/site\/#organization"}},{"@type":"WebPage","@id":"https:\/\/www.altominho.tv\/site\/2022\/10\/13\/confraria-da-foda-de-pias-entroniza-12-novos-confrades\/","url":"https:\/\/www.altominho.tv\/site\/2022\/10\/13\/confraria-da-foda-de-pias-entroniza-12-novos-confrades\/","name":"Confraria da Foda de Pias entroniza 12 novos confrades","isPartOf":{"@id":"https:\/\/www.altominho.tv\/site\/#website"},"primaryImageOfPage":{"@id":"https:\/\/www.altominho.tv\/site\/2022\/10\/13\/confraria-da-foda-de-pias-entroniza-12-novos-confrades\/#primaryimage"},"image":{"@id":"https:\/\/www.altominho.tv\/site\/2022\/10\/13\/confraria-da-foda-de-pias-entroniza-12-novos-confrades\/#primaryimage"},"thumbnailUrl":"https:\/\/www.altominho.tv\/site\/wp-content\/uploads\/2022\/10\/Confraria-Foda.jpg","datePublished":"2022-10-13T11:03:56+00:00","dateModified":"2022-10-13T11:06:19+00:00","author":{"@id":"https:\/\/www.altominho.tv\/site\/#\/schema\/person\/d9be4265364723f14ea8e0d56a1d38cd"},"description":"O IV cap\u00edtulo de entroniza\u00e7\u00e3o da Confraria da Foda de Pias vai realizar-se no s\u00e1bado, em Mon\u00e7\u00e3o. Nesta cerim\u00f3nia, ser\u00e3o acolhidos 12 novos confrades.","breadcrumb":{"@id":"https:\/\/www.altominho.tv\/site\/2022\/10\/13\/confraria-da-foda-de-pias-entroniza-12-novos-confrades\/#breadcrumb"},"inLanguage":"pt-PT","potentialAction":[{"@type":"ReadAction","target":["https:\/\/www.altominho.tv\/site\/2022\/10\/13\/confraria-da-foda-de-pias-entroniza-12-novos-confrades\/"]}]},{"@type":"ImageObject","inLanguage":"pt-PT","@id":"https:\/\/www.altominho.tv\/site\/2022\/10\/13\/confraria-da-foda-de-pias-entroniza-12-novos-confrades\/#primaryimage","url":"https:\/\/www.altominho.tv\/site\/wp-content\/uploads\/2022\/10\/Confraria-Foda.jpg","contentUrl":"https:\/\/www.altominho.tv\/site\/wp-content\/uploads\/2022\/10\/Confraria-Foda.jpg","width":1833,"height":1255,"caption":"FACEBOOK CONFRARIA DA FODA"},{"@type":"BreadcrumbList","@id":"https:\/\/www.altominho.tv\/site\/2022\/10\/13\/confraria-da-foda-de-pias-entroniza-12-novos-confrades\/#breadcrumb","itemListElement":[{"@type":"ListItem","position":1,"name":"In\u00edcio","item":"https:\/\/www.altominho.tv\/site\/"},{"@type":"ListItem","position":2,"name":"Confraria da Foda de Pias entroniza 12 novos confrades"}]},{"@type":"WebSite","@id":"https:\/\/www.altominho.tv\/site\/#website","url":"https:\/\/www.altominho.tv\/site\/","name":"Altominho.tv","description":"A sua regi\u00e3o \u00e0 dist\u00e2ncia de um clique...","potentialAction":[{"@type":"SearchAction","target":{"@type":"EntryPoint","urlTemplate":"https:\/\/www.altominho.tv\/site\/?s={search_term_string}"},"query-input":{"@type":"PropertyValueSpecification","valueRequired":true,"valueName":"search_term_string"}}],"inLanguage":"pt-PT"},{"@type":"Person","@id":"https:\/\/www.altominho.tv\/site\/#\/schema\/person\/d9be4265364723f14ea8e0d56a1d38cd","name":"Andreia Ferreira","image":{"@type":"ImageObject","inLanguage":"pt-PT","@id":"https:\/\/www.altominho.tv\/site\/wp-content\/uploads\/2021\/01\/AndreiaFerreira-150x150.jpg","url":"https:\/\/www.altominho.tv\/site\/wp-content\/uploads\/2021\/01\/AndreiaFerreira-150x150.jpg","contentUrl":"https:\/\/www.altominho.tv\/site\/wp-content\/uploads\/2021\/01\/AndreiaFerreira-150x150.jpg","caption":"Andreia Ferreira"},"url":"https:\/\/www.altominho.tv\/site\/author\/andreiaferreira\/"}]}},"_links":{"self":[{"href":"https:\/\/www.altominho.tv\/site\/wp-json\/wp\/v2\/posts\/83684","targetHints":{"allow":["GET"]}}],"collection":[{"href":"https:\/\/www.altominho.tv\/site\/wp-json\/wp\/v2\/posts"}],"about":[{"href":"https:\/\/www.altominho.tv\/site\/wp-json\/wp\/v2\/types\/post"}],"author":[{"embeddable":true,"href":"https:\/\/www.altominho.tv\/site\/wp-json\/wp\/v2\/users\/12"}],"replies":[{"embeddable":true,"href":"https:\/\/www.altominho.tv\/site\/wp-json\/wp\/v2\/comments?post=83684"}],"version-history":[{"count":0,"href":"https:\/\/www.altominho.tv\/site\/wp-json\/wp\/v2\/posts\/83684\/revisions"}],"wp:featuredmedia":[{"embeddable":true,"href":"https:\/\/www.altominho.tv\/site\/wp-json\/wp\/v2\/media\/83701"}],"wp:attachment":[{"href":"https:\/\/www.altominho.tv\/site\/wp-json\/wp\/v2\/media?parent=83684"}],"wp:term":[{"taxonomy":"category","embeddable":true,"href":"https:\/\/www.altominho.tv\/site\/wp-json\/wp\/v2\/categories?post=83684"},{"taxonomy":"post_tag","embeddable":true,"href":"https:\/\/www.altominho.tv\/site\/wp-json\/wp\/v2\/tags?post=83684"}],"curies":[{"name":"wp","href":"https:\/\/api.w.org\/{rel}","templated":true}]}}