{"id":83673,"date":"2022-10-13T09:23:34","date_gmt":"2022-10-13T08:23:34","guid":{"rendered":"https:\/\/www.altominho.tv\/site\/?p=83673"},"modified":"2022-10-13T09:23:40","modified_gmt":"2022-10-13T08:23:40","slug":"moncao-reflorestou-cerca-de-43-dos-3-000-hectares-consumidos-em-2017","status":"publish","type":"post","link":"https:\/\/www.altominho.tv\/site\/2022\/10\/13\/moncao-reflorestou-cerca-de-43-dos-3-000-hectares-consumidos-em-2017\/","title":{"rendered":"Mon\u00e7\u00e3o reflorestou cerca de 43 dos 3.000 hectares consumidos em 2017"},"content":{"rendered":"<p>A freguesia de Merufe, em Mon\u00e7\u00e3o, recuperou 42,7 hectares de floresta dos mais de tr\u00eas mil consumidos em 2017 pelos fogos e at\u00e9 2024 tem de executar fundos de quase 1 milh\u00e3o de euros em refloresta\u00e7\u00e3o, foi hoje divulgado.<\/p>\n<p>\u201cEm 2018, iniciaram-se os trabalhos de estabiliza\u00e7\u00e3o, ap\u00f3s os inc\u00eandios, com interven\u00e7\u00f5es focadas nas linhas de \u00e1gua, tendo sido intervencionados cerca de 42,7 hectares de galerias rip\u00edcolas, num valor total de investimento, j\u00e1 efetuado de 61.781,52 euros\u201d, disse hoje \u00e0 ag\u00eancia Lusa o presidente da Junta de Freguesia de Merufe, no concelho de Mon\u00e7\u00e3o, distrito de Viana do Castelo.<\/p>\n<p>Eleito presidente da junta nas \u00faltimas elei\u00e7\u00f5es aut\u00e1rquicas, Fernando Pinto adiantou que aquelas interven\u00e7\u00f5es \u201cvisaram a reposi\u00e7\u00e3o de sinal\u00e9tica florestal, instala\u00e7\u00e3o de abrigos e comedouros para a fauna selvagem, a regulariza\u00e7\u00e3o do regime hidrol\u00f3gico, as linhas de \u00e1gua e a instala\u00e7\u00e3o de faixas de prote\u00e7\u00e3o atrav\u00e9s de planta\u00e7\u00e3o\u201d.<\/p>\n<p>J\u00e1 em 2020, foi aprovado o Plano de Gest\u00e3o Florestal da Unidade de Baldio da Freguesia de Merufe e, nos anos seguintes, foram aprovadas seis candidaturas ao Programa de Desenvolvimento Rural 2020.<\/p>\n<p>A freguesia, com 864 habitantes, segundo dos dados provis\u00f3rios do Censos 2021, garantiu um montante de quase um milh\u00e3o de euros.<\/p>\n<p>Os projetos formalizados em articula\u00e7\u00e3o com o Instituto de Conserva\u00e7\u00e3o da Natureza e Florestas (ICNF), enquanto entidade cogestora, est\u00e3o, em fases diferentes. Tr\u00eas encontram-se em execu\u00e7\u00e3o, um perto da conclus\u00e3o e, dois, prestes a serem lan\u00e7ados a concurso p\u00fablico.<\/p>\n<p>No dia 14 de outubro de 2017, as chamas deflagraram em Longos Vales, no dia seguinte estavam em Merufe. O fogo passou depois para Barbeita, e quando chegou \u00e0 aldeia de Bela, saltou o rio Minho e, atingiu a Galiza.<\/p>\n<p>Foi dado como extinto no dia 16, deixando um rasto de destrui\u00e7\u00e3o em v\u00e1rias das 24 freguesias de Mon\u00e7\u00e3o, no distrito de Viana do Castelo.<\/p>\n<p>Naquele concelho arderam 3.550 hectares. Merufe, Longos Vales, Barbeita e Bela foram as freguesias mais atingidas.<\/p>\n<p>Em Merufe, freguesia mais distante da sede do concelho, foram consumidas \u00e1reas de povoamento florestal, matos e alguma agricultura num valor total superior a tr\u00eas mil hectares.<\/p>\n<p>Com \u201cmuito trabalho de refloresta\u00e7\u00e3o\u201d pela frente, o autarca de Merufe est\u00e1 preocupado com as \u201czonas de dif\u00edcil acesso\u201d onde cresceu \u201cuma praga\u201d chamada \u201ceucalipto\u201d.<\/p>\n<p>Fernando Pinto espera, \u201cdentro de dois anos\u201d, ter a refloresta\u00e7\u00e3o conclu\u00edda, \u201cisto, se, os fogos\u201d n\u00e3o voltarem a consumir tudo, outra vez\u201d.<\/p>\n<p>\u201c\u00c9 o nosso grande receio. As matas est\u00e3o grandes, ainda vieram com mais abund\u00e2ncia, mais for\u00e7a, tamb\u00e9m porque, a n\u00edvel de particulares, foram deixados os restantes, a mat\u00e9ria lenhosa. \u00c9 uma das nossas preocupa\u00e7\u00f5es. Se um inc\u00eandio vier devasta tudo novamente e j\u00e1 temos uma mancha muito bonita de pinheiro\u201d, frisou.<\/p>\n<p>O autarca garante que a aldeia vive \u201ccom o cora\u00e7\u00e3o nas m\u00e3os, devido \u00e0s elevadas temperaturas que fazem sentir, \u00e0 falta de \u00e1gua de chuva e tamb\u00e9m \u00e0 falta de limpeza de muitos particulares\u201d.<\/p>\n<p>Dos fogos de 2017, a pior imagem que reteve foi a da \u201cafli\u00e7\u00e3o das pessoas rodeadas de fogo, e nada puderem fazer\u201d.<\/p>\n<p>\u201cTodos os montes da aldeia foram fustigados. As pessoas diziam que era o inferno na terra\u201d, sublinhou.<\/p>\n<p>J\u00e1 \u201ca entreajuda entre os habitantes da aldeia\u201d \u00e9 o sentimento mais forte que guarda desses dias.<\/p>\n<p>\u201cAs pessoas das zonas que n\u00e3o estavam a ser fustigadas pelo fogo vieram em aux\u00edlio, com tratores e tambores de sulfatar, cheios de \u00e1gua para ajudarem os bombeiros. Foi uma ajuda muito grande, sen\u00e3o teria sido muito pior\u201d, lembrou.<\/p>\n<p>Em mar\u00e7o deste ano, o presidente da C\u00e2mara de Mon\u00e7\u00e3o considerou que a reconstru\u00e7\u00e3o das casas do concelho afetadas pelos inc\u00eandios de 2017 \u201ccorreu bem\u201d e justificou a \u201cderrapagem\u201d na sua conclus\u00e3o com a \u201crigorosa aplica\u00e7\u00e3o\u201d dos fundos atribu\u00eddos pelo Governo.<\/p>\n<p>Na altura, questionado pela ag\u00eancia Lusa, a prop\u00f3sito do relat\u00f3rio do Tribunal de Contas (TdC) sobre atrasos na recupera\u00e7\u00e3o de casas danificadas pelos inc\u00eandios de 2017, o social-democrata Ant\u00f3nio Barbosa admitiu que o processo poderia ter sido mais \u201cr\u00e1pido\u201d, mas referiu que \u201cfoi o tempo poss\u00edvel\u201d.<\/p>\n<p>Segundo Ant\u00f3nio Barbosa, das 10 casas inicialmente identificadas como tendo sido afetadas pelos inc\u00eandios de 2017, apenas seis cumpriam os requisitos e receberam apoios \u00e0 reconstru\u00e7\u00e3o.<\/p>\n<p>Daquelas seis, tr\u00eas sofreram uma interven\u00e7\u00e3o total e as restantes pequenos arranjos. O autarca do PSD disse que a recupera\u00e7\u00e3o das casas foi finalizada em meados de 2020.<\/p>\n","protected":false},"excerpt":{"rendered":"<p>A freguesia de Merufe, em Mon\u00e7\u00e3o, recuperou 42,7 hectares de floresta dos mais de tr\u00eas mil consumidos em 2017 pelos fogos e at\u00e9 2024 tem de executar fundos de quase 1 milh\u00e3o de euros em refloresta\u00e7\u00e3o, foi hoje divulgado. \u201cEm 2018, iniciaram-se os trabalhos de estabiliza\u00e7\u00e3o, ap\u00f3s os inc\u00eandios, com interven\u00e7\u00f5es focadas nas linhas de [&hellip;]<\/p>\n","protected":false},"author":13,"featured_media":83674,"comment_status":"closed","ping_status":"closed","sticky":false,"template":"","format":"standard","meta":{"_exactmetrics_skip_tracking":false,"_exactmetrics_sitenote_active":false,"_exactmetrics_sitenote_note":"","_exactmetrics_sitenote_category":0,"footnotes":""},"categories":[9],"tags":[27],"class_list":["post-83673","post","type-post","status-publish","format-standard","has-post-thumbnail","hentry","category-moncao","tag-sociedade"],"yoast_head":"<!-- This site is optimized with the Yoast SEO Premium plugin v27.4 (Yoast SEO v27.4) - https:\/\/yoast.com\/product\/yoast-seo-premium-wordpress\/ -->\n<title>Mon\u00e7\u00e3o reflorestou cerca de 43 dos 3.000 hectares consumidos em 2017<\/title>\n<meta name=\"description\" content=\"Naquele concelho arderam 3.550 hectares. Merufe, Longos Vales, Barbeita e Bela foram as freguesias mais atingidas\" \/>\n<meta name=\"robots\" content=\"index, follow, max-snippet:-1, max-image-preview:large, max-video-preview:-1\" \/>\n<link rel=\"canonical\" href=\"https:\/\/www.altominho.tv\/site\/2022\/10\/13\/moncao-reflorestou-cerca-de-43-dos-3-000-hectares-consumidos-em-2017\/\" \/>\n<meta property=\"og:locale\" content=\"pt_PT\" \/>\n<meta property=\"og:type\" content=\"article\" \/>\n<meta property=\"og:title\" content=\"Mon\u00e7\u00e3o reflorestou cerca de 43 dos 3.000 hectares consumidos em 2017\" \/>\n<meta property=\"og:description\" content=\"Naquele concelho arderam 3.550 hectares. Merufe, Longos Vales, Barbeita e Bela foram as freguesias mais atingidas\" \/>\n<meta property=\"og:url\" content=\"https:\/\/www.altominho.tv\/site\/2022\/10\/13\/moncao-reflorestou-cerca-de-43-dos-3-000-hectares-consumidos-em-2017\/\" \/>\n<meta property=\"og:site_name\" content=\"Altominho.tv\" \/>\n<meta property=\"article:publisher\" content=\"https:\/\/www.facebook.com\/altominhotv\" \/>\n<meta property=\"article:published_time\" content=\"2022-10-13T08:23:34+00:00\" \/>\n<meta property=\"article:modified_time\" content=\"2022-10-13T08:23:40+00:00\" \/>\n<meta property=\"og:image\" content=\"https:\/\/www.altominho.tv\/site\/wp-content\/uploads\/2022\/10\/incendio-moncao.jpg\" \/>\n\t<meta property=\"og:image:width\" content=\"2544\" \/>\n\t<meta property=\"og:image:height\" content=\"1320\" \/>\n\t<meta property=\"og:image:type\" content=\"image\/jpeg\" \/>\n<meta name=\"author\" content=\"Lusa\" \/>\n<meta name=\"twitter:card\" content=\"summary_large_image\" \/>\n<meta name=\"twitter:creator\" content=\"@altominhoTV\" \/>\n<meta name=\"twitter:site\" content=\"@altominhoTV\" \/>\n<meta name=\"twitter:label1\" content=\"Escrito por\" \/>\n\t<meta name=\"twitter:data1\" content=\"Lusa\" \/>\n\t<meta name=\"twitter:label2\" content=\"Tempo estimado de leitura\" \/>\n\t<meta name=\"twitter:data2\" content=\"4 minutos\" \/>\n<script type=\"application\/ld+json\" class=\"yoast-schema-graph\">{\"@context\":\"https:\\\/\\\/schema.org\",\"@graph\":[{\"@type\":\"Article\",\"@id\":\"https:\\\/\\\/www.altominho.tv\\\/site\\\/2022\\\/10\\\/13\\\/moncao-reflorestou-cerca-de-43-dos-3-000-hectares-consumidos-em-2017\\\/#article\",\"isPartOf\":{\"@id\":\"https:\\\/\\\/www.altominho.tv\\\/site\\\/2022\\\/10\\\/13\\\/moncao-reflorestou-cerca-de-43-dos-3-000-hectares-consumidos-em-2017\\\/\"},\"author\":{\"name\":\"Lusa\",\"@id\":\"https:\\\/\\\/www.altominho.tv\\\/site\\\/#\\\/schema\\\/person\\\/63f693da3e1899361cbe955c46f3232e\"},\"headline\":\"Mon\u00e7\u00e3o reflorestou cerca de 43 dos 3.000 hectares consumidos em 2017\",\"datePublished\":\"2022-10-13T08:23:34+00:00\",\"dateModified\":\"2022-10-13T08:23:40+00:00\",\"mainEntityOfPage\":{\"@id\":\"https:\\\/\\\/www.altominho.tv\\\/site\\\/2022\\\/10\\\/13\\\/moncao-reflorestou-cerca-de-43-dos-3-000-hectares-consumidos-em-2017\\\/\"},\"wordCount\":773,\"image\":{\"@id\":\"https:\\\/\\\/www.altominho.tv\\\/site\\\/2022\\\/10\\\/13\\\/moncao-reflorestou-cerca-de-43-dos-3-000-hectares-consumidos-em-2017\\\/#primaryimage\"},\"thumbnailUrl\":\"https:\\\/\\\/www.altominho.tv\\\/site\\\/wp-content\\\/uploads\\\/2022\\\/10\\\/incendio-moncao.jpg\",\"keywords\":[\"Sociedade\"],\"articleSection\":[\"Mon\u00e7\u00e3o\"],\"inLanguage\":\"pt-PT\",\"copyrightYear\":\"2022\",\"copyrightHolder\":{\"@id\":\"https:\\\/\\\/www.altominho.tv\\\/site\\\/#organization\"}},{\"@type\":\"WebPage\",\"@id\":\"https:\\\/\\\/www.altominho.tv\\\/site\\\/2022\\\/10\\\/13\\\/moncao-reflorestou-cerca-de-43-dos-3-000-hectares-consumidos-em-2017\\\/\",\"url\":\"https:\\\/\\\/www.altominho.tv\\\/site\\\/2022\\\/10\\\/13\\\/moncao-reflorestou-cerca-de-43-dos-3-000-hectares-consumidos-em-2017\\\/\",\"name\":\"Mon\u00e7\u00e3o reflorestou cerca de 43 dos 3.000 hectares consumidos em 2017\",\"isPartOf\":{\"@id\":\"https:\\\/\\\/www.altominho.tv\\\/site\\\/#website\"},\"primaryImageOfPage\":{\"@id\":\"https:\\\/\\\/www.altominho.tv\\\/site\\\/2022\\\/10\\\/13\\\/moncao-reflorestou-cerca-de-43-dos-3-000-hectares-consumidos-em-2017\\\/#primaryimage\"},\"image\":{\"@id\":\"https:\\\/\\\/www.altominho.tv\\\/site\\\/2022\\\/10\\\/13\\\/moncao-reflorestou-cerca-de-43-dos-3-000-hectares-consumidos-em-2017\\\/#primaryimage\"},\"thumbnailUrl\":\"https:\\\/\\\/www.altominho.tv\\\/site\\\/wp-content\\\/uploads\\\/2022\\\/10\\\/incendio-moncao.jpg\",\"datePublished\":\"2022-10-13T08:23:34+00:00\",\"dateModified\":\"2022-10-13T08:23:40+00:00\",\"author\":{\"@id\":\"https:\\\/\\\/www.altominho.tv\\\/site\\\/#\\\/schema\\\/person\\\/63f693da3e1899361cbe955c46f3232e\"},\"description\":\"Naquele concelho arderam 3.550 hectares. Merufe, Longos Vales, Barbeita e Bela foram as freguesias mais atingidas\",\"breadcrumb\":{\"@id\":\"https:\\\/\\\/www.altominho.tv\\\/site\\\/2022\\\/10\\\/13\\\/moncao-reflorestou-cerca-de-43-dos-3-000-hectares-consumidos-em-2017\\\/#breadcrumb\"},\"inLanguage\":\"pt-PT\",\"potentialAction\":[{\"@type\":\"ReadAction\",\"target\":[\"https:\\\/\\\/www.altominho.tv\\\/site\\\/2022\\\/10\\\/13\\\/moncao-reflorestou-cerca-de-43-dos-3-000-hectares-consumidos-em-2017\\\/\"]}]},{\"@type\":\"ImageObject\",\"inLanguage\":\"pt-PT\",\"@id\":\"https:\\\/\\\/www.altominho.tv\\\/site\\\/2022\\\/10\\\/13\\\/moncao-reflorestou-cerca-de-43-dos-3-000-hectares-consumidos-em-2017\\\/#primaryimage\",\"url\":\"https:\\\/\\\/www.altominho.tv\\\/site\\\/wp-content\\\/uploads\\\/2022\\\/10\\\/incendio-moncao.jpg\",\"contentUrl\":\"https:\\\/\\\/www.altominho.tv\\\/site\\\/wp-content\\\/uploads\\\/2022\\\/10\\\/incendio-moncao.jpg\",\"width\":2544,\"height\":1320},{\"@type\":\"BreadcrumbList\",\"@id\":\"https:\\\/\\\/www.altominho.tv\\\/site\\\/2022\\\/10\\\/13\\\/moncao-reflorestou-cerca-de-43-dos-3-000-hectares-consumidos-em-2017\\\/#breadcrumb\",\"itemListElement\":[{\"@type\":\"ListItem\",\"position\":1,\"name\":\"In\u00edcio\",\"item\":\"https:\\\/\\\/www.altominho.tv\\\/site\\\/\"},{\"@type\":\"ListItem\",\"position\":2,\"name\":\"Mon\u00e7\u00e3o reflorestou cerca de 43 dos 3.000 hectares consumidos em 2017\"}]},{\"@type\":\"WebSite\",\"@id\":\"https:\\\/\\\/www.altominho.tv\\\/site\\\/#website\",\"url\":\"https:\\\/\\\/www.altominho.tv\\\/site\\\/\",\"name\":\"Altominho.tv\",\"description\":\"A sua regi\u00e3o \u00e0 dist\u00e2ncia de um clique...\",\"potentialAction\":[{\"@type\":\"SearchAction\",\"target\":{\"@type\":\"EntryPoint\",\"urlTemplate\":\"https:\\\/\\\/www.altominho.tv\\\/site\\\/?s={search_term_string}\"},\"query-input\":{\"@type\":\"PropertyValueSpecification\",\"valueRequired\":true,\"valueName\":\"search_term_string\"}}],\"inLanguage\":\"pt-PT\"},{\"@type\":\"Person\",\"@id\":\"https:\\\/\\\/www.altominho.tv\\\/site\\\/#\\\/schema\\\/person\\\/63f693da3e1899361cbe955c46f3232e\",\"name\":\"Lusa\",\"image\":{\"@type\":\"ImageObject\",\"inLanguage\":\"pt-PT\",\"@id\":\"https:\\\/\\\/www.altominho.tv\\\/site\\\/wp-content\\\/uploads\\\/2019\\\/08\\\/LUSA_Logo.gif\",\"url\":\"https:\\\/\\\/www.altominho.tv\\\/site\\\/wp-content\\\/uploads\\\/2019\\\/08\\\/LUSA_Logo.gif\",\"contentUrl\":\"https:\\\/\\\/www.altominho.tv\\\/site\\\/wp-content\\\/uploads\\\/2019\\\/08\\\/LUSA_Logo.gif\",\"caption\":\"Lusa\"},\"sameAs\":[\"http:\\\/\\\/\\\/\\\/www.altominho.tv\\\/site\"],\"url\":\"https:\\\/\\\/www.altominho.tv\\\/site\\\/author\\\/lusa\\\/\"}]}<\/script>\n<!-- \/ Yoast SEO Premium plugin. -->","yoast_head_json":{"title":"Mon\u00e7\u00e3o reflorestou cerca de 43 dos 3.000 hectares consumidos em 2017","description":"Naquele concelho arderam 3.550 hectares. Merufe, Longos Vales, Barbeita e Bela foram as freguesias mais atingidas","robots":{"index":"index","follow":"follow","max-snippet":"max-snippet:-1","max-image-preview":"max-image-preview:large","max-video-preview":"max-video-preview:-1"},"canonical":"https:\/\/www.altominho.tv\/site\/2022\/10\/13\/moncao-reflorestou-cerca-de-43-dos-3-000-hectares-consumidos-em-2017\/","og_locale":"pt_PT","og_type":"article","og_title":"Mon\u00e7\u00e3o reflorestou cerca de 43 dos 3.000 hectares consumidos em 2017","og_description":"Naquele concelho arderam 3.550 hectares. Merufe, Longos Vales, Barbeita e Bela foram as freguesias mais atingidas","og_url":"https:\/\/www.altominho.tv\/site\/2022\/10\/13\/moncao-reflorestou-cerca-de-43-dos-3-000-hectares-consumidos-em-2017\/","og_site_name":"Altominho.tv","article_publisher":"https:\/\/www.facebook.com\/altominhotv","article_published_time":"2022-10-13T08:23:34+00:00","article_modified_time":"2022-10-13T08:23:40+00:00","og_image":[{"width":2544,"height":1320,"url":"https:\/\/www.altominho.tv\/site\/wp-content\/uploads\/2022\/10\/incendio-moncao.jpg","type":"image\/jpeg"}],"author":"Lusa","twitter_card":"summary_large_image","twitter_creator":"@altominhoTV","twitter_site":"@altominhoTV","twitter_misc":{"Escrito por":"Lusa","Tempo estimado de leitura":"4 minutos"},"schema":{"@context":"https:\/\/schema.org","@graph":[{"@type":"Article","@id":"https:\/\/www.altominho.tv\/site\/2022\/10\/13\/moncao-reflorestou-cerca-de-43-dos-3-000-hectares-consumidos-em-2017\/#article","isPartOf":{"@id":"https:\/\/www.altominho.tv\/site\/2022\/10\/13\/moncao-reflorestou-cerca-de-43-dos-3-000-hectares-consumidos-em-2017\/"},"author":{"name":"Lusa","@id":"https:\/\/www.altominho.tv\/site\/#\/schema\/person\/63f693da3e1899361cbe955c46f3232e"},"headline":"Mon\u00e7\u00e3o reflorestou cerca de 43 dos 3.000 hectares consumidos em 2017","datePublished":"2022-10-13T08:23:34+00:00","dateModified":"2022-10-13T08:23:40+00:00","mainEntityOfPage":{"@id":"https:\/\/www.altominho.tv\/site\/2022\/10\/13\/moncao-reflorestou-cerca-de-43-dos-3-000-hectares-consumidos-em-2017\/"},"wordCount":773,"image":{"@id":"https:\/\/www.altominho.tv\/site\/2022\/10\/13\/moncao-reflorestou-cerca-de-43-dos-3-000-hectares-consumidos-em-2017\/#primaryimage"},"thumbnailUrl":"https:\/\/www.altominho.tv\/site\/wp-content\/uploads\/2022\/10\/incendio-moncao.jpg","keywords":["Sociedade"],"articleSection":["Mon\u00e7\u00e3o"],"inLanguage":"pt-PT","copyrightYear":"2022","copyrightHolder":{"@id":"https:\/\/www.altominho.tv\/site\/#organization"}},{"@type":"WebPage","@id":"https:\/\/www.altominho.tv\/site\/2022\/10\/13\/moncao-reflorestou-cerca-de-43-dos-3-000-hectares-consumidos-em-2017\/","url":"https:\/\/www.altominho.tv\/site\/2022\/10\/13\/moncao-reflorestou-cerca-de-43-dos-3-000-hectares-consumidos-em-2017\/","name":"Mon\u00e7\u00e3o reflorestou cerca de 43 dos 3.000 hectares consumidos em 2017","isPartOf":{"@id":"https:\/\/www.altominho.tv\/site\/#website"},"primaryImageOfPage":{"@id":"https:\/\/www.altominho.tv\/site\/2022\/10\/13\/moncao-reflorestou-cerca-de-43-dos-3-000-hectares-consumidos-em-2017\/#primaryimage"},"image":{"@id":"https:\/\/www.altominho.tv\/site\/2022\/10\/13\/moncao-reflorestou-cerca-de-43-dos-3-000-hectares-consumidos-em-2017\/#primaryimage"},"thumbnailUrl":"https:\/\/www.altominho.tv\/site\/wp-content\/uploads\/2022\/10\/incendio-moncao.jpg","datePublished":"2022-10-13T08:23:34+00:00","dateModified":"2022-10-13T08:23:40+00:00","author":{"@id":"https:\/\/www.altominho.tv\/site\/#\/schema\/person\/63f693da3e1899361cbe955c46f3232e"},"description":"Naquele concelho arderam 3.550 hectares. Merufe, Longos Vales, Barbeita e Bela foram as freguesias mais atingidas","breadcrumb":{"@id":"https:\/\/www.altominho.tv\/site\/2022\/10\/13\/moncao-reflorestou-cerca-de-43-dos-3-000-hectares-consumidos-em-2017\/#breadcrumb"},"inLanguage":"pt-PT","potentialAction":[{"@type":"ReadAction","target":["https:\/\/www.altominho.tv\/site\/2022\/10\/13\/moncao-reflorestou-cerca-de-43-dos-3-000-hectares-consumidos-em-2017\/"]}]},{"@type":"ImageObject","inLanguage":"pt-PT","@id":"https:\/\/www.altominho.tv\/site\/2022\/10\/13\/moncao-reflorestou-cerca-de-43-dos-3-000-hectares-consumidos-em-2017\/#primaryimage","url":"https:\/\/www.altominho.tv\/site\/wp-content\/uploads\/2022\/10\/incendio-moncao.jpg","contentUrl":"https:\/\/www.altominho.tv\/site\/wp-content\/uploads\/2022\/10\/incendio-moncao.jpg","width":2544,"height":1320},{"@type":"BreadcrumbList","@id":"https:\/\/www.altominho.tv\/site\/2022\/10\/13\/moncao-reflorestou-cerca-de-43-dos-3-000-hectares-consumidos-em-2017\/#breadcrumb","itemListElement":[{"@type":"ListItem","position":1,"name":"In\u00edcio","item":"https:\/\/www.altominho.tv\/site\/"},{"@type":"ListItem","position":2,"name":"Mon\u00e7\u00e3o reflorestou cerca de 43 dos 3.000 hectares consumidos em 2017"}]},{"@type":"WebSite","@id":"https:\/\/www.altominho.tv\/site\/#website","url":"https:\/\/www.altominho.tv\/site\/","name":"Altominho.tv","description":"A sua regi\u00e3o \u00e0 dist\u00e2ncia de um clique...","potentialAction":[{"@type":"SearchAction","target":{"@type":"EntryPoint","urlTemplate":"https:\/\/www.altominho.tv\/site\/?s={search_term_string}"},"query-input":{"@type":"PropertyValueSpecification","valueRequired":true,"valueName":"search_term_string"}}],"inLanguage":"pt-PT"},{"@type":"Person","@id":"https:\/\/www.altominho.tv\/site\/#\/schema\/person\/63f693da3e1899361cbe955c46f3232e","name":"Lusa","image":{"@type":"ImageObject","inLanguage":"pt-PT","@id":"https:\/\/www.altominho.tv\/site\/wp-content\/uploads\/2019\/08\/LUSA_Logo.gif","url":"https:\/\/www.altominho.tv\/site\/wp-content\/uploads\/2019\/08\/LUSA_Logo.gif","contentUrl":"https:\/\/www.altominho.tv\/site\/wp-content\/uploads\/2019\/08\/LUSA_Logo.gif","caption":"Lusa"},"sameAs":["http:\/\/\/\/www.altominho.tv\/site"],"url":"https:\/\/www.altominho.tv\/site\/author\/lusa\/"}]}},"_links":{"self":[{"href":"https:\/\/www.altominho.tv\/site\/wp-json\/wp\/v2\/posts\/83673","targetHints":{"allow":["GET"]}}],"collection":[{"href":"https:\/\/www.altominho.tv\/site\/wp-json\/wp\/v2\/posts"}],"about":[{"href":"https:\/\/www.altominho.tv\/site\/wp-json\/wp\/v2\/types\/post"}],"author":[{"embeddable":true,"href":"https:\/\/www.altominho.tv\/site\/wp-json\/wp\/v2\/users\/13"}],"replies":[{"embeddable":true,"href":"https:\/\/www.altominho.tv\/site\/wp-json\/wp\/v2\/comments?post=83673"}],"version-history":[{"count":0,"href":"https:\/\/www.altominho.tv\/site\/wp-json\/wp\/v2\/posts\/83673\/revisions"}],"wp:featuredmedia":[{"embeddable":true,"href":"https:\/\/www.altominho.tv\/site\/wp-json\/wp\/v2\/media\/83674"}],"wp:attachment":[{"href":"https:\/\/www.altominho.tv\/site\/wp-json\/wp\/v2\/media?parent=83673"}],"wp:term":[{"taxonomy":"category","embeddable":true,"href":"https:\/\/www.altominho.tv\/site\/wp-json\/wp\/v2\/categories?post=83673"},{"taxonomy":"post_tag","embeddable":true,"href":"https:\/\/www.altominho.tv\/site\/wp-json\/wp\/v2\/tags?post=83673"}],"curies":[{"name":"wp","href":"https:\/\/api.w.org\/{rel}","templated":true}]}}