{"id":83647,"date":"2022-10-12T14:29:25","date_gmt":"2022-10-12T13:29:25","guid":{"rendered":"https:\/\/www.altominho.tv\/site\/?p=83647"},"modified":"2022-10-12T14:29:34","modified_gmt":"2022-10-12T13:29:34","slug":"vitor-paulo-pereira-sabemos-que-o-futuro-sera-duro-e-exigente","status":"publish","type":"post","link":"https:\/\/www.altominho.tv\/site\/2022\/10\/12\/vitor-paulo-pereira-sabemos-que-o-futuro-sera-duro-e-exigente\/","title":{"rendered":"V\u00edtor Paulo Pereira: \u201cSabemos que o futuro ser\u00e1 duro e exigente\u201d"},"content":{"rendered":"<p>\u201cSabemos que o futuro ser\u00e1 dif\u00edcil e exigente, mas temos a certeza de que tudo faremos para que esse futuro seja melhor.\u201d A frase \u00e9 de V\u00edtor Paulo Pereira, autarca courense que assumiu a lideran\u00e7a da Comiss\u00e3o Distrital de Prote\u00e7\u00e3o Civil do Distrito de Viana do Castelo.<\/p>\n<p>O presidente da C\u00e2mara Municipal de Paredes de Coura sucede no cargo a Miguel Alves, recentemente nomeado secret\u00e1rio de Estado Adjunto do Primeiro-Ministro.<\/p>\n<p>\u201cVivemos num tempo complexo e dominado por elevada incerteza, onde as consequ\u00eancias das altera\u00e7\u00f5es clim\u00e1ticas al\u00e9m de interferirem com o nosso quotidiano s\u00e3o potenciadoras de elevados riscos, que s\u00e3o verdadeiros desafios para todas as estruturas de prote\u00e7\u00e3o civil. Todavia, as altera\u00e7\u00f5es clim\u00e1ticas n\u00e3o servem para explicar totalmente a severidade dos grandes inc\u00eandios. O recuo demogr\u00e1fico, o envelhecimento das gentes das nossas aldeias e a falta de gest\u00e3o dos espa\u00e7os florestais explicam tamb\u00e9m este flagelo\u201d, frisou V\u00edtor Paulo Pereira, acrescentando: \u201co futuro ser\u00e1 cada vez mais dif\u00edcil e, portanto, aumentar\u00e3o \u00e0s exig\u00eancias das interven\u00e7\u00f5es. Neste contexto, a prote\u00e7\u00e3o civil \u00e9 cada vez mais um trabalho coletivo, onde o esp\u00edrito de coopera\u00e7\u00e3o ser\u00e1 fundamental para atingirmos os objetivos, com efic\u00e1cia\u201d.<\/p>\n<p>Compete \u00e0 Comiss\u00e3o Distrital de Prote\u00e7\u00e3o Civil acompanhar as pol\u00edticas diretamente ligadas ao sistema de prote\u00e7\u00e3o civil, promover o acionamento dos planos distritais de emerg\u00eancia sempre que tal se justifique, diligenciar pela realiza\u00e7\u00e3o de exerc\u00edcios, simulacros ou treinos operacionais que contribuam para a efic\u00e1cia de todos os servi\u00e7os intervenientes em a\u00e7\u00f5es de prote\u00e7\u00e3o civil.<\/p>\n<p>Acompanham V\u00edtor Paulo Pereira nesta Comiss\u00e3o Distrital de Prote\u00e7\u00e3o Civil do Distrito de Viana do Castelo os presidentes das C\u00e2maras Municipais de Mon\u00e7\u00e3o, Ant\u00f3nio Barbosa, e de Ponte da Barca, Augusto Marinho.<\/p>\n","protected":false},"excerpt":{"rendered":"<p>\u201cSabemos que o futuro ser\u00e1 dif\u00edcil e exigente, mas temos a certeza de que tudo faremos para que esse futuro seja melhor.\u201d A frase \u00e9 de V\u00edtor Paulo Pereira, autarca courense que assumiu a lideran\u00e7a da Comiss\u00e3o Distrital de Prote\u00e7\u00e3o Civil do Distrito de Viana do Castelo. O presidente da C\u00e2mara Municipal de Paredes de [&hellip;]<\/p>\n","protected":false},"author":24,"featured_media":83651,"comment_status":"closed","ping_status":"closed","sticky":false,"template":"","format":"standard","meta":{"_exactmetrics_skip_tracking":false,"_exactmetrics_sitenote_active":false,"_exactmetrics_sitenote_note":"","_exactmetrics_sitenote_category":0,"footnotes":""},"categories":[10],"tags":[56326],"class_list":["post-83647","post","type-post","status-publish","format-standard","has-post-thumbnail","hentry","category-paredes-de-coura","tag-politica"],"yoast_head":"<!-- This site is optimized with the Yoast SEO Premium plugin v27.5 (Yoast SEO v27.5) - https:\/\/yoast.com\/product\/yoast-seo-premium-wordpress\/ -->\n<title>V\u00edtor Paulo Pereira: \u201cSabemos que o futuro ser\u00e1 duro e exigente\u201d<\/title>\n<meta name=\"robots\" content=\"index, follow, max-snippet:-1, max-image-preview:large, max-video-preview:-1\" \/>\n<link rel=\"canonical\" href=\"https:\/\/www.altominho.tv\/site\/2022\/10\/12\/vitor-paulo-pereira-sabemos-que-o-futuro-sera-duro-e-exigente\/\" \/>\n<meta property=\"og:locale\" content=\"pt_PT\" \/>\n<meta property=\"og:type\" content=\"article\" \/>\n<meta property=\"og:title\" content=\"V\u00edtor Paulo Pereira: \u201cSabemos que o futuro ser\u00e1 duro e exigente\u201d\" \/>\n<meta property=\"og:description\" content=\"\u201cSabemos que o futuro ser\u00e1 dif\u00edcil e exigente, mas temos a certeza de que tudo faremos para que esse futuro seja melhor.\u201d A frase \u00e9 de V\u00edtor Paulo Pereira, autarca courense que assumiu a lideran\u00e7a da Comiss\u00e3o Distrital de Prote\u00e7\u00e3o Civil do Distrito de Viana do Castelo. O presidente da C\u00e2mara Municipal de Paredes de [&hellip;]\" \/>\n<meta property=\"og:url\" content=\"https:\/\/www.altominho.tv\/site\/2022\/10\/12\/vitor-paulo-pereira-sabemos-que-o-futuro-sera-duro-e-exigente\/\" \/>\n<meta property=\"og:site_name\" content=\"Altominho.tv\" \/>\n<meta property=\"article:publisher\" content=\"https:\/\/www.facebook.com\/altominhotv\" \/>\n<meta property=\"article:published_time\" content=\"2022-10-12T13:29:25+00:00\" \/>\n<meta property=\"article:modified_time\" content=\"2022-10-12T13:29:34+00:00\" \/>\n<meta property=\"og:image\" content=\"https:\/\/www.altominho.tv\/site\/wp-content\/uploads\/2022\/10\/Vitor-paulo-pereira-.jpg\" \/>\n\t<meta property=\"og:image:width\" content=\"2036\" \/>\n\t<meta property=\"og:image:height\" content=\"1164\" \/>\n\t<meta property=\"og:image:type\" content=\"image\/jpeg\" \/>\n<meta name=\"author\" content=\"Cesar Lopes\" \/>\n<meta name=\"twitter:card\" content=\"summary_large_image\" \/>\n<meta name=\"twitter:creator\" content=\"@altominhoTV\" \/>\n<meta name=\"twitter:site\" content=\"@altominhoTV\" \/>\n<meta name=\"twitter:label1\" content=\"Escrito por\" \/>\n\t<meta name=\"twitter:data1\" content=\"Cesar Lopes\" \/>\n\t<meta name=\"twitter:label2\" content=\"Tempo estimado de leitura\" \/>\n\t<meta name=\"twitter:data2\" content=\"2 minutos\" \/>\n<script type=\"application\/ld+json\" class=\"yoast-schema-graph\">{\"@context\":\"https:\\\/\\\/schema.org\",\"@graph\":[{\"@type\":\"Article\",\"@id\":\"https:\\\/\\\/www.altominho.tv\\\/site\\\/2022\\\/10\\\/12\\\/vitor-paulo-pereira-sabemos-que-o-futuro-sera-duro-e-exigente\\\/#article\",\"isPartOf\":{\"@id\":\"https:\\\/\\\/www.altominho.tv\\\/site\\\/2022\\\/10\\\/12\\\/vitor-paulo-pereira-sabemos-que-o-futuro-sera-duro-e-exigente\\\/\"},\"author\":{\"name\":\"Cesar Lopes\",\"@id\":\"https:\\\/\\\/www.altominho.tv\\\/site\\\/#\\\/schema\\\/person\\\/c5570e5afb933b8d08c43373326ef1b1\"},\"headline\":\"V\u00edtor Paulo Pereira: \u201cSabemos que o futuro ser\u00e1 duro e exigente\u201d\",\"datePublished\":\"2022-10-12T13:29:25+00:00\",\"dateModified\":\"2022-10-12T13:29:34+00:00\",\"mainEntityOfPage\":{\"@id\":\"https:\\\/\\\/www.altominho.tv\\\/site\\\/2022\\\/10\\\/12\\\/vitor-paulo-pereira-sabemos-que-o-futuro-sera-duro-e-exigente\\\/\"},\"wordCount\":331,\"image\":{\"@id\":\"https:\\\/\\\/www.altominho.tv\\\/site\\\/2022\\\/10\\\/12\\\/vitor-paulo-pereira-sabemos-que-o-futuro-sera-duro-e-exigente\\\/#primaryimage\"},\"thumbnailUrl\":\"https:\\\/\\\/www.altominho.tv\\\/site\\\/wp-content\\\/uploads\\\/2022\\\/10\\\/Vitor-paulo-pereira-.jpg\",\"keywords\":[\"Pol\u00edtica\"],\"articleSection\":[\"Paredes de Coura\"],\"inLanguage\":\"pt-PT\",\"copyrightYear\":\"2022\",\"copyrightHolder\":{\"@id\":\"https:\\\/\\\/www.altominho.tv\\\/site\\\/#organization\"}},{\"@type\":\"WebPage\",\"@id\":\"https:\\\/\\\/www.altominho.tv\\\/site\\\/2022\\\/10\\\/12\\\/vitor-paulo-pereira-sabemos-que-o-futuro-sera-duro-e-exigente\\\/\",\"url\":\"https:\\\/\\\/www.altominho.tv\\\/site\\\/2022\\\/10\\\/12\\\/vitor-paulo-pereira-sabemos-que-o-futuro-sera-duro-e-exigente\\\/\",\"name\":\"V\u00edtor Paulo Pereira: \u201cSabemos que o futuro ser\u00e1 duro e exigente\u201d\",\"isPartOf\":{\"@id\":\"https:\\\/\\\/www.altominho.tv\\\/site\\\/#website\"},\"primaryImageOfPage\":{\"@id\":\"https:\\\/\\\/www.altominho.tv\\\/site\\\/2022\\\/10\\\/12\\\/vitor-paulo-pereira-sabemos-que-o-futuro-sera-duro-e-exigente\\\/#primaryimage\"},\"image\":{\"@id\":\"https:\\\/\\\/www.altominho.tv\\\/site\\\/2022\\\/10\\\/12\\\/vitor-paulo-pereira-sabemos-que-o-futuro-sera-duro-e-exigente\\\/#primaryimage\"},\"thumbnailUrl\":\"https:\\\/\\\/www.altominho.tv\\\/site\\\/wp-content\\\/uploads\\\/2022\\\/10\\\/Vitor-paulo-pereira-.jpg\",\"datePublished\":\"2022-10-12T13:29:25+00:00\",\"dateModified\":\"2022-10-12T13:29:34+00:00\",\"author\":{\"@id\":\"https:\\\/\\\/www.altominho.tv\\\/site\\\/#\\\/schema\\\/person\\\/c5570e5afb933b8d08c43373326ef1b1\"},\"breadcrumb\":{\"@id\":\"https:\\\/\\\/www.altominho.tv\\\/site\\\/2022\\\/10\\\/12\\\/vitor-paulo-pereira-sabemos-que-o-futuro-sera-duro-e-exigente\\\/#breadcrumb\"},\"inLanguage\":\"pt-PT\",\"potentialAction\":[{\"@type\":\"ReadAction\",\"target\":[\"https:\\\/\\\/www.altominho.tv\\\/site\\\/2022\\\/10\\\/12\\\/vitor-paulo-pereira-sabemos-que-o-futuro-sera-duro-e-exigente\\\/\"]}]},{\"@type\":\"ImageObject\",\"inLanguage\":\"pt-PT\",\"@id\":\"https:\\\/\\\/www.altominho.tv\\\/site\\\/2022\\\/10\\\/12\\\/vitor-paulo-pereira-sabemos-que-o-futuro-sera-duro-e-exigente\\\/#primaryimage\",\"url\":\"https:\\\/\\\/www.altominho.tv\\\/site\\\/wp-content\\\/uploads\\\/2022\\\/10\\\/Vitor-paulo-pereira-.jpg\",\"contentUrl\":\"https:\\\/\\\/www.altominho.tv\\\/site\\\/wp-content\\\/uploads\\\/2022\\\/10\\\/Vitor-paulo-pereira-.jpg\",\"width\":2036,\"height\":1164},{\"@type\":\"BreadcrumbList\",\"@id\":\"https:\\\/\\\/www.altominho.tv\\\/site\\\/2022\\\/10\\\/12\\\/vitor-paulo-pereira-sabemos-que-o-futuro-sera-duro-e-exigente\\\/#breadcrumb\",\"itemListElement\":[{\"@type\":\"ListItem\",\"position\":1,\"name\":\"In\u00edcio\",\"item\":\"https:\\\/\\\/www.altominho.tv\\\/site\\\/\"},{\"@type\":\"ListItem\",\"position\":2,\"name\":\"V\u00edtor Paulo Pereira: \u201cSabemos que o futuro ser\u00e1 duro e exigente\u201d\"}]},{\"@type\":\"WebSite\",\"@id\":\"https:\\\/\\\/www.altominho.tv\\\/site\\\/#website\",\"url\":\"https:\\\/\\\/www.altominho.tv\\\/site\\\/\",\"name\":\"Altominho.tv\",\"description\":\"A sua regi\u00e3o \u00e0 dist\u00e2ncia de um clique...\",\"potentialAction\":[{\"@type\":\"SearchAction\",\"target\":{\"@type\":\"EntryPoint\",\"urlTemplate\":\"https:\\\/\\\/www.altominho.tv\\\/site\\\/?s={search_term_string}\"},\"query-input\":{\"@type\":\"PropertyValueSpecification\",\"valueRequired\":true,\"valueName\":\"search_term_string\"}}],\"inLanguage\":\"pt-PT\"},{\"@type\":\"Person\",\"@id\":\"https:\\\/\\\/www.altominho.tv\\\/site\\\/#\\\/schema\\\/person\\\/c5570e5afb933b8d08c43373326ef1b1\",\"name\":\"Cesar Lopes\",\"image\":{\"@type\":\"ImageObject\",\"inLanguage\":\"pt-PT\",\"@id\":\"https:\\\/\\\/www.altominho.tv\\\/site\\\/wp-content\\\/uploads\\\/2022\\\/10\\\/Sem-Titulo-150x150.jpg\",\"url\":\"https:\\\/\\\/www.altominho.tv\\\/site\\\/wp-content\\\/uploads\\\/2022\\\/10\\\/Sem-Titulo-150x150.jpg\",\"contentUrl\":\"https:\\\/\\\/www.altominho.tv\\\/site\\\/wp-content\\\/uploads\\\/2022\\\/10\\\/Sem-Titulo-150x150.jpg\",\"caption\":\"Cesar Lopes\"},\"url\":\"https:\\\/\\\/www.altominho.tv\\\/site\\\/author\\\/cesarlopes\\\/\"}]}<\/script>\n<!-- \/ Yoast SEO Premium plugin. -->","yoast_head_json":{"title":"V\u00edtor Paulo Pereira: \u201cSabemos que o futuro ser\u00e1 duro e exigente\u201d","robots":{"index":"index","follow":"follow","max-snippet":"max-snippet:-1","max-image-preview":"max-image-preview:large","max-video-preview":"max-video-preview:-1"},"canonical":"https:\/\/www.altominho.tv\/site\/2022\/10\/12\/vitor-paulo-pereira-sabemos-que-o-futuro-sera-duro-e-exigente\/","og_locale":"pt_PT","og_type":"article","og_title":"V\u00edtor Paulo Pereira: \u201cSabemos que o futuro ser\u00e1 duro e exigente\u201d","og_description":"\u201cSabemos que o futuro ser\u00e1 dif\u00edcil e exigente, mas temos a certeza de que tudo faremos para que esse futuro seja melhor.\u201d A frase \u00e9 de V\u00edtor Paulo Pereira, autarca courense que assumiu a lideran\u00e7a da Comiss\u00e3o Distrital de Prote\u00e7\u00e3o Civil do Distrito de Viana do Castelo. O presidente da C\u00e2mara Municipal de Paredes de [&hellip;]","og_url":"https:\/\/www.altominho.tv\/site\/2022\/10\/12\/vitor-paulo-pereira-sabemos-que-o-futuro-sera-duro-e-exigente\/","og_site_name":"Altominho.tv","article_publisher":"https:\/\/www.facebook.com\/altominhotv","article_published_time":"2022-10-12T13:29:25+00:00","article_modified_time":"2022-10-12T13:29:34+00:00","og_image":[{"width":2036,"height":1164,"url":"https:\/\/www.altominho.tv\/site\/wp-content\/uploads\/2022\/10\/Vitor-paulo-pereira-.jpg","type":"image\/jpeg"}],"author":"Cesar Lopes","twitter_card":"summary_large_image","twitter_creator":"@altominhoTV","twitter_site":"@altominhoTV","twitter_misc":{"Escrito por":"Cesar Lopes","Tempo estimado de leitura":"2 minutos"},"schema":{"@context":"https:\/\/schema.org","@graph":[{"@type":"Article","@id":"https:\/\/www.altominho.tv\/site\/2022\/10\/12\/vitor-paulo-pereira-sabemos-que-o-futuro-sera-duro-e-exigente\/#article","isPartOf":{"@id":"https:\/\/www.altominho.tv\/site\/2022\/10\/12\/vitor-paulo-pereira-sabemos-que-o-futuro-sera-duro-e-exigente\/"},"author":{"name":"Cesar Lopes","@id":"https:\/\/www.altominho.tv\/site\/#\/schema\/person\/c5570e5afb933b8d08c43373326ef1b1"},"headline":"V\u00edtor Paulo Pereira: \u201cSabemos que o futuro ser\u00e1 duro e exigente\u201d","datePublished":"2022-10-12T13:29:25+00:00","dateModified":"2022-10-12T13:29:34+00:00","mainEntityOfPage":{"@id":"https:\/\/www.altominho.tv\/site\/2022\/10\/12\/vitor-paulo-pereira-sabemos-que-o-futuro-sera-duro-e-exigente\/"},"wordCount":331,"image":{"@id":"https:\/\/www.altominho.tv\/site\/2022\/10\/12\/vitor-paulo-pereira-sabemos-que-o-futuro-sera-duro-e-exigente\/#primaryimage"},"thumbnailUrl":"https:\/\/www.altominho.tv\/site\/wp-content\/uploads\/2022\/10\/Vitor-paulo-pereira-.jpg","keywords":["Pol\u00edtica"],"articleSection":["Paredes de Coura"],"inLanguage":"pt-PT","copyrightYear":"2022","copyrightHolder":{"@id":"https:\/\/www.altominho.tv\/site\/#organization"}},{"@type":"WebPage","@id":"https:\/\/www.altominho.tv\/site\/2022\/10\/12\/vitor-paulo-pereira-sabemos-que-o-futuro-sera-duro-e-exigente\/","url":"https:\/\/www.altominho.tv\/site\/2022\/10\/12\/vitor-paulo-pereira-sabemos-que-o-futuro-sera-duro-e-exigente\/","name":"V\u00edtor Paulo Pereira: \u201cSabemos que o futuro ser\u00e1 duro e exigente\u201d","isPartOf":{"@id":"https:\/\/www.altominho.tv\/site\/#website"},"primaryImageOfPage":{"@id":"https:\/\/www.altominho.tv\/site\/2022\/10\/12\/vitor-paulo-pereira-sabemos-que-o-futuro-sera-duro-e-exigente\/#primaryimage"},"image":{"@id":"https:\/\/www.altominho.tv\/site\/2022\/10\/12\/vitor-paulo-pereira-sabemos-que-o-futuro-sera-duro-e-exigente\/#primaryimage"},"thumbnailUrl":"https:\/\/www.altominho.tv\/site\/wp-content\/uploads\/2022\/10\/Vitor-paulo-pereira-.jpg","datePublished":"2022-10-12T13:29:25+00:00","dateModified":"2022-10-12T13:29:34+00:00","author":{"@id":"https:\/\/www.altominho.tv\/site\/#\/schema\/person\/c5570e5afb933b8d08c43373326ef1b1"},"breadcrumb":{"@id":"https:\/\/www.altominho.tv\/site\/2022\/10\/12\/vitor-paulo-pereira-sabemos-que-o-futuro-sera-duro-e-exigente\/#breadcrumb"},"inLanguage":"pt-PT","potentialAction":[{"@type":"ReadAction","target":["https:\/\/www.altominho.tv\/site\/2022\/10\/12\/vitor-paulo-pereira-sabemos-que-o-futuro-sera-duro-e-exigente\/"]}]},{"@type":"ImageObject","inLanguage":"pt-PT","@id":"https:\/\/www.altominho.tv\/site\/2022\/10\/12\/vitor-paulo-pereira-sabemos-que-o-futuro-sera-duro-e-exigente\/#primaryimage","url":"https:\/\/www.altominho.tv\/site\/wp-content\/uploads\/2022\/10\/Vitor-paulo-pereira-.jpg","contentUrl":"https:\/\/www.altominho.tv\/site\/wp-content\/uploads\/2022\/10\/Vitor-paulo-pereira-.jpg","width":2036,"height":1164},{"@type":"BreadcrumbList","@id":"https:\/\/www.altominho.tv\/site\/2022\/10\/12\/vitor-paulo-pereira-sabemos-que-o-futuro-sera-duro-e-exigente\/#breadcrumb","itemListElement":[{"@type":"ListItem","position":1,"name":"In\u00edcio","item":"https:\/\/www.altominho.tv\/site\/"},{"@type":"ListItem","position":2,"name":"V\u00edtor Paulo Pereira: \u201cSabemos que o futuro ser\u00e1 duro e exigente\u201d"}]},{"@type":"WebSite","@id":"https:\/\/www.altominho.tv\/site\/#website","url":"https:\/\/www.altominho.tv\/site\/","name":"Altominho.tv","description":"A sua regi\u00e3o \u00e0 dist\u00e2ncia de um clique...","potentialAction":[{"@type":"SearchAction","target":{"@type":"EntryPoint","urlTemplate":"https:\/\/www.altominho.tv\/site\/?s={search_term_string}"},"query-input":{"@type":"PropertyValueSpecification","valueRequired":true,"valueName":"search_term_string"}}],"inLanguage":"pt-PT"},{"@type":"Person","@id":"https:\/\/www.altominho.tv\/site\/#\/schema\/person\/c5570e5afb933b8d08c43373326ef1b1","name":"Cesar Lopes","image":{"@type":"ImageObject","inLanguage":"pt-PT","@id":"https:\/\/www.altominho.tv\/site\/wp-content\/uploads\/2022\/10\/Sem-Titulo-150x150.jpg","url":"https:\/\/www.altominho.tv\/site\/wp-content\/uploads\/2022\/10\/Sem-Titulo-150x150.jpg","contentUrl":"https:\/\/www.altominho.tv\/site\/wp-content\/uploads\/2022\/10\/Sem-Titulo-150x150.jpg","caption":"Cesar Lopes"},"url":"https:\/\/www.altominho.tv\/site\/author\/cesarlopes\/"}]}},"_links":{"self":[{"href":"https:\/\/www.altominho.tv\/site\/wp-json\/wp\/v2\/posts\/83647","targetHints":{"allow":["GET"]}}],"collection":[{"href":"https:\/\/www.altominho.tv\/site\/wp-json\/wp\/v2\/posts"}],"about":[{"href":"https:\/\/www.altominho.tv\/site\/wp-json\/wp\/v2\/types\/post"}],"author":[{"embeddable":true,"href":"https:\/\/www.altominho.tv\/site\/wp-json\/wp\/v2\/users\/24"}],"replies":[{"embeddable":true,"href":"https:\/\/www.altominho.tv\/site\/wp-json\/wp\/v2\/comments?post=83647"}],"version-history":[{"count":0,"href":"https:\/\/www.altominho.tv\/site\/wp-json\/wp\/v2\/posts\/83647\/revisions"}],"wp:featuredmedia":[{"embeddable":true,"href":"https:\/\/www.altominho.tv\/site\/wp-json\/wp\/v2\/media\/83651"}],"wp:attachment":[{"href":"https:\/\/www.altominho.tv\/site\/wp-json\/wp\/v2\/media?parent=83647"}],"wp:term":[{"taxonomy":"category","embeddable":true,"href":"https:\/\/www.altominho.tv\/site\/wp-json\/wp\/v2\/categories?post=83647"},{"taxonomy":"post_tag","embeddable":true,"href":"https:\/\/www.altominho.tv\/site\/wp-json\/wp\/v2\/tags?post=83647"}],"curies":[{"name":"wp","href":"https:\/\/api.w.org\/{rel}","templated":true}]}}