{"id":83580,"date":"2022-10-11T10:16:35","date_gmt":"2022-10-11T09:16:35","guid":{"rendered":"https:\/\/www.altominho.tv\/site\/?p=83580"},"modified":"2022-10-11T10:16:37","modified_gmt":"2022-10-11T09:16:37","slug":"moncao-acolhe-sessao-de-esclarecimento-sobre-concurso-para-exploracao-de-estacoes-ferroviarias","status":"publish","type":"post","link":"https:\/\/www.altominho.tv\/site\/2022\/10\/11\/moncao-acolhe-sessao-de-esclarecimento-sobre-concurso-para-exploracao-de-estacoes-ferroviarias\/","title":{"rendered":"Mon\u00e7\u00e3o acolhe sess\u00e3o de esclarecimento sobre concurso para explora\u00e7\u00e3o de esta\u00e7\u00f5es ferrovi\u00e1rias"},"content":{"rendered":"<div class=\"x11i5rnm xat24cr x1mh8g0r x1vvkbs xtlvy1s x126k92a\">\n<p dir=\"auto\"><span style=\"font-size: revert\">A biblioteca municipal de Mon\u00e7\u00e3o vai acolher, esta ter\u00e7a-feira, uma sess\u00e3o de esclarecimento sobre o concurso para a explora\u00e7\u00e3o das esta\u00e7\u00f5es ferrovi\u00e1rias de Ganfei, em Valen\u00e7a, e da Senhora da Cabe\u00e7a, em Mon\u00e7\u00e3o.<\/span><\/p>\n<\/div>\n<p dir=\"auto\">A iniciativa, promovida pela <span style=\"font-size: revert\">Turismo Fundos, em colabora\u00e7\u00e3o com a IP Patrim\u00f3nio, as C\u00e2maras de Mon\u00e7\u00e3o e Valen\u00e7a e a Turismo do Porto e Norte de Portugal, <\/span>tem como objetivo &#8220;apresentar o Fundo Revive Natureza, prestar esclarecimentos sobre as condi\u00e7\u00f5es do concurso e proporcionar aos empres\u00e1rios da regi\u00e3o toda a informa\u00e7\u00e3o necess\u00e1ria para a formaliza\u00e7\u00e3o das candidaturas, cujo prazo termina no dia 21 de novembro&#8221;, esclarece o munic\u00edpio de Mon\u00e7\u00e3o em comunicado.<\/p>\n<p dir=\"auto\">Em causa est\u00e1 a atribui\u00e7\u00e3o<span style=\"font-size: revert\"> dos direitos de explora\u00e7\u00e3o das <a href=\"\/\/www.altominho.tv\/site\/2022\/05\/24\/lancado-concurso-para-exploracao-de-duas-antigas-estacoes-ferroviarias-do-alto-minho\/\">duas antigas esta\u00e7\u00f5es ferrovi\u00e1rias<\/a><\/span>, que est\u00e3o entre os im\u00f3veis p\u00fablicos devolutos afetos ao\u00a0<span class=\"il\">Fundo<\/span>\u00a0<span class=\"il\">Revive<\/span>\u00a0<span class=\"il\">Natureza e<\/span> que ser\u00e3o requalificados para fins tur\u00edsticos.<\/p>\n<p dir=\"auto\">A sess\u00e3o tem in\u00edcio \u00e0s 15h30 e est\u00e1 aberta \u00e0 participa\u00e7\u00e3o de todos os interessados.<\/p>\n","protected":false},"excerpt":{"rendered":"<p>A biblioteca municipal de Mon\u00e7\u00e3o vai acolher, esta ter\u00e7a-feira, uma sess\u00e3o de esclarecimento sobre o concurso para a explora\u00e7\u00e3o das esta\u00e7\u00f5es ferrovi\u00e1rias de Ganfei, em Valen\u00e7a, e da Senhora da Cabe\u00e7a, em Mon\u00e7\u00e3o. A iniciativa, promovida pela Turismo Fundos, em colabora\u00e7\u00e3o com a IP Patrim\u00f3nio, as C\u00e2maras de Mon\u00e7\u00e3o e Valen\u00e7a e a Turismo do [&hellip;]<\/p>\n","protected":false},"author":12,"featured_media":83583,"comment_status":"closed","ping_status":"closed","sticky":false,"template":"","format":"standard","meta":{"_exactmetrics_skip_tracking":false,"_exactmetrics_sitenote_active":false,"_exactmetrics_sitenote_note":"","_exactmetrics_sitenote_category":0,"footnotes":""},"categories":[9],"tags":[27],"class_list":["post-83580","post","type-post","status-publish","format-standard","has-post-thumbnail","hentry","category-moncao","tag-sociedade"],"yoast_head":"<!-- This site is optimized with the Yoast SEO Premium plugin v27.4 (Yoast SEO v27.4) - https:\/\/yoast.com\/product\/yoast-seo-premium-wordpress\/ -->\n<title>Mon\u00e7\u00e3o acolhe sess\u00e3o de esclarecimento sobre concurso para explora\u00e7\u00e3o de esta\u00e7\u00f5es ferrovi\u00e1rias<\/title>\n<meta name=\"description\" content=\"A biblioteca municipal de Mon\u00e7\u00e3o vai acolher uma sess\u00e3o de esclarecimento sobre o concurso para a explora\u00e7\u00e3o de duas esta\u00e7\u00f5es ferrovi\u00e1rias.\" \/>\n<meta name=\"robots\" content=\"index, follow, max-snippet:-1, max-image-preview:large, max-video-preview:-1\" \/>\n<link rel=\"canonical\" href=\"https:\/\/www.altominho.tv\/site\/2022\/10\/11\/moncao-acolhe-sessao-de-esclarecimento-sobre-concurso-para-exploracao-de-estacoes-ferroviarias\/\" \/>\n<meta property=\"og:locale\" content=\"pt_PT\" \/>\n<meta property=\"og:type\" content=\"article\" \/>\n<meta property=\"og:title\" content=\"Mon\u00e7\u00e3o acolhe sess\u00e3o de esclarecimento sobre concurso para explora\u00e7\u00e3o de esta\u00e7\u00f5es ferrovi\u00e1rias\" \/>\n<meta property=\"og:description\" content=\"A biblioteca municipal de Mon\u00e7\u00e3o vai acolher uma sess\u00e3o de esclarecimento sobre o concurso para a explora\u00e7\u00e3o de duas esta\u00e7\u00f5es ferrovi\u00e1rias.\" \/>\n<meta property=\"og:url\" content=\"https:\/\/www.altominho.tv\/site\/2022\/10\/11\/moncao-acolhe-sessao-de-esclarecimento-sobre-concurso-para-exploracao-de-estacoes-ferroviarias\/\" \/>\n<meta property=\"og:site_name\" content=\"Altominho.tv\" \/>\n<meta property=\"article:publisher\" content=\"https:\/\/www.facebook.com\/altominhotv\" \/>\n<meta property=\"article:published_time\" content=\"2022-10-11T09:16:35+00:00\" \/>\n<meta property=\"article:modified_time\" content=\"2022-10-11T09:16:37+00:00\" \/>\n<meta property=\"og:image\" content=\"https:\/\/www.altominho.tv\/site\/wp-content\/uploads\/2022\/10\/Estac\u0327o\u0303es-ferroviarias.jpg\" \/>\n\t<meta property=\"og:image:width\" content=\"762\" \/>\n\t<meta property=\"og:image:height\" content=\"382\" \/>\n\t<meta property=\"og:image:type\" content=\"image\/jpeg\" \/>\n<meta name=\"author\" content=\"Andreia Ferreira\" \/>\n<meta name=\"twitter:card\" content=\"summary_large_image\" \/>\n<meta name=\"twitter:creator\" content=\"@altominhoTV\" \/>\n<meta name=\"twitter:site\" content=\"@altominhoTV\" \/>\n<meta name=\"twitter:label1\" content=\"Escrito por\" \/>\n\t<meta name=\"twitter:data1\" content=\"Andreia Ferreira\" \/>\n\t<meta name=\"twitter:label2\" content=\"Tempo estimado de leitura\" \/>\n\t<meta name=\"twitter:data2\" content=\"1 minuto\" \/>\n<script type=\"application\/ld+json\" class=\"yoast-schema-graph\">{\"@context\":\"https:\\\/\\\/schema.org\",\"@graph\":[{\"@type\":\"Article\",\"@id\":\"https:\\\/\\\/www.altominho.tv\\\/site\\\/2022\\\/10\\\/11\\\/moncao-acolhe-sessao-de-esclarecimento-sobre-concurso-para-exploracao-de-estacoes-ferroviarias\\\/#article\",\"isPartOf\":{\"@id\":\"https:\\\/\\\/www.altominho.tv\\\/site\\\/2022\\\/10\\\/11\\\/moncao-acolhe-sessao-de-esclarecimento-sobre-concurso-para-exploracao-de-estacoes-ferroviarias\\\/\"},\"author\":{\"name\":\"Andreia Ferreira\",\"@id\":\"https:\\\/\\\/www.altominho.tv\\\/site\\\/#\\\/schema\\\/person\\\/d9be4265364723f14ea8e0d56a1d38cd\"},\"headline\":\"Mon\u00e7\u00e3o acolhe sess\u00e3o de esclarecimento sobre concurso para explora\u00e7\u00e3o de esta\u00e7\u00f5es ferrovi\u00e1rias\",\"datePublished\":\"2022-10-11T09:16:35+00:00\",\"dateModified\":\"2022-10-11T09:16:37+00:00\",\"mainEntityOfPage\":{\"@id\":\"https:\\\/\\\/www.altominho.tv\\\/site\\\/2022\\\/10\\\/11\\\/moncao-acolhe-sessao-de-esclarecimento-sobre-concurso-para-exploracao-de-estacoes-ferroviarias\\\/\"},\"wordCount\":202,\"image\":{\"@id\":\"https:\\\/\\\/www.altominho.tv\\\/site\\\/2022\\\/10\\\/11\\\/moncao-acolhe-sessao-de-esclarecimento-sobre-concurso-para-exploracao-de-estacoes-ferroviarias\\\/#primaryimage\"},\"thumbnailUrl\":\"https:\\\/\\\/www.altominho.tv\\\/site\\\/wp-content\\\/uploads\\\/2022\\\/10\\\/Estac\u0327o\u0303es-ferroviarias.jpg\",\"keywords\":[\"Sociedade\"],\"articleSection\":[\"Mon\u00e7\u00e3o\"],\"inLanguage\":\"pt-PT\",\"copyrightYear\":\"2022\",\"copyrightHolder\":{\"@id\":\"https:\\\/\\\/www.altominho.tv\\\/site\\\/#organization\"}},{\"@type\":\"WebPage\",\"@id\":\"https:\\\/\\\/www.altominho.tv\\\/site\\\/2022\\\/10\\\/11\\\/moncao-acolhe-sessao-de-esclarecimento-sobre-concurso-para-exploracao-de-estacoes-ferroviarias\\\/\",\"url\":\"https:\\\/\\\/www.altominho.tv\\\/site\\\/2022\\\/10\\\/11\\\/moncao-acolhe-sessao-de-esclarecimento-sobre-concurso-para-exploracao-de-estacoes-ferroviarias\\\/\",\"name\":\"Mon\u00e7\u00e3o acolhe sess\u00e3o de esclarecimento sobre concurso para explora\u00e7\u00e3o de esta\u00e7\u00f5es ferrovi\u00e1rias\",\"isPartOf\":{\"@id\":\"https:\\\/\\\/www.altominho.tv\\\/site\\\/#website\"},\"primaryImageOfPage\":{\"@id\":\"https:\\\/\\\/www.altominho.tv\\\/site\\\/2022\\\/10\\\/11\\\/moncao-acolhe-sessao-de-esclarecimento-sobre-concurso-para-exploracao-de-estacoes-ferroviarias\\\/#primaryimage\"},\"image\":{\"@id\":\"https:\\\/\\\/www.altominho.tv\\\/site\\\/2022\\\/10\\\/11\\\/moncao-acolhe-sessao-de-esclarecimento-sobre-concurso-para-exploracao-de-estacoes-ferroviarias\\\/#primaryimage\"},\"thumbnailUrl\":\"https:\\\/\\\/www.altominho.tv\\\/site\\\/wp-content\\\/uploads\\\/2022\\\/10\\\/Estac\u0327o\u0303es-ferroviarias.jpg\",\"datePublished\":\"2022-10-11T09:16:35+00:00\",\"dateModified\":\"2022-10-11T09:16:37+00:00\",\"author\":{\"@id\":\"https:\\\/\\\/www.altominho.tv\\\/site\\\/#\\\/schema\\\/person\\\/d9be4265364723f14ea8e0d56a1d38cd\"},\"description\":\"A biblioteca municipal de Mon\u00e7\u00e3o vai acolher uma sess\u00e3o de esclarecimento sobre o concurso para a explora\u00e7\u00e3o de duas esta\u00e7\u00f5es ferrovi\u00e1rias.\",\"breadcrumb\":{\"@id\":\"https:\\\/\\\/www.altominho.tv\\\/site\\\/2022\\\/10\\\/11\\\/moncao-acolhe-sessao-de-esclarecimento-sobre-concurso-para-exploracao-de-estacoes-ferroviarias\\\/#breadcrumb\"},\"inLanguage\":\"pt-PT\",\"potentialAction\":[{\"@type\":\"ReadAction\",\"target\":[\"https:\\\/\\\/www.altominho.tv\\\/site\\\/2022\\\/10\\\/11\\\/moncao-acolhe-sessao-de-esclarecimento-sobre-concurso-para-exploracao-de-estacoes-ferroviarias\\\/\"]}]},{\"@type\":\"ImageObject\",\"inLanguage\":\"pt-PT\",\"@id\":\"https:\\\/\\\/www.altominho.tv\\\/site\\\/2022\\\/10\\\/11\\\/moncao-acolhe-sessao-de-esclarecimento-sobre-concurso-para-exploracao-de-estacoes-ferroviarias\\\/#primaryimage\",\"url\":\"https:\\\/\\\/www.altominho.tv\\\/site\\\/wp-content\\\/uploads\\\/2022\\\/10\\\/Estac\u0327o\u0303es-ferroviarias.jpg\",\"contentUrl\":\"https:\\\/\\\/www.altominho.tv\\\/site\\\/wp-content\\\/uploads\\\/2022\\\/10\\\/Estac\u0327o\u0303es-ferroviarias.jpg\",\"width\":762,\"height\":382,\"caption\":\"DR\"},{\"@type\":\"BreadcrumbList\",\"@id\":\"https:\\\/\\\/www.altominho.tv\\\/site\\\/2022\\\/10\\\/11\\\/moncao-acolhe-sessao-de-esclarecimento-sobre-concurso-para-exploracao-de-estacoes-ferroviarias\\\/#breadcrumb\",\"itemListElement\":[{\"@type\":\"ListItem\",\"position\":1,\"name\":\"In\u00edcio\",\"item\":\"https:\\\/\\\/www.altominho.tv\\\/site\\\/\"},{\"@type\":\"ListItem\",\"position\":2,\"name\":\"Mon\u00e7\u00e3o acolhe sess\u00e3o de esclarecimento sobre concurso para explora\u00e7\u00e3o de esta\u00e7\u00f5es ferrovi\u00e1rias\"}]},{\"@type\":\"WebSite\",\"@id\":\"https:\\\/\\\/www.altominho.tv\\\/site\\\/#website\",\"url\":\"https:\\\/\\\/www.altominho.tv\\\/site\\\/\",\"name\":\"Altominho.tv\",\"description\":\"A sua regi\u00e3o \u00e0 dist\u00e2ncia de um clique...\",\"potentialAction\":[{\"@type\":\"SearchAction\",\"target\":{\"@type\":\"EntryPoint\",\"urlTemplate\":\"https:\\\/\\\/www.altominho.tv\\\/site\\\/?s={search_term_string}\"},\"query-input\":{\"@type\":\"PropertyValueSpecification\",\"valueRequired\":true,\"valueName\":\"search_term_string\"}}],\"inLanguage\":\"pt-PT\"},{\"@type\":\"Person\",\"@id\":\"https:\\\/\\\/www.altominho.tv\\\/site\\\/#\\\/schema\\\/person\\\/d9be4265364723f14ea8e0d56a1d38cd\",\"name\":\"Andreia Ferreira\",\"image\":{\"@type\":\"ImageObject\",\"inLanguage\":\"pt-PT\",\"@id\":\"https:\\\/\\\/www.altominho.tv\\\/site\\\/wp-content\\\/uploads\\\/2021\\\/01\\\/AndreiaFerreira-150x150.jpg\",\"url\":\"https:\\\/\\\/www.altominho.tv\\\/site\\\/wp-content\\\/uploads\\\/2021\\\/01\\\/AndreiaFerreira-150x150.jpg\",\"contentUrl\":\"https:\\\/\\\/www.altominho.tv\\\/site\\\/wp-content\\\/uploads\\\/2021\\\/01\\\/AndreiaFerreira-150x150.jpg\",\"caption\":\"Andreia Ferreira\"},\"url\":\"https:\\\/\\\/www.altominho.tv\\\/site\\\/author\\\/andreiaferreira\\\/\"}]}<\/script>\n<!-- \/ Yoast SEO Premium plugin. -->","yoast_head_json":{"title":"Mon\u00e7\u00e3o acolhe sess\u00e3o de esclarecimento sobre concurso para explora\u00e7\u00e3o de esta\u00e7\u00f5es ferrovi\u00e1rias","description":"A biblioteca municipal de Mon\u00e7\u00e3o vai acolher uma sess\u00e3o de esclarecimento sobre o concurso para a explora\u00e7\u00e3o de duas esta\u00e7\u00f5es ferrovi\u00e1rias.","robots":{"index":"index","follow":"follow","max-snippet":"max-snippet:-1","max-image-preview":"max-image-preview:large","max-video-preview":"max-video-preview:-1"},"canonical":"https:\/\/www.altominho.tv\/site\/2022\/10\/11\/moncao-acolhe-sessao-de-esclarecimento-sobre-concurso-para-exploracao-de-estacoes-ferroviarias\/","og_locale":"pt_PT","og_type":"article","og_title":"Mon\u00e7\u00e3o acolhe sess\u00e3o de esclarecimento sobre concurso para explora\u00e7\u00e3o de esta\u00e7\u00f5es ferrovi\u00e1rias","og_description":"A biblioteca municipal de Mon\u00e7\u00e3o vai acolher uma sess\u00e3o de esclarecimento sobre o concurso para a explora\u00e7\u00e3o de duas esta\u00e7\u00f5es ferrovi\u00e1rias.","og_url":"https:\/\/www.altominho.tv\/site\/2022\/10\/11\/moncao-acolhe-sessao-de-esclarecimento-sobre-concurso-para-exploracao-de-estacoes-ferroviarias\/","og_site_name":"Altominho.tv","article_publisher":"https:\/\/www.facebook.com\/altominhotv","article_published_time":"2022-10-11T09:16:35+00:00","article_modified_time":"2022-10-11T09:16:37+00:00","og_image":[{"width":762,"height":382,"url":"https:\/\/www.altominho.tv\/site\/wp-content\/uploads\/2022\/10\/Estac\u0327o\u0303es-ferroviarias.jpg","type":"image\/jpeg"}],"author":"Andreia Ferreira","twitter_card":"summary_large_image","twitter_creator":"@altominhoTV","twitter_site":"@altominhoTV","twitter_misc":{"Escrito por":"Andreia Ferreira","Tempo estimado de leitura":"1 minuto"},"schema":{"@context":"https:\/\/schema.org","@graph":[{"@type":"Article","@id":"https:\/\/www.altominho.tv\/site\/2022\/10\/11\/moncao-acolhe-sessao-de-esclarecimento-sobre-concurso-para-exploracao-de-estacoes-ferroviarias\/#article","isPartOf":{"@id":"https:\/\/www.altominho.tv\/site\/2022\/10\/11\/moncao-acolhe-sessao-de-esclarecimento-sobre-concurso-para-exploracao-de-estacoes-ferroviarias\/"},"author":{"name":"Andreia Ferreira","@id":"https:\/\/www.altominho.tv\/site\/#\/schema\/person\/d9be4265364723f14ea8e0d56a1d38cd"},"headline":"Mon\u00e7\u00e3o acolhe sess\u00e3o de esclarecimento sobre concurso para explora\u00e7\u00e3o de esta\u00e7\u00f5es ferrovi\u00e1rias","datePublished":"2022-10-11T09:16:35+00:00","dateModified":"2022-10-11T09:16:37+00:00","mainEntityOfPage":{"@id":"https:\/\/www.altominho.tv\/site\/2022\/10\/11\/moncao-acolhe-sessao-de-esclarecimento-sobre-concurso-para-exploracao-de-estacoes-ferroviarias\/"},"wordCount":202,"image":{"@id":"https:\/\/www.altominho.tv\/site\/2022\/10\/11\/moncao-acolhe-sessao-de-esclarecimento-sobre-concurso-para-exploracao-de-estacoes-ferroviarias\/#primaryimage"},"thumbnailUrl":"https:\/\/www.altominho.tv\/site\/wp-content\/uploads\/2022\/10\/Estac\u0327o\u0303es-ferroviarias.jpg","keywords":["Sociedade"],"articleSection":["Mon\u00e7\u00e3o"],"inLanguage":"pt-PT","copyrightYear":"2022","copyrightHolder":{"@id":"https:\/\/www.altominho.tv\/site\/#organization"}},{"@type":"WebPage","@id":"https:\/\/www.altominho.tv\/site\/2022\/10\/11\/moncao-acolhe-sessao-de-esclarecimento-sobre-concurso-para-exploracao-de-estacoes-ferroviarias\/","url":"https:\/\/www.altominho.tv\/site\/2022\/10\/11\/moncao-acolhe-sessao-de-esclarecimento-sobre-concurso-para-exploracao-de-estacoes-ferroviarias\/","name":"Mon\u00e7\u00e3o acolhe sess\u00e3o de esclarecimento sobre concurso para explora\u00e7\u00e3o de esta\u00e7\u00f5es ferrovi\u00e1rias","isPartOf":{"@id":"https:\/\/www.altominho.tv\/site\/#website"},"primaryImageOfPage":{"@id":"https:\/\/www.altominho.tv\/site\/2022\/10\/11\/moncao-acolhe-sessao-de-esclarecimento-sobre-concurso-para-exploracao-de-estacoes-ferroviarias\/#primaryimage"},"image":{"@id":"https:\/\/www.altominho.tv\/site\/2022\/10\/11\/moncao-acolhe-sessao-de-esclarecimento-sobre-concurso-para-exploracao-de-estacoes-ferroviarias\/#primaryimage"},"thumbnailUrl":"https:\/\/www.altominho.tv\/site\/wp-content\/uploads\/2022\/10\/Estac\u0327o\u0303es-ferroviarias.jpg","datePublished":"2022-10-11T09:16:35+00:00","dateModified":"2022-10-11T09:16:37+00:00","author":{"@id":"https:\/\/www.altominho.tv\/site\/#\/schema\/person\/d9be4265364723f14ea8e0d56a1d38cd"},"description":"A biblioteca municipal de Mon\u00e7\u00e3o vai acolher uma sess\u00e3o de esclarecimento sobre o concurso para a explora\u00e7\u00e3o de duas esta\u00e7\u00f5es ferrovi\u00e1rias.","breadcrumb":{"@id":"https:\/\/www.altominho.tv\/site\/2022\/10\/11\/moncao-acolhe-sessao-de-esclarecimento-sobre-concurso-para-exploracao-de-estacoes-ferroviarias\/#breadcrumb"},"inLanguage":"pt-PT","potentialAction":[{"@type":"ReadAction","target":["https:\/\/www.altominho.tv\/site\/2022\/10\/11\/moncao-acolhe-sessao-de-esclarecimento-sobre-concurso-para-exploracao-de-estacoes-ferroviarias\/"]}]},{"@type":"ImageObject","inLanguage":"pt-PT","@id":"https:\/\/www.altominho.tv\/site\/2022\/10\/11\/moncao-acolhe-sessao-de-esclarecimento-sobre-concurso-para-exploracao-de-estacoes-ferroviarias\/#primaryimage","url":"https:\/\/www.altominho.tv\/site\/wp-content\/uploads\/2022\/10\/Estac\u0327o\u0303es-ferroviarias.jpg","contentUrl":"https:\/\/www.altominho.tv\/site\/wp-content\/uploads\/2022\/10\/Estac\u0327o\u0303es-ferroviarias.jpg","width":762,"height":382,"caption":"DR"},{"@type":"BreadcrumbList","@id":"https:\/\/www.altominho.tv\/site\/2022\/10\/11\/moncao-acolhe-sessao-de-esclarecimento-sobre-concurso-para-exploracao-de-estacoes-ferroviarias\/#breadcrumb","itemListElement":[{"@type":"ListItem","position":1,"name":"In\u00edcio","item":"https:\/\/www.altominho.tv\/site\/"},{"@type":"ListItem","position":2,"name":"Mon\u00e7\u00e3o acolhe sess\u00e3o de esclarecimento sobre concurso para explora\u00e7\u00e3o de esta\u00e7\u00f5es ferrovi\u00e1rias"}]},{"@type":"WebSite","@id":"https:\/\/www.altominho.tv\/site\/#website","url":"https:\/\/www.altominho.tv\/site\/","name":"Altominho.tv","description":"A sua regi\u00e3o \u00e0 dist\u00e2ncia de um clique...","potentialAction":[{"@type":"SearchAction","target":{"@type":"EntryPoint","urlTemplate":"https:\/\/www.altominho.tv\/site\/?s={search_term_string}"},"query-input":{"@type":"PropertyValueSpecification","valueRequired":true,"valueName":"search_term_string"}}],"inLanguage":"pt-PT"},{"@type":"Person","@id":"https:\/\/www.altominho.tv\/site\/#\/schema\/person\/d9be4265364723f14ea8e0d56a1d38cd","name":"Andreia Ferreira","image":{"@type":"ImageObject","inLanguage":"pt-PT","@id":"https:\/\/www.altominho.tv\/site\/wp-content\/uploads\/2021\/01\/AndreiaFerreira-150x150.jpg","url":"https:\/\/www.altominho.tv\/site\/wp-content\/uploads\/2021\/01\/AndreiaFerreira-150x150.jpg","contentUrl":"https:\/\/www.altominho.tv\/site\/wp-content\/uploads\/2021\/01\/AndreiaFerreira-150x150.jpg","caption":"Andreia Ferreira"},"url":"https:\/\/www.altominho.tv\/site\/author\/andreiaferreira\/"}]}},"_links":{"self":[{"href":"https:\/\/www.altominho.tv\/site\/wp-json\/wp\/v2\/posts\/83580","targetHints":{"allow":["GET"]}}],"collection":[{"href":"https:\/\/www.altominho.tv\/site\/wp-json\/wp\/v2\/posts"}],"about":[{"href":"https:\/\/www.altominho.tv\/site\/wp-json\/wp\/v2\/types\/post"}],"author":[{"embeddable":true,"href":"https:\/\/www.altominho.tv\/site\/wp-json\/wp\/v2\/users\/12"}],"replies":[{"embeddable":true,"href":"https:\/\/www.altominho.tv\/site\/wp-json\/wp\/v2\/comments?post=83580"}],"version-history":[{"count":0,"href":"https:\/\/www.altominho.tv\/site\/wp-json\/wp\/v2\/posts\/83580\/revisions"}],"wp:featuredmedia":[{"embeddable":true,"href":"https:\/\/www.altominho.tv\/site\/wp-json\/wp\/v2\/media\/83583"}],"wp:attachment":[{"href":"https:\/\/www.altominho.tv\/site\/wp-json\/wp\/v2\/media?parent=83580"}],"wp:term":[{"taxonomy":"category","embeddable":true,"href":"https:\/\/www.altominho.tv\/site\/wp-json\/wp\/v2\/categories?post=83580"},{"taxonomy":"post_tag","embeddable":true,"href":"https:\/\/www.altominho.tv\/site\/wp-json\/wp\/v2\/tags?post=83580"}],"curies":[{"name":"wp","href":"https:\/\/api.w.org\/{rel}","templated":true}]}}