{"id":83210,"date":"2022-09-28T13:02:58","date_gmt":"2022-09-28T12:02:58","guid":{"rendered":"https:\/\/www.altominho.tv\/site\/?p=83210"},"modified":"2022-09-28T13:03:01","modified_gmt":"2022-09-28T12:03:01","slug":"cordeiro-a-moda-de-moncao-chega-as-mesas-de-18-restaurantes","status":"publish","type":"post","link":"https:\/\/www.altominho.tv\/site\/2022\/09\/28\/cordeiro-a-moda-de-moncao-chega-as-mesas-de-18-restaurantes\/","title":{"rendered":"Cordeiro \u00e0 Moda de Mon\u00e7\u00e3o chega \u00e0s mesas de 18 restaurantes"},"content":{"rendered":"<div class=\"l7ghb35v kjdc1dyq kmwttqpk gh25dzvf jikcssrz n3t5jt4f\">\n<p dir=\"auto\">O M\u00eas do Cordeiro \u00e0 Moda de Mon\u00e7\u00e3o est\u00e1 de regresso em outubro, com presen\u00e7a \u00e0 mesa de 18 restaurantes do concelho. <span style=\"font-size: revert\">A iniciativa pretende destacar um &#8220;<\/span><span style=\"font-size: revert\">prato de excel\u00eancia gastron\u00f3mica&#8221;, popularmente conhecido como &#8220;Foda \u00e0 Mon\u00e7\u00e3o&#8221; e reconhecido como uma das 7 Maravilhas Gastron\u00f3micas de Portugal.<\/span><\/p>\n<p dir=\"auto\">Nos dias 8, 9, 15 e 16 deste m\u00eas, os restaurantes aderentes a esta iniciativa v\u00e3o confecionar e servir o cordeiro assado num alguidar de barro em forno de lenha.<\/p>\n<p dir=\"auto\">Al\u00e9m do prato para degustar nos 18 restaurantes locais, a programa\u00e7\u00e3o da iniciativa integra interven\u00e7\u00f5es art\u00edsticas no espa\u00e7o p\u00fablico do centro hist\u00f3rico da vila de Mon\u00e7\u00e3o, que ser\u00e3o realizadas pelo &#8220;Coletivo Rua&#8221;.<\/p>\n<p dir=\"auto\">&#8220;Cultura doce&#8221; \u00e9 outra das propostas do munic\u00edpio para os dois fins de semana de outubro e que vai levar \u00e0 &#8220;descoberta de sabores representativos dos tr\u00eas vales que comp\u00f5em o territ\u00f3rio e das hist\u00f3rias que levaram \u00e0 sua cria\u00e7\u00e3o&#8221;. No Museu do Alvarinho, no Museu Mon\u00e7\u00e3o &amp; Mem\u00f3rias e no Museu Alto Minho 4D \u2013 Rota dos Castros, os visitantes v\u00e3o ter a oportunidade de conhecer &#8220;iguarias gastron\u00f3micas&#8221;, como o bucho doce, sopa seca e queijadinhas da tineira.<\/p>\n<\/div>\n","protected":false},"excerpt":{"rendered":"<p>O M\u00eas do Cordeiro \u00e0 Moda de Mon\u00e7\u00e3o est\u00e1 de regresso em outubro, com presen\u00e7a \u00e0 mesa de 18 restaurantes do concelho. A iniciativa pretende destacar um &#8220;prato de excel\u00eancia gastron\u00f3mica&#8221;, popularmente conhecido como &#8220;Foda \u00e0 Mon\u00e7\u00e3o&#8221; e reconhecido como uma das 7 Maravilhas Gastron\u00f3micas de Portugal. Nos dias 8, 9, 15 e 16 deste [&hellip;]<\/p>\n","protected":false},"author":12,"featured_media":35056,"comment_status":"closed","ping_status":"closed","sticky":false,"template":"","format":"standard","meta":{"_exactmetrics_skip_tracking":false,"_exactmetrics_sitenote_active":false,"_exactmetrics_sitenote_note":"","_exactmetrics_sitenote_category":0,"footnotes":""},"categories":[9],"tags":[81],"class_list":["post-83210","post","type-post","status-publish","format-standard","has-post-thumbnail","hentry","category-moncao","tag-gastronomia"],"yoast_head":"<!-- This site is optimized with the Yoast SEO Premium plugin v27.4 (Yoast SEO v27.4) - https:\/\/yoast.com\/product\/yoast-seo-premium-wordpress\/ -->\n<title>Cordeiro \u00e0 Moda de Mon\u00e7\u00e3o chega \u00e0s mesas de 18 restaurantes<\/title>\n<meta name=\"description\" content=\"O M\u00eas do Cordeiro \u00e0 Moda de Mon\u00e7\u00e3o est\u00e1 de regresso em outubro, com presen\u00e7a \u00e0 mesa de 18 restaurantes do concelho.\" \/>\n<meta name=\"robots\" content=\"index, follow, max-snippet:-1, max-image-preview:large, max-video-preview:-1\" \/>\n<link rel=\"canonical\" href=\"https:\/\/www.altominho.tv\/site\/2022\/09\/28\/cordeiro-a-moda-de-moncao-chega-as-mesas-de-18-restaurantes\/\" \/>\n<meta property=\"og:locale\" content=\"pt_PT\" \/>\n<meta property=\"og:type\" content=\"article\" \/>\n<meta property=\"og:title\" content=\"Cordeiro \u00e0 Moda de Mon\u00e7\u00e3o chega \u00e0s mesas de 18 restaurantes\" \/>\n<meta property=\"og:description\" content=\"O M\u00eas do Cordeiro \u00e0 Moda de Mon\u00e7\u00e3o est\u00e1 de regresso em outubro, com presen\u00e7a \u00e0 mesa de 18 restaurantes do concelho.\" \/>\n<meta property=\"og:url\" content=\"https:\/\/www.altominho.tv\/site\/2022\/09\/28\/cordeiro-a-moda-de-moncao-chega-as-mesas-de-18-restaurantes\/\" \/>\n<meta property=\"og:site_name\" content=\"Altominho.tv\" \/>\n<meta property=\"article:publisher\" content=\"https:\/\/www.facebook.com\/altominhotv\" \/>\n<meta property=\"article:published_time\" content=\"2022-09-28T12:02:58+00:00\" \/>\n<meta property=\"article:modified_time\" content=\"2022-09-28T12:03:01+00:00\" \/>\n<meta property=\"og:image\" content=\"https:\/\/www.altominho.tv\/site\/wp-content\/uploads\/2019\/10\/cordeiro-740x400-e1664360114807.jpg\" \/>\n\t<meta property=\"og:image:width\" content=\"715\" \/>\n\t<meta property=\"og:image:height\" content=\"399\" \/>\n\t<meta property=\"og:image:type\" content=\"image\/jpeg\" \/>\n<meta name=\"author\" content=\"Andreia Ferreira\" \/>\n<meta name=\"twitter:card\" content=\"summary_large_image\" \/>\n<meta name=\"twitter:creator\" content=\"@altominhoTV\" \/>\n<meta name=\"twitter:site\" content=\"@altominhoTV\" \/>\n<meta name=\"twitter:label1\" content=\"Escrito por\" \/>\n\t<meta name=\"twitter:data1\" content=\"Andreia Ferreira\" \/>\n\t<meta name=\"twitter:label2\" content=\"Tempo estimado de leitura\" \/>\n\t<meta name=\"twitter:data2\" content=\"2 minutos\" \/>\n<script type=\"application\/ld+json\" class=\"yoast-schema-graph\">{\"@context\":\"https:\\\/\\\/schema.org\",\"@graph\":[{\"@type\":\"Article\",\"@id\":\"https:\\\/\\\/www.altominho.tv\\\/site\\\/2022\\\/09\\\/28\\\/cordeiro-a-moda-de-moncao-chega-as-mesas-de-18-restaurantes\\\/#article\",\"isPartOf\":{\"@id\":\"https:\\\/\\\/www.altominho.tv\\\/site\\\/2022\\\/09\\\/28\\\/cordeiro-a-moda-de-moncao-chega-as-mesas-de-18-restaurantes\\\/\"},\"author\":{\"name\":\"Andreia Ferreira\",\"@id\":\"https:\\\/\\\/www.altominho.tv\\\/site\\\/#\\\/schema\\\/person\\\/d9be4265364723f14ea8e0d56a1d38cd\"},\"headline\":\"Cordeiro \u00e0 Moda de Mon\u00e7\u00e3o chega \u00e0s mesas de 18 restaurantes\",\"datePublished\":\"2022-09-28T12:02:58+00:00\",\"dateModified\":\"2022-09-28T12:03:01+00:00\",\"mainEntityOfPage\":{\"@id\":\"https:\\\/\\\/www.altominho.tv\\\/site\\\/2022\\\/09\\\/28\\\/cordeiro-a-moda-de-moncao-chega-as-mesas-de-18-restaurantes\\\/\"},\"wordCount\":212,\"image\":{\"@id\":\"https:\\\/\\\/www.altominho.tv\\\/site\\\/2022\\\/09\\\/28\\\/cordeiro-a-moda-de-moncao-chega-as-mesas-de-18-restaurantes\\\/#primaryimage\"},\"thumbnailUrl\":\"https:\\\/\\\/www.altominho.tv\\\/site\\\/wp-content\\\/uploads\\\/2019\\\/10\\\/cordeiro-740x400-e1664360114807.jpg\",\"keywords\":[\"Gastronomia\"],\"articleSection\":[\"Mon\u00e7\u00e3o\"],\"inLanguage\":\"pt-PT\",\"copyrightYear\":\"2022\",\"copyrightHolder\":{\"@id\":\"https:\\\/\\\/www.altominho.tv\\\/site\\\/#organization\"}},{\"@type\":\"WebPage\",\"@id\":\"https:\\\/\\\/www.altominho.tv\\\/site\\\/2022\\\/09\\\/28\\\/cordeiro-a-moda-de-moncao-chega-as-mesas-de-18-restaurantes\\\/\",\"url\":\"https:\\\/\\\/www.altominho.tv\\\/site\\\/2022\\\/09\\\/28\\\/cordeiro-a-moda-de-moncao-chega-as-mesas-de-18-restaurantes\\\/\",\"name\":\"Cordeiro \u00e0 Moda de Mon\u00e7\u00e3o chega \u00e0s mesas de 18 restaurantes\",\"isPartOf\":{\"@id\":\"https:\\\/\\\/www.altominho.tv\\\/site\\\/#website\"},\"primaryImageOfPage\":{\"@id\":\"https:\\\/\\\/www.altominho.tv\\\/site\\\/2022\\\/09\\\/28\\\/cordeiro-a-moda-de-moncao-chega-as-mesas-de-18-restaurantes\\\/#primaryimage\"},\"image\":{\"@id\":\"https:\\\/\\\/www.altominho.tv\\\/site\\\/2022\\\/09\\\/28\\\/cordeiro-a-moda-de-moncao-chega-as-mesas-de-18-restaurantes\\\/#primaryimage\"},\"thumbnailUrl\":\"https:\\\/\\\/www.altominho.tv\\\/site\\\/wp-content\\\/uploads\\\/2019\\\/10\\\/cordeiro-740x400-e1664360114807.jpg\",\"datePublished\":\"2022-09-28T12:02:58+00:00\",\"dateModified\":\"2022-09-28T12:03:01+00:00\",\"author\":{\"@id\":\"https:\\\/\\\/www.altominho.tv\\\/site\\\/#\\\/schema\\\/person\\\/d9be4265364723f14ea8e0d56a1d38cd\"},\"description\":\"O M\u00eas do Cordeiro \u00e0 Moda de Mon\u00e7\u00e3o est\u00e1 de regresso em outubro, com presen\u00e7a \u00e0 mesa de 18 restaurantes do concelho.\",\"breadcrumb\":{\"@id\":\"https:\\\/\\\/www.altominho.tv\\\/site\\\/2022\\\/09\\\/28\\\/cordeiro-a-moda-de-moncao-chega-as-mesas-de-18-restaurantes\\\/#breadcrumb\"},\"inLanguage\":\"pt-PT\",\"potentialAction\":[{\"@type\":\"ReadAction\",\"target\":[\"https:\\\/\\\/www.altominho.tv\\\/site\\\/2022\\\/09\\\/28\\\/cordeiro-a-moda-de-moncao-chega-as-mesas-de-18-restaurantes\\\/\"]}]},{\"@type\":\"ImageObject\",\"inLanguage\":\"pt-PT\",\"@id\":\"https:\\\/\\\/www.altominho.tv\\\/site\\\/2022\\\/09\\\/28\\\/cordeiro-a-moda-de-moncao-chega-as-mesas-de-18-restaurantes\\\/#primaryimage\",\"url\":\"https:\\\/\\\/www.altominho.tv\\\/site\\\/wp-content\\\/uploads\\\/2019\\\/10\\\/cordeiro-740x400-e1664360114807.jpg\",\"contentUrl\":\"https:\\\/\\\/www.altominho.tv\\\/site\\\/wp-content\\\/uploads\\\/2019\\\/10\\\/cordeiro-740x400-e1664360114807.jpg\",\"width\":715,\"height\":399},{\"@type\":\"BreadcrumbList\",\"@id\":\"https:\\\/\\\/www.altominho.tv\\\/site\\\/2022\\\/09\\\/28\\\/cordeiro-a-moda-de-moncao-chega-as-mesas-de-18-restaurantes\\\/#breadcrumb\",\"itemListElement\":[{\"@type\":\"ListItem\",\"position\":1,\"name\":\"In\u00edcio\",\"item\":\"https:\\\/\\\/www.altominho.tv\\\/site\\\/\"},{\"@type\":\"ListItem\",\"position\":2,\"name\":\"Cordeiro \u00e0 Moda de Mon\u00e7\u00e3o chega \u00e0s mesas de 18 restaurantes\"}]},{\"@type\":\"WebSite\",\"@id\":\"https:\\\/\\\/www.altominho.tv\\\/site\\\/#website\",\"url\":\"https:\\\/\\\/www.altominho.tv\\\/site\\\/\",\"name\":\"Altominho.tv\",\"description\":\"A sua regi\u00e3o \u00e0 dist\u00e2ncia de um clique...\",\"potentialAction\":[{\"@type\":\"SearchAction\",\"target\":{\"@type\":\"EntryPoint\",\"urlTemplate\":\"https:\\\/\\\/www.altominho.tv\\\/site\\\/?s={search_term_string}\"},\"query-input\":{\"@type\":\"PropertyValueSpecification\",\"valueRequired\":true,\"valueName\":\"search_term_string\"}}],\"inLanguage\":\"pt-PT\"},{\"@type\":\"Person\",\"@id\":\"https:\\\/\\\/www.altominho.tv\\\/site\\\/#\\\/schema\\\/person\\\/d9be4265364723f14ea8e0d56a1d38cd\",\"name\":\"Andreia Ferreira\",\"image\":{\"@type\":\"ImageObject\",\"inLanguage\":\"pt-PT\",\"@id\":\"https:\\\/\\\/www.altominho.tv\\\/site\\\/wp-content\\\/uploads\\\/2021\\\/01\\\/AndreiaFerreira-150x150.jpg\",\"url\":\"https:\\\/\\\/www.altominho.tv\\\/site\\\/wp-content\\\/uploads\\\/2021\\\/01\\\/AndreiaFerreira-150x150.jpg\",\"contentUrl\":\"https:\\\/\\\/www.altominho.tv\\\/site\\\/wp-content\\\/uploads\\\/2021\\\/01\\\/AndreiaFerreira-150x150.jpg\",\"caption\":\"Andreia Ferreira\"},\"url\":\"https:\\\/\\\/www.altominho.tv\\\/site\\\/author\\\/andreiaferreira\\\/\"}]}<\/script>\n<!-- \/ Yoast SEO Premium plugin. -->","yoast_head_json":{"title":"Cordeiro \u00e0 Moda de Mon\u00e7\u00e3o chega \u00e0s mesas de 18 restaurantes","description":"O M\u00eas do Cordeiro \u00e0 Moda de Mon\u00e7\u00e3o est\u00e1 de regresso em outubro, com presen\u00e7a \u00e0 mesa de 18 restaurantes do concelho.","robots":{"index":"index","follow":"follow","max-snippet":"max-snippet:-1","max-image-preview":"max-image-preview:large","max-video-preview":"max-video-preview:-1"},"canonical":"https:\/\/www.altominho.tv\/site\/2022\/09\/28\/cordeiro-a-moda-de-moncao-chega-as-mesas-de-18-restaurantes\/","og_locale":"pt_PT","og_type":"article","og_title":"Cordeiro \u00e0 Moda de Mon\u00e7\u00e3o chega \u00e0s mesas de 18 restaurantes","og_description":"O M\u00eas do Cordeiro \u00e0 Moda de Mon\u00e7\u00e3o est\u00e1 de regresso em outubro, com presen\u00e7a \u00e0 mesa de 18 restaurantes do concelho.","og_url":"https:\/\/www.altominho.tv\/site\/2022\/09\/28\/cordeiro-a-moda-de-moncao-chega-as-mesas-de-18-restaurantes\/","og_site_name":"Altominho.tv","article_publisher":"https:\/\/www.facebook.com\/altominhotv","article_published_time":"2022-09-28T12:02:58+00:00","article_modified_time":"2022-09-28T12:03:01+00:00","og_image":[{"width":715,"height":399,"url":"https:\/\/www.altominho.tv\/site\/wp-content\/uploads\/2019\/10\/cordeiro-740x400-e1664360114807.jpg","type":"image\/jpeg"}],"author":"Andreia Ferreira","twitter_card":"summary_large_image","twitter_creator":"@altominhoTV","twitter_site":"@altominhoTV","twitter_misc":{"Escrito por":"Andreia Ferreira","Tempo estimado de leitura":"2 minutos"},"schema":{"@context":"https:\/\/schema.org","@graph":[{"@type":"Article","@id":"https:\/\/www.altominho.tv\/site\/2022\/09\/28\/cordeiro-a-moda-de-moncao-chega-as-mesas-de-18-restaurantes\/#article","isPartOf":{"@id":"https:\/\/www.altominho.tv\/site\/2022\/09\/28\/cordeiro-a-moda-de-moncao-chega-as-mesas-de-18-restaurantes\/"},"author":{"name":"Andreia Ferreira","@id":"https:\/\/www.altominho.tv\/site\/#\/schema\/person\/d9be4265364723f14ea8e0d56a1d38cd"},"headline":"Cordeiro \u00e0 Moda de Mon\u00e7\u00e3o chega \u00e0s mesas de 18 restaurantes","datePublished":"2022-09-28T12:02:58+00:00","dateModified":"2022-09-28T12:03:01+00:00","mainEntityOfPage":{"@id":"https:\/\/www.altominho.tv\/site\/2022\/09\/28\/cordeiro-a-moda-de-moncao-chega-as-mesas-de-18-restaurantes\/"},"wordCount":212,"image":{"@id":"https:\/\/www.altominho.tv\/site\/2022\/09\/28\/cordeiro-a-moda-de-moncao-chega-as-mesas-de-18-restaurantes\/#primaryimage"},"thumbnailUrl":"https:\/\/www.altominho.tv\/site\/wp-content\/uploads\/2019\/10\/cordeiro-740x400-e1664360114807.jpg","keywords":["Gastronomia"],"articleSection":["Mon\u00e7\u00e3o"],"inLanguage":"pt-PT","copyrightYear":"2022","copyrightHolder":{"@id":"https:\/\/www.altominho.tv\/site\/#organization"}},{"@type":"WebPage","@id":"https:\/\/www.altominho.tv\/site\/2022\/09\/28\/cordeiro-a-moda-de-moncao-chega-as-mesas-de-18-restaurantes\/","url":"https:\/\/www.altominho.tv\/site\/2022\/09\/28\/cordeiro-a-moda-de-moncao-chega-as-mesas-de-18-restaurantes\/","name":"Cordeiro \u00e0 Moda de Mon\u00e7\u00e3o chega \u00e0s mesas de 18 restaurantes","isPartOf":{"@id":"https:\/\/www.altominho.tv\/site\/#website"},"primaryImageOfPage":{"@id":"https:\/\/www.altominho.tv\/site\/2022\/09\/28\/cordeiro-a-moda-de-moncao-chega-as-mesas-de-18-restaurantes\/#primaryimage"},"image":{"@id":"https:\/\/www.altominho.tv\/site\/2022\/09\/28\/cordeiro-a-moda-de-moncao-chega-as-mesas-de-18-restaurantes\/#primaryimage"},"thumbnailUrl":"https:\/\/www.altominho.tv\/site\/wp-content\/uploads\/2019\/10\/cordeiro-740x400-e1664360114807.jpg","datePublished":"2022-09-28T12:02:58+00:00","dateModified":"2022-09-28T12:03:01+00:00","author":{"@id":"https:\/\/www.altominho.tv\/site\/#\/schema\/person\/d9be4265364723f14ea8e0d56a1d38cd"},"description":"O M\u00eas do Cordeiro \u00e0 Moda de Mon\u00e7\u00e3o est\u00e1 de regresso em outubro, com presen\u00e7a \u00e0 mesa de 18 restaurantes do concelho.","breadcrumb":{"@id":"https:\/\/www.altominho.tv\/site\/2022\/09\/28\/cordeiro-a-moda-de-moncao-chega-as-mesas-de-18-restaurantes\/#breadcrumb"},"inLanguage":"pt-PT","potentialAction":[{"@type":"ReadAction","target":["https:\/\/www.altominho.tv\/site\/2022\/09\/28\/cordeiro-a-moda-de-moncao-chega-as-mesas-de-18-restaurantes\/"]}]},{"@type":"ImageObject","inLanguage":"pt-PT","@id":"https:\/\/www.altominho.tv\/site\/2022\/09\/28\/cordeiro-a-moda-de-moncao-chega-as-mesas-de-18-restaurantes\/#primaryimage","url":"https:\/\/www.altominho.tv\/site\/wp-content\/uploads\/2019\/10\/cordeiro-740x400-e1664360114807.jpg","contentUrl":"https:\/\/www.altominho.tv\/site\/wp-content\/uploads\/2019\/10\/cordeiro-740x400-e1664360114807.jpg","width":715,"height":399},{"@type":"BreadcrumbList","@id":"https:\/\/www.altominho.tv\/site\/2022\/09\/28\/cordeiro-a-moda-de-moncao-chega-as-mesas-de-18-restaurantes\/#breadcrumb","itemListElement":[{"@type":"ListItem","position":1,"name":"In\u00edcio","item":"https:\/\/www.altominho.tv\/site\/"},{"@type":"ListItem","position":2,"name":"Cordeiro \u00e0 Moda de Mon\u00e7\u00e3o chega \u00e0s mesas de 18 restaurantes"}]},{"@type":"WebSite","@id":"https:\/\/www.altominho.tv\/site\/#website","url":"https:\/\/www.altominho.tv\/site\/","name":"Altominho.tv","description":"A sua regi\u00e3o \u00e0 dist\u00e2ncia de um clique...","potentialAction":[{"@type":"SearchAction","target":{"@type":"EntryPoint","urlTemplate":"https:\/\/www.altominho.tv\/site\/?s={search_term_string}"},"query-input":{"@type":"PropertyValueSpecification","valueRequired":true,"valueName":"search_term_string"}}],"inLanguage":"pt-PT"},{"@type":"Person","@id":"https:\/\/www.altominho.tv\/site\/#\/schema\/person\/d9be4265364723f14ea8e0d56a1d38cd","name":"Andreia Ferreira","image":{"@type":"ImageObject","inLanguage":"pt-PT","@id":"https:\/\/www.altominho.tv\/site\/wp-content\/uploads\/2021\/01\/AndreiaFerreira-150x150.jpg","url":"https:\/\/www.altominho.tv\/site\/wp-content\/uploads\/2021\/01\/AndreiaFerreira-150x150.jpg","contentUrl":"https:\/\/www.altominho.tv\/site\/wp-content\/uploads\/2021\/01\/AndreiaFerreira-150x150.jpg","caption":"Andreia Ferreira"},"url":"https:\/\/www.altominho.tv\/site\/author\/andreiaferreira\/"}]}},"_links":{"self":[{"href":"https:\/\/www.altominho.tv\/site\/wp-json\/wp\/v2\/posts\/83210","targetHints":{"allow":["GET"]}}],"collection":[{"href":"https:\/\/www.altominho.tv\/site\/wp-json\/wp\/v2\/posts"}],"about":[{"href":"https:\/\/www.altominho.tv\/site\/wp-json\/wp\/v2\/types\/post"}],"author":[{"embeddable":true,"href":"https:\/\/www.altominho.tv\/site\/wp-json\/wp\/v2\/users\/12"}],"replies":[{"embeddable":true,"href":"https:\/\/www.altominho.tv\/site\/wp-json\/wp\/v2\/comments?post=83210"}],"version-history":[{"count":0,"href":"https:\/\/www.altominho.tv\/site\/wp-json\/wp\/v2\/posts\/83210\/revisions"}],"wp:featuredmedia":[{"embeddable":true,"href":"https:\/\/www.altominho.tv\/site\/wp-json\/wp\/v2\/media\/35056"}],"wp:attachment":[{"href":"https:\/\/www.altominho.tv\/site\/wp-json\/wp\/v2\/media?parent=83210"}],"wp:term":[{"taxonomy":"category","embeddable":true,"href":"https:\/\/www.altominho.tv\/site\/wp-json\/wp\/v2\/categories?post=83210"},{"taxonomy":"post_tag","embeddable":true,"href":"https:\/\/www.altominho.tv\/site\/wp-json\/wp\/v2\/tags?post=83210"}],"curies":[{"name":"wp","href":"https:\/\/api.w.org\/{rel}","templated":true}]}}