{"id":8298,"date":"2018-01-16T10:13:02","date_gmt":"2018-01-16T10:13:02","guid":{"rendered":"http:\/\/www.altominho.tv\/site\/?p=8298"},"modified":"2018-01-16T10:13:02","modified_gmt":"2018-01-16T10:13:02","slug":"distrito-de-viana-do-castelo-sob-aviso-laranja-devido-a-agitacao-maritima","status":"publish","type":"post","link":"https:\/\/www.altominho.tv\/site\/2018\/01\/16\/distrito-de-viana-do-castelo-sob-aviso-laranja-devido-a-agitacao-maritima\/","title":{"rendered":"Distrito de Viana do Castelo sob aviso laranja devido \u00e0 agita\u00e7\u00e3o mar\u00edtima"},"content":{"rendered":"<p>Sete distritos de Portugal continental e a Madeira v\u00e3o estar sob aviso laranja na quarta e na quinta-feira devido \u00e0 previs\u00e3o de agita\u00e7\u00e3o mar\u00edtima forte, segundo o Instituto Portugu\u00eas do Mar e da Atmosfera (IPMA).<\/p>\n<p>Os distritos de Viana do Castelo, Braga, Porto, Aveiro, Coimbra, Leiria e Lisboa e a Madeira v\u00e3o estar sob aviso laranja entre as 12h00 de quarta-feira e as 12h00 de quinta-feira devido \u00e0 previs\u00e3o de ondas de noroeste com 05 a 07 metros, podendo atingir os 09\/11 metros de altura m\u00e1xima.<\/p>\n<p>Entretanto, toda a costa portuguesa e a Madeira vai estar a partir das 18h00 de hoje e at\u00e9 \u00e0s 12h00 de quarta-feira sob aviso amarelo por causa da agita\u00e7\u00e3o mar\u00edtima, prevendo-se ondas com 04 a 05 metros.<\/p>\n<p>O aviso laranja, o segundo mais grave de uma escala de quatro, indica uma situa\u00e7\u00e3o meteorol\u00f3gica de risco moderado a elevado. O aviso amarelo \u00e9 emitido sempre que h\u00e1 situa\u00e7\u00e3o de risco para determinadas atividades dependentes da situa\u00e7\u00e3o meteorol\u00f3gica.<\/p>\n<p>De acordo com informa\u00e7\u00e3o dispon\u00edvel na p\u00e1gina da Marinha Portuguesa, est\u00e3o hoje fechadas \u00e0 navega\u00e7\u00e3o as barras mar\u00edtimas de Caminha, Esposende, Vila Praia de \u00c2ncora e Ericeira enquanto as barras de P\u00f3voa de Varzim, Vila do Conde e S\u00e3o Martinho do Porto est\u00e3o condicionadas.<\/p>\n<p>Devido \u00e0 agita\u00e7\u00e3o mar\u00edtima, a Autoridade Mar\u00edtima e a Marinha recomendaram, em especial \u00e0 comunidade piscat\u00f3ria e da n\u00e1utica de recreio que se encontra no mar, o eventual regresso ao porto de abrigo mais pr\u00f3ximo e a ado\u00e7\u00e3o de medidas de precau\u00e7\u00e3o, bem como outras informa\u00e7\u00f5es das capitanias dos portos sobre as condi\u00e7\u00f5es de acesso aos portos, evitando sair para o mar at\u00e9 que as condi\u00e7\u00f5es melhorem.<\/p>\n<p>Em comunicado, a Autoridade Mar\u00edtima Nacional e a Marinha aconselhou \u201ca popula\u00e7\u00e3o em geral que at\u00e9 ao final de sexta-feira se abstenham da pr\u00e1tica de passeios junto \u00e0 costa e nas praias, bem como da pr\u00e1tica de atividades l\u00fadicas nas zonas expostas \u00e0 agita\u00e7\u00e3o mar\u00edtima, sendo essencial que assumam uma postura preventiva n\u00e3o se expondo desnecessariamente ao risco\u201d.<br \/>\n\u00c9 tamb\u00e9m recomendado aos pescadores l\u00fadicos de pesca \u00e0 cana para que assumam extrema cautela, evitando pescar junto \u00e0s fal\u00e9sias e zonas de arriba nas frentes costeiras atingidas pela rebenta\u00e7\u00e3o das ondas.<\/p>\n<p>O IPMA prev\u00ea para hoje nas regi\u00f5es do Norte e Centro do continente c\u00e9u muito nublado ou encoberto, per\u00edodos de chuva fraca ou chuvisco, mais frequentes no litoral e at\u00e9 meio da tarde, vento em geral fraco do quadrante oeste, soprando temporariamente moderado nas terras altas, neblina ou nevoeiro, subida da temperatura m\u00ednima, que ser\u00e1 acentuada em alguns locais, e pequena subida da m\u00e1xima.<\/p>\n<p>No sul prev\u00ea-se c\u00e9u geralmente muito nublado, com boas abertas a partir do meio da tarde, apresentando-se geralmente pouco nublado no Algarve, vento em geral fraco do quadrante norte, tornando-se moderado a partir da tarde, possibilidade de forma\u00e7\u00e3o de gelo ou geada em alguns locais do interior, neblina ou nevoeiro matinal e pequena subida da temperatura m\u00ednima.<br \/>\nQuanto \u00e0s temperaturas, as m\u00ednimas v\u00e3o oscilar entre 04 (na Guarda) e 10 graus (no Porto) e as m\u00e1ximas entre 10 (na Guarda) e os 20 graus (em Faro).<\/p>\n","protected":false},"excerpt":{"rendered":"<p>Sete distritos de Portugal continental e a Madeira v\u00e3o estar sob aviso laranja na quarta e na quinta-feira devido \u00e0 previs\u00e3o de agita\u00e7\u00e3o mar\u00edtima forte, segundo o Instituto Portugu\u00eas do Mar e da Atmosfera (IPMA). Os distritos de Viana do Castelo, Braga, Porto, Aveiro, Coimbra, Leiria e Lisboa e a Madeira v\u00e3o estar sob aviso [&hellip;]<\/p>\n","protected":false},"author":6,"featured_media":8299,"comment_status":"closed","ping_status":"closed","sticky":false,"template":"","format":"standard","meta":{"_exactmetrics_skip_tracking":false,"_exactmetrics_sitenote_active":false,"_exactmetrics_sitenote_note":"","_exactmetrics_sitenote_category":0,"footnotes":""},"categories":[73],"tags":[27],"class_list":["post-8298","post","type-post","status-publish","format-standard","has-post-thumbnail","hentry","category-alto-minho","tag-sociedade"],"yoast_head":"<!-- This site is optimized with the Yoast SEO Premium plugin v27.5 (Yoast SEO v27.5) - https:\/\/yoast.com\/product\/yoast-seo-premium-wordpress\/ -->\n<title>Distrito de Viana do Castelo sob aviso laranja devido \u00e0 agita\u00e7\u00e3o mar\u00edtima<\/title>\n<meta name=\"robots\" content=\"index, follow, max-snippet:-1, max-image-preview:large, max-video-preview:-1\" \/>\n<link rel=\"canonical\" href=\"https:\/\/www.altominho.tv\/site\/2018\/01\/16\/distrito-de-viana-do-castelo-sob-aviso-laranja-devido-a-agitacao-maritima\/\" \/>\n<meta property=\"og:locale\" content=\"pt_PT\" \/>\n<meta property=\"og:type\" content=\"article\" \/>\n<meta property=\"og:title\" content=\"Distrito de Viana do Castelo sob aviso laranja devido \u00e0 agita\u00e7\u00e3o mar\u00edtima\" \/>\n<meta property=\"og:description\" content=\"Sete distritos de Portugal continental e a Madeira v\u00e3o estar sob aviso laranja na quarta e na quinta-feira devido \u00e0 previs\u00e3o de agita\u00e7\u00e3o mar\u00edtima forte, segundo o Instituto Portugu\u00eas do Mar e da Atmosfera (IPMA). Os distritos de Viana do Castelo, Braga, Porto, Aveiro, Coimbra, Leiria e Lisboa e a Madeira v\u00e3o estar sob aviso [&hellip;]\" \/>\n<meta property=\"og:url\" content=\"https:\/\/www.altominho.tv\/site\/2018\/01\/16\/distrito-de-viana-do-castelo-sob-aviso-laranja-devido-a-agitacao-maritima\/\" \/>\n<meta property=\"og:site_name\" content=\"Altominho.tv\" \/>\n<meta property=\"article:publisher\" content=\"https:\/\/www.facebook.com\/altominhotv\" \/>\n<meta property=\"article:published_time\" content=\"2018-01-16T10:13:02+00:00\" \/>\n<meta property=\"og:image\" content=\"https:\/\/www.altominho.tv\/site\/wp-content\/uploads\/2018\/01\/agiii.jpeg\" \/>\n\t<meta property=\"og:image:width\" content=\"823\" \/>\n\t<meta property=\"og:image:height\" content=\"549\" \/>\n\t<meta property=\"og:image:type\" content=\"image\/jpeg\" \/>\n<meta name=\"author\" content=\"C\u00e1tia Malheiro\" \/>\n<meta name=\"twitter:card\" content=\"summary_large_image\" \/>\n<meta name=\"twitter:creator\" content=\"@altominhoTV\" \/>\n<meta name=\"twitter:site\" content=\"@altominhoTV\" \/>\n<meta name=\"twitter:label1\" content=\"Escrito por\" \/>\n\t<meta name=\"twitter:data1\" content=\"C\u00e1tia Malheiro\" \/>\n\t<meta name=\"twitter:label2\" content=\"Tempo estimado de leitura\" \/>\n\t<meta name=\"twitter:data2\" content=\"3 minutos\" \/>\n<script type=\"application\/ld+json\" class=\"yoast-schema-graph\">{\"@context\":\"https:\\\/\\\/schema.org\",\"@graph\":[{\"@type\":\"Article\",\"@id\":\"https:\\\/\\\/www.altominho.tv\\\/site\\\/2018\\\/01\\\/16\\\/distrito-de-viana-do-castelo-sob-aviso-laranja-devido-a-agitacao-maritima\\\/#article\",\"isPartOf\":{\"@id\":\"https:\\\/\\\/www.altominho.tv\\\/site\\\/2018\\\/01\\\/16\\\/distrito-de-viana-do-castelo-sob-aviso-laranja-devido-a-agitacao-maritima\\\/\"},\"author\":{\"name\":\"C\u00e1tia Malheiro\",\"@id\":\"https:\\\/\\\/www.altominho.tv\\\/site\\\/#\\\/schema\\\/person\\\/5c9404a8b438614c93da6ca09db92574\"},\"headline\":\"Distrito de Viana do Castelo sob aviso laranja devido \u00e0 agita\u00e7\u00e3o mar\u00edtima\",\"datePublished\":\"2018-01-16T10:13:02+00:00\",\"mainEntityOfPage\":{\"@id\":\"https:\\\/\\\/www.altominho.tv\\\/site\\\/2018\\\/01\\\/16\\\/distrito-de-viana-do-castelo-sob-aviso-laranja-devido-a-agitacao-maritima\\\/\"},\"wordCount\":566,\"image\":{\"@id\":\"https:\\\/\\\/www.altominho.tv\\\/site\\\/2018\\\/01\\\/16\\\/distrito-de-viana-do-castelo-sob-aviso-laranja-devido-a-agitacao-maritima\\\/#primaryimage\"},\"thumbnailUrl\":\"https:\\\/\\\/www.altominho.tv\\\/site\\\/wp-content\\\/uploads\\\/2018\\\/01\\\/agiii.jpeg\",\"keywords\":[\"Sociedade\"],\"articleSection\":[\"Alto Minho\"],\"inLanguage\":\"pt-PT\",\"copyrightYear\":\"2018\",\"copyrightHolder\":{\"@id\":\"https:\\\/\\\/www.altominho.tv\\\/site\\\/#organization\"}},{\"@type\":\"WebPage\",\"@id\":\"https:\\\/\\\/www.altominho.tv\\\/site\\\/2018\\\/01\\\/16\\\/distrito-de-viana-do-castelo-sob-aviso-laranja-devido-a-agitacao-maritima\\\/\",\"url\":\"https:\\\/\\\/www.altominho.tv\\\/site\\\/2018\\\/01\\\/16\\\/distrito-de-viana-do-castelo-sob-aviso-laranja-devido-a-agitacao-maritima\\\/\",\"name\":\"Distrito de Viana do Castelo sob aviso laranja devido \u00e0 agita\u00e7\u00e3o mar\u00edtima\",\"isPartOf\":{\"@id\":\"https:\\\/\\\/www.altominho.tv\\\/site\\\/#website\"},\"primaryImageOfPage\":{\"@id\":\"https:\\\/\\\/www.altominho.tv\\\/site\\\/2018\\\/01\\\/16\\\/distrito-de-viana-do-castelo-sob-aviso-laranja-devido-a-agitacao-maritima\\\/#primaryimage\"},\"image\":{\"@id\":\"https:\\\/\\\/www.altominho.tv\\\/site\\\/2018\\\/01\\\/16\\\/distrito-de-viana-do-castelo-sob-aviso-laranja-devido-a-agitacao-maritima\\\/#primaryimage\"},\"thumbnailUrl\":\"https:\\\/\\\/www.altominho.tv\\\/site\\\/wp-content\\\/uploads\\\/2018\\\/01\\\/agiii.jpeg\",\"datePublished\":\"2018-01-16T10:13:02+00:00\",\"author\":{\"@id\":\"https:\\\/\\\/www.altominho.tv\\\/site\\\/#\\\/schema\\\/person\\\/5c9404a8b438614c93da6ca09db92574\"},\"breadcrumb\":{\"@id\":\"https:\\\/\\\/www.altominho.tv\\\/site\\\/2018\\\/01\\\/16\\\/distrito-de-viana-do-castelo-sob-aviso-laranja-devido-a-agitacao-maritima\\\/#breadcrumb\"},\"inLanguage\":\"pt-PT\",\"potentialAction\":[{\"@type\":\"ReadAction\",\"target\":[\"https:\\\/\\\/www.altominho.tv\\\/site\\\/2018\\\/01\\\/16\\\/distrito-de-viana-do-castelo-sob-aviso-laranja-devido-a-agitacao-maritima\\\/\"]}]},{\"@type\":\"ImageObject\",\"inLanguage\":\"pt-PT\",\"@id\":\"https:\\\/\\\/www.altominho.tv\\\/site\\\/2018\\\/01\\\/16\\\/distrito-de-viana-do-castelo-sob-aviso-laranja-devido-a-agitacao-maritima\\\/#primaryimage\",\"url\":\"https:\\\/\\\/www.altominho.tv\\\/site\\\/wp-content\\\/uploads\\\/2018\\\/01\\\/agiii.jpeg\",\"contentUrl\":\"https:\\\/\\\/www.altominho.tv\\\/site\\\/wp-content\\\/uploads\\\/2018\\\/01\\\/agiii.jpeg\",\"width\":823,\"height\":549},{\"@type\":\"BreadcrumbList\",\"@id\":\"https:\\\/\\\/www.altominho.tv\\\/site\\\/2018\\\/01\\\/16\\\/distrito-de-viana-do-castelo-sob-aviso-laranja-devido-a-agitacao-maritima\\\/#breadcrumb\",\"itemListElement\":[{\"@type\":\"ListItem\",\"position\":1,\"name\":\"In\u00edcio\",\"item\":\"https:\\\/\\\/www.altominho.tv\\\/site\\\/\"},{\"@type\":\"ListItem\",\"position\":2,\"name\":\"Distrito de Viana do Castelo sob aviso laranja devido \u00e0 agita\u00e7\u00e3o mar\u00edtima\"}]},{\"@type\":\"WebSite\",\"@id\":\"https:\\\/\\\/www.altominho.tv\\\/site\\\/#website\",\"url\":\"https:\\\/\\\/www.altominho.tv\\\/site\\\/\",\"name\":\"Altominho.tv\",\"description\":\"A sua regi\u00e3o \u00e0 dist\u00e2ncia de um clique...\",\"potentialAction\":[{\"@type\":\"SearchAction\",\"target\":{\"@type\":\"EntryPoint\",\"urlTemplate\":\"https:\\\/\\\/www.altominho.tv\\\/site\\\/?s={search_term_string}\"},\"query-input\":{\"@type\":\"PropertyValueSpecification\",\"valueRequired\":true,\"valueName\":\"search_term_string\"}}],\"inLanguage\":\"pt-PT\"},{\"@type\":\"Person\",\"@id\":\"https:\\\/\\\/www.altominho.tv\\\/site\\\/#\\\/schema\\\/person\\\/5c9404a8b438614c93da6ca09db92574\",\"name\":\"C\u00e1tia Malheiro\",\"image\":{\"@type\":\"ImageObject\",\"inLanguage\":\"pt-PT\",\"@id\":\"https:\\\/\\\/www.altominho.tv\\\/site\\\/wp-content\\\/uploads\\\/2017\\\/11\\\/Catia_Malheiro-150x150.jpg\",\"url\":\"https:\\\/\\\/www.altominho.tv\\\/site\\\/wp-content\\\/uploads\\\/2017\\\/11\\\/Catia_Malheiro-150x150.jpg\",\"contentUrl\":\"https:\\\/\\\/www.altominho.tv\\\/site\\\/wp-content\\\/uploads\\\/2017\\\/11\\\/Catia_Malheiro-150x150.jpg\",\"caption\":\"C\u00e1tia Malheiro\"},\"url\":\"https:\\\/\\\/www.altominho.tv\\\/site\\\/author\\\/catiamalheiro\\\/\"}]}<\/script>\n<!-- \/ Yoast SEO Premium plugin. -->","yoast_head_json":{"title":"Distrito de Viana do Castelo sob aviso laranja devido \u00e0 agita\u00e7\u00e3o mar\u00edtima","robots":{"index":"index","follow":"follow","max-snippet":"max-snippet:-1","max-image-preview":"max-image-preview:large","max-video-preview":"max-video-preview:-1"},"canonical":"https:\/\/www.altominho.tv\/site\/2018\/01\/16\/distrito-de-viana-do-castelo-sob-aviso-laranja-devido-a-agitacao-maritima\/","og_locale":"pt_PT","og_type":"article","og_title":"Distrito de Viana do Castelo sob aviso laranja devido \u00e0 agita\u00e7\u00e3o mar\u00edtima","og_description":"Sete distritos de Portugal continental e a Madeira v\u00e3o estar sob aviso laranja na quarta e na quinta-feira devido \u00e0 previs\u00e3o de agita\u00e7\u00e3o mar\u00edtima forte, segundo o Instituto Portugu\u00eas do Mar e da Atmosfera (IPMA). Os distritos de Viana do Castelo, Braga, Porto, Aveiro, Coimbra, Leiria e Lisboa e a Madeira v\u00e3o estar sob aviso [&hellip;]","og_url":"https:\/\/www.altominho.tv\/site\/2018\/01\/16\/distrito-de-viana-do-castelo-sob-aviso-laranja-devido-a-agitacao-maritima\/","og_site_name":"Altominho.tv","article_publisher":"https:\/\/www.facebook.com\/altominhotv","article_published_time":"2018-01-16T10:13:02+00:00","og_image":[{"width":823,"height":549,"url":"https:\/\/www.altominho.tv\/site\/wp-content\/uploads\/2018\/01\/agiii.jpeg","type":"image\/jpeg"}],"author":"C\u00e1tia Malheiro","twitter_card":"summary_large_image","twitter_creator":"@altominhoTV","twitter_site":"@altominhoTV","twitter_misc":{"Escrito por":"C\u00e1tia Malheiro","Tempo estimado de leitura":"3 minutos"},"schema":{"@context":"https:\/\/schema.org","@graph":[{"@type":"Article","@id":"https:\/\/www.altominho.tv\/site\/2018\/01\/16\/distrito-de-viana-do-castelo-sob-aviso-laranja-devido-a-agitacao-maritima\/#article","isPartOf":{"@id":"https:\/\/www.altominho.tv\/site\/2018\/01\/16\/distrito-de-viana-do-castelo-sob-aviso-laranja-devido-a-agitacao-maritima\/"},"author":{"name":"C\u00e1tia Malheiro","@id":"https:\/\/www.altominho.tv\/site\/#\/schema\/person\/5c9404a8b438614c93da6ca09db92574"},"headline":"Distrito de Viana do Castelo sob aviso laranja devido \u00e0 agita\u00e7\u00e3o mar\u00edtima","datePublished":"2018-01-16T10:13:02+00:00","mainEntityOfPage":{"@id":"https:\/\/www.altominho.tv\/site\/2018\/01\/16\/distrito-de-viana-do-castelo-sob-aviso-laranja-devido-a-agitacao-maritima\/"},"wordCount":566,"image":{"@id":"https:\/\/www.altominho.tv\/site\/2018\/01\/16\/distrito-de-viana-do-castelo-sob-aviso-laranja-devido-a-agitacao-maritima\/#primaryimage"},"thumbnailUrl":"https:\/\/www.altominho.tv\/site\/wp-content\/uploads\/2018\/01\/agiii.jpeg","keywords":["Sociedade"],"articleSection":["Alto Minho"],"inLanguage":"pt-PT","copyrightYear":"2018","copyrightHolder":{"@id":"https:\/\/www.altominho.tv\/site\/#organization"}},{"@type":"WebPage","@id":"https:\/\/www.altominho.tv\/site\/2018\/01\/16\/distrito-de-viana-do-castelo-sob-aviso-laranja-devido-a-agitacao-maritima\/","url":"https:\/\/www.altominho.tv\/site\/2018\/01\/16\/distrito-de-viana-do-castelo-sob-aviso-laranja-devido-a-agitacao-maritima\/","name":"Distrito de Viana do Castelo sob aviso laranja devido \u00e0 agita\u00e7\u00e3o mar\u00edtima","isPartOf":{"@id":"https:\/\/www.altominho.tv\/site\/#website"},"primaryImageOfPage":{"@id":"https:\/\/www.altominho.tv\/site\/2018\/01\/16\/distrito-de-viana-do-castelo-sob-aviso-laranja-devido-a-agitacao-maritima\/#primaryimage"},"image":{"@id":"https:\/\/www.altominho.tv\/site\/2018\/01\/16\/distrito-de-viana-do-castelo-sob-aviso-laranja-devido-a-agitacao-maritima\/#primaryimage"},"thumbnailUrl":"https:\/\/www.altominho.tv\/site\/wp-content\/uploads\/2018\/01\/agiii.jpeg","datePublished":"2018-01-16T10:13:02+00:00","author":{"@id":"https:\/\/www.altominho.tv\/site\/#\/schema\/person\/5c9404a8b438614c93da6ca09db92574"},"breadcrumb":{"@id":"https:\/\/www.altominho.tv\/site\/2018\/01\/16\/distrito-de-viana-do-castelo-sob-aviso-laranja-devido-a-agitacao-maritima\/#breadcrumb"},"inLanguage":"pt-PT","potentialAction":[{"@type":"ReadAction","target":["https:\/\/www.altominho.tv\/site\/2018\/01\/16\/distrito-de-viana-do-castelo-sob-aviso-laranja-devido-a-agitacao-maritima\/"]}]},{"@type":"ImageObject","inLanguage":"pt-PT","@id":"https:\/\/www.altominho.tv\/site\/2018\/01\/16\/distrito-de-viana-do-castelo-sob-aviso-laranja-devido-a-agitacao-maritima\/#primaryimage","url":"https:\/\/www.altominho.tv\/site\/wp-content\/uploads\/2018\/01\/agiii.jpeg","contentUrl":"https:\/\/www.altominho.tv\/site\/wp-content\/uploads\/2018\/01\/agiii.jpeg","width":823,"height":549},{"@type":"BreadcrumbList","@id":"https:\/\/www.altominho.tv\/site\/2018\/01\/16\/distrito-de-viana-do-castelo-sob-aviso-laranja-devido-a-agitacao-maritima\/#breadcrumb","itemListElement":[{"@type":"ListItem","position":1,"name":"In\u00edcio","item":"https:\/\/www.altominho.tv\/site\/"},{"@type":"ListItem","position":2,"name":"Distrito de Viana do Castelo sob aviso laranja devido \u00e0 agita\u00e7\u00e3o mar\u00edtima"}]},{"@type":"WebSite","@id":"https:\/\/www.altominho.tv\/site\/#website","url":"https:\/\/www.altominho.tv\/site\/","name":"Altominho.tv","description":"A sua regi\u00e3o \u00e0 dist\u00e2ncia de um clique...","potentialAction":[{"@type":"SearchAction","target":{"@type":"EntryPoint","urlTemplate":"https:\/\/www.altominho.tv\/site\/?s={search_term_string}"},"query-input":{"@type":"PropertyValueSpecification","valueRequired":true,"valueName":"search_term_string"}}],"inLanguage":"pt-PT"},{"@type":"Person","@id":"https:\/\/www.altominho.tv\/site\/#\/schema\/person\/5c9404a8b438614c93da6ca09db92574","name":"C\u00e1tia Malheiro","image":{"@type":"ImageObject","inLanguage":"pt-PT","@id":"https:\/\/www.altominho.tv\/site\/wp-content\/uploads\/2017\/11\/Catia_Malheiro-150x150.jpg","url":"https:\/\/www.altominho.tv\/site\/wp-content\/uploads\/2017\/11\/Catia_Malheiro-150x150.jpg","contentUrl":"https:\/\/www.altominho.tv\/site\/wp-content\/uploads\/2017\/11\/Catia_Malheiro-150x150.jpg","caption":"C\u00e1tia Malheiro"},"url":"https:\/\/www.altominho.tv\/site\/author\/catiamalheiro\/"}]}},"_links":{"self":[{"href":"https:\/\/www.altominho.tv\/site\/wp-json\/wp\/v2\/posts\/8298","targetHints":{"allow":["GET"]}}],"collection":[{"href":"https:\/\/www.altominho.tv\/site\/wp-json\/wp\/v2\/posts"}],"about":[{"href":"https:\/\/www.altominho.tv\/site\/wp-json\/wp\/v2\/types\/post"}],"author":[{"embeddable":true,"href":"https:\/\/www.altominho.tv\/site\/wp-json\/wp\/v2\/users\/6"}],"replies":[{"embeddable":true,"href":"https:\/\/www.altominho.tv\/site\/wp-json\/wp\/v2\/comments?post=8298"}],"version-history":[{"count":0,"href":"https:\/\/www.altominho.tv\/site\/wp-json\/wp\/v2\/posts\/8298\/revisions"}],"wp:featuredmedia":[{"embeddable":true,"href":"https:\/\/www.altominho.tv\/site\/wp-json\/wp\/v2\/media\/8299"}],"wp:attachment":[{"href":"https:\/\/www.altominho.tv\/site\/wp-json\/wp\/v2\/media?parent=8298"}],"wp:term":[{"taxonomy":"category","embeddable":true,"href":"https:\/\/www.altominho.tv\/site\/wp-json\/wp\/v2\/categories?post=8298"},{"taxonomy":"post_tag","embeddable":true,"href":"https:\/\/www.altominho.tv\/site\/wp-json\/wp\/v2\/tags?post=8298"}],"curies":[{"name":"wp","href":"https:\/\/api.w.org\/{rel}","templated":true}]}}