{"id":82939,"date":"2022-09-20T11:37:36","date_gmt":"2022-09-20T10:37:36","guid":{"rendered":"https:\/\/www.altominho.tv\/site\/?p=82939"},"modified":"2022-09-20T11:37:39","modified_gmt":"2022-09-20T10:37:39","slug":"jovem-de-22-anos-detido-por-conducao-ilegal-e-trafico-de-estupefacientes","status":"publish","type":"post","link":"https:\/\/www.altominho.tv\/site\/2022\/09\/20\/jovem-de-22-anos-detido-por-conducao-ilegal-e-trafico-de-estupefacientes\/","title":{"rendered":"Jovem de 22 anos detido por condu\u00e7\u00e3o ilegal e tr\u00e1fico de estupefacientes"},"content":{"rendered":"<p>A GNR deteve um jovem de 22 anos por condu\u00e7\u00e3o ilegal e por tr\u00e1fico de estupefacientes, no concelho de Vila Nova de Cerveira, e apreendeu 64 doses de liamba.<\/p>\n<p>Em comunicado, a Guarda refere que o Comando Territorial de Viana do Castelo, atrav\u00e9s do Posto Territorial de Vila Nova de Cerveira, deteve o homem no domingo, no \u00e2mbito de uma a\u00e7\u00e3o de patrulhamento.<\/p>\n<p>&#8220;Os militares da Guarda efetuaram uma fiscaliza\u00e7\u00e3o rodovi\u00e1ria, verificando que o condutor n\u00e3o era portador do documento legal que o habilitasse \u00e0 condu\u00e7\u00e3o do ve\u00edculo em causa&#8221;, adianta a nota enviada esta ter\u00e7a-feira \u00e0 imprensa.<u><\/u><\/p>\n<p>Ainda no decorrer da a\u00e7\u00e3o policial, a GNR detetou que &#8220;o condutor era possuidor de 64 doses de liamba, sendo a mesma apreendida&#8221;.<\/p>\n<p class=\"m_2332301956923879823wordsection1\">O detido foi constitu\u00eddo arguido e os factos comunicados ao Tribunal Judicial de Vila Nova de Cerveira.<\/p>\n\n\n<figure class=\"wp-block-image size-large\"><img loading=\"lazy\" decoding=\"async\" width=\"1024\" height=\"637\" src=\"https:\/\/www.altominho.tv\/site\/wp-content\/uploads\/2022\/09\/GNR-Viana-do-Castelo-Apreensa\u0303o-1024x637.jpg\" alt=\"\" class=\"wp-image-82940\" srcset=\"https:\/\/www.altominho.tv\/site\/wp-content\/uploads\/2022\/09\/GNR-Viana-do-Castelo-Apreensa\u0303o-1024x637.jpg 1024w, https:\/\/www.altominho.tv\/site\/wp-content\/uploads\/2022\/09\/GNR-Viana-do-Castelo-Apreensa\u0303o-696x433.jpg 696w, https:\/\/www.altominho.tv\/site\/wp-content\/uploads\/2022\/09\/GNR-Viana-do-Castelo-Apreensa\u0303o-768x478.jpg 768w, https:\/\/www.altominho.tv\/site\/wp-content\/uploads\/2022\/09\/GNR-Viana-do-Castelo-Apreensa\u0303o-1536x956.jpg 1536w, https:\/\/www.altominho.tv\/site\/wp-content\/uploads\/2022\/09\/GNR-Viana-do-Castelo-Apreensa\u0303o-370x230.jpg 370w, https:\/\/www.altominho.tv\/site\/wp-content\/uploads\/2022\/09\/GNR-Viana-do-Castelo-Apreensa\u0303o-270x168.jpg 270w, https:\/\/www.altominho.tv\/site\/wp-content\/uploads\/2022\/09\/GNR-Viana-do-Castelo-Apreensa\u0303o-570x355.jpg 570w, https:\/\/www.altominho.tv\/site\/wp-content\/uploads\/2022\/09\/GNR-Viana-do-Castelo-Apreensa\u0303o-740x460.jpg 740w, https:\/\/www.altominho.tv\/site\/wp-content\/uploads\/2022\/09\/GNR-Viana-do-Castelo-Apreensa\u0303o.jpg 1808w\" sizes=\"auto, (max-width: 1024px) 100vw, 1024px\" \/><figcaption>GNR VIANA DO CASTELO<\/figcaption><\/figure>\n","protected":false},"excerpt":{"rendered":"<p>A GNR deteve um jovem de 22 anos por condu\u00e7\u00e3o ilegal e por tr\u00e1fico de estupefacientes, no concelho de Vila Nova de Cerveira, e apreendeu 64 doses de liamba. Em comunicado, a Guarda refere que o Comando Territorial de Viana do Castelo, atrav\u00e9s do Posto Territorial de Vila Nova de Cerveira, deteve o homem no [&hellip;]<\/p>\n","protected":false},"author":12,"featured_media":82518,"comment_status":"closed","ping_status":"closed","sticky":false,"template":"","format":"standard","meta":{"_exactmetrics_skip_tracking":false,"_exactmetrics_sitenote_active":false,"_exactmetrics_sitenote_note":"","_exactmetrics_sitenote_category":0,"footnotes":""},"categories":[15],"tags":[27],"class_list":["post-82939","post","type-post","status-publish","format-standard","has-post-thumbnail","hentry","category-vila-nova-de-cerveira","tag-sociedade"],"yoast_head":"<!-- This site is optimized with the Yoast SEO Premium plugin v27.5 (Yoast SEO v27.5) - https:\/\/yoast.com\/product\/yoast-seo-premium-wordpress\/ -->\n<title>Jovem de 22 anos detido por condu\u00e7\u00e3o ilegal e tr\u00e1fico de estupefacientes<\/title>\n<meta name=\"robots\" content=\"index, follow, max-snippet:-1, max-image-preview:large, max-video-preview:-1\" \/>\n<link rel=\"canonical\" href=\"https:\/\/www.altominho.tv\/site\/2022\/09\/20\/jovem-de-22-anos-detido-por-conducao-ilegal-e-trafico-de-estupefacientes\/\" \/>\n<meta property=\"og:locale\" content=\"pt_PT\" \/>\n<meta property=\"og:type\" content=\"article\" \/>\n<meta property=\"og:title\" content=\"Jovem de 22 anos detido por condu\u00e7\u00e3o ilegal e tr\u00e1fico de estupefacientes\" \/>\n<meta property=\"og:description\" content=\"A GNR deteve um jovem de 22 anos por condu\u00e7\u00e3o ilegal e por tr\u00e1fico de estupefacientes, no concelho de Vila Nova de Cerveira, e apreendeu 64 doses de liamba. Em comunicado, a Guarda refere que o Comando Territorial de Viana do Castelo, atrav\u00e9s do Posto Territorial de Vila Nova de Cerveira, deteve o homem no [&hellip;]\" \/>\n<meta property=\"og:url\" content=\"https:\/\/www.altominho.tv\/site\/2022\/09\/20\/jovem-de-22-anos-detido-por-conducao-ilegal-e-trafico-de-estupefacientes\/\" \/>\n<meta property=\"og:site_name\" content=\"Altominho.tv\" \/>\n<meta property=\"article:publisher\" content=\"https:\/\/www.facebook.com\/altominhotv\" \/>\n<meta property=\"article:published_time\" content=\"2022-09-20T10:37:36+00:00\" \/>\n<meta property=\"article:modified_time\" content=\"2022-09-20T10:37:39+00:00\" \/>\n<meta property=\"og:image\" content=\"https:\/\/www.altominho.tv\/site\/wp-content\/uploads\/2022\/09\/detencao.jpg\" \/>\n\t<meta property=\"og:image:width\" content=\"728\" \/>\n\t<meta property=\"og:image:height\" content=\"410\" \/>\n\t<meta property=\"og:image:type\" content=\"image\/jpeg\" \/>\n<meta name=\"author\" content=\"Andreia Ferreira\" \/>\n<meta name=\"twitter:card\" content=\"summary_large_image\" \/>\n<meta name=\"twitter:creator\" content=\"@altominhoTV\" \/>\n<meta name=\"twitter:site\" content=\"@altominhoTV\" \/>\n<meta name=\"twitter:label1\" content=\"Escrito por\" \/>\n\t<meta name=\"twitter:data1\" content=\"Andreia Ferreira\" \/>\n\t<meta name=\"twitter:label2\" content=\"Tempo estimado de leitura\" \/>\n\t<meta name=\"twitter:data2\" content=\"1 minuto\" \/>\n<script type=\"application\/ld+json\" class=\"yoast-schema-graph\">{\"@context\":\"https:\\\/\\\/schema.org\",\"@graph\":[{\"@type\":\"Article\",\"@id\":\"https:\\\/\\\/www.altominho.tv\\\/site\\\/2022\\\/09\\\/20\\\/jovem-de-22-anos-detido-por-conducao-ilegal-e-trafico-de-estupefacientes\\\/#article\",\"isPartOf\":{\"@id\":\"https:\\\/\\\/www.altominho.tv\\\/site\\\/2022\\\/09\\\/20\\\/jovem-de-22-anos-detido-por-conducao-ilegal-e-trafico-de-estupefacientes\\\/\"},\"author\":{\"name\":\"Andreia Ferreira\",\"@id\":\"https:\\\/\\\/www.altominho.tv\\\/site\\\/#\\\/schema\\\/person\\\/d9be4265364723f14ea8e0d56a1d38cd\"},\"headline\":\"Jovem de 22 anos detido por condu\u00e7\u00e3o ilegal e tr\u00e1fico de estupefacientes\",\"datePublished\":\"2022-09-20T10:37:36+00:00\",\"dateModified\":\"2022-09-20T10:37:39+00:00\",\"mainEntityOfPage\":{\"@id\":\"https:\\\/\\\/www.altominho.tv\\\/site\\\/2022\\\/09\\\/20\\\/jovem-de-22-anos-detido-por-conducao-ilegal-e-trafico-de-estupefacientes\\\/\"},\"wordCount\":162,\"image\":{\"@id\":\"https:\\\/\\\/www.altominho.tv\\\/site\\\/2022\\\/09\\\/20\\\/jovem-de-22-anos-detido-por-conducao-ilegal-e-trafico-de-estupefacientes\\\/#primaryimage\"},\"thumbnailUrl\":\"https:\\\/\\\/www.altominho.tv\\\/site\\\/wp-content\\\/uploads\\\/2022\\\/09\\\/detencao.jpg\",\"keywords\":[\"Sociedade\"],\"articleSection\":[\"Vila Nova de Cerveira\"],\"inLanguage\":\"pt-PT\",\"copyrightYear\":\"2022\",\"copyrightHolder\":{\"@id\":\"https:\\\/\\\/www.altominho.tv\\\/site\\\/#organization\"}},{\"@type\":\"WebPage\",\"@id\":\"https:\\\/\\\/www.altominho.tv\\\/site\\\/2022\\\/09\\\/20\\\/jovem-de-22-anos-detido-por-conducao-ilegal-e-trafico-de-estupefacientes\\\/\",\"url\":\"https:\\\/\\\/www.altominho.tv\\\/site\\\/2022\\\/09\\\/20\\\/jovem-de-22-anos-detido-por-conducao-ilegal-e-trafico-de-estupefacientes\\\/\",\"name\":\"Jovem de 22 anos detido por condu\u00e7\u00e3o ilegal e tr\u00e1fico de estupefacientes\",\"isPartOf\":{\"@id\":\"https:\\\/\\\/www.altominho.tv\\\/site\\\/#website\"},\"primaryImageOfPage\":{\"@id\":\"https:\\\/\\\/www.altominho.tv\\\/site\\\/2022\\\/09\\\/20\\\/jovem-de-22-anos-detido-por-conducao-ilegal-e-trafico-de-estupefacientes\\\/#primaryimage\"},\"image\":{\"@id\":\"https:\\\/\\\/www.altominho.tv\\\/site\\\/2022\\\/09\\\/20\\\/jovem-de-22-anos-detido-por-conducao-ilegal-e-trafico-de-estupefacientes\\\/#primaryimage\"},\"thumbnailUrl\":\"https:\\\/\\\/www.altominho.tv\\\/site\\\/wp-content\\\/uploads\\\/2022\\\/09\\\/detencao.jpg\",\"datePublished\":\"2022-09-20T10:37:36+00:00\",\"dateModified\":\"2022-09-20T10:37:39+00:00\",\"author\":{\"@id\":\"https:\\\/\\\/www.altominho.tv\\\/site\\\/#\\\/schema\\\/person\\\/d9be4265364723f14ea8e0d56a1d38cd\"},\"breadcrumb\":{\"@id\":\"https:\\\/\\\/www.altominho.tv\\\/site\\\/2022\\\/09\\\/20\\\/jovem-de-22-anos-detido-por-conducao-ilegal-e-trafico-de-estupefacientes\\\/#breadcrumb\"},\"inLanguage\":\"pt-PT\",\"potentialAction\":[{\"@type\":\"ReadAction\",\"target\":[\"https:\\\/\\\/www.altominho.tv\\\/site\\\/2022\\\/09\\\/20\\\/jovem-de-22-anos-detido-por-conducao-ilegal-e-trafico-de-estupefacientes\\\/\"]}]},{\"@type\":\"ImageObject\",\"inLanguage\":\"pt-PT\",\"@id\":\"https:\\\/\\\/www.altominho.tv\\\/site\\\/2022\\\/09\\\/20\\\/jovem-de-22-anos-detido-por-conducao-ilegal-e-trafico-de-estupefacientes\\\/#primaryimage\",\"url\":\"https:\\\/\\\/www.altominho.tv\\\/site\\\/wp-content\\\/uploads\\\/2022\\\/09\\\/detencao.jpg\",\"contentUrl\":\"https:\\\/\\\/www.altominho.tv\\\/site\\\/wp-content\\\/uploads\\\/2022\\\/09\\\/detencao.jpg\",\"width\":728,\"height\":410},{\"@type\":\"BreadcrumbList\",\"@id\":\"https:\\\/\\\/www.altominho.tv\\\/site\\\/2022\\\/09\\\/20\\\/jovem-de-22-anos-detido-por-conducao-ilegal-e-trafico-de-estupefacientes\\\/#breadcrumb\",\"itemListElement\":[{\"@type\":\"ListItem\",\"position\":1,\"name\":\"In\u00edcio\",\"item\":\"https:\\\/\\\/www.altominho.tv\\\/site\\\/\"},{\"@type\":\"ListItem\",\"position\":2,\"name\":\"Jovem de 22 anos detido por condu\u00e7\u00e3o ilegal e tr\u00e1fico de estupefacientes\"}]},{\"@type\":\"WebSite\",\"@id\":\"https:\\\/\\\/www.altominho.tv\\\/site\\\/#website\",\"url\":\"https:\\\/\\\/www.altominho.tv\\\/site\\\/\",\"name\":\"Altominho.tv\",\"description\":\"A sua regi\u00e3o \u00e0 dist\u00e2ncia de um clique...\",\"potentialAction\":[{\"@type\":\"SearchAction\",\"target\":{\"@type\":\"EntryPoint\",\"urlTemplate\":\"https:\\\/\\\/www.altominho.tv\\\/site\\\/?s={search_term_string}\"},\"query-input\":{\"@type\":\"PropertyValueSpecification\",\"valueRequired\":true,\"valueName\":\"search_term_string\"}}],\"inLanguage\":\"pt-PT\"},{\"@type\":\"Person\",\"@id\":\"https:\\\/\\\/www.altominho.tv\\\/site\\\/#\\\/schema\\\/person\\\/d9be4265364723f14ea8e0d56a1d38cd\",\"name\":\"Andreia Ferreira\",\"image\":{\"@type\":\"ImageObject\",\"inLanguage\":\"pt-PT\",\"@id\":\"https:\\\/\\\/www.altominho.tv\\\/site\\\/wp-content\\\/uploads\\\/2021\\\/01\\\/AndreiaFerreira-150x150.jpg\",\"url\":\"https:\\\/\\\/www.altominho.tv\\\/site\\\/wp-content\\\/uploads\\\/2021\\\/01\\\/AndreiaFerreira-150x150.jpg\",\"contentUrl\":\"https:\\\/\\\/www.altominho.tv\\\/site\\\/wp-content\\\/uploads\\\/2021\\\/01\\\/AndreiaFerreira-150x150.jpg\",\"caption\":\"Andreia Ferreira\"},\"url\":\"https:\\\/\\\/www.altominho.tv\\\/site\\\/author\\\/andreiaferreira\\\/\"}]}<\/script>\n<!-- \/ Yoast SEO Premium plugin. -->","yoast_head_json":{"title":"Jovem de 22 anos detido por condu\u00e7\u00e3o ilegal e tr\u00e1fico de estupefacientes","robots":{"index":"index","follow":"follow","max-snippet":"max-snippet:-1","max-image-preview":"max-image-preview:large","max-video-preview":"max-video-preview:-1"},"canonical":"https:\/\/www.altominho.tv\/site\/2022\/09\/20\/jovem-de-22-anos-detido-por-conducao-ilegal-e-trafico-de-estupefacientes\/","og_locale":"pt_PT","og_type":"article","og_title":"Jovem de 22 anos detido por condu\u00e7\u00e3o ilegal e tr\u00e1fico de estupefacientes","og_description":"A GNR deteve um jovem de 22 anos por condu\u00e7\u00e3o ilegal e por tr\u00e1fico de estupefacientes, no concelho de Vila Nova de Cerveira, e apreendeu 64 doses de liamba. Em comunicado, a Guarda refere que o Comando Territorial de Viana do Castelo, atrav\u00e9s do Posto Territorial de Vila Nova de Cerveira, deteve o homem no [&hellip;]","og_url":"https:\/\/www.altominho.tv\/site\/2022\/09\/20\/jovem-de-22-anos-detido-por-conducao-ilegal-e-trafico-de-estupefacientes\/","og_site_name":"Altominho.tv","article_publisher":"https:\/\/www.facebook.com\/altominhotv","article_published_time":"2022-09-20T10:37:36+00:00","article_modified_time":"2022-09-20T10:37:39+00:00","og_image":[{"width":728,"height":410,"url":"https:\/\/www.altominho.tv\/site\/wp-content\/uploads\/2022\/09\/detencao.jpg","type":"image\/jpeg"}],"author":"Andreia Ferreira","twitter_card":"summary_large_image","twitter_creator":"@altominhoTV","twitter_site":"@altominhoTV","twitter_misc":{"Escrito por":"Andreia Ferreira","Tempo estimado de leitura":"1 minuto"},"schema":{"@context":"https:\/\/schema.org","@graph":[{"@type":"Article","@id":"https:\/\/www.altominho.tv\/site\/2022\/09\/20\/jovem-de-22-anos-detido-por-conducao-ilegal-e-trafico-de-estupefacientes\/#article","isPartOf":{"@id":"https:\/\/www.altominho.tv\/site\/2022\/09\/20\/jovem-de-22-anos-detido-por-conducao-ilegal-e-trafico-de-estupefacientes\/"},"author":{"name":"Andreia Ferreira","@id":"https:\/\/www.altominho.tv\/site\/#\/schema\/person\/d9be4265364723f14ea8e0d56a1d38cd"},"headline":"Jovem de 22 anos detido por condu\u00e7\u00e3o ilegal e tr\u00e1fico de estupefacientes","datePublished":"2022-09-20T10:37:36+00:00","dateModified":"2022-09-20T10:37:39+00:00","mainEntityOfPage":{"@id":"https:\/\/www.altominho.tv\/site\/2022\/09\/20\/jovem-de-22-anos-detido-por-conducao-ilegal-e-trafico-de-estupefacientes\/"},"wordCount":162,"image":{"@id":"https:\/\/www.altominho.tv\/site\/2022\/09\/20\/jovem-de-22-anos-detido-por-conducao-ilegal-e-trafico-de-estupefacientes\/#primaryimage"},"thumbnailUrl":"https:\/\/www.altominho.tv\/site\/wp-content\/uploads\/2022\/09\/detencao.jpg","keywords":["Sociedade"],"articleSection":["Vila Nova de Cerveira"],"inLanguage":"pt-PT","copyrightYear":"2022","copyrightHolder":{"@id":"https:\/\/www.altominho.tv\/site\/#organization"}},{"@type":"WebPage","@id":"https:\/\/www.altominho.tv\/site\/2022\/09\/20\/jovem-de-22-anos-detido-por-conducao-ilegal-e-trafico-de-estupefacientes\/","url":"https:\/\/www.altominho.tv\/site\/2022\/09\/20\/jovem-de-22-anos-detido-por-conducao-ilegal-e-trafico-de-estupefacientes\/","name":"Jovem de 22 anos detido por condu\u00e7\u00e3o ilegal e tr\u00e1fico de estupefacientes","isPartOf":{"@id":"https:\/\/www.altominho.tv\/site\/#website"},"primaryImageOfPage":{"@id":"https:\/\/www.altominho.tv\/site\/2022\/09\/20\/jovem-de-22-anos-detido-por-conducao-ilegal-e-trafico-de-estupefacientes\/#primaryimage"},"image":{"@id":"https:\/\/www.altominho.tv\/site\/2022\/09\/20\/jovem-de-22-anos-detido-por-conducao-ilegal-e-trafico-de-estupefacientes\/#primaryimage"},"thumbnailUrl":"https:\/\/www.altominho.tv\/site\/wp-content\/uploads\/2022\/09\/detencao.jpg","datePublished":"2022-09-20T10:37:36+00:00","dateModified":"2022-09-20T10:37:39+00:00","author":{"@id":"https:\/\/www.altominho.tv\/site\/#\/schema\/person\/d9be4265364723f14ea8e0d56a1d38cd"},"breadcrumb":{"@id":"https:\/\/www.altominho.tv\/site\/2022\/09\/20\/jovem-de-22-anos-detido-por-conducao-ilegal-e-trafico-de-estupefacientes\/#breadcrumb"},"inLanguage":"pt-PT","potentialAction":[{"@type":"ReadAction","target":["https:\/\/www.altominho.tv\/site\/2022\/09\/20\/jovem-de-22-anos-detido-por-conducao-ilegal-e-trafico-de-estupefacientes\/"]}]},{"@type":"ImageObject","inLanguage":"pt-PT","@id":"https:\/\/www.altominho.tv\/site\/2022\/09\/20\/jovem-de-22-anos-detido-por-conducao-ilegal-e-trafico-de-estupefacientes\/#primaryimage","url":"https:\/\/www.altominho.tv\/site\/wp-content\/uploads\/2022\/09\/detencao.jpg","contentUrl":"https:\/\/www.altominho.tv\/site\/wp-content\/uploads\/2022\/09\/detencao.jpg","width":728,"height":410},{"@type":"BreadcrumbList","@id":"https:\/\/www.altominho.tv\/site\/2022\/09\/20\/jovem-de-22-anos-detido-por-conducao-ilegal-e-trafico-de-estupefacientes\/#breadcrumb","itemListElement":[{"@type":"ListItem","position":1,"name":"In\u00edcio","item":"https:\/\/www.altominho.tv\/site\/"},{"@type":"ListItem","position":2,"name":"Jovem de 22 anos detido por condu\u00e7\u00e3o ilegal e tr\u00e1fico de estupefacientes"}]},{"@type":"WebSite","@id":"https:\/\/www.altominho.tv\/site\/#website","url":"https:\/\/www.altominho.tv\/site\/","name":"Altominho.tv","description":"A sua regi\u00e3o \u00e0 dist\u00e2ncia de um clique...","potentialAction":[{"@type":"SearchAction","target":{"@type":"EntryPoint","urlTemplate":"https:\/\/www.altominho.tv\/site\/?s={search_term_string}"},"query-input":{"@type":"PropertyValueSpecification","valueRequired":true,"valueName":"search_term_string"}}],"inLanguage":"pt-PT"},{"@type":"Person","@id":"https:\/\/www.altominho.tv\/site\/#\/schema\/person\/d9be4265364723f14ea8e0d56a1d38cd","name":"Andreia Ferreira","image":{"@type":"ImageObject","inLanguage":"pt-PT","@id":"https:\/\/www.altominho.tv\/site\/wp-content\/uploads\/2021\/01\/AndreiaFerreira-150x150.jpg","url":"https:\/\/www.altominho.tv\/site\/wp-content\/uploads\/2021\/01\/AndreiaFerreira-150x150.jpg","contentUrl":"https:\/\/www.altominho.tv\/site\/wp-content\/uploads\/2021\/01\/AndreiaFerreira-150x150.jpg","caption":"Andreia Ferreira"},"url":"https:\/\/www.altominho.tv\/site\/author\/andreiaferreira\/"}]}},"_links":{"self":[{"href":"https:\/\/www.altominho.tv\/site\/wp-json\/wp\/v2\/posts\/82939","targetHints":{"allow":["GET"]}}],"collection":[{"href":"https:\/\/www.altominho.tv\/site\/wp-json\/wp\/v2\/posts"}],"about":[{"href":"https:\/\/www.altominho.tv\/site\/wp-json\/wp\/v2\/types\/post"}],"author":[{"embeddable":true,"href":"https:\/\/www.altominho.tv\/site\/wp-json\/wp\/v2\/users\/12"}],"replies":[{"embeddable":true,"href":"https:\/\/www.altominho.tv\/site\/wp-json\/wp\/v2\/comments?post=82939"}],"version-history":[{"count":0,"href":"https:\/\/www.altominho.tv\/site\/wp-json\/wp\/v2\/posts\/82939\/revisions"}],"wp:featuredmedia":[{"embeddable":true,"href":"https:\/\/www.altominho.tv\/site\/wp-json\/wp\/v2\/media\/82518"}],"wp:attachment":[{"href":"https:\/\/www.altominho.tv\/site\/wp-json\/wp\/v2\/media?parent=82939"}],"wp:term":[{"taxonomy":"category","embeddable":true,"href":"https:\/\/www.altominho.tv\/site\/wp-json\/wp\/v2\/categories?post=82939"},{"taxonomy":"post_tag","embeddable":true,"href":"https:\/\/www.altominho.tv\/site\/wp-json\/wp\/v2\/tags?post=82939"}],"curies":[{"name":"wp","href":"https:\/\/api.w.org\/{rel}","templated":true}]}}