{"id":82537,"date":"2022-09-01T12:58:46","date_gmt":"2022-09-01T11:58:46","guid":{"rendered":"https:\/\/www.altominho.tv\/site\/?p=82537"},"modified":"2022-09-01T12:58:53","modified_gmt":"2022-09-01T11:58:53","slug":"regras-para-pesca-no-rio-minho-retomam-modelo-anterior-a-pandemia-de-covid-19","status":"publish","type":"post","link":"https:\/\/www.altominho.tv\/site\/2022\/09\/01\/regras-para-pesca-no-rio-minho-retomam-modelo-anterior-a-pandemia-de-covid-19\/","title":{"rendered":"Regras para pesca no rio Minho retomam modelo anterior a pandemia de covid-19"},"content":{"rendered":"<p>As condi\u00e7\u00f5es para o exerc\u00edcio da pesca no tro\u00e7o internacional do rio Minho, para a temporada 2022-2023, hoje publicadas em Di\u00e1rio da Rep\u00fablica (DR), voltam ao modelo pr\u00e9-pandemia de covid-19, entrando em vigor a 01 de novembro.<\/p>\n<p>Contactado pela ag\u00eancia Lusa a prop\u00f3sito da publica\u00e7\u00e3o do edital em DR, o capit\u00e3o do Porto de Caminha, Pedro Santos Jorge, explicou que na temporada 2019-2020 foi introduzida uma \u201cexce\u00e7\u00e3o\u201d para a pesca nas pesqueiras, \u201cprolongada por mais uma semana devido \u00e0 pandemia de covid-19\u201d.<\/p>\n<p>\u201cEste ano, as condi\u00e7\u00f5es voltam aos moldes tradicionais da temporada 2019-2020\u201d, referiu o respons\u00e1vel, acrescentando que entram em vigor no tro\u00e7o internacional do rio a partir de 01 de novembro.<\/p>\n<p>O tamb\u00e9m comandante da Pol\u00edcia Mar\u00edtima de Caminha informou que \u201co edital de Espanha, exatamente igual ao portugu\u00eas, por se tratar de um rio internacional, tamb\u00e9m j\u00e1 foi publicado no Boletim Oficial do Estado (BOE)\u201d.<\/p>\n<p>O edital \u201ctem por objeto regular para a temporada 2022-2023 o exerc\u00edcio da pesca profissional, l\u00fadica\/recreativa e das pesqueiras, no Tro\u00e7o Internacional do Rio Minho (TIRM), incluindo as ilhas nele existentes, de modo a garantir a conserva\u00e7\u00e3o dos \u2018habitats\u2019, no \u00e2mbito das compet\u00eancias atribu\u00eddas \u00e0 Comiss\u00e3o Permanente Internacional do Rio Minho (CPIRM)\u201d.<\/p>\n<p>Entre as v\u00e1rias condi\u00e7\u00f5es existentes consta a permiss\u00e3o da pesca do salm\u00e3o durante a temporada 2022-2023, \u201cfinda a qual ser\u00e1 novamente reavaliada e decidida a conveni\u00eancia de prorrogar ou n\u00e3o esta autoriza\u00e7\u00e3o\u201d.<\/p>\n<p>Permanece ainda \u201cautorizada a utiliza\u00e7\u00e3o da tela para a pesca do meix\u00e3o durante a temporada 2022-2023, finda a qual ser\u00e1 novamente reavaliada e decidida a conveni\u00eancia de prorrogar ou n\u00e3o esta autoriza\u00e7\u00e3o\u201d e \u00e9 tamb\u00e9m \u201cpermitida a apanha de poliquetas, vulgarmente conhecidas por minhoca-da-pesca, casulos (\u2026), limitada a 100 gramas, por apanhador, por dia e apenas com recurso a utens\u00edlios vulgarmente denominados por p\u00e1 ou enxada de cabo curto, devendo o apanhador estar na posse da sua licen\u00e7a de pesca profissional ou l\u00fadica\/recreativa\u201d.<\/p>\n<p>O edital prev\u00ea \u201ca utiliza\u00e7\u00e3o de camaroeiros e artes similares na pesca profissional e pesca l\u00fadica\/recreativa como equipamento de apoio\u201d, sendo ainda \u201cautorizado o tr\u00e2nsito no TIRM a embarca\u00e7\u00f5es de pesca profissional com licen\u00e7a para \u00e1guas oce\u00e2nicas, desde que mantenham as respetivas artes devidamente estivadas a bordo e em condi\u00e7\u00f5es que n\u00e3o permitam a sua utiliza\u00e7\u00e3o\u201d.<\/p>\n<p>Tamb\u00e9m \u00e9 autorizado o tr\u00e2nsito a \u201cembarca\u00e7\u00f5es de recreio com artes de pesca l\u00fadica a bordo, apenas com licen\u00e7a de pesca l\u00fadica\/recreativa em \u00e1guas oce\u00e2nicas, desde que devidamente estivadas, desmontadas e mantidas a bordo em condi\u00e7\u00f5es que n\u00e3o permitam a sua utiliza\u00e7\u00e3o\u201d.<\/p>\n<p>O edital inclui \u201cnormas extraordin\u00e1rias, com o objetivo de dispor de capacidade de rea\u00e7\u00e3o perante circunst\u00e2ncias excecionais, quer sejam meteorol\u00f3gicas, quer seja devido ao aumento do n\u00edvel das \u00e1guas do rio, ou circunst\u00e2ncias similares \u00e0 da pandemia causada pelo v\u00edrus SARS-CoV-2, que impe\u00e7am o exerc\u00edcio da pesca\u201d.<\/p>\n<p>\u201cEst\u00e1 previsto o estabelecimento de um per\u00edodo alternativo para a pesca do meix\u00e3o. (\u2026) O per\u00edodo h\u00e1bil alternativo, que \u00e9 \u00fanico, poder\u00e1 ser estabelecido de 14 a 28 de mar\u00e7o de 2023, em caso de cancelamento de algum dos per\u00edodos h\u00e1beis autorizados, tendo a mesma dura\u00e7\u00e3o\u201d, especifica.<\/p>\n<p>Entre as condi\u00e7\u00f5es de pesca para os pescadores l\u00fadicos\/recreativos devidamente licenciados \u00e9 permitida a captura de lagostim vermelho da Louisiana, devendo utilizar camaroeiros ou aparelhos similares com di\u00e2metro m\u00e1ximo de 80 cent\u00edmetros, e com malha n\u00e3o inferior a 30 mil\u00edmetros de diagonal.<\/p>\n<p>Aquela captura apenas pode ser efetuada a partir da margem e entre o nascer e o p\u00f4r-do-sol, n\u00e3o \u00e9 permitido abandonar, soltar ou libertar na \u00e1gua sem qualquer vigil\u00e2ncia os camaroeiros ou aparelhos similares e cada pescador n\u00e3o pode utilizar mais do que dois camaroeiros ou aparelhos similares.<\/p>\n<p>Est\u00e3o tamb\u00e9m estabelecidas quotas de captura na pesca l\u00fadica\/recreativa apeada e embarcada com um pescador a bordo, que, por exemplo, s\u00f3 pode capturar, por dia, um salm\u00e3o, oito trutas marisca e sapeira, cinco savelhas e um s\u00e1vel.<\/p>\n<p>Na pesca l\u00fadica\/recreativa embarcada com mais do que um pescador a bordo \u00e9 permitida a captura, por dia, por embarca\u00e7\u00e3o, de um salm\u00e3o, 16 trutas marisca e sapeira, 10 savelhas e dois s\u00e1veis.<\/p>\n<p>Fronteira natural entre os dois pa\u00edses, o rio nasce a uma altitude de 750 metros na serra de Meira, na Comunidade Aut\u00f3noma da Galiza, e percorre cerca de 340 quil\u00f3metros at\u00e9 desaguar no oceano Atl\u00e2ntico, a sul da localidade de A Guarda e, a norte, em Caminha, distrito de Viana do Castelo.<\/p>\n","protected":false},"excerpt":{"rendered":"<p>As condi\u00e7\u00f5es para o exerc\u00edcio da pesca no tro\u00e7o internacional do rio Minho, para a temporada 2022-2023, hoje publicadas em Di\u00e1rio da Rep\u00fablica (DR), voltam ao modelo pr\u00e9-pandemia de covid-19, entrando em vigor a 01 de novembro. Contactado pela ag\u00eancia Lusa a prop\u00f3sito da publica\u00e7\u00e3o do edital em DR, o capit\u00e3o do Porto de Caminha, [&hellip;]<\/p>\n","protected":false},"author":13,"featured_media":77696,"comment_status":"closed","ping_status":"closed","sticky":false,"template":"","format":"standard","meta":{"_exactmetrics_skip_tracking":false,"_exactmetrics_sitenote_active":false,"_exactmetrics_sitenote_note":"","_exactmetrics_sitenote_category":0,"footnotes":""},"categories":[7],"tags":[27],"class_list":["post-82537","post","type-post","status-publish","format-standard","has-post-thumbnail","hentry","category-caminha","tag-sociedade"],"yoast_head":"<!-- This site is optimized with the Yoast SEO Premium plugin v27.4 (Yoast SEO v27.4) - https:\/\/yoast.com\/product\/yoast-seo-premium-wordpress\/ -->\n<title>Regras para pesca no rio Minho retomam modelo anterior a pandemia de covid-19<\/title>\n<meta name=\"robots\" content=\"index, follow, max-snippet:-1, max-image-preview:large, max-video-preview:-1\" \/>\n<link rel=\"canonical\" href=\"https:\/\/www.altominho.tv\/site\/2022\/09\/01\/regras-para-pesca-no-rio-minho-retomam-modelo-anterior-a-pandemia-de-covid-19\/\" \/>\n<meta property=\"og:locale\" content=\"pt_PT\" \/>\n<meta property=\"og:type\" content=\"article\" \/>\n<meta property=\"og:title\" content=\"Regras para pesca no rio Minho retomam modelo anterior a pandemia de covid-19\" \/>\n<meta property=\"og:description\" content=\"As condi\u00e7\u00f5es para o exerc\u00edcio da pesca no tro\u00e7o internacional do rio Minho, para a temporada 2022-2023, hoje publicadas em Di\u00e1rio da Rep\u00fablica (DR), voltam ao modelo pr\u00e9-pandemia de covid-19, entrando em vigor a 01 de novembro. Contactado pela ag\u00eancia Lusa a prop\u00f3sito da publica\u00e7\u00e3o do edital em DR, o capit\u00e3o do Porto de Caminha, [&hellip;]\" \/>\n<meta property=\"og:url\" content=\"https:\/\/www.altominho.tv\/site\/2022\/09\/01\/regras-para-pesca-no-rio-minho-retomam-modelo-anterior-a-pandemia-de-covid-19\/\" \/>\n<meta property=\"og:site_name\" content=\"Altominho.tv\" \/>\n<meta property=\"article:publisher\" content=\"https:\/\/www.facebook.com\/altominhotv\" \/>\n<meta property=\"article:published_time\" content=\"2022-09-01T11:58:46+00:00\" \/>\n<meta property=\"article:modified_time\" content=\"2022-09-01T11:58:53+00:00\" \/>\n<meta property=\"og:image\" content=\"https:\/\/www.altominho.tv\/site\/wp-content\/uploads\/2022\/03\/pesca.jpg\" \/>\n\t<meta property=\"og:image:width\" content=\"1920\" \/>\n\t<meta property=\"og:image:height\" content=\"1080\" \/>\n\t<meta property=\"og:image:type\" content=\"image\/jpeg\" \/>\n<meta name=\"author\" content=\"Lusa\" \/>\n<meta name=\"twitter:card\" content=\"summary_large_image\" \/>\n<meta name=\"twitter:creator\" content=\"@altominhoTV\" \/>\n<meta name=\"twitter:site\" content=\"@altominhoTV\" \/>\n<meta name=\"twitter:label1\" content=\"Escrito por\" \/>\n\t<meta name=\"twitter:data1\" content=\"Lusa\" \/>\n\t<meta name=\"twitter:label2\" content=\"Tempo estimado de leitura\" \/>\n\t<meta name=\"twitter:data2\" content=\"4 minutos\" \/>\n<script type=\"application\/ld+json\" class=\"yoast-schema-graph\">{\"@context\":\"https:\\\/\\\/schema.org\",\"@graph\":[{\"@type\":\"Article\",\"@id\":\"https:\\\/\\\/www.altominho.tv\\\/site\\\/2022\\\/09\\\/01\\\/regras-para-pesca-no-rio-minho-retomam-modelo-anterior-a-pandemia-de-covid-19\\\/#article\",\"isPartOf\":{\"@id\":\"https:\\\/\\\/www.altominho.tv\\\/site\\\/2022\\\/09\\\/01\\\/regras-para-pesca-no-rio-minho-retomam-modelo-anterior-a-pandemia-de-covid-19\\\/\"},\"author\":{\"name\":\"Lusa\",\"@id\":\"https:\\\/\\\/www.altominho.tv\\\/site\\\/#\\\/schema\\\/person\\\/63f693da3e1899361cbe955c46f3232e\"},\"headline\":\"Regras para pesca no rio Minho retomam modelo anterior a pandemia de covid-19\",\"datePublished\":\"2022-09-01T11:58:46+00:00\",\"dateModified\":\"2022-09-01T11:58:53+00:00\",\"mainEntityOfPage\":{\"@id\":\"https:\\\/\\\/www.altominho.tv\\\/site\\\/2022\\\/09\\\/01\\\/regras-para-pesca-no-rio-minho-retomam-modelo-anterior-a-pandemia-de-covid-19\\\/\"},\"wordCount\":817,\"image\":{\"@id\":\"https:\\\/\\\/www.altominho.tv\\\/site\\\/2022\\\/09\\\/01\\\/regras-para-pesca-no-rio-minho-retomam-modelo-anterior-a-pandemia-de-covid-19\\\/#primaryimage\"},\"thumbnailUrl\":\"https:\\\/\\\/www.altominho.tv\\\/site\\\/wp-content\\\/uploads\\\/2022\\\/03\\\/pesca.jpg\",\"keywords\":[\"Sociedade\"],\"articleSection\":[\"Caminha\"],\"inLanguage\":\"pt-PT\",\"copyrightYear\":\"2022\",\"copyrightHolder\":{\"@id\":\"https:\\\/\\\/www.altominho.tv\\\/site\\\/#organization\"}},{\"@type\":\"WebPage\",\"@id\":\"https:\\\/\\\/www.altominho.tv\\\/site\\\/2022\\\/09\\\/01\\\/regras-para-pesca-no-rio-minho-retomam-modelo-anterior-a-pandemia-de-covid-19\\\/\",\"url\":\"https:\\\/\\\/www.altominho.tv\\\/site\\\/2022\\\/09\\\/01\\\/regras-para-pesca-no-rio-minho-retomam-modelo-anterior-a-pandemia-de-covid-19\\\/\",\"name\":\"Regras para pesca no rio Minho retomam modelo anterior a pandemia de covid-19\",\"isPartOf\":{\"@id\":\"https:\\\/\\\/www.altominho.tv\\\/site\\\/#website\"},\"primaryImageOfPage\":{\"@id\":\"https:\\\/\\\/www.altominho.tv\\\/site\\\/2022\\\/09\\\/01\\\/regras-para-pesca-no-rio-minho-retomam-modelo-anterior-a-pandemia-de-covid-19\\\/#primaryimage\"},\"image\":{\"@id\":\"https:\\\/\\\/www.altominho.tv\\\/site\\\/2022\\\/09\\\/01\\\/regras-para-pesca-no-rio-minho-retomam-modelo-anterior-a-pandemia-de-covid-19\\\/#primaryimage\"},\"thumbnailUrl\":\"https:\\\/\\\/www.altominho.tv\\\/site\\\/wp-content\\\/uploads\\\/2022\\\/03\\\/pesca.jpg\",\"datePublished\":\"2022-09-01T11:58:46+00:00\",\"dateModified\":\"2022-09-01T11:58:53+00:00\",\"author\":{\"@id\":\"https:\\\/\\\/www.altominho.tv\\\/site\\\/#\\\/schema\\\/person\\\/63f693da3e1899361cbe955c46f3232e\"},\"breadcrumb\":{\"@id\":\"https:\\\/\\\/www.altominho.tv\\\/site\\\/2022\\\/09\\\/01\\\/regras-para-pesca-no-rio-minho-retomam-modelo-anterior-a-pandemia-de-covid-19\\\/#breadcrumb\"},\"inLanguage\":\"pt-PT\",\"potentialAction\":[{\"@type\":\"ReadAction\",\"target\":[\"https:\\\/\\\/www.altominho.tv\\\/site\\\/2022\\\/09\\\/01\\\/regras-para-pesca-no-rio-minho-retomam-modelo-anterior-a-pandemia-de-covid-19\\\/\"]}]},{\"@type\":\"ImageObject\",\"inLanguage\":\"pt-PT\",\"@id\":\"https:\\\/\\\/www.altominho.tv\\\/site\\\/2022\\\/09\\\/01\\\/regras-para-pesca-no-rio-minho-retomam-modelo-anterior-a-pandemia-de-covid-19\\\/#primaryimage\",\"url\":\"https:\\\/\\\/www.altominho.tv\\\/site\\\/wp-content\\\/uploads\\\/2022\\\/03\\\/pesca.jpg\",\"contentUrl\":\"https:\\\/\\\/www.altominho.tv\\\/site\\\/wp-content\\\/uploads\\\/2022\\\/03\\\/pesca.jpg\",\"width\":1920,\"height\":1080},{\"@type\":\"BreadcrumbList\",\"@id\":\"https:\\\/\\\/www.altominho.tv\\\/site\\\/2022\\\/09\\\/01\\\/regras-para-pesca-no-rio-minho-retomam-modelo-anterior-a-pandemia-de-covid-19\\\/#breadcrumb\",\"itemListElement\":[{\"@type\":\"ListItem\",\"position\":1,\"name\":\"In\u00edcio\",\"item\":\"https:\\\/\\\/www.altominho.tv\\\/site\\\/\"},{\"@type\":\"ListItem\",\"position\":2,\"name\":\"Regras para pesca no rio Minho retomam modelo anterior a pandemia de covid-19\"}]},{\"@type\":\"WebSite\",\"@id\":\"https:\\\/\\\/www.altominho.tv\\\/site\\\/#website\",\"url\":\"https:\\\/\\\/www.altominho.tv\\\/site\\\/\",\"name\":\"Altominho.tv\",\"description\":\"A sua regi\u00e3o \u00e0 dist\u00e2ncia de um clique...\",\"potentialAction\":[{\"@type\":\"SearchAction\",\"target\":{\"@type\":\"EntryPoint\",\"urlTemplate\":\"https:\\\/\\\/www.altominho.tv\\\/site\\\/?s={search_term_string}\"},\"query-input\":{\"@type\":\"PropertyValueSpecification\",\"valueRequired\":true,\"valueName\":\"search_term_string\"}}],\"inLanguage\":\"pt-PT\"},{\"@type\":\"Person\",\"@id\":\"https:\\\/\\\/www.altominho.tv\\\/site\\\/#\\\/schema\\\/person\\\/63f693da3e1899361cbe955c46f3232e\",\"name\":\"Lusa\",\"image\":{\"@type\":\"ImageObject\",\"inLanguage\":\"pt-PT\",\"@id\":\"https:\\\/\\\/www.altominho.tv\\\/site\\\/wp-content\\\/uploads\\\/2019\\\/08\\\/LUSA_Logo.gif\",\"url\":\"https:\\\/\\\/www.altominho.tv\\\/site\\\/wp-content\\\/uploads\\\/2019\\\/08\\\/LUSA_Logo.gif\",\"contentUrl\":\"https:\\\/\\\/www.altominho.tv\\\/site\\\/wp-content\\\/uploads\\\/2019\\\/08\\\/LUSA_Logo.gif\",\"caption\":\"Lusa\"},\"sameAs\":[\"http:\\\/\\\/\\\/\\\/www.altominho.tv\\\/site\"],\"url\":\"https:\\\/\\\/www.altominho.tv\\\/site\\\/author\\\/lusa\\\/\"}]}<\/script>\n<!-- \/ Yoast SEO Premium plugin. -->","yoast_head_json":{"title":"Regras para pesca no rio Minho retomam modelo anterior a pandemia de covid-19","robots":{"index":"index","follow":"follow","max-snippet":"max-snippet:-1","max-image-preview":"max-image-preview:large","max-video-preview":"max-video-preview:-1"},"canonical":"https:\/\/www.altominho.tv\/site\/2022\/09\/01\/regras-para-pesca-no-rio-minho-retomam-modelo-anterior-a-pandemia-de-covid-19\/","og_locale":"pt_PT","og_type":"article","og_title":"Regras para pesca no rio Minho retomam modelo anterior a pandemia de covid-19","og_description":"As condi\u00e7\u00f5es para o exerc\u00edcio da pesca no tro\u00e7o internacional do rio Minho, para a temporada 2022-2023, hoje publicadas em Di\u00e1rio da Rep\u00fablica (DR), voltam ao modelo pr\u00e9-pandemia de covid-19, entrando em vigor a 01 de novembro. Contactado pela ag\u00eancia Lusa a prop\u00f3sito da publica\u00e7\u00e3o do edital em DR, o capit\u00e3o do Porto de Caminha, [&hellip;]","og_url":"https:\/\/www.altominho.tv\/site\/2022\/09\/01\/regras-para-pesca-no-rio-minho-retomam-modelo-anterior-a-pandemia-de-covid-19\/","og_site_name":"Altominho.tv","article_publisher":"https:\/\/www.facebook.com\/altominhotv","article_published_time":"2022-09-01T11:58:46+00:00","article_modified_time":"2022-09-01T11:58:53+00:00","og_image":[{"width":1920,"height":1080,"url":"https:\/\/www.altominho.tv\/site\/wp-content\/uploads\/2022\/03\/pesca.jpg","type":"image\/jpeg"}],"author":"Lusa","twitter_card":"summary_large_image","twitter_creator":"@altominhoTV","twitter_site":"@altominhoTV","twitter_misc":{"Escrito por":"Lusa","Tempo estimado de leitura":"4 minutos"},"schema":{"@context":"https:\/\/schema.org","@graph":[{"@type":"Article","@id":"https:\/\/www.altominho.tv\/site\/2022\/09\/01\/regras-para-pesca-no-rio-minho-retomam-modelo-anterior-a-pandemia-de-covid-19\/#article","isPartOf":{"@id":"https:\/\/www.altominho.tv\/site\/2022\/09\/01\/regras-para-pesca-no-rio-minho-retomam-modelo-anterior-a-pandemia-de-covid-19\/"},"author":{"name":"Lusa","@id":"https:\/\/www.altominho.tv\/site\/#\/schema\/person\/63f693da3e1899361cbe955c46f3232e"},"headline":"Regras para pesca no rio Minho retomam modelo anterior a pandemia de covid-19","datePublished":"2022-09-01T11:58:46+00:00","dateModified":"2022-09-01T11:58:53+00:00","mainEntityOfPage":{"@id":"https:\/\/www.altominho.tv\/site\/2022\/09\/01\/regras-para-pesca-no-rio-minho-retomam-modelo-anterior-a-pandemia-de-covid-19\/"},"wordCount":817,"image":{"@id":"https:\/\/www.altominho.tv\/site\/2022\/09\/01\/regras-para-pesca-no-rio-minho-retomam-modelo-anterior-a-pandemia-de-covid-19\/#primaryimage"},"thumbnailUrl":"https:\/\/www.altominho.tv\/site\/wp-content\/uploads\/2022\/03\/pesca.jpg","keywords":["Sociedade"],"articleSection":["Caminha"],"inLanguage":"pt-PT","copyrightYear":"2022","copyrightHolder":{"@id":"https:\/\/www.altominho.tv\/site\/#organization"}},{"@type":"WebPage","@id":"https:\/\/www.altominho.tv\/site\/2022\/09\/01\/regras-para-pesca-no-rio-minho-retomam-modelo-anterior-a-pandemia-de-covid-19\/","url":"https:\/\/www.altominho.tv\/site\/2022\/09\/01\/regras-para-pesca-no-rio-minho-retomam-modelo-anterior-a-pandemia-de-covid-19\/","name":"Regras para pesca no rio Minho retomam modelo anterior a pandemia de covid-19","isPartOf":{"@id":"https:\/\/www.altominho.tv\/site\/#website"},"primaryImageOfPage":{"@id":"https:\/\/www.altominho.tv\/site\/2022\/09\/01\/regras-para-pesca-no-rio-minho-retomam-modelo-anterior-a-pandemia-de-covid-19\/#primaryimage"},"image":{"@id":"https:\/\/www.altominho.tv\/site\/2022\/09\/01\/regras-para-pesca-no-rio-minho-retomam-modelo-anterior-a-pandemia-de-covid-19\/#primaryimage"},"thumbnailUrl":"https:\/\/www.altominho.tv\/site\/wp-content\/uploads\/2022\/03\/pesca.jpg","datePublished":"2022-09-01T11:58:46+00:00","dateModified":"2022-09-01T11:58:53+00:00","author":{"@id":"https:\/\/www.altominho.tv\/site\/#\/schema\/person\/63f693da3e1899361cbe955c46f3232e"},"breadcrumb":{"@id":"https:\/\/www.altominho.tv\/site\/2022\/09\/01\/regras-para-pesca-no-rio-minho-retomam-modelo-anterior-a-pandemia-de-covid-19\/#breadcrumb"},"inLanguage":"pt-PT","potentialAction":[{"@type":"ReadAction","target":["https:\/\/www.altominho.tv\/site\/2022\/09\/01\/regras-para-pesca-no-rio-minho-retomam-modelo-anterior-a-pandemia-de-covid-19\/"]}]},{"@type":"ImageObject","inLanguage":"pt-PT","@id":"https:\/\/www.altominho.tv\/site\/2022\/09\/01\/regras-para-pesca-no-rio-minho-retomam-modelo-anterior-a-pandemia-de-covid-19\/#primaryimage","url":"https:\/\/www.altominho.tv\/site\/wp-content\/uploads\/2022\/03\/pesca.jpg","contentUrl":"https:\/\/www.altominho.tv\/site\/wp-content\/uploads\/2022\/03\/pesca.jpg","width":1920,"height":1080},{"@type":"BreadcrumbList","@id":"https:\/\/www.altominho.tv\/site\/2022\/09\/01\/regras-para-pesca-no-rio-minho-retomam-modelo-anterior-a-pandemia-de-covid-19\/#breadcrumb","itemListElement":[{"@type":"ListItem","position":1,"name":"In\u00edcio","item":"https:\/\/www.altominho.tv\/site\/"},{"@type":"ListItem","position":2,"name":"Regras para pesca no rio Minho retomam modelo anterior a pandemia de covid-19"}]},{"@type":"WebSite","@id":"https:\/\/www.altominho.tv\/site\/#website","url":"https:\/\/www.altominho.tv\/site\/","name":"Altominho.tv","description":"A sua regi\u00e3o \u00e0 dist\u00e2ncia de um clique...","potentialAction":[{"@type":"SearchAction","target":{"@type":"EntryPoint","urlTemplate":"https:\/\/www.altominho.tv\/site\/?s={search_term_string}"},"query-input":{"@type":"PropertyValueSpecification","valueRequired":true,"valueName":"search_term_string"}}],"inLanguage":"pt-PT"},{"@type":"Person","@id":"https:\/\/www.altominho.tv\/site\/#\/schema\/person\/63f693da3e1899361cbe955c46f3232e","name":"Lusa","image":{"@type":"ImageObject","inLanguage":"pt-PT","@id":"https:\/\/www.altominho.tv\/site\/wp-content\/uploads\/2019\/08\/LUSA_Logo.gif","url":"https:\/\/www.altominho.tv\/site\/wp-content\/uploads\/2019\/08\/LUSA_Logo.gif","contentUrl":"https:\/\/www.altominho.tv\/site\/wp-content\/uploads\/2019\/08\/LUSA_Logo.gif","caption":"Lusa"},"sameAs":["http:\/\/\/\/www.altominho.tv\/site"],"url":"https:\/\/www.altominho.tv\/site\/author\/lusa\/"}]}},"_links":{"self":[{"href":"https:\/\/www.altominho.tv\/site\/wp-json\/wp\/v2\/posts\/82537","targetHints":{"allow":["GET"]}}],"collection":[{"href":"https:\/\/www.altominho.tv\/site\/wp-json\/wp\/v2\/posts"}],"about":[{"href":"https:\/\/www.altominho.tv\/site\/wp-json\/wp\/v2\/types\/post"}],"author":[{"embeddable":true,"href":"https:\/\/www.altominho.tv\/site\/wp-json\/wp\/v2\/users\/13"}],"replies":[{"embeddable":true,"href":"https:\/\/www.altominho.tv\/site\/wp-json\/wp\/v2\/comments?post=82537"}],"version-history":[{"count":0,"href":"https:\/\/www.altominho.tv\/site\/wp-json\/wp\/v2\/posts\/82537\/revisions"}],"wp:featuredmedia":[{"embeddable":true,"href":"https:\/\/www.altominho.tv\/site\/wp-json\/wp\/v2\/media\/77696"}],"wp:attachment":[{"href":"https:\/\/www.altominho.tv\/site\/wp-json\/wp\/v2\/media?parent=82537"}],"wp:term":[{"taxonomy":"category","embeddable":true,"href":"https:\/\/www.altominho.tv\/site\/wp-json\/wp\/v2\/categories?post=82537"},{"taxonomy":"post_tag","embeddable":true,"href":"https:\/\/www.altominho.tv\/site\/wp-json\/wp\/v2\/tags?post=82537"}],"curies":[{"name":"wp","href":"https:\/\/api.w.org\/{rel}","templated":true}]}}