{"id":82392,"date":"2022-08-29T10:21:53","date_gmt":"2022-08-29T09:21:53","guid":{"rendered":"https:\/\/www.altominho.tv\/site\/?p=82392"},"modified":"2022-08-29T11:14:22","modified_gmt":"2022-08-29T10:14:22","slug":"festival-vilar-de-mouros-regressa-de-24-a-26-de-agosto-de-2023","status":"publish","type":"post","link":"https:\/\/www.altominho.tv\/site\/2022\/08\/29\/festival-vilar-de-mouros-regressa-de-24-a-26-de-agosto-de-2023\/","title":{"rendered":"Festival Vilar de Mouros regressa de 24 a 26 de agosto de 2023"},"content":{"rendered":"<p>O Festival de Vilar de Mouros j\u00e1 tem datas marcadas para regressar no pr\u00f3ximo ano ao recinto da aldeia que lhe d\u00e1 nome, em Caminha. Depois de uma edi\u00e7\u00e3o que terminou na madrugada de domingo, com casa lotada, o evento vai decorrer novamente de 24 a 26 de agosto de 2023.<\/p>\n<p>Segundo Diogo Marques, da organiza\u00e7\u00e3o, para a pr\u00f3xima edi\u00e7\u00e3o do festival h\u00e1 diversas \u201cbandas apalavradas estrangeiras\u201d, tanto bandas \u201crepetentes de anos anteriores, de h\u00e1 muitos anos\u201d, como com outras \u201cbandas novas que nunca vieram a Vilar de Mouros\u201d.<\/p>\n<p>\u201cGostar\u00edamos de ter todas as bandas que encaixam no nosso p\u00fablico, s\u00e3o as bandas que tocam diversas gera\u00e7\u00f5es, como por exemplo, das que j\u00e1 c\u00e1 passaram, Ben Harper\u201d, disse em entrevista \u00e0 Lusa, sem revelar quais s\u00e3o as bandas contactadas enquanto n\u00e3o forem assinados os contratos com os artistas.<\/p>\n<p>O festival mais antigo do pa\u00eds j\u00e1 se realiza h\u00e1 mais de 50 anos e, na <a href=\"\/\/www.altominho.tv\/site\/2022\/08\/27\/edp-vilar-de-mouros-ja-comecou\/\">edi\u00e7\u00e3o de 2022<\/a>, que decorreu de 25 a 27 de agosto, passaram bandas como Gary Numan, Placebo, Suede, Simple Minds, Tara Perdida, The Black Teddys, <span style=\"font-size: revert\">The Legendary Tigerman, Iggy Pop, Bauhaus, entre outras.<\/span><\/p>\n","protected":false},"excerpt":{"rendered":"<p>O Festival de Vilar de Mouros j\u00e1 tem datas marcadas para regressar no pr\u00f3ximo ano ao recinto da aldeia que lhe d\u00e1 nome, em Caminha. Depois de uma edi\u00e7\u00e3o que terminou na madrugada de domingo, com casa lotada, o evento vai decorrer novamente de 24 a 26 de agosto de 2023. Segundo Diogo Marques, da [&hellip;]<\/p>\n","protected":false},"author":15,"featured_media":82386,"comment_status":"closed","ping_status":"closed","sticky":false,"template":"","format":"standard","meta":{"_exactmetrics_skip_tracking":false,"_exactmetrics_sitenote_active":false,"_exactmetrics_sitenote_note":"","_exactmetrics_sitenote_category":0,"footnotes":""},"categories":[7],"tags":[19],"class_list":["post-82392","post","type-post","status-publish","format-standard","has-post-thumbnail","hentry","category-caminha","tag-cultura"],"yoast_head":"<!-- This site is optimized with the Yoast SEO Premium plugin v27.4 (Yoast SEO v27.4) - https:\/\/yoast.com\/product\/yoast-seo-premium-wordpress\/ -->\n<title>Festival Vilar de Mouros regressa de 24 a 26 de agosto de 2023<\/title>\n<meta name=\"description\" content=\"O Festival de Vilar de Mouros j\u00e1 tem datas marcadas para regressar no pr\u00f3ximo ano ao recinto da aldeia que lhe d\u00e1 nome, em Caminha.\" \/>\n<meta name=\"robots\" content=\"index, follow, max-snippet:-1, max-image-preview:large, max-video-preview:-1\" \/>\n<link rel=\"canonical\" href=\"https:\/\/www.altominho.tv\/site\/2022\/08\/29\/festival-vilar-de-mouros-regressa-de-24-a-26-de-agosto-de-2023\/\" \/>\n<meta property=\"og:locale\" content=\"pt_PT\" \/>\n<meta property=\"og:type\" content=\"article\" \/>\n<meta property=\"og:title\" content=\"Festival Vilar de Mouros regressa de 24 a 26 de agosto de 2023\" \/>\n<meta property=\"og:description\" content=\"O Festival de Vilar de Mouros j\u00e1 tem datas marcadas para regressar no pr\u00f3ximo ano ao recinto da aldeia que lhe d\u00e1 nome, em Caminha.\" \/>\n<meta property=\"og:url\" content=\"https:\/\/www.altominho.tv\/site\/2022\/08\/29\/festival-vilar-de-mouros-regressa-de-24-a-26-de-agosto-de-2023\/\" \/>\n<meta property=\"og:site_name\" content=\"Altominho.tv\" \/>\n<meta property=\"article:publisher\" content=\"https:\/\/www.facebook.com\/altominhotv\" \/>\n<meta property=\"article:published_time\" content=\"2022-08-29T09:21:53+00:00\" \/>\n<meta property=\"article:modified_time\" content=\"2022-08-29T10:14:22+00:00\" \/>\n<meta property=\"og:image\" content=\"https:\/\/www.altominho.tv\/site\/wp-content\/uploads\/2022\/08\/vilar-de-mouros-1.jpg\" \/>\n\t<meta property=\"og:image:width\" content=\"1920\" \/>\n\t<meta property=\"og:image:height\" content=\"1080\" \/>\n\t<meta property=\"og:image:type\" content=\"image\/jpeg\" \/>\n<meta name=\"author\" content=\"Andreia Ferreira | Lusa\" \/>\n<meta name=\"twitter:card\" content=\"summary_large_image\" \/>\n<meta name=\"twitter:creator\" content=\"@altominhoTV\" \/>\n<meta name=\"twitter:site\" content=\"@altominhoTV\" \/>\n<meta name=\"twitter:label1\" content=\"Escrito por\" \/>\n\t<meta name=\"twitter:data1\" content=\"Andreia Ferreira | Lusa\" \/>\n\t<meta name=\"twitter:label2\" content=\"Tempo estimado de leitura\" \/>\n\t<meta name=\"twitter:data2\" content=\"2 minutos\" \/>\n<script type=\"application\/ld+json\" class=\"yoast-schema-graph\">{\"@context\":\"https:\\\/\\\/schema.org\",\"@graph\":[{\"@type\":\"Article\",\"@id\":\"https:\\\/\\\/www.altominho.tv\\\/site\\\/2022\\\/08\\\/29\\\/festival-vilar-de-mouros-regressa-de-24-a-26-de-agosto-de-2023\\\/#article\",\"isPartOf\":{\"@id\":\"https:\\\/\\\/www.altominho.tv\\\/site\\\/2022\\\/08\\\/29\\\/festival-vilar-de-mouros-regressa-de-24-a-26-de-agosto-de-2023\\\/\"},\"author\":{\"name\":\"Andreia Ferreira | Lusa\",\"@id\":\"https:\\\/\\\/www.altominho.tv\\\/site\\\/#\\\/schema\\\/person\\\/a0bff6dc1041aadd46fa81887444b017\"},\"headline\":\"Festival Vilar de Mouros regressa de 24 a 26 de agosto de 2023\",\"datePublished\":\"2022-08-29T09:21:53+00:00\",\"dateModified\":\"2022-08-29T10:14:22+00:00\",\"mainEntityOfPage\":{\"@id\":\"https:\\\/\\\/www.altominho.tv\\\/site\\\/2022\\\/08\\\/29\\\/festival-vilar-de-mouros-regressa-de-24-a-26-de-agosto-de-2023\\\/\"},\"wordCount\":202,\"image\":{\"@id\":\"https:\\\/\\\/www.altominho.tv\\\/site\\\/2022\\\/08\\\/29\\\/festival-vilar-de-mouros-regressa-de-24-a-26-de-agosto-de-2023\\\/#primaryimage\"},\"thumbnailUrl\":\"https:\\\/\\\/www.altominho.tv\\\/site\\\/wp-content\\\/uploads\\\/2022\\\/08\\\/vilar-de-mouros-1.jpg\",\"keywords\":[\"Cultura\"],\"articleSection\":[\"Caminha\"],\"inLanguage\":\"pt-PT\",\"copyrightYear\":\"2022\",\"copyrightHolder\":{\"@id\":\"https:\\\/\\\/www.altominho.tv\\\/site\\\/#organization\"}},{\"@type\":\"WebPage\",\"@id\":\"https:\\\/\\\/www.altominho.tv\\\/site\\\/2022\\\/08\\\/29\\\/festival-vilar-de-mouros-regressa-de-24-a-26-de-agosto-de-2023\\\/\",\"url\":\"https:\\\/\\\/www.altominho.tv\\\/site\\\/2022\\\/08\\\/29\\\/festival-vilar-de-mouros-regressa-de-24-a-26-de-agosto-de-2023\\\/\",\"name\":\"Festival Vilar de Mouros regressa de 24 a 26 de agosto de 2023\",\"isPartOf\":{\"@id\":\"https:\\\/\\\/www.altominho.tv\\\/site\\\/#website\"},\"primaryImageOfPage\":{\"@id\":\"https:\\\/\\\/www.altominho.tv\\\/site\\\/2022\\\/08\\\/29\\\/festival-vilar-de-mouros-regressa-de-24-a-26-de-agosto-de-2023\\\/#primaryimage\"},\"image\":{\"@id\":\"https:\\\/\\\/www.altominho.tv\\\/site\\\/2022\\\/08\\\/29\\\/festival-vilar-de-mouros-regressa-de-24-a-26-de-agosto-de-2023\\\/#primaryimage\"},\"thumbnailUrl\":\"https:\\\/\\\/www.altominho.tv\\\/site\\\/wp-content\\\/uploads\\\/2022\\\/08\\\/vilar-de-mouros-1.jpg\",\"datePublished\":\"2022-08-29T09:21:53+00:00\",\"dateModified\":\"2022-08-29T10:14:22+00:00\",\"author\":{\"@id\":\"https:\\\/\\\/www.altominho.tv\\\/site\\\/#\\\/schema\\\/person\\\/a0bff6dc1041aadd46fa81887444b017\"},\"description\":\"O Festival de Vilar de Mouros j\u00e1 tem datas marcadas para regressar no pr\u00f3ximo ano ao recinto da aldeia que lhe d\u00e1 nome, em Caminha.\",\"breadcrumb\":{\"@id\":\"https:\\\/\\\/www.altominho.tv\\\/site\\\/2022\\\/08\\\/29\\\/festival-vilar-de-mouros-regressa-de-24-a-26-de-agosto-de-2023\\\/#breadcrumb\"},\"inLanguage\":\"pt-PT\",\"potentialAction\":[{\"@type\":\"ReadAction\",\"target\":[\"https:\\\/\\\/www.altominho.tv\\\/site\\\/2022\\\/08\\\/29\\\/festival-vilar-de-mouros-regressa-de-24-a-26-de-agosto-de-2023\\\/\"]}]},{\"@type\":\"ImageObject\",\"inLanguage\":\"pt-PT\",\"@id\":\"https:\\\/\\\/www.altominho.tv\\\/site\\\/2022\\\/08\\\/29\\\/festival-vilar-de-mouros-regressa-de-24-a-26-de-agosto-de-2023\\\/#primaryimage\",\"url\":\"https:\\\/\\\/www.altominho.tv\\\/site\\\/wp-content\\\/uploads\\\/2022\\\/08\\\/vilar-de-mouros-1.jpg\",\"contentUrl\":\"https:\\\/\\\/www.altominho.tv\\\/site\\\/wp-content\\\/uploads\\\/2022\\\/08\\\/vilar-de-mouros-1.jpg\",\"width\":1920,\"height\":1080},{\"@type\":\"BreadcrumbList\",\"@id\":\"https:\\\/\\\/www.altominho.tv\\\/site\\\/2022\\\/08\\\/29\\\/festival-vilar-de-mouros-regressa-de-24-a-26-de-agosto-de-2023\\\/#breadcrumb\",\"itemListElement\":[{\"@type\":\"ListItem\",\"position\":1,\"name\":\"In\u00edcio\",\"item\":\"https:\\\/\\\/www.altominho.tv\\\/site\\\/\"},{\"@type\":\"ListItem\",\"position\":2,\"name\":\"Festival Vilar de Mouros regressa de 24 a 26 de agosto de 2023\"}]},{\"@type\":\"WebSite\",\"@id\":\"https:\\\/\\\/www.altominho.tv\\\/site\\\/#website\",\"url\":\"https:\\\/\\\/www.altominho.tv\\\/site\\\/\",\"name\":\"Altominho.tv\",\"description\":\"A sua regi\u00e3o \u00e0 dist\u00e2ncia de um clique...\",\"potentialAction\":[{\"@type\":\"SearchAction\",\"target\":{\"@type\":\"EntryPoint\",\"urlTemplate\":\"https:\\\/\\\/www.altominho.tv\\\/site\\\/?s={search_term_string}\"},\"query-input\":{\"@type\":\"PropertyValueSpecification\",\"valueRequired\":true,\"valueName\":\"search_term_string\"}}],\"inLanguage\":\"pt-PT\"},{\"@type\":\"Person\",\"@id\":\"https:\\\/\\\/www.altominho.tv\\\/site\\\/#\\\/schema\\\/person\\\/a0bff6dc1041aadd46fa81887444b017\",\"name\":\"Andreia Ferreira | Lusa\",\"image\":{\"@type\":\"ImageObject\",\"inLanguage\":\"pt-PT\",\"@id\":\"https:\\\/\\\/www.altominho.tv\\\/site\\\/wp-content\\\/uploads\\\/2018\\\/04\\\/Andreia-150x150.jpg\",\"url\":\"https:\\\/\\\/www.altominho.tv\\\/site\\\/wp-content\\\/uploads\\\/2018\\\/04\\\/Andreia-150x150.jpg\",\"contentUrl\":\"https:\\\/\\\/www.altominho.tv\\\/site\\\/wp-content\\\/uploads\\\/2018\\\/04\\\/Andreia-150x150.jpg\",\"caption\":\"Andreia Ferreira | Lusa\"},\"sameAs\":[\"https:\\\/\\\/www.altominho.tv\\\/site\"],\"url\":\"https:\\\/\\\/www.altominho.tv\\\/site\\\/author\\\/andreiaferreiralusa\\\/\"}]}<\/script>\n<!-- \/ Yoast SEO Premium plugin. -->","yoast_head_json":{"title":"Festival Vilar de Mouros regressa de 24 a 26 de agosto de 2023","description":"O Festival de Vilar de Mouros j\u00e1 tem datas marcadas para regressar no pr\u00f3ximo ano ao recinto da aldeia que lhe d\u00e1 nome, em Caminha.","robots":{"index":"index","follow":"follow","max-snippet":"max-snippet:-1","max-image-preview":"max-image-preview:large","max-video-preview":"max-video-preview:-1"},"canonical":"https:\/\/www.altominho.tv\/site\/2022\/08\/29\/festival-vilar-de-mouros-regressa-de-24-a-26-de-agosto-de-2023\/","og_locale":"pt_PT","og_type":"article","og_title":"Festival Vilar de Mouros regressa de 24 a 26 de agosto de 2023","og_description":"O Festival de Vilar de Mouros j\u00e1 tem datas marcadas para regressar no pr\u00f3ximo ano ao recinto da aldeia que lhe d\u00e1 nome, em Caminha.","og_url":"https:\/\/www.altominho.tv\/site\/2022\/08\/29\/festival-vilar-de-mouros-regressa-de-24-a-26-de-agosto-de-2023\/","og_site_name":"Altominho.tv","article_publisher":"https:\/\/www.facebook.com\/altominhotv","article_published_time":"2022-08-29T09:21:53+00:00","article_modified_time":"2022-08-29T10:14:22+00:00","og_image":[{"width":1920,"height":1080,"url":"https:\/\/www.altominho.tv\/site\/wp-content\/uploads\/2022\/08\/vilar-de-mouros-1.jpg","type":"image\/jpeg"}],"author":"Andreia Ferreira | Lusa","twitter_card":"summary_large_image","twitter_creator":"@altominhoTV","twitter_site":"@altominhoTV","twitter_misc":{"Escrito por":"Andreia Ferreira | Lusa","Tempo estimado de leitura":"2 minutos"},"schema":{"@context":"https:\/\/schema.org","@graph":[{"@type":"Article","@id":"https:\/\/www.altominho.tv\/site\/2022\/08\/29\/festival-vilar-de-mouros-regressa-de-24-a-26-de-agosto-de-2023\/#article","isPartOf":{"@id":"https:\/\/www.altominho.tv\/site\/2022\/08\/29\/festival-vilar-de-mouros-regressa-de-24-a-26-de-agosto-de-2023\/"},"author":{"name":"Andreia Ferreira | Lusa","@id":"https:\/\/www.altominho.tv\/site\/#\/schema\/person\/a0bff6dc1041aadd46fa81887444b017"},"headline":"Festival Vilar de Mouros regressa de 24 a 26 de agosto de 2023","datePublished":"2022-08-29T09:21:53+00:00","dateModified":"2022-08-29T10:14:22+00:00","mainEntityOfPage":{"@id":"https:\/\/www.altominho.tv\/site\/2022\/08\/29\/festival-vilar-de-mouros-regressa-de-24-a-26-de-agosto-de-2023\/"},"wordCount":202,"image":{"@id":"https:\/\/www.altominho.tv\/site\/2022\/08\/29\/festival-vilar-de-mouros-regressa-de-24-a-26-de-agosto-de-2023\/#primaryimage"},"thumbnailUrl":"https:\/\/www.altominho.tv\/site\/wp-content\/uploads\/2022\/08\/vilar-de-mouros-1.jpg","keywords":["Cultura"],"articleSection":["Caminha"],"inLanguage":"pt-PT","copyrightYear":"2022","copyrightHolder":{"@id":"https:\/\/www.altominho.tv\/site\/#organization"}},{"@type":"WebPage","@id":"https:\/\/www.altominho.tv\/site\/2022\/08\/29\/festival-vilar-de-mouros-regressa-de-24-a-26-de-agosto-de-2023\/","url":"https:\/\/www.altominho.tv\/site\/2022\/08\/29\/festival-vilar-de-mouros-regressa-de-24-a-26-de-agosto-de-2023\/","name":"Festival Vilar de Mouros regressa de 24 a 26 de agosto de 2023","isPartOf":{"@id":"https:\/\/www.altominho.tv\/site\/#website"},"primaryImageOfPage":{"@id":"https:\/\/www.altominho.tv\/site\/2022\/08\/29\/festival-vilar-de-mouros-regressa-de-24-a-26-de-agosto-de-2023\/#primaryimage"},"image":{"@id":"https:\/\/www.altominho.tv\/site\/2022\/08\/29\/festival-vilar-de-mouros-regressa-de-24-a-26-de-agosto-de-2023\/#primaryimage"},"thumbnailUrl":"https:\/\/www.altominho.tv\/site\/wp-content\/uploads\/2022\/08\/vilar-de-mouros-1.jpg","datePublished":"2022-08-29T09:21:53+00:00","dateModified":"2022-08-29T10:14:22+00:00","author":{"@id":"https:\/\/www.altominho.tv\/site\/#\/schema\/person\/a0bff6dc1041aadd46fa81887444b017"},"description":"O Festival de Vilar de Mouros j\u00e1 tem datas marcadas para regressar no pr\u00f3ximo ano ao recinto da aldeia que lhe d\u00e1 nome, em Caminha.","breadcrumb":{"@id":"https:\/\/www.altominho.tv\/site\/2022\/08\/29\/festival-vilar-de-mouros-regressa-de-24-a-26-de-agosto-de-2023\/#breadcrumb"},"inLanguage":"pt-PT","potentialAction":[{"@type":"ReadAction","target":["https:\/\/www.altominho.tv\/site\/2022\/08\/29\/festival-vilar-de-mouros-regressa-de-24-a-26-de-agosto-de-2023\/"]}]},{"@type":"ImageObject","inLanguage":"pt-PT","@id":"https:\/\/www.altominho.tv\/site\/2022\/08\/29\/festival-vilar-de-mouros-regressa-de-24-a-26-de-agosto-de-2023\/#primaryimage","url":"https:\/\/www.altominho.tv\/site\/wp-content\/uploads\/2022\/08\/vilar-de-mouros-1.jpg","contentUrl":"https:\/\/www.altominho.tv\/site\/wp-content\/uploads\/2022\/08\/vilar-de-mouros-1.jpg","width":1920,"height":1080},{"@type":"BreadcrumbList","@id":"https:\/\/www.altominho.tv\/site\/2022\/08\/29\/festival-vilar-de-mouros-regressa-de-24-a-26-de-agosto-de-2023\/#breadcrumb","itemListElement":[{"@type":"ListItem","position":1,"name":"In\u00edcio","item":"https:\/\/www.altominho.tv\/site\/"},{"@type":"ListItem","position":2,"name":"Festival Vilar de Mouros regressa de 24 a 26 de agosto de 2023"}]},{"@type":"WebSite","@id":"https:\/\/www.altominho.tv\/site\/#website","url":"https:\/\/www.altominho.tv\/site\/","name":"Altominho.tv","description":"A sua regi\u00e3o \u00e0 dist\u00e2ncia de um clique...","potentialAction":[{"@type":"SearchAction","target":{"@type":"EntryPoint","urlTemplate":"https:\/\/www.altominho.tv\/site\/?s={search_term_string}"},"query-input":{"@type":"PropertyValueSpecification","valueRequired":true,"valueName":"search_term_string"}}],"inLanguage":"pt-PT"},{"@type":"Person","@id":"https:\/\/www.altominho.tv\/site\/#\/schema\/person\/a0bff6dc1041aadd46fa81887444b017","name":"Andreia Ferreira | Lusa","image":{"@type":"ImageObject","inLanguage":"pt-PT","@id":"https:\/\/www.altominho.tv\/site\/wp-content\/uploads\/2018\/04\/Andreia-150x150.jpg","url":"https:\/\/www.altominho.tv\/site\/wp-content\/uploads\/2018\/04\/Andreia-150x150.jpg","contentUrl":"https:\/\/www.altominho.tv\/site\/wp-content\/uploads\/2018\/04\/Andreia-150x150.jpg","caption":"Andreia Ferreira | Lusa"},"sameAs":["https:\/\/www.altominho.tv\/site"],"url":"https:\/\/www.altominho.tv\/site\/author\/andreiaferreiralusa\/"}]}},"_links":{"self":[{"href":"https:\/\/www.altominho.tv\/site\/wp-json\/wp\/v2\/posts\/82392","targetHints":{"allow":["GET"]}}],"collection":[{"href":"https:\/\/www.altominho.tv\/site\/wp-json\/wp\/v2\/posts"}],"about":[{"href":"https:\/\/www.altominho.tv\/site\/wp-json\/wp\/v2\/types\/post"}],"author":[{"embeddable":true,"href":"https:\/\/www.altominho.tv\/site\/wp-json\/wp\/v2\/users\/15"}],"replies":[{"embeddable":true,"href":"https:\/\/www.altominho.tv\/site\/wp-json\/wp\/v2\/comments?post=82392"}],"version-history":[{"count":0,"href":"https:\/\/www.altominho.tv\/site\/wp-json\/wp\/v2\/posts\/82392\/revisions"}],"wp:featuredmedia":[{"embeddable":true,"href":"https:\/\/www.altominho.tv\/site\/wp-json\/wp\/v2\/media\/82386"}],"wp:attachment":[{"href":"https:\/\/www.altominho.tv\/site\/wp-json\/wp\/v2\/media?parent=82392"}],"wp:term":[{"taxonomy":"category","embeddable":true,"href":"https:\/\/www.altominho.tv\/site\/wp-json\/wp\/v2\/categories?post=82392"},{"taxonomy":"post_tag","embeddable":true,"href":"https:\/\/www.altominho.tv\/site\/wp-json\/wp\/v2\/tags?post=82392"}],"curies":[{"name":"wp","href":"https:\/\/api.w.org\/{rel}","templated":true}]}}