{"id":82176,"date":"2022-08-16T15:37:16","date_gmt":"2022-08-16T14:37:16","guid":{"rendered":"https:\/\/www.altominho.tv\/site\/?p=82176"},"modified":"2022-08-16T15:37:20","modified_gmt":"2022-08-16T14:37:20","slug":"centro-historico-de-cerveira-recebe-festa-da-historia-entre-18-e-21-de-agosto","status":"publish","type":"post","link":"https:\/\/www.altominho.tv\/site\/2022\/08\/16\/centro-historico-de-cerveira-recebe-festa-da-historia-entre-18-e-21-de-agosto\/","title":{"rendered":"Centro hist\u00f3rico de Cerveira recebe Festa da Hist\u00f3ria entre 18 e 21 de agosto"},"content":{"rendered":"<p>Vila Nova de Cerveira prepara-se para receber uma invas\u00e3o viking durante mais uma edi\u00e7\u00e3o da Festa da Hist\u00f3ria, que vai decorrer\u00a0entre 18 e 21 de agosto.<\/p>\n<p>O evento come\u00e7a na pr\u00f3xima quinta-feira, pelas 17h00, com arruada de m\u00fasica e malabares, \u00e0 qual se segue a invas\u00e3o viking, com os invasores a chegar de barca pelo rio Minho, e o cortejo medieval que terminar\u00e1 no Castelo de Cerveira, onde ser\u00e1 proferido e encenado o discurso de abertura oficial da Festa da Hist\u00f3ria.<\/p>\n<p>Durante quatro dias, o certame vai realizar-se um pouco por toda a vila com um mercado medieval a recriar os h\u00e1bitos e as viv\u00eancias da \u00e9poca e a arte que ent\u00e3o se produzia.<\/p>\n<p>Mercadores e artes\u00e3os enchem as ruas, demonstrando of\u00edcios. Encena\u00e7\u00f5es teatrais e anima\u00e7\u00e3o de rua, com homens de armas, nobres, cl\u00e9rigos, homens e mulheres do povo, v\u00e3o revelar hist\u00f3rias do quotidiano.<\/p>\n<p>O programa contempla tamb\u00e9m degusta\u00e7\u00e3o de iguarias, m\u00fasica nas tabernas, espet\u00e1culos de fogo, voo de aves de rapina, arte da cetraria e torneio a cavalo. Ser\u00e1 ainda poss\u00edvel visitar o acampamento e assistir a um casamento Viking, entre muitos outros momentos de recria\u00e7\u00e3o hist\u00f3rica. Ap\u00f3s a invas\u00e3o, a barca viking ficar\u00e1 nas margens do rio Minho para proporcionar passeios durante os dias do certame.<\/p>\n<p>A Festa da Hist\u00f3ria \u00e9 organizada pela C\u00e2mara de Vila Nova de Cerveira, com produ\u00e7\u00e3o da Associa\u00e7\u00e3o Velha Lamparina.<\/p>\n","protected":false},"excerpt":{"rendered":"<p>Vila Nova de Cerveira prepara-se para receber uma invas\u00e3o viking durante mais uma edi\u00e7\u00e3o da Festa da Hist\u00f3ria, que vai decorrer\u00a0entre 18 e 21 de agosto. O evento come\u00e7a na pr\u00f3xima quinta-feira, pelas 17h00, com arruada de m\u00fasica e malabares, \u00e0 qual se segue a invas\u00e3o viking, com os invasores a chegar de barca pelo [&hellip;]<\/p>\n","protected":false},"author":12,"featured_media":29046,"comment_status":"closed","ping_status":"closed","sticky":false,"template":"","format":"standard","meta":{"_exactmetrics_skip_tracking":false,"_exactmetrics_sitenote_active":false,"_exactmetrics_sitenote_note":"","_exactmetrics_sitenote_category":0,"footnotes":""},"categories":[15],"tags":[24],"class_list":["post-82176","post","type-post","status-publish","format-standard","has-post-thumbnail","hentry","category-vila-nova-de-cerveira","tag-lazer"],"yoast_head":"<!-- This site is optimized with the Yoast SEO Premium plugin v27.5 (Yoast SEO v27.5) - https:\/\/yoast.com\/product\/yoast-seo-premium-wordpress\/ -->\n<title>Centro hist\u00f3rico de Cerveira recebe Festa da Hist\u00f3ria entre 18 e 21 de agosto<\/title>\n<meta name=\"description\" content=\"Vila Nova de Cerveira prepara-se para receber uma invas\u00e3o viking durante a Festa da Hist\u00f3ria, que vai decorrer\u00a0entre 18 e 21 de agosto.\" \/>\n<meta name=\"robots\" content=\"index, follow, max-snippet:-1, max-image-preview:large, max-video-preview:-1\" \/>\n<link rel=\"canonical\" href=\"https:\/\/www.altominho.tv\/site\/2022\/08\/16\/centro-historico-de-cerveira-recebe-festa-da-historia-entre-18-e-21-de-agosto\/\" \/>\n<meta property=\"og:locale\" content=\"pt_PT\" \/>\n<meta property=\"og:type\" content=\"article\" \/>\n<meta property=\"og:title\" content=\"Centro hist\u00f3rico de Cerveira recebe Festa da Hist\u00f3ria entre 18 e 21 de agosto\" \/>\n<meta property=\"og:description\" content=\"Vila Nova de Cerveira prepara-se para receber uma invas\u00e3o viking durante a Festa da Hist\u00f3ria, que vai decorrer\u00a0entre 18 e 21 de agosto.\" \/>\n<meta property=\"og:url\" content=\"https:\/\/www.altominho.tv\/site\/2022\/08\/16\/centro-historico-de-cerveira-recebe-festa-da-historia-entre-18-e-21-de-agosto\/\" \/>\n<meta property=\"og:site_name\" content=\"Altominho.tv\" \/>\n<meta property=\"article:publisher\" content=\"https:\/\/www.facebook.com\/altominhotv\" \/>\n<meta property=\"article:published_time\" content=\"2022-08-16T14:37:16+00:00\" \/>\n<meta property=\"article:modified_time\" content=\"2022-08-16T14:37:20+00:00\" \/>\n<meta property=\"og:image\" content=\"https:\/\/www.altominho.tv\/site\/wp-content\/uploads\/2019\/05\/Festa-da-Histo\u0301ria.jpg\" \/>\n\t<meta property=\"og:image:width\" content=\"1589\" \/>\n\t<meta property=\"og:image:height\" content=\"839\" \/>\n\t<meta property=\"og:image:type\" content=\"image\/jpeg\" \/>\n<meta name=\"author\" content=\"Andreia Ferreira\" \/>\n<meta name=\"twitter:card\" content=\"summary_large_image\" \/>\n<meta name=\"twitter:creator\" content=\"@altominhoTV\" \/>\n<meta name=\"twitter:site\" content=\"@altominhoTV\" \/>\n<meta name=\"twitter:label1\" content=\"Escrito por\" \/>\n\t<meta name=\"twitter:data1\" content=\"Andreia Ferreira\" \/>\n\t<meta name=\"twitter:label2\" content=\"Tempo estimado de leitura\" \/>\n\t<meta name=\"twitter:data2\" content=\"2 minutos\" \/>\n<script type=\"application\/ld+json\" class=\"yoast-schema-graph\">{\"@context\":\"https:\\\/\\\/schema.org\",\"@graph\":[{\"@type\":\"Article\",\"@id\":\"https:\\\/\\\/www.altominho.tv\\\/site\\\/2022\\\/08\\\/16\\\/centro-historico-de-cerveira-recebe-festa-da-historia-entre-18-e-21-de-agosto\\\/#article\",\"isPartOf\":{\"@id\":\"https:\\\/\\\/www.altominho.tv\\\/site\\\/2022\\\/08\\\/16\\\/centro-historico-de-cerveira-recebe-festa-da-historia-entre-18-e-21-de-agosto\\\/\"},\"author\":{\"name\":\"Andreia Ferreira\",\"@id\":\"https:\\\/\\\/www.altominho.tv\\\/site\\\/#\\\/schema\\\/person\\\/d9be4265364723f14ea8e0d56a1d38cd\"},\"headline\":\"Centro hist\u00f3rico de Cerveira recebe Festa da Hist\u00f3ria entre 18 e 21 de agosto\",\"datePublished\":\"2022-08-16T14:37:16+00:00\",\"dateModified\":\"2022-08-16T14:37:20+00:00\",\"mainEntityOfPage\":{\"@id\":\"https:\\\/\\\/www.altominho.tv\\\/site\\\/2022\\\/08\\\/16\\\/centro-historico-de-cerveira-recebe-festa-da-historia-entre-18-e-21-de-agosto\\\/\"},\"wordCount\":269,\"image\":{\"@id\":\"https:\\\/\\\/www.altominho.tv\\\/site\\\/2022\\\/08\\\/16\\\/centro-historico-de-cerveira-recebe-festa-da-historia-entre-18-e-21-de-agosto\\\/#primaryimage\"},\"thumbnailUrl\":\"https:\\\/\\\/www.altominho.tv\\\/site\\\/wp-content\\\/uploads\\\/2019\\\/05\\\/Festa-da-Histo\u0301ria.jpg\",\"keywords\":[\"Lazer\"],\"articleSection\":[\"Vila Nova de Cerveira\"],\"inLanguage\":\"pt-PT\",\"copyrightYear\":\"2022\",\"copyrightHolder\":{\"@id\":\"https:\\\/\\\/www.altominho.tv\\\/site\\\/#organization\"}},{\"@type\":\"WebPage\",\"@id\":\"https:\\\/\\\/www.altominho.tv\\\/site\\\/2022\\\/08\\\/16\\\/centro-historico-de-cerveira-recebe-festa-da-historia-entre-18-e-21-de-agosto\\\/\",\"url\":\"https:\\\/\\\/www.altominho.tv\\\/site\\\/2022\\\/08\\\/16\\\/centro-historico-de-cerveira-recebe-festa-da-historia-entre-18-e-21-de-agosto\\\/\",\"name\":\"Centro hist\u00f3rico de Cerveira recebe Festa da Hist\u00f3ria entre 18 e 21 de agosto\",\"isPartOf\":{\"@id\":\"https:\\\/\\\/www.altominho.tv\\\/site\\\/#website\"},\"primaryImageOfPage\":{\"@id\":\"https:\\\/\\\/www.altominho.tv\\\/site\\\/2022\\\/08\\\/16\\\/centro-historico-de-cerveira-recebe-festa-da-historia-entre-18-e-21-de-agosto\\\/#primaryimage\"},\"image\":{\"@id\":\"https:\\\/\\\/www.altominho.tv\\\/site\\\/2022\\\/08\\\/16\\\/centro-historico-de-cerveira-recebe-festa-da-historia-entre-18-e-21-de-agosto\\\/#primaryimage\"},\"thumbnailUrl\":\"https:\\\/\\\/www.altominho.tv\\\/site\\\/wp-content\\\/uploads\\\/2019\\\/05\\\/Festa-da-Histo\u0301ria.jpg\",\"datePublished\":\"2022-08-16T14:37:16+00:00\",\"dateModified\":\"2022-08-16T14:37:20+00:00\",\"author\":{\"@id\":\"https:\\\/\\\/www.altominho.tv\\\/site\\\/#\\\/schema\\\/person\\\/d9be4265364723f14ea8e0d56a1d38cd\"},\"description\":\"Vila Nova de Cerveira prepara-se para receber uma invas\u00e3o viking durante a Festa da Hist\u00f3ria, que vai decorrer\u00a0entre 18 e 21 de agosto.\",\"breadcrumb\":{\"@id\":\"https:\\\/\\\/www.altominho.tv\\\/site\\\/2022\\\/08\\\/16\\\/centro-historico-de-cerveira-recebe-festa-da-historia-entre-18-e-21-de-agosto\\\/#breadcrumb\"},\"inLanguage\":\"pt-PT\",\"potentialAction\":[{\"@type\":\"ReadAction\",\"target\":[\"https:\\\/\\\/www.altominho.tv\\\/site\\\/2022\\\/08\\\/16\\\/centro-historico-de-cerveira-recebe-festa-da-historia-entre-18-e-21-de-agosto\\\/\"]}]},{\"@type\":\"ImageObject\",\"inLanguage\":\"pt-PT\",\"@id\":\"https:\\\/\\\/www.altominho.tv\\\/site\\\/2022\\\/08\\\/16\\\/centro-historico-de-cerveira-recebe-festa-da-historia-entre-18-e-21-de-agosto\\\/#primaryimage\",\"url\":\"https:\\\/\\\/www.altominho.tv\\\/site\\\/wp-content\\\/uploads\\\/2019\\\/05\\\/Festa-da-Histo\u0301ria.jpg\",\"contentUrl\":\"https:\\\/\\\/www.altominho.tv\\\/site\\\/wp-content\\\/uploads\\\/2019\\\/05\\\/Festa-da-Histo\u0301ria.jpg\",\"width\":1589,\"height\":839},{\"@type\":\"BreadcrumbList\",\"@id\":\"https:\\\/\\\/www.altominho.tv\\\/site\\\/2022\\\/08\\\/16\\\/centro-historico-de-cerveira-recebe-festa-da-historia-entre-18-e-21-de-agosto\\\/#breadcrumb\",\"itemListElement\":[{\"@type\":\"ListItem\",\"position\":1,\"name\":\"In\u00edcio\",\"item\":\"https:\\\/\\\/www.altominho.tv\\\/site\\\/\"},{\"@type\":\"ListItem\",\"position\":2,\"name\":\"Centro hist\u00f3rico de Cerveira recebe Festa da Hist\u00f3ria entre 18 e 21 de agosto\"}]},{\"@type\":\"WebSite\",\"@id\":\"https:\\\/\\\/www.altominho.tv\\\/site\\\/#website\",\"url\":\"https:\\\/\\\/www.altominho.tv\\\/site\\\/\",\"name\":\"Altominho.tv\",\"description\":\"A sua regi\u00e3o \u00e0 dist\u00e2ncia de um clique...\",\"potentialAction\":[{\"@type\":\"SearchAction\",\"target\":{\"@type\":\"EntryPoint\",\"urlTemplate\":\"https:\\\/\\\/www.altominho.tv\\\/site\\\/?s={search_term_string}\"},\"query-input\":{\"@type\":\"PropertyValueSpecification\",\"valueRequired\":true,\"valueName\":\"search_term_string\"}}],\"inLanguage\":\"pt-PT\"},{\"@type\":\"Person\",\"@id\":\"https:\\\/\\\/www.altominho.tv\\\/site\\\/#\\\/schema\\\/person\\\/d9be4265364723f14ea8e0d56a1d38cd\",\"name\":\"Andreia Ferreira\",\"image\":{\"@type\":\"ImageObject\",\"inLanguage\":\"pt-PT\",\"@id\":\"https:\\\/\\\/www.altominho.tv\\\/site\\\/wp-content\\\/uploads\\\/2021\\\/01\\\/AndreiaFerreira-150x150.jpg\",\"url\":\"https:\\\/\\\/www.altominho.tv\\\/site\\\/wp-content\\\/uploads\\\/2021\\\/01\\\/AndreiaFerreira-150x150.jpg\",\"contentUrl\":\"https:\\\/\\\/www.altominho.tv\\\/site\\\/wp-content\\\/uploads\\\/2021\\\/01\\\/AndreiaFerreira-150x150.jpg\",\"caption\":\"Andreia Ferreira\"},\"url\":\"https:\\\/\\\/www.altominho.tv\\\/site\\\/author\\\/andreiaferreira\\\/\"}]}<\/script>\n<!-- \/ Yoast SEO Premium plugin. -->","yoast_head_json":{"title":"Centro hist\u00f3rico de Cerveira recebe Festa da Hist\u00f3ria entre 18 e 21 de agosto","description":"Vila Nova de Cerveira prepara-se para receber uma invas\u00e3o viking durante a Festa da Hist\u00f3ria, que vai decorrer\u00a0entre 18 e 21 de agosto.","robots":{"index":"index","follow":"follow","max-snippet":"max-snippet:-1","max-image-preview":"max-image-preview:large","max-video-preview":"max-video-preview:-1"},"canonical":"https:\/\/www.altominho.tv\/site\/2022\/08\/16\/centro-historico-de-cerveira-recebe-festa-da-historia-entre-18-e-21-de-agosto\/","og_locale":"pt_PT","og_type":"article","og_title":"Centro hist\u00f3rico de Cerveira recebe Festa da Hist\u00f3ria entre 18 e 21 de agosto","og_description":"Vila Nova de Cerveira prepara-se para receber uma invas\u00e3o viking durante a Festa da Hist\u00f3ria, que vai decorrer\u00a0entre 18 e 21 de agosto.","og_url":"https:\/\/www.altominho.tv\/site\/2022\/08\/16\/centro-historico-de-cerveira-recebe-festa-da-historia-entre-18-e-21-de-agosto\/","og_site_name":"Altominho.tv","article_publisher":"https:\/\/www.facebook.com\/altominhotv","article_published_time":"2022-08-16T14:37:16+00:00","article_modified_time":"2022-08-16T14:37:20+00:00","og_image":[{"width":1589,"height":839,"url":"https:\/\/www.altominho.tv\/site\/wp-content\/uploads\/2019\/05\/Festa-da-Histo\u0301ria.jpg","type":"image\/jpeg"}],"author":"Andreia Ferreira","twitter_card":"summary_large_image","twitter_creator":"@altominhoTV","twitter_site":"@altominhoTV","twitter_misc":{"Escrito por":"Andreia Ferreira","Tempo estimado de leitura":"2 minutos"},"schema":{"@context":"https:\/\/schema.org","@graph":[{"@type":"Article","@id":"https:\/\/www.altominho.tv\/site\/2022\/08\/16\/centro-historico-de-cerveira-recebe-festa-da-historia-entre-18-e-21-de-agosto\/#article","isPartOf":{"@id":"https:\/\/www.altominho.tv\/site\/2022\/08\/16\/centro-historico-de-cerveira-recebe-festa-da-historia-entre-18-e-21-de-agosto\/"},"author":{"name":"Andreia Ferreira","@id":"https:\/\/www.altominho.tv\/site\/#\/schema\/person\/d9be4265364723f14ea8e0d56a1d38cd"},"headline":"Centro hist\u00f3rico de Cerveira recebe Festa da Hist\u00f3ria entre 18 e 21 de agosto","datePublished":"2022-08-16T14:37:16+00:00","dateModified":"2022-08-16T14:37:20+00:00","mainEntityOfPage":{"@id":"https:\/\/www.altominho.tv\/site\/2022\/08\/16\/centro-historico-de-cerveira-recebe-festa-da-historia-entre-18-e-21-de-agosto\/"},"wordCount":269,"image":{"@id":"https:\/\/www.altominho.tv\/site\/2022\/08\/16\/centro-historico-de-cerveira-recebe-festa-da-historia-entre-18-e-21-de-agosto\/#primaryimage"},"thumbnailUrl":"https:\/\/www.altominho.tv\/site\/wp-content\/uploads\/2019\/05\/Festa-da-Histo\u0301ria.jpg","keywords":["Lazer"],"articleSection":["Vila Nova de Cerveira"],"inLanguage":"pt-PT","copyrightYear":"2022","copyrightHolder":{"@id":"https:\/\/www.altominho.tv\/site\/#organization"}},{"@type":"WebPage","@id":"https:\/\/www.altominho.tv\/site\/2022\/08\/16\/centro-historico-de-cerveira-recebe-festa-da-historia-entre-18-e-21-de-agosto\/","url":"https:\/\/www.altominho.tv\/site\/2022\/08\/16\/centro-historico-de-cerveira-recebe-festa-da-historia-entre-18-e-21-de-agosto\/","name":"Centro hist\u00f3rico de Cerveira recebe Festa da Hist\u00f3ria entre 18 e 21 de agosto","isPartOf":{"@id":"https:\/\/www.altominho.tv\/site\/#website"},"primaryImageOfPage":{"@id":"https:\/\/www.altominho.tv\/site\/2022\/08\/16\/centro-historico-de-cerveira-recebe-festa-da-historia-entre-18-e-21-de-agosto\/#primaryimage"},"image":{"@id":"https:\/\/www.altominho.tv\/site\/2022\/08\/16\/centro-historico-de-cerveira-recebe-festa-da-historia-entre-18-e-21-de-agosto\/#primaryimage"},"thumbnailUrl":"https:\/\/www.altominho.tv\/site\/wp-content\/uploads\/2019\/05\/Festa-da-Histo\u0301ria.jpg","datePublished":"2022-08-16T14:37:16+00:00","dateModified":"2022-08-16T14:37:20+00:00","author":{"@id":"https:\/\/www.altominho.tv\/site\/#\/schema\/person\/d9be4265364723f14ea8e0d56a1d38cd"},"description":"Vila Nova de Cerveira prepara-se para receber uma invas\u00e3o viking durante a Festa da Hist\u00f3ria, que vai decorrer\u00a0entre 18 e 21 de agosto.","breadcrumb":{"@id":"https:\/\/www.altominho.tv\/site\/2022\/08\/16\/centro-historico-de-cerveira-recebe-festa-da-historia-entre-18-e-21-de-agosto\/#breadcrumb"},"inLanguage":"pt-PT","potentialAction":[{"@type":"ReadAction","target":["https:\/\/www.altominho.tv\/site\/2022\/08\/16\/centro-historico-de-cerveira-recebe-festa-da-historia-entre-18-e-21-de-agosto\/"]}]},{"@type":"ImageObject","inLanguage":"pt-PT","@id":"https:\/\/www.altominho.tv\/site\/2022\/08\/16\/centro-historico-de-cerveira-recebe-festa-da-historia-entre-18-e-21-de-agosto\/#primaryimage","url":"https:\/\/www.altominho.tv\/site\/wp-content\/uploads\/2019\/05\/Festa-da-Histo\u0301ria.jpg","contentUrl":"https:\/\/www.altominho.tv\/site\/wp-content\/uploads\/2019\/05\/Festa-da-Histo\u0301ria.jpg","width":1589,"height":839},{"@type":"BreadcrumbList","@id":"https:\/\/www.altominho.tv\/site\/2022\/08\/16\/centro-historico-de-cerveira-recebe-festa-da-historia-entre-18-e-21-de-agosto\/#breadcrumb","itemListElement":[{"@type":"ListItem","position":1,"name":"In\u00edcio","item":"https:\/\/www.altominho.tv\/site\/"},{"@type":"ListItem","position":2,"name":"Centro hist\u00f3rico de Cerveira recebe Festa da Hist\u00f3ria entre 18 e 21 de agosto"}]},{"@type":"WebSite","@id":"https:\/\/www.altominho.tv\/site\/#website","url":"https:\/\/www.altominho.tv\/site\/","name":"Altominho.tv","description":"A sua regi\u00e3o \u00e0 dist\u00e2ncia de um clique...","potentialAction":[{"@type":"SearchAction","target":{"@type":"EntryPoint","urlTemplate":"https:\/\/www.altominho.tv\/site\/?s={search_term_string}"},"query-input":{"@type":"PropertyValueSpecification","valueRequired":true,"valueName":"search_term_string"}}],"inLanguage":"pt-PT"},{"@type":"Person","@id":"https:\/\/www.altominho.tv\/site\/#\/schema\/person\/d9be4265364723f14ea8e0d56a1d38cd","name":"Andreia Ferreira","image":{"@type":"ImageObject","inLanguage":"pt-PT","@id":"https:\/\/www.altominho.tv\/site\/wp-content\/uploads\/2021\/01\/AndreiaFerreira-150x150.jpg","url":"https:\/\/www.altominho.tv\/site\/wp-content\/uploads\/2021\/01\/AndreiaFerreira-150x150.jpg","contentUrl":"https:\/\/www.altominho.tv\/site\/wp-content\/uploads\/2021\/01\/AndreiaFerreira-150x150.jpg","caption":"Andreia Ferreira"},"url":"https:\/\/www.altominho.tv\/site\/author\/andreiaferreira\/"}]}},"_links":{"self":[{"href":"https:\/\/www.altominho.tv\/site\/wp-json\/wp\/v2\/posts\/82176","targetHints":{"allow":["GET"]}}],"collection":[{"href":"https:\/\/www.altominho.tv\/site\/wp-json\/wp\/v2\/posts"}],"about":[{"href":"https:\/\/www.altominho.tv\/site\/wp-json\/wp\/v2\/types\/post"}],"author":[{"embeddable":true,"href":"https:\/\/www.altominho.tv\/site\/wp-json\/wp\/v2\/users\/12"}],"replies":[{"embeddable":true,"href":"https:\/\/www.altominho.tv\/site\/wp-json\/wp\/v2\/comments?post=82176"}],"version-history":[{"count":0,"href":"https:\/\/www.altominho.tv\/site\/wp-json\/wp\/v2\/posts\/82176\/revisions"}],"wp:featuredmedia":[{"embeddable":true,"href":"https:\/\/www.altominho.tv\/site\/wp-json\/wp\/v2\/media\/29046"}],"wp:attachment":[{"href":"https:\/\/www.altominho.tv\/site\/wp-json\/wp\/v2\/media?parent=82176"}],"wp:term":[{"taxonomy":"category","embeddable":true,"href":"https:\/\/www.altominho.tv\/site\/wp-json\/wp\/v2\/categories?post=82176"},{"taxonomy":"post_tag","embeddable":true,"href":"https:\/\/www.altominho.tv\/site\/wp-json\/wp\/v2\/tags?post=82176"}],"curies":[{"name":"wp","href":"https:\/\/api.w.org\/{rel}","templated":true}]}}