{"id":82078,"date":"2022-08-11T13:39:35","date_gmt":"2022-08-11T12:39:35","guid":{"rendered":"https:\/\/www.altominho.tv\/site\/?p=82078"},"modified":"2022-08-11T13:39:35","modified_gmt":"2022-08-11T12:39:35","slug":"aguas-do-alto-minho-abre-concurso-internacional-para-obra-de-24-milhoes-de-euros-em-cerveira","status":"publish","type":"post","link":"https:\/\/www.altominho.tv\/site\/2022\/08\/11\/aguas-do-alto-minho-abre-concurso-internacional-para-obra-de-24-milhoes-de-euros-em-cerveira\/","title":{"rendered":"\u00c1guas\u00a0do\u00a0Alto\u00a0Minho\u00a0abre concurso internacional\u00a0para obra de 2,4 milh\u00f5es de euros em Cerveira"},"content":{"rendered":"<p>A \u00c1guas do Alto Minho abriu um concurso p\u00fablico internacional para a empreitada de remodela\u00e7\u00e3o de 17,5 quil\u00f3metros de redes de abastecimento de \u00e1gua em Vila Nova de Cerveira, num investimento de 2,4 milh\u00f5es de euros.<\/p>\n<p>Em comunicado, a empresa que gere as redes de abastecimento de \u00e1gua em baixa e de saneamento b\u00e1sico de sete dos 10 munic\u00edpios do distrito de Viana do Castelo informou que a decis\u00e3o de abertura de um concurso p\u00fablico internacional foi aprovada em reuni\u00e3o do conselho de administra\u00e7\u00e3o, no dia 3 de agosto e, publicado, na ter\u00e7a-feira, em Di\u00e1rio da Rep\u00fablica.<\/p>\n<p>Fonte da empresa, contactada pela ag\u00eancia Lusa, explicou que o concurso p\u00fablico \u00e9 internacional por se tratar de &#8220;uma obra cofinanciada e com obrigatoriedade de publicita\u00e7\u00e3o do cofinanciamento\u201d.<\/p>\n<p>A fonte adiantou que a \u00c1guas do Alto Minho \u201cest\u00e1 a alargar a abrang\u00eancia da divulga\u00e7\u00e3o das interven\u00e7\u00f5es, aumentando o leque de potenciais concorrentes\u201d. \u201cEstamos a utilizar o instrumento legal de contrata\u00e7\u00e3o que, por excel\u00eancia, maximiza a concorr\u00eancia&#8221;, explicou.<\/p>\n<p>Em causa est\u00e1 a empreitada de remodela\u00e7\u00e3o de redes de abastecimento de \u00e1gua previstas no \u00e2mbito de candidaturas aprovadas pelo POSEUR- Programa Operacional Sustentabilidade e Efici\u00eancia no Uso de Recursos para a efici\u00eancia h\u00eddrica, em Vila Nova de Cerveira.<\/p>\n<p>A \u201cexecu\u00e7\u00e3o deste projeto garante a remodela\u00e7\u00e3o de 17,5 quil\u00f3metros de redes de abastecimento de \u00e1gua na Estrada Nacional (EN) 13, no munic\u00edpio de Vila Nova de Cerveira, com o objetivo de garantir maior efici\u00eancia e qualidade nas condi\u00e7\u00f5es de abastecimento de \u00e1gua \u00e0 popula\u00e7\u00e3o\u201d.<\/p>\n<p>&#8220;O pre\u00e7o base do concurso \u00e9 de 2.400.000 euros e o prazo de execu\u00e7\u00e3o \u00e9 de 300 dias&#8221;, refere a empresa.<\/p>\n<p>O investimento \u00e9 cofinanciado pelo POSEUR ao abrigo de uma opera\u00e7\u00e3o que totaliza cerca de 14 milh\u00f5es de euros para melhoria da efici\u00eancia h\u00eddrica nos munic\u00edpios de Arcos de Valdevez, Caminha, Paredes de Coura, Ponte de Lima, Valen\u00e7a, Viana do Castelo e Vila Nova de Cerveira.<\/p>\n<p>A AdAM iniciou a atividade operacional em janeiro de 2020 e gere as redes de abastecimento de \u00e1gua em baixa e de saneamento nos munic\u00edpios de Arcos de Valdevez, Caminha, Paredes de Coura, Ponte de Lima, Valen\u00e7a, Viana do Castelo e Vila Nova de Cerveira.<\/p>\n","protected":false},"excerpt":{"rendered":"<p>A \u00c1guas do Alto Minho abriu um concurso p\u00fablico internacional para a empreitada de remodela\u00e7\u00e3o de 17,5 quil\u00f3metros de redes de abastecimento de \u00e1gua em Vila Nova de Cerveira, num investimento de 2,4 milh\u00f5es de euros. Em comunicado, a empresa que gere as redes de abastecimento de \u00e1gua em baixa e de saneamento b\u00e1sico de [&hellip;]<\/p>\n","protected":false},"author":15,"featured_media":62807,"comment_status":"closed","ping_status":"closed","sticky":false,"template":"","format":"standard","meta":{"_exactmetrics_skip_tracking":false,"_exactmetrics_sitenote_active":false,"_exactmetrics_sitenote_note":"","_exactmetrics_sitenote_category":0,"footnotes":""},"categories":[15],"tags":[21],"class_list":["post-82078","post","type-post","status-publish","format-standard","has-post-thumbnail","hentry","category-vila-nova-de-cerveira","tag-economia"],"yoast_head":"<!-- This site is optimized with the Yoast SEO Premium plugin v27.5 (Yoast SEO v27.5) - https:\/\/yoast.com\/product\/yoast-seo-premium-wordpress\/ -->\n<title>\u00c1guas\u00a0do\u00a0Alto\u00a0Minho\u00a0abre concurso internacional\u00a0para obra de 2,4 milh\u00f5es de euros em Cerveira<\/title>\n<meta name=\"robots\" content=\"index, follow, max-snippet:-1, max-image-preview:large, max-video-preview:-1\" \/>\n<link rel=\"canonical\" href=\"https:\/\/www.altominho.tv\/site\/2022\/08\/11\/aguas-do-alto-minho-abre-concurso-internacional-para-obra-de-24-milhoes-de-euros-em-cerveira\/\" \/>\n<meta property=\"og:locale\" content=\"pt_PT\" \/>\n<meta property=\"og:type\" content=\"article\" \/>\n<meta property=\"og:title\" content=\"\u00c1guas\u00a0do\u00a0Alto\u00a0Minho\u00a0abre concurso internacional\u00a0para obra de 2,4 milh\u00f5es de euros em Cerveira\" \/>\n<meta property=\"og:description\" content=\"A \u00c1guas do Alto Minho abriu um concurso p\u00fablico internacional para a empreitada de remodela\u00e7\u00e3o de 17,5 quil\u00f3metros de redes de abastecimento de \u00e1gua em Vila Nova de Cerveira, num investimento de 2,4 milh\u00f5es de euros. Em comunicado, a empresa que gere as redes de abastecimento de \u00e1gua em baixa e de saneamento b\u00e1sico de [&hellip;]\" \/>\n<meta property=\"og:url\" content=\"https:\/\/www.altominho.tv\/site\/2022\/08\/11\/aguas-do-alto-minho-abre-concurso-internacional-para-obra-de-24-milhoes-de-euros-em-cerveira\/\" \/>\n<meta property=\"og:site_name\" content=\"Altominho.tv\" \/>\n<meta property=\"article:publisher\" content=\"https:\/\/www.facebook.com\/altominhotv\" \/>\n<meta property=\"article:published_time\" content=\"2022-08-11T12:39:35+00:00\" \/>\n<meta property=\"og:image\" content=\"https:\/\/www.altominho.tv\/site\/wp-content\/uploads\/2021\/02\/Torneira-agua.jpg\" \/>\n\t<meta property=\"og:image:width\" content=\"1060\" \/>\n\t<meta property=\"og:image:height\" content=\"696\" \/>\n\t<meta property=\"og:image:type\" content=\"image\/jpeg\" \/>\n<meta name=\"author\" content=\"Andreia Ferreira | Lusa\" \/>\n<meta name=\"twitter:card\" content=\"summary_large_image\" \/>\n<meta name=\"twitter:creator\" content=\"@altominhoTV\" \/>\n<meta name=\"twitter:site\" content=\"@altominhoTV\" \/>\n<meta name=\"twitter:label1\" content=\"Escrito por\" \/>\n\t<meta name=\"twitter:data1\" content=\"Andreia Ferreira | Lusa\" \/>\n\t<meta name=\"twitter:label2\" content=\"Tempo estimado de leitura\" \/>\n\t<meta name=\"twitter:data2\" content=\"2 minutos\" \/>\n<script type=\"application\/ld+json\" class=\"yoast-schema-graph\">{\"@context\":\"https:\\\/\\\/schema.org\",\"@graph\":[{\"@type\":\"Article\",\"@id\":\"https:\\\/\\\/www.altominho.tv\\\/site\\\/2022\\\/08\\\/11\\\/aguas-do-alto-minho-abre-concurso-internacional-para-obra-de-24-milhoes-de-euros-em-cerveira\\\/#article\",\"isPartOf\":{\"@id\":\"https:\\\/\\\/www.altominho.tv\\\/site\\\/2022\\\/08\\\/11\\\/aguas-do-alto-minho-abre-concurso-internacional-para-obra-de-24-milhoes-de-euros-em-cerveira\\\/\"},\"author\":{\"name\":\"Andreia Ferreira | Lusa\",\"@id\":\"https:\\\/\\\/www.altominho.tv\\\/site\\\/#\\\/schema\\\/person\\\/a0bff6dc1041aadd46fa81887444b017\"},\"headline\":\"\u00c1guas\u00a0do\u00a0Alto\u00a0Minho\u00a0abre concurso internacional\u00a0para obra de 2,4 milh\u00f5es de euros em Cerveira\",\"datePublished\":\"2022-08-11T12:39:35+00:00\",\"mainEntityOfPage\":{\"@id\":\"https:\\\/\\\/www.altominho.tv\\\/site\\\/2022\\\/08\\\/11\\\/aguas-do-alto-minho-abre-concurso-internacional-para-obra-de-24-milhoes-de-euros-em-cerveira\\\/\"},\"wordCount\":404,\"image\":{\"@id\":\"https:\\\/\\\/www.altominho.tv\\\/site\\\/2022\\\/08\\\/11\\\/aguas-do-alto-minho-abre-concurso-internacional-para-obra-de-24-milhoes-de-euros-em-cerveira\\\/#primaryimage\"},\"thumbnailUrl\":\"https:\\\/\\\/www.altominho.tv\\\/site\\\/wp-content\\\/uploads\\\/2021\\\/02\\\/Torneira-agua.jpg\",\"keywords\":[\"Economia\"],\"articleSection\":[\"Vila Nova de Cerveira\"],\"inLanguage\":\"pt-PT\",\"copyrightYear\":\"2022\",\"copyrightHolder\":{\"@id\":\"https:\\\/\\\/www.altominho.tv\\\/site\\\/#organization\"}},{\"@type\":\"WebPage\",\"@id\":\"https:\\\/\\\/www.altominho.tv\\\/site\\\/2022\\\/08\\\/11\\\/aguas-do-alto-minho-abre-concurso-internacional-para-obra-de-24-milhoes-de-euros-em-cerveira\\\/\",\"url\":\"https:\\\/\\\/www.altominho.tv\\\/site\\\/2022\\\/08\\\/11\\\/aguas-do-alto-minho-abre-concurso-internacional-para-obra-de-24-milhoes-de-euros-em-cerveira\\\/\",\"name\":\"\u00c1guas\u00a0do\u00a0Alto\u00a0Minho\u00a0abre concurso internacional\u00a0para obra de 2,4 milh\u00f5es de euros em Cerveira\",\"isPartOf\":{\"@id\":\"https:\\\/\\\/www.altominho.tv\\\/site\\\/#website\"},\"primaryImageOfPage\":{\"@id\":\"https:\\\/\\\/www.altominho.tv\\\/site\\\/2022\\\/08\\\/11\\\/aguas-do-alto-minho-abre-concurso-internacional-para-obra-de-24-milhoes-de-euros-em-cerveira\\\/#primaryimage\"},\"image\":{\"@id\":\"https:\\\/\\\/www.altominho.tv\\\/site\\\/2022\\\/08\\\/11\\\/aguas-do-alto-minho-abre-concurso-internacional-para-obra-de-24-milhoes-de-euros-em-cerveira\\\/#primaryimage\"},\"thumbnailUrl\":\"https:\\\/\\\/www.altominho.tv\\\/site\\\/wp-content\\\/uploads\\\/2021\\\/02\\\/Torneira-agua.jpg\",\"datePublished\":\"2022-08-11T12:39:35+00:00\",\"author\":{\"@id\":\"https:\\\/\\\/www.altominho.tv\\\/site\\\/#\\\/schema\\\/person\\\/a0bff6dc1041aadd46fa81887444b017\"},\"breadcrumb\":{\"@id\":\"https:\\\/\\\/www.altominho.tv\\\/site\\\/2022\\\/08\\\/11\\\/aguas-do-alto-minho-abre-concurso-internacional-para-obra-de-24-milhoes-de-euros-em-cerveira\\\/#breadcrumb\"},\"inLanguage\":\"pt-PT\",\"potentialAction\":[{\"@type\":\"ReadAction\",\"target\":[\"https:\\\/\\\/www.altominho.tv\\\/site\\\/2022\\\/08\\\/11\\\/aguas-do-alto-minho-abre-concurso-internacional-para-obra-de-24-milhoes-de-euros-em-cerveira\\\/\"]}]},{\"@type\":\"ImageObject\",\"inLanguage\":\"pt-PT\",\"@id\":\"https:\\\/\\\/www.altominho.tv\\\/site\\\/2022\\\/08\\\/11\\\/aguas-do-alto-minho-abre-concurso-internacional-para-obra-de-24-milhoes-de-euros-em-cerveira\\\/#primaryimage\",\"url\":\"https:\\\/\\\/www.altominho.tv\\\/site\\\/wp-content\\\/uploads\\\/2021\\\/02\\\/Torneira-agua.jpg\",\"contentUrl\":\"https:\\\/\\\/www.altominho.tv\\\/site\\\/wp-content\\\/uploads\\\/2021\\\/02\\\/Torneira-agua.jpg\",\"width\":1060,\"height\":696,\"caption\":\"PIXABAY\"},{\"@type\":\"BreadcrumbList\",\"@id\":\"https:\\\/\\\/www.altominho.tv\\\/site\\\/2022\\\/08\\\/11\\\/aguas-do-alto-minho-abre-concurso-internacional-para-obra-de-24-milhoes-de-euros-em-cerveira\\\/#breadcrumb\",\"itemListElement\":[{\"@type\":\"ListItem\",\"position\":1,\"name\":\"In\u00edcio\",\"item\":\"https:\\\/\\\/www.altominho.tv\\\/site\\\/\"},{\"@type\":\"ListItem\",\"position\":2,\"name\":\"\u00c1guas\u00a0do\u00a0Alto\u00a0Minho\u00a0abre concurso internacional\u00a0para obra de 2,4 milh\u00f5es de euros em Cerveira\"}]},{\"@type\":\"WebSite\",\"@id\":\"https:\\\/\\\/www.altominho.tv\\\/site\\\/#website\",\"url\":\"https:\\\/\\\/www.altominho.tv\\\/site\\\/\",\"name\":\"Altominho.tv\",\"description\":\"A sua regi\u00e3o \u00e0 dist\u00e2ncia de um clique...\",\"potentialAction\":[{\"@type\":\"SearchAction\",\"target\":{\"@type\":\"EntryPoint\",\"urlTemplate\":\"https:\\\/\\\/www.altominho.tv\\\/site\\\/?s={search_term_string}\"},\"query-input\":{\"@type\":\"PropertyValueSpecification\",\"valueRequired\":true,\"valueName\":\"search_term_string\"}}],\"inLanguage\":\"pt-PT\"},{\"@type\":\"Person\",\"@id\":\"https:\\\/\\\/www.altominho.tv\\\/site\\\/#\\\/schema\\\/person\\\/a0bff6dc1041aadd46fa81887444b017\",\"name\":\"Andreia Ferreira | Lusa\",\"image\":{\"@type\":\"ImageObject\",\"inLanguage\":\"pt-PT\",\"@id\":\"https:\\\/\\\/www.altominho.tv\\\/site\\\/wp-content\\\/uploads\\\/2018\\\/04\\\/Andreia-150x150.jpg\",\"url\":\"https:\\\/\\\/www.altominho.tv\\\/site\\\/wp-content\\\/uploads\\\/2018\\\/04\\\/Andreia-150x150.jpg\",\"contentUrl\":\"https:\\\/\\\/www.altominho.tv\\\/site\\\/wp-content\\\/uploads\\\/2018\\\/04\\\/Andreia-150x150.jpg\",\"caption\":\"Andreia Ferreira | Lusa\"},\"sameAs\":[\"https:\\\/\\\/www.altominho.tv\\\/site\"],\"url\":\"https:\\\/\\\/www.altominho.tv\\\/site\\\/author\\\/andreiaferreiralusa\\\/\"}]}<\/script>\n<!-- \/ Yoast SEO Premium plugin. -->","yoast_head_json":{"title":"\u00c1guas\u00a0do\u00a0Alto\u00a0Minho\u00a0abre concurso internacional\u00a0para obra de 2,4 milh\u00f5es de euros em Cerveira","robots":{"index":"index","follow":"follow","max-snippet":"max-snippet:-1","max-image-preview":"max-image-preview:large","max-video-preview":"max-video-preview:-1"},"canonical":"https:\/\/www.altominho.tv\/site\/2022\/08\/11\/aguas-do-alto-minho-abre-concurso-internacional-para-obra-de-24-milhoes-de-euros-em-cerveira\/","og_locale":"pt_PT","og_type":"article","og_title":"\u00c1guas\u00a0do\u00a0Alto\u00a0Minho\u00a0abre concurso internacional\u00a0para obra de 2,4 milh\u00f5es de euros em Cerveira","og_description":"A \u00c1guas do Alto Minho abriu um concurso p\u00fablico internacional para a empreitada de remodela\u00e7\u00e3o de 17,5 quil\u00f3metros de redes de abastecimento de \u00e1gua em Vila Nova de Cerveira, num investimento de 2,4 milh\u00f5es de euros. Em comunicado, a empresa que gere as redes de abastecimento de \u00e1gua em baixa e de saneamento b\u00e1sico de [&hellip;]","og_url":"https:\/\/www.altominho.tv\/site\/2022\/08\/11\/aguas-do-alto-minho-abre-concurso-internacional-para-obra-de-24-milhoes-de-euros-em-cerveira\/","og_site_name":"Altominho.tv","article_publisher":"https:\/\/www.facebook.com\/altominhotv","article_published_time":"2022-08-11T12:39:35+00:00","og_image":[{"width":1060,"height":696,"url":"https:\/\/www.altominho.tv\/site\/wp-content\/uploads\/2021\/02\/Torneira-agua.jpg","type":"image\/jpeg"}],"author":"Andreia Ferreira | Lusa","twitter_card":"summary_large_image","twitter_creator":"@altominhoTV","twitter_site":"@altominhoTV","twitter_misc":{"Escrito por":"Andreia Ferreira | Lusa","Tempo estimado de leitura":"2 minutos"},"schema":{"@context":"https:\/\/schema.org","@graph":[{"@type":"Article","@id":"https:\/\/www.altominho.tv\/site\/2022\/08\/11\/aguas-do-alto-minho-abre-concurso-internacional-para-obra-de-24-milhoes-de-euros-em-cerveira\/#article","isPartOf":{"@id":"https:\/\/www.altominho.tv\/site\/2022\/08\/11\/aguas-do-alto-minho-abre-concurso-internacional-para-obra-de-24-milhoes-de-euros-em-cerveira\/"},"author":{"name":"Andreia Ferreira | Lusa","@id":"https:\/\/www.altominho.tv\/site\/#\/schema\/person\/a0bff6dc1041aadd46fa81887444b017"},"headline":"\u00c1guas\u00a0do\u00a0Alto\u00a0Minho\u00a0abre concurso internacional\u00a0para obra de 2,4 milh\u00f5es de euros em Cerveira","datePublished":"2022-08-11T12:39:35+00:00","mainEntityOfPage":{"@id":"https:\/\/www.altominho.tv\/site\/2022\/08\/11\/aguas-do-alto-minho-abre-concurso-internacional-para-obra-de-24-milhoes-de-euros-em-cerveira\/"},"wordCount":404,"image":{"@id":"https:\/\/www.altominho.tv\/site\/2022\/08\/11\/aguas-do-alto-minho-abre-concurso-internacional-para-obra-de-24-milhoes-de-euros-em-cerveira\/#primaryimage"},"thumbnailUrl":"https:\/\/www.altominho.tv\/site\/wp-content\/uploads\/2021\/02\/Torneira-agua.jpg","keywords":["Economia"],"articleSection":["Vila Nova de Cerveira"],"inLanguage":"pt-PT","copyrightYear":"2022","copyrightHolder":{"@id":"https:\/\/www.altominho.tv\/site\/#organization"}},{"@type":"WebPage","@id":"https:\/\/www.altominho.tv\/site\/2022\/08\/11\/aguas-do-alto-minho-abre-concurso-internacional-para-obra-de-24-milhoes-de-euros-em-cerveira\/","url":"https:\/\/www.altominho.tv\/site\/2022\/08\/11\/aguas-do-alto-minho-abre-concurso-internacional-para-obra-de-24-milhoes-de-euros-em-cerveira\/","name":"\u00c1guas\u00a0do\u00a0Alto\u00a0Minho\u00a0abre concurso internacional\u00a0para obra de 2,4 milh\u00f5es de euros em Cerveira","isPartOf":{"@id":"https:\/\/www.altominho.tv\/site\/#website"},"primaryImageOfPage":{"@id":"https:\/\/www.altominho.tv\/site\/2022\/08\/11\/aguas-do-alto-minho-abre-concurso-internacional-para-obra-de-24-milhoes-de-euros-em-cerveira\/#primaryimage"},"image":{"@id":"https:\/\/www.altominho.tv\/site\/2022\/08\/11\/aguas-do-alto-minho-abre-concurso-internacional-para-obra-de-24-milhoes-de-euros-em-cerveira\/#primaryimage"},"thumbnailUrl":"https:\/\/www.altominho.tv\/site\/wp-content\/uploads\/2021\/02\/Torneira-agua.jpg","datePublished":"2022-08-11T12:39:35+00:00","author":{"@id":"https:\/\/www.altominho.tv\/site\/#\/schema\/person\/a0bff6dc1041aadd46fa81887444b017"},"breadcrumb":{"@id":"https:\/\/www.altominho.tv\/site\/2022\/08\/11\/aguas-do-alto-minho-abre-concurso-internacional-para-obra-de-24-milhoes-de-euros-em-cerveira\/#breadcrumb"},"inLanguage":"pt-PT","potentialAction":[{"@type":"ReadAction","target":["https:\/\/www.altominho.tv\/site\/2022\/08\/11\/aguas-do-alto-minho-abre-concurso-internacional-para-obra-de-24-milhoes-de-euros-em-cerveira\/"]}]},{"@type":"ImageObject","inLanguage":"pt-PT","@id":"https:\/\/www.altominho.tv\/site\/2022\/08\/11\/aguas-do-alto-minho-abre-concurso-internacional-para-obra-de-24-milhoes-de-euros-em-cerveira\/#primaryimage","url":"https:\/\/www.altominho.tv\/site\/wp-content\/uploads\/2021\/02\/Torneira-agua.jpg","contentUrl":"https:\/\/www.altominho.tv\/site\/wp-content\/uploads\/2021\/02\/Torneira-agua.jpg","width":1060,"height":696,"caption":"PIXABAY"},{"@type":"BreadcrumbList","@id":"https:\/\/www.altominho.tv\/site\/2022\/08\/11\/aguas-do-alto-minho-abre-concurso-internacional-para-obra-de-24-milhoes-de-euros-em-cerveira\/#breadcrumb","itemListElement":[{"@type":"ListItem","position":1,"name":"In\u00edcio","item":"https:\/\/www.altominho.tv\/site\/"},{"@type":"ListItem","position":2,"name":"\u00c1guas\u00a0do\u00a0Alto\u00a0Minho\u00a0abre concurso internacional\u00a0para obra de 2,4 milh\u00f5es de euros em Cerveira"}]},{"@type":"WebSite","@id":"https:\/\/www.altominho.tv\/site\/#website","url":"https:\/\/www.altominho.tv\/site\/","name":"Altominho.tv","description":"A sua regi\u00e3o \u00e0 dist\u00e2ncia de um clique...","potentialAction":[{"@type":"SearchAction","target":{"@type":"EntryPoint","urlTemplate":"https:\/\/www.altominho.tv\/site\/?s={search_term_string}"},"query-input":{"@type":"PropertyValueSpecification","valueRequired":true,"valueName":"search_term_string"}}],"inLanguage":"pt-PT"},{"@type":"Person","@id":"https:\/\/www.altominho.tv\/site\/#\/schema\/person\/a0bff6dc1041aadd46fa81887444b017","name":"Andreia Ferreira | Lusa","image":{"@type":"ImageObject","inLanguage":"pt-PT","@id":"https:\/\/www.altominho.tv\/site\/wp-content\/uploads\/2018\/04\/Andreia-150x150.jpg","url":"https:\/\/www.altominho.tv\/site\/wp-content\/uploads\/2018\/04\/Andreia-150x150.jpg","contentUrl":"https:\/\/www.altominho.tv\/site\/wp-content\/uploads\/2018\/04\/Andreia-150x150.jpg","caption":"Andreia Ferreira | Lusa"},"sameAs":["https:\/\/www.altominho.tv\/site"],"url":"https:\/\/www.altominho.tv\/site\/author\/andreiaferreiralusa\/"}]}},"_links":{"self":[{"href":"https:\/\/www.altominho.tv\/site\/wp-json\/wp\/v2\/posts\/82078","targetHints":{"allow":["GET"]}}],"collection":[{"href":"https:\/\/www.altominho.tv\/site\/wp-json\/wp\/v2\/posts"}],"about":[{"href":"https:\/\/www.altominho.tv\/site\/wp-json\/wp\/v2\/types\/post"}],"author":[{"embeddable":true,"href":"https:\/\/www.altominho.tv\/site\/wp-json\/wp\/v2\/users\/15"}],"replies":[{"embeddable":true,"href":"https:\/\/www.altominho.tv\/site\/wp-json\/wp\/v2\/comments?post=82078"}],"version-history":[{"count":0,"href":"https:\/\/www.altominho.tv\/site\/wp-json\/wp\/v2\/posts\/82078\/revisions"}],"wp:featuredmedia":[{"embeddable":true,"href":"https:\/\/www.altominho.tv\/site\/wp-json\/wp\/v2\/media\/62807"}],"wp:attachment":[{"href":"https:\/\/www.altominho.tv\/site\/wp-json\/wp\/v2\/media?parent=82078"}],"wp:term":[{"taxonomy":"category","embeddable":true,"href":"https:\/\/www.altominho.tv\/site\/wp-json\/wp\/v2\/categories?post=82078"},{"taxonomy":"post_tag","embeddable":true,"href":"https:\/\/www.altominho.tv\/site\/wp-json\/wp\/v2\/tags?post=82078"}],"curies":[{"name":"wp","href":"https:\/\/api.w.org\/{rel}","templated":true}]}}