{"id":8153,"date":"2018-01-10T16:17:38","date_gmt":"2018-01-10T16:17:38","guid":{"rendered":"http:\/\/www.altominho.tv\/site\/?p=8153"},"modified":"2018-01-10T16:17:38","modified_gmt":"2018-01-10T16:17:38","slug":"vida-e-obra-de-laureano-barros-reconstruidas-em-documentario-que-passa-hoje-na-tv","status":"publish","type":"post","link":"https:\/\/www.altominho.tv\/site\/2018\/01\/10\/vida-e-obra-de-laureano-barros-reconstruidas-em-documentario-que-passa-hoje-na-tv\/","title":{"rendered":"Vida e obra de Laureano Barros reconstru\u00eddas em document\u00e1rio que passa hoje na TV"},"content":{"rendered":"<p>Nos dez anos da morte de Laureano Barros (1921-2008), matem\u00e1tico e bibli\u00f3filo que reuniu uma das melhores bibliotecas privadas portuguesas, a televis\u00e3o transmite um document\u00e1rio sobre a sua vida e obra.<\/p>\n<p>Com depoimentos de Armando Alves, Eduardo Louren\u00e7o, Fernando Echevarr\u00eda, Fernando Guimar\u00e3es, entre outras personalidades conhecedoras da vida e do trabalho deste matem\u00e1tico que colecionava livros, o document\u00e1rio da autoria de Paulo Pinto teve estreia em 2017, no munic\u00edpio de Ponte da Barca, onde Laureano Barros reuniu uma das mais extraordin\u00e1rias bibliotecas privadas portuguesas da segunda metade do s\u00e9culo XX.<\/p>\n<p>O document\u00e1rio \u00e9 uma iniciativa daquela vila minhota e da editora Tinta-da-China, que no ano passado editou o livro \u201cO grilo na varanda\u201d, uma compila\u00e7\u00e3o da correspond\u00eancia trocada durante 35 anos entre Laureano Barros e Luiz Pacheco.<\/p>\n<p>Atrav\u00e9s de uma investiga\u00e7\u00e3o quase antropol\u00f3gica, a partir de pe\u00e7as isoladas, exemplares da sua biblioteca, correspond\u00eancia e testemunhos dos que com ele conviveram, o document\u00e1rio de Paulo Pinto reconstr\u00f3i a \u201cincontorn\u00e1vel mas distante\u201d personalidade de Laureano Barros, segundo o &#8216;site&#8217; da RTP2, que transmite hoje o filme.<\/p>\n<p>Descrito como um matem\u00e1tico de g\u00e9nio e amante da literatura, intelectual antifascista, homem not\u00e1vel, rigoroso, inflex\u00edvel com a verdade e a liberdade, Laureano Barros teve uma vida intensa e sofrida.<\/p>\n<p>Foi no Porto, nos tempos de estudante, que Laureano Barros come\u00e7ou a comprar livros, iniciando a sua enorme cole\u00e7\u00e3o gra\u00e7as aos alfarrabistas que frequentava.<\/p>\n<p>Depois de ter sido um aluno exemplar, tornou-se professor de Matem\u00e1tica, mas foi precocemente afastado, por contestar o governo de Salazar e a pol\u00edcia pol\u00edtica do regime, a PIDE.<\/p>\n<p>Laureano Barros foi expulso da universidade por ter subscrito uma carta de oposi\u00e7\u00e3o \u00e0 pris\u00e3o, por ordem da PIDE, da estudante Nazar\u00e9 Patac\u00e3o.<\/p>\n<p>Nessa altura passou a dar explica\u00e7\u00f5es de \u00e1lgebra e c\u00e1lculo infinitesimal para se sustentar, ao passo que os rendimentos das propriedades familiares de Ponte da Barca eram usados para comprar livros.<\/p>\n<p>Esse era o seu grande v\u00edcio e a ele se dedicou principalmente ap\u00f3s a morte dos pais, quando se mudou para a quinta da fam\u00edlia, onde colecionava preciosidades bibliogr\u00e1ficas.<\/p>\n<p>Ap\u00f3s o 25 de Abril, ainda recebeu v\u00e1rios convites para voltar a lecionar nas mais prestigiadas universidades e escolas portuguesas, mas Laureano Barros era um perfecionista e n\u00e3o suportava situa\u00e7\u00f5es menos que perfeitas, preferindo retirar-se, mesmo que isso tivesse implica\u00e7\u00f5es na vida e na carreira.<\/p>\n<p>Foi assim que acabou por se isolar em Ponte da Barca, terra onde passou os \u00faltimos 30 anos de vida.<\/p>\n<p>Quando morreu, em 2008, possu\u00eda uma biblioteca imensa, com primeiras edi\u00e7\u00f5es de Fern\u00e3o Mendes Pinto, Ant\u00f3nio Vieira, Lu\u00eds Ant\u00f3nio Verney, E\u00e7a de Queiroz, Fernando Pessoa ou Ant\u00f3nio Nobre, mas tamb\u00e9m de obras juvenis de Guerra Junqueiro, Miguel Torga ou Jos\u00e9 Gomes Ferreira.<\/p>\n<p>Da sua cole\u00e7\u00e3o constavam igualmente o primeiro livro de Herberto Helder, &#8220;O Amor em Visita&#8221;, o primeiro livro de M\u00e1rio Cesariny (de que tinha dois exemplares), \u201cCorpo Vis\u00edvel\u201d, um conjunto de edi\u00e7\u00f5es portuguesas e estrangeiras dos cancioneiros medievais e edi\u00e7\u00f5es raras de poetas quinhentistas de Ponte da Barca.<\/p>\n<p>Apesar de se ter dedicado sobretudo \u00e0 literatura portuguesa, colecionou tamb\u00e9m autores brasileiros, como \u00e9 o caso de Jorge Amado, de quem possu\u00eda v\u00e1rias primeiras edi\u00e7\u00f5es, e obras em l\u00edngua estrangeira, como um exemplar raro da primeira edi\u00e7\u00e3o de &#8220;Madame Bovary&#8221;, de Gustave Flaubert.<\/p>\n","protected":false},"excerpt":{"rendered":"<p>Nos dez anos da morte de Laureano Barros (1921-2008), matem\u00e1tico e bibli\u00f3filo que reuniu uma das melhores bibliotecas privadas portuguesas, a televis\u00e3o transmite um document\u00e1rio sobre a sua vida e obra. Com depoimentos de Armando Alves, Eduardo Louren\u00e7o, Fernando Echevarr\u00eda, Fernando Guimar\u00e3es, entre outras personalidades conhecedoras da vida e do trabalho deste matem\u00e1tico que colecionava [&hellip;]<\/p>\n","protected":false},"author":7,"featured_media":8154,"comment_status":"closed","ping_status":"closed","sticky":false,"template":"","format":"standard","meta":{"_exactmetrics_skip_tracking":false,"_exactmetrics_sitenote_active":false,"_exactmetrics_sitenote_note":"","_exactmetrics_sitenote_category":0,"footnotes":""},"categories":[11],"tags":[19,24],"class_list":["post-8153","post","type-post","status-publish","format-standard","has-post-thumbnail","hentry","category-ponte-da-barca","tag-cultura","tag-lazer"],"yoast_head":"<!-- This site is optimized with the Yoast SEO Premium plugin v27.5 (Yoast SEO v27.5) - https:\/\/yoast.com\/product\/yoast-seo-premium-wordpress\/ -->\n<title>Vida e obra de Laureano Barros reconstru\u00eddas em document\u00e1rio que passa hoje na TV<\/title>\n<meta name=\"robots\" content=\"index, follow, max-snippet:-1, max-image-preview:large, max-video-preview:-1\" \/>\n<link rel=\"canonical\" href=\"https:\/\/www.altominho.tv\/site\/2018\/01\/10\/vida-e-obra-de-laureano-barros-reconstruidas-em-documentario-que-passa-hoje-na-tv\/\" \/>\n<meta property=\"og:locale\" content=\"pt_PT\" \/>\n<meta property=\"og:type\" content=\"article\" \/>\n<meta property=\"og:title\" content=\"Vida e obra de Laureano Barros reconstru\u00eddas em document\u00e1rio que passa hoje na TV\" \/>\n<meta property=\"og:description\" content=\"Nos dez anos da morte de Laureano Barros (1921-2008), matem\u00e1tico e bibli\u00f3filo que reuniu uma das melhores bibliotecas privadas portuguesas, a televis\u00e3o transmite um document\u00e1rio sobre a sua vida e obra. Com depoimentos de Armando Alves, Eduardo Louren\u00e7o, Fernando Echevarr\u00eda, Fernando Guimar\u00e3es, entre outras personalidades conhecedoras da vida e do trabalho deste matem\u00e1tico que colecionava [&hellip;]\" \/>\n<meta property=\"og:url\" content=\"https:\/\/www.altominho.tv\/site\/2018\/01\/10\/vida-e-obra-de-laureano-barros-reconstruidas-em-documentario-que-passa-hoje-na-tv\/\" \/>\n<meta property=\"og:site_name\" content=\"Altominho.tv\" \/>\n<meta property=\"article:publisher\" content=\"https:\/\/www.facebook.com\/altominhotv\" \/>\n<meta property=\"article:published_time\" content=\"2018-01-10T16:17:38+00:00\" \/>\n<meta property=\"og:image\" content=\"https:\/\/www.altominho.tv\/site\/wp-content\/uploads\/2018\/01\/laureano.jpg\" \/>\n\t<meta property=\"og:image:width\" content=\"600\" \/>\n\t<meta property=\"og:image:height\" content=\"261\" \/>\n\t<meta property=\"og:image:type\" content=\"image\/jpeg\" \/>\n<meta name=\"author\" content=\"Andreia Cunha\" \/>\n<meta name=\"twitter:card\" content=\"summary_large_image\" \/>\n<meta name=\"twitter:creator\" content=\"@altominhoTV\" \/>\n<meta name=\"twitter:site\" content=\"@altominhoTV\" \/>\n<meta name=\"twitter:label1\" content=\"Escrito por\" \/>\n\t<meta name=\"twitter:data1\" content=\"Andreia Cunha\" \/>\n\t<meta name=\"twitter:label2\" content=\"Tempo estimado de leitura\" \/>\n\t<meta name=\"twitter:data2\" content=\"3 minutos\" \/>\n<script type=\"application\/ld+json\" class=\"yoast-schema-graph\">{\"@context\":\"https:\\\/\\\/schema.org\",\"@graph\":[{\"@type\":\"Article\",\"@id\":\"https:\\\/\\\/www.altominho.tv\\\/site\\\/2018\\\/01\\\/10\\\/vida-e-obra-de-laureano-barros-reconstruidas-em-documentario-que-passa-hoje-na-tv\\\/#article\",\"isPartOf\":{\"@id\":\"https:\\\/\\\/www.altominho.tv\\\/site\\\/2018\\\/01\\\/10\\\/vida-e-obra-de-laureano-barros-reconstruidas-em-documentario-que-passa-hoje-na-tv\\\/\"},\"author\":{\"name\":\"Andreia Cunha\",\"@id\":\"https:\\\/\\\/www.altominho.tv\\\/site\\\/#\\\/schema\\\/person\\\/a0e4ef6d041f98ca284393d8f1d97153\"},\"headline\":\"Vida e obra de Laureano Barros reconstru\u00eddas em document\u00e1rio que passa hoje na TV\",\"datePublished\":\"2018-01-10T16:17:38+00:00\",\"mainEntityOfPage\":{\"@id\":\"https:\\\/\\\/www.altominho.tv\\\/site\\\/2018\\\/01\\\/10\\\/vida-e-obra-de-laureano-barros-reconstruidas-em-documentario-que-passa-hoje-na-tv\\\/\"},\"wordCount\":613,\"image\":{\"@id\":\"https:\\\/\\\/www.altominho.tv\\\/site\\\/2018\\\/01\\\/10\\\/vida-e-obra-de-laureano-barros-reconstruidas-em-documentario-que-passa-hoje-na-tv\\\/#primaryimage\"},\"thumbnailUrl\":\"https:\\\/\\\/www.altominho.tv\\\/site\\\/wp-content\\\/uploads\\\/2018\\\/01\\\/laureano.jpg\",\"keywords\":[\"Cultura\",\"Lazer\"],\"articleSection\":[\"Ponte da Barca\"],\"inLanguage\":\"pt-PT\",\"copyrightYear\":\"2018\",\"copyrightHolder\":{\"@id\":\"https:\\\/\\\/www.altominho.tv\\\/site\\\/#organization\"}},{\"@type\":\"WebPage\",\"@id\":\"https:\\\/\\\/www.altominho.tv\\\/site\\\/2018\\\/01\\\/10\\\/vida-e-obra-de-laureano-barros-reconstruidas-em-documentario-que-passa-hoje-na-tv\\\/\",\"url\":\"https:\\\/\\\/www.altominho.tv\\\/site\\\/2018\\\/01\\\/10\\\/vida-e-obra-de-laureano-barros-reconstruidas-em-documentario-que-passa-hoje-na-tv\\\/\",\"name\":\"Vida e obra de Laureano Barros reconstru\u00eddas em document\u00e1rio que passa hoje na TV\",\"isPartOf\":{\"@id\":\"https:\\\/\\\/www.altominho.tv\\\/site\\\/#website\"},\"primaryImageOfPage\":{\"@id\":\"https:\\\/\\\/www.altominho.tv\\\/site\\\/2018\\\/01\\\/10\\\/vida-e-obra-de-laureano-barros-reconstruidas-em-documentario-que-passa-hoje-na-tv\\\/#primaryimage\"},\"image\":{\"@id\":\"https:\\\/\\\/www.altominho.tv\\\/site\\\/2018\\\/01\\\/10\\\/vida-e-obra-de-laureano-barros-reconstruidas-em-documentario-que-passa-hoje-na-tv\\\/#primaryimage\"},\"thumbnailUrl\":\"https:\\\/\\\/www.altominho.tv\\\/site\\\/wp-content\\\/uploads\\\/2018\\\/01\\\/laureano.jpg\",\"datePublished\":\"2018-01-10T16:17:38+00:00\",\"author\":{\"@id\":\"https:\\\/\\\/www.altominho.tv\\\/site\\\/#\\\/schema\\\/person\\\/a0e4ef6d041f98ca284393d8f1d97153\"},\"breadcrumb\":{\"@id\":\"https:\\\/\\\/www.altominho.tv\\\/site\\\/2018\\\/01\\\/10\\\/vida-e-obra-de-laureano-barros-reconstruidas-em-documentario-que-passa-hoje-na-tv\\\/#breadcrumb\"},\"inLanguage\":\"pt-PT\",\"potentialAction\":[{\"@type\":\"ReadAction\",\"target\":[\"https:\\\/\\\/www.altominho.tv\\\/site\\\/2018\\\/01\\\/10\\\/vida-e-obra-de-laureano-barros-reconstruidas-em-documentario-que-passa-hoje-na-tv\\\/\"]}]},{\"@type\":\"ImageObject\",\"inLanguage\":\"pt-PT\",\"@id\":\"https:\\\/\\\/www.altominho.tv\\\/site\\\/2018\\\/01\\\/10\\\/vida-e-obra-de-laureano-barros-reconstruidas-em-documentario-que-passa-hoje-na-tv\\\/#primaryimage\",\"url\":\"https:\\\/\\\/www.altominho.tv\\\/site\\\/wp-content\\\/uploads\\\/2018\\\/01\\\/laureano.jpg\",\"contentUrl\":\"https:\\\/\\\/www.altominho.tv\\\/site\\\/wp-content\\\/uploads\\\/2018\\\/01\\\/laureano.jpg\",\"width\":600,\"height\":261},{\"@type\":\"BreadcrumbList\",\"@id\":\"https:\\\/\\\/www.altominho.tv\\\/site\\\/2018\\\/01\\\/10\\\/vida-e-obra-de-laureano-barros-reconstruidas-em-documentario-que-passa-hoje-na-tv\\\/#breadcrumb\",\"itemListElement\":[{\"@type\":\"ListItem\",\"position\":1,\"name\":\"In\u00edcio\",\"item\":\"https:\\\/\\\/www.altominho.tv\\\/site\\\/\"},{\"@type\":\"ListItem\",\"position\":2,\"name\":\"Vida e obra de Laureano Barros reconstru\u00eddas em document\u00e1rio que passa hoje na TV\"}]},{\"@type\":\"WebSite\",\"@id\":\"https:\\\/\\\/www.altominho.tv\\\/site\\\/#website\",\"url\":\"https:\\\/\\\/www.altominho.tv\\\/site\\\/\",\"name\":\"Altominho.tv\",\"description\":\"A sua regi\u00e3o \u00e0 dist\u00e2ncia de um clique...\",\"potentialAction\":[{\"@type\":\"SearchAction\",\"target\":{\"@type\":\"EntryPoint\",\"urlTemplate\":\"https:\\\/\\\/www.altominho.tv\\\/site\\\/?s={search_term_string}\"},\"query-input\":{\"@type\":\"PropertyValueSpecification\",\"valueRequired\":true,\"valueName\":\"search_term_string\"}}],\"inLanguage\":\"pt-PT\"},{\"@type\":\"Person\",\"@id\":\"https:\\\/\\\/www.altominho.tv\\\/site\\\/#\\\/schema\\\/person\\\/a0e4ef6d041f98ca284393d8f1d97153\",\"name\":\"Andreia Cunha\",\"image\":{\"@type\":\"ImageObject\",\"inLanguage\":\"pt-PT\",\"@id\":\"https:\\\/\\\/www.altominho.tv\\\/site\\\/wp-content\\\/uploads\\\/2017\\\/11\\\/Andreia_Cunha-1-150x150.jpg\",\"url\":\"https:\\\/\\\/www.altominho.tv\\\/site\\\/wp-content\\\/uploads\\\/2017\\\/11\\\/Andreia_Cunha-1-150x150.jpg\",\"contentUrl\":\"https:\\\/\\\/www.altominho.tv\\\/site\\\/wp-content\\\/uploads\\\/2017\\\/11\\\/Andreia_Cunha-1-150x150.jpg\",\"caption\":\"Andreia Cunha\"},\"url\":\"https:\\\/\\\/www.altominho.tv\\\/site\\\/author\\\/andreiacunha\\\/\"}]}<\/script>\n<!-- \/ Yoast SEO Premium plugin. -->","yoast_head_json":{"title":"Vida e obra de Laureano Barros reconstru\u00eddas em document\u00e1rio que passa hoje na TV","robots":{"index":"index","follow":"follow","max-snippet":"max-snippet:-1","max-image-preview":"max-image-preview:large","max-video-preview":"max-video-preview:-1"},"canonical":"https:\/\/www.altominho.tv\/site\/2018\/01\/10\/vida-e-obra-de-laureano-barros-reconstruidas-em-documentario-que-passa-hoje-na-tv\/","og_locale":"pt_PT","og_type":"article","og_title":"Vida e obra de Laureano Barros reconstru\u00eddas em document\u00e1rio que passa hoje na TV","og_description":"Nos dez anos da morte de Laureano Barros (1921-2008), matem\u00e1tico e bibli\u00f3filo que reuniu uma das melhores bibliotecas privadas portuguesas, a televis\u00e3o transmite um document\u00e1rio sobre a sua vida e obra. Com depoimentos de Armando Alves, Eduardo Louren\u00e7o, Fernando Echevarr\u00eda, Fernando Guimar\u00e3es, entre outras personalidades conhecedoras da vida e do trabalho deste matem\u00e1tico que colecionava [&hellip;]","og_url":"https:\/\/www.altominho.tv\/site\/2018\/01\/10\/vida-e-obra-de-laureano-barros-reconstruidas-em-documentario-que-passa-hoje-na-tv\/","og_site_name":"Altominho.tv","article_publisher":"https:\/\/www.facebook.com\/altominhotv","article_published_time":"2018-01-10T16:17:38+00:00","og_image":[{"width":600,"height":261,"url":"https:\/\/www.altominho.tv\/site\/wp-content\/uploads\/2018\/01\/laureano.jpg","type":"image\/jpeg"}],"author":"Andreia Cunha","twitter_card":"summary_large_image","twitter_creator":"@altominhoTV","twitter_site":"@altominhoTV","twitter_misc":{"Escrito por":"Andreia Cunha","Tempo estimado de leitura":"3 minutos"},"schema":{"@context":"https:\/\/schema.org","@graph":[{"@type":"Article","@id":"https:\/\/www.altominho.tv\/site\/2018\/01\/10\/vida-e-obra-de-laureano-barros-reconstruidas-em-documentario-que-passa-hoje-na-tv\/#article","isPartOf":{"@id":"https:\/\/www.altominho.tv\/site\/2018\/01\/10\/vida-e-obra-de-laureano-barros-reconstruidas-em-documentario-que-passa-hoje-na-tv\/"},"author":{"name":"Andreia Cunha","@id":"https:\/\/www.altominho.tv\/site\/#\/schema\/person\/a0e4ef6d041f98ca284393d8f1d97153"},"headline":"Vida e obra de Laureano Barros reconstru\u00eddas em document\u00e1rio que passa hoje na TV","datePublished":"2018-01-10T16:17:38+00:00","mainEntityOfPage":{"@id":"https:\/\/www.altominho.tv\/site\/2018\/01\/10\/vida-e-obra-de-laureano-barros-reconstruidas-em-documentario-que-passa-hoje-na-tv\/"},"wordCount":613,"image":{"@id":"https:\/\/www.altominho.tv\/site\/2018\/01\/10\/vida-e-obra-de-laureano-barros-reconstruidas-em-documentario-que-passa-hoje-na-tv\/#primaryimage"},"thumbnailUrl":"https:\/\/www.altominho.tv\/site\/wp-content\/uploads\/2018\/01\/laureano.jpg","keywords":["Cultura","Lazer"],"articleSection":["Ponte da Barca"],"inLanguage":"pt-PT","copyrightYear":"2018","copyrightHolder":{"@id":"https:\/\/www.altominho.tv\/site\/#organization"}},{"@type":"WebPage","@id":"https:\/\/www.altominho.tv\/site\/2018\/01\/10\/vida-e-obra-de-laureano-barros-reconstruidas-em-documentario-que-passa-hoje-na-tv\/","url":"https:\/\/www.altominho.tv\/site\/2018\/01\/10\/vida-e-obra-de-laureano-barros-reconstruidas-em-documentario-que-passa-hoje-na-tv\/","name":"Vida e obra de Laureano Barros reconstru\u00eddas em document\u00e1rio que passa hoje na TV","isPartOf":{"@id":"https:\/\/www.altominho.tv\/site\/#website"},"primaryImageOfPage":{"@id":"https:\/\/www.altominho.tv\/site\/2018\/01\/10\/vida-e-obra-de-laureano-barros-reconstruidas-em-documentario-que-passa-hoje-na-tv\/#primaryimage"},"image":{"@id":"https:\/\/www.altominho.tv\/site\/2018\/01\/10\/vida-e-obra-de-laureano-barros-reconstruidas-em-documentario-que-passa-hoje-na-tv\/#primaryimage"},"thumbnailUrl":"https:\/\/www.altominho.tv\/site\/wp-content\/uploads\/2018\/01\/laureano.jpg","datePublished":"2018-01-10T16:17:38+00:00","author":{"@id":"https:\/\/www.altominho.tv\/site\/#\/schema\/person\/a0e4ef6d041f98ca284393d8f1d97153"},"breadcrumb":{"@id":"https:\/\/www.altominho.tv\/site\/2018\/01\/10\/vida-e-obra-de-laureano-barros-reconstruidas-em-documentario-que-passa-hoje-na-tv\/#breadcrumb"},"inLanguage":"pt-PT","potentialAction":[{"@type":"ReadAction","target":["https:\/\/www.altominho.tv\/site\/2018\/01\/10\/vida-e-obra-de-laureano-barros-reconstruidas-em-documentario-que-passa-hoje-na-tv\/"]}]},{"@type":"ImageObject","inLanguage":"pt-PT","@id":"https:\/\/www.altominho.tv\/site\/2018\/01\/10\/vida-e-obra-de-laureano-barros-reconstruidas-em-documentario-que-passa-hoje-na-tv\/#primaryimage","url":"https:\/\/www.altominho.tv\/site\/wp-content\/uploads\/2018\/01\/laureano.jpg","contentUrl":"https:\/\/www.altominho.tv\/site\/wp-content\/uploads\/2018\/01\/laureano.jpg","width":600,"height":261},{"@type":"BreadcrumbList","@id":"https:\/\/www.altominho.tv\/site\/2018\/01\/10\/vida-e-obra-de-laureano-barros-reconstruidas-em-documentario-que-passa-hoje-na-tv\/#breadcrumb","itemListElement":[{"@type":"ListItem","position":1,"name":"In\u00edcio","item":"https:\/\/www.altominho.tv\/site\/"},{"@type":"ListItem","position":2,"name":"Vida e obra de Laureano Barros reconstru\u00eddas em document\u00e1rio que passa hoje na TV"}]},{"@type":"WebSite","@id":"https:\/\/www.altominho.tv\/site\/#website","url":"https:\/\/www.altominho.tv\/site\/","name":"Altominho.tv","description":"A sua regi\u00e3o \u00e0 dist\u00e2ncia de um clique...","potentialAction":[{"@type":"SearchAction","target":{"@type":"EntryPoint","urlTemplate":"https:\/\/www.altominho.tv\/site\/?s={search_term_string}"},"query-input":{"@type":"PropertyValueSpecification","valueRequired":true,"valueName":"search_term_string"}}],"inLanguage":"pt-PT"},{"@type":"Person","@id":"https:\/\/www.altominho.tv\/site\/#\/schema\/person\/a0e4ef6d041f98ca284393d8f1d97153","name":"Andreia Cunha","image":{"@type":"ImageObject","inLanguage":"pt-PT","@id":"https:\/\/www.altominho.tv\/site\/wp-content\/uploads\/2017\/11\/Andreia_Cunha-1-150x150.jpg","url":"https:\/\/www.altominho.tv\/site\/wp-content\/uploads\/2017\/11\/Andreia_Cunha-1-150x150.jpg","contentUrl":"https:\/\/www.altominho.tv\/site\/wp-content\/uploads\/2017\/11\/Andreia_Cunha-1-150x150.jpg","caption":"Andreia Cunha"},"url":"https:\/\/www.altominho.tv\/site\/author\/andreiacunha\/"}]}},"_links":{"self":[{"href":"https:\/\/www.altominho.tv\/site\/wp-json\/wp\/v2\/posts\/8153","targetHints":{"allow":["GET"]}}],"collection":[{"href":"https:\/\/www.altominho.tv\/site\/wp-json\/wp\/v2\/posts"}],"about":[{"href":"https:\/\/www.altominho.tv\/site\/wp-json\/wp\/v2\/types\/post"}],"author":[{"embeddable":true,"href":"https:\/\/www.altominho.tv\/site\/wp-json\/wp\/v2\/users\/7"}],"replies":[{"embeddable":true,"href":"https:\/\/www.altominho.tv\/site\/wp-json\/wp\/v2\/comments?post=8153"}],"version-history":[{"count":0,"href":"https:\/\/www.altominho.tv\/site\/wp-json\/wp\/v2\/posts\/8153\/revisions"}],"wp:featuredmedia":[{"embeddable":true,"href":"https:\/\/www.altominho.tv\/site\/wp-json\/wp\/v2\/media\/8154"}],"wp:attachment":[{"href":"https:\/\/www.altominho.tv\/site\/wp-json\/wp\/v2\/media?parent=8153"}],"wp:term":[{"taxonomy":"category","embeddable":true,"href":"https:\/\/www.altominho.tv\/site\/wp-json\/wp\/v2\/categories?post=8153"},{"taxonomy":"post_tag","embeddable":true,"href":"https:\/\/www.altominho.tv\/site\/wp-json\/wp\/v2\/tags?post=8153"}],"curies":[{"name":"wp","href":"https:\/\/api.w.org\/{rel}","templated":true}]}}