{"id":8150,"date":"2018-01-10T14:47:14","date_gmt":"2018-01-10T14:47:14","guid":{"rendered":"http:\/\/www.altominho.tv\/site\/?p=8150"},"modified":"2018-01-10T14:49:37","modified_gmt":"2018-01-10T14:49:37","slug":"carro-do-presidente-da-junta-de-vila-praia-de-ancora-totalmente-destruido-por-incendio","status":"publish","type":"post","link":"https:\/\/www.altominho.tv\/site\/2018\/01\/10\/carro-do-presidente-da-junta-de-vila-praia-de-ancora-totalmente-destruido-por-incendio\/","title":{"rendered":"Carro do presidente da Junta de Vila Praia de \u00c2ncora totalmente destru\u00eddo por inc\u00eandio"},"content":{"rendered":"<p>O carro do presidente da Junta de Freguesia de Vila Praia de \u00c2ncora, Caminha, foi totalmente destru\u00eddo por um inc\u00eandio durante a madrugada desta quarta-feira.<\/p>\n<p>De acordo com o Mais Caminha h\u00e1 suspeita de fogo posto, uma vez que o inc\u00eandio come\u00e7ou na traseira do ve\u00edculo.<\/p>\n<p>As for\u00e7as policias est\u00e3o j\u00e1 a investigar o sucedido.<\/p>\n[NOT\u00cdCIA EM ATUALIZA\u00c7\u00c3O]\n<p>&nbsp;<\/p>\n","protected":false},"excerpt":{"rendered":"<p>O carro do presidente da Junta de Freguesia de Vila Praia de \u00c2ncora, Caminha, foi totalmente destru\u00eddo por um inc\u00eandio durante a madrugada desta quarta-feira. De acordo com o Mais Caminha h\u00e1 suspeita de fogo posto, uma vez que o inc\u00eandio come\u00e7ou na traseira do ve\u00edculo. As for\u00e7as policias est\u00e3o j\u00e1 a investigar o sucedido. [&hellip;]<\/p>\n","protected":false},"author":6,"featured_media":8151,"comment_status":"closed","ping_status":"closed","sticky":false,"template":"","format":"standard","meta":{"_exactmetrics_skip_tracking":false,"_exactmetrics_sitenote_active":false,"_exactmetrics_sitenote_note":"","_exactmetrics_sitenote_category":0,"footnotes":""},"categories":[7],"tags":[27],"class_list":["post-8150","post","type-post","status-publish","format-standard","has-post-thumbnail","hentry","category-caminha","tag-sociedade"],"yoast_head":"<!-- This site is optimized with the Yoast SEO Premium plugin v27.5 (Yoast SEO v27.5) - https:\/\/yoast.com\/product\/yoast-seo-premium-wordpress\/ -->\n<title>Carro do presidente da Junta de Vila Praia de \u00c2ncora totalmente destru\u00eddo por inc\u00eandio<\/title>\n<meta name=\"robots\" content=\"index, follow, max-snippet:-1, max-image-preview:large, max-video-preview:-1\" \/>\n<link rel=\"canonical\" href=\"https:\/\/www.altominho.tv\/site\/2018\/01\/10\/carro-do-presidente-da-junta-de-vila-praia-de-ancora-totalmente-destruido-por-incendio\/\" \/>\n<meta property=\"og:locale\" content=\"pt_PT\" \/>\n<meta property=\"og:type\" content=\"article\" \/>\n<meta property=\"og:title\" content=\"Carro do presidente da Junta de Vila Praia de \u00c2ncora totalmente destru\u00eddo por inc\u00eandio\" \/>\n<meta property=\"og:description\" content=\"O carro do presidente da Junta de Freguesia de Vila Praia de \u00c2ncora, Caminha, foi totalmente destru\u00eddo por um inc\u00eandio durante a madrugada desta quarta-feira. De acordo com o Mais Caminha h\u00e1 suspeita de fogo posto, uma vez que o inc\u00eandio come\u00e7ou na traseira do ve\u00edculo. As for\u00e7as policias est\u00e3o j\u00e1 a investigar o sucedido. [&hellip;]\" \/>\n<meta property=\"og:url\" content=\"https:\/\/www.altominho.tv\/site\/2018\/01\/10\/carro-do-presidente-da-junta-de-vila-praia-de-ancora-totalmente-destruido-por-incendio\/\" \/>\n<meta property=\"og:site_name\" content=\"Altominho.tv\" \/>\n<meta property=\"article:publisher\" content=\"https:\/\/www.facebook.com\/altominhotv\" \/>\n<meta property=\"article:published_time\" content=\"2018-01-10T14:47:14+00:00\" \/>\n<meta property=\"article:modified_time\" content=\"2018-01-10T14:49:37+00:00\" \/>\n<meta property=\"og:image\" content=\"https:\/\/www.altominho.tv\/site\/wp-content\/uploads\/2018\/01\/carrrro.jpg\" \/>\n\t<meta property=\"og:image:width\" content=\"900\" \/>\n\t<meta property=\"og:image:height\" content=\"551\" \/>\n\t<meta property=\"og:image:type\" content=\"image\/jpeg\" \/>\n<meta name=\"author\" content=\"C\u00e1tia Malheiro\" \/>\n<meta name=\"twitter:card\" content=\"summary_large_image\" \/>\n<meta name=\"twitter:creator\" content=\"@altominhoTV\" \/>\n<meta name=\"twitter:site\" content=\"@altominhoTV\" \/>\n<meta name=\"twitter:label1\" content=\"Escrito por\" \/>\n\t<meta name=\"twitter:data1\" content=\"C\u00e1tia Malheiro\" \/>\n<script type=\"application\/ld+json\" class=\"yoast-schema-graph\">{\"@context\":\"https:\\\/\\\/schema.org\",\"@graph\":[{\"@type\":\"Article\",\"@id\":\"https:\\\/\\\/www.altominho.tv\\\/site\\\/2018\\\/01\\\/10\\\/carro-do-presidente-da-junta-de-vila-praia-de-ancora-totalmente-destruido-por-incendio\\\/#article\",\"isPartOf\":{\"@id\":\"https:\\\/\\\/www.altominho.tv\\\/site\\\/2018\\\/01\\\/10\\\/carro-do-presidente-da-junta-de-vila-praia-de-ancora-totalmente-destruido-por-incendio\\\/\"},\"author\":{\"name\":\"C\u00e1tia Malheiro\",\"@id\":\"https:\\\/\\\/www.altominho.tv\\\/site\\\/#\\\/schema\\\/person\\\/5c9404a8b438614c93da6ca09db92574\"},\"headline\":\"Carro do presidente da Junta de Vila Praia de \u00c2ncora totalmente destru\u00eddo por inc\u00eandio\",\"datePublished\":\"2018-01-10T14:47:14+00:00\",\"dateModified\":\"2018-01-10T14:49:37+00:00\",\"mainEntityOfPage\":{\"@id\":\"https:\\\/\\\/www.altominho.tv\\\/site\\\/2018\\\/01\\\/10\\\/carro-do-presidente-da-junta-de-vila-praia-de-ancora-totalmente-destruido-por-incendio\\\/\"},\"wordCount\":84,\"image\":{\"@id\":\"https:\\\/\\\/www.altominho.tv\\\/site\\\/2018\\\/01\\\/10\\\/carro-do-presidente-da-junta-de-vila-praia-de-ancora-totalmente-destruido-por-incendio\\\/#primaryimage\"},\"thumbnailUrl\":\"https:\\\/\\\/www.altominho.tv\\\/site\\\/wp-content\\\/uploads\\\/2018\\\/01\\\/carrrro.jpg\",\"keywords\":[\"Sociedade\"],\"articleSection\":[\"Caminha\"],\"inLanguage\":\"pt-PT\",\"copyrightYear\":\"2018\",\"copyrightHolder\":{\"@id\":\"https:\\\/\\\/www.altominho.tv\\\/site\\\/#organization\"}},{\"@type\":\"WebPage\",\"@id\":\"https:\\\/\\\/www.altominho.tv\\\/site\\\/2018\\\/01\\\/10\\\/carro-do-presidente-da-junta-de-vila-praia-de-ancora-totalmente-destruido-por-incendio\\\/\",\"url\":\"https:\\\/\\\/www.altominho.tv\\\/site\\\/2018\\\/01\\\/10\\\/carro-do-presidente-da-junta-de-vila-praia-de-ancora-totalmente-destruido-por-incendio\\\/\",\"name\":\"Carro do presidente da Junta de Vila Praia de \u00c2ncora totalmente destru\u00eddo por inc\u00eandio\",\"isPartOf\":{\"@id\":\"https:\\\/\\\/www.altominho.tv\\\/site\\\/#website\"},\"primaryImageOfPage\":{\"@id\":\"https:\\\/\\\/www.altominho.tv\\\/site\\\/2018\\\/01\\\/10\\\/carro-do-presidente-da-junta-de-vila-praia-de-ancora-totalmente-destruido-por-incendio\\\/#primaryimage\"},\"image\":{\"@id\":\"https:\\\/\\\/www.altominho.tv\\\/site\\\/2018\\\/01\\\/10\\\/carro-do-presidente-da-junta-de-vila-praia-de-ancora-totalmente-destruido-por-incendio\\\/#primaryimage\"},\"thumbnailUrl\":\"https:\\\/\\\/www.altominho.tv\\\/site\\\/wp-content\\\/uploads\\\/2018\\\/01\\\/carrrro.jpg\",\"datePublished\":\"2018-01-10T14:47:14+00:00\",\"dateModified\":\"2018-01-10T14:49:37+00:00\",\"author\":{\"@id\":\"https:\\\/\\\/www.altominho.tv\\\/site\\\/#\\\/schema\\\/person\\\/5c9404a8b438614c93da6ca09db92574\"},\"breadcrumb\":{\"@id\":\"https:\\\/\\\/www.altominho.tv\\\/site\\\/2018\\\/01\\\/10\\\/carro-do-presidente-da-junta-de-vila-praia-de-ancora-totalmente-destruido-por-incendio\\\/#breadcrumb\"},\"inLanguage\":\"pt-PT\",\"potentialAction\":[{\"@type\":\"ReadAction\",\"target\":[\"https:\\\/\\\/www.altominho.tv\\\/site\\\/2018\\\/01\\\/10\\\/carro-do-presidente-da-junta-de-vila-praia-de-ancora-totalmente-destruido-por-incendio\\\/\"]}]},{\"@type\":\"ImageObject\",\"inLanguage\":\"pt-PT\",\"@id\":\"https:\\\/\\\/www.altominho.tv\\\/site\\\/2018\\\/01\\\/10\\\/carro-do-presidente-da-junta-de-vila-praia-de-ancora-totalmente-destruido-por-incendio\\\/#primaryimage\",\"url\":\"https:\\\/\\\/www.altominho.tv\\\/site\\\/wp-content\\\/uploads\\\/2018\\\/01\\\/carrrro.jpg\",\"contentUrl\":\"https:\\\/\\\/www.altominho.tv\\\/site\\\/wp-content\\\/uploads\\\/2018\\\/01\\\/carrrro.jpg\",\"width\":900,\"height\":551},{\"@type\":\"BreadcrumbList\",\"@id\":\"https:\\\/\\\/www.altominho.tv\\\/site\\\/2018\\\/01\\\/10\\\/carro-do-presidente-da-junta-de-vila-praia-de-ancora-totalmente-destruido-por-incendio\\\/#breadcrumb\",\"itemListElement\":[{\"@type\":\"ListItem\",\"position\":1,\"name\":\"In\u00edcio\",\"item\":\"https:\\\/\\\/www.altominho.tv\\\/site\\\/\"},{\"@type\":\"ListItem\",\"position\":2,\"name\":\"Carro do presidente da Junta de Vila Praia de \u00c2ncora totalmente destru\u00eddo por inc\u00eandio\"}]},{\"@type\":\"WebSite\",\"@id\":\"https:\\\/\\\/www.altominho.tv\\\/site\\\/#website\",\"url\":\"https:\\\/\\\/www.altominho.tv\\\/site\\\/\",\"name\":\"Altominho.tv\",\"description\":\"A sua regi\u00e3o \u00e0 dist\u00e2ncia de um clique...\",\"potentialAction\":[{\"@type\":\"SearchAction\",\"target\":{\"@type\":\"EntryPoint\",\"urlTemplate\":\"https:\\\/\\\/www.altominho.tv\\\/site\\\/?s={search_term_string}\"},\"query-input\":{\"@type\":\"PropertyValueSpecification\",\"valueRequired\":true,\"valueName\":\"search_term_string\"}}],\"inLanguage\":\"pt-PT\"},{\"@type\":\"Person\",\"@id\":\"https:\\\/\\\/www.altominho.tv\\\/site\\\/#\\\/schema\\\/person\\\/5c9404a8b438614c93da6ca09db92574\",\"name\":\"C\u00e1tia Malheiro\",\"image\":{\"@type\":\"ImageObject\",\"inLanguage\":\"pt-PT\",\"@id\":\"https:\\\/\\\/www.altominho.tv\\\/site\\\/wp-content\\\/uploads\\\/2017\\\/11\\\/Catia_Malheiro-150x150.jpg\",\"url\":\"https:\\\/\\\/www.altominho.tv\\\/site\\\/wp-content\\\/uploads\\\/2017\\\/11\\\/Catia_Malheiro-150x150.jpg\",\"contentUrl\":\"https:\\\/\\\/www.altominho.tv\\\/site\\\/wp-content\\\/uploads\\\/2017\\\/11\\\/Catia_Malheiro-150x150.jpg\",\"caption\":\"C\u00e1tia Malheiro\"},\"url\":\"https:\\\/\\\/www.altominho.tv\\\/site\\\/author\\\/catiamalheiro\\\/\"}]}<\/script>\n<!-- \/ Yoast SEO Premium plugin. -->","yoast_head_json":{"title":"Carro do presidente da Junta de Vila Praia de \u00c2ncora totalmente destru\u00eddo por inc\u00eandio","robots":{"index":"index","follow":"follow","max-snippet":"max-snippet:-1","max-image-preview":"max-image-preview:large","max-video-preview":"max-video-preview:-1"},"canonical":"https:\/\/www.altominho.tv\/site\/2018\/01\/10\/carro-do-presidente-da-junta-de-vila-praia-de-ancora-totalmente-destruido-por-incendio\/","og_locale":"pt_PT","og_type":"article","og_title":"Carro do presidente da Junta de Vila Praia de \u00c2ncora totalmente destru\u00eddo por inc\u00eandio","og_description":"O carro do presidente da Junta de Freguesia de Vila Praia de \u00c2ncora, Caminha, foi totalmente destru\u00eddo por um inc\u00eandio durante a madrugada desta quarta-feira. De acordo com o Mais Caminha h\u00e1 suspeita de fogo posto, uma vez que o inc\u00eandio come\u00e7ou na traseira do ve\u00edculo. As for\u00e7as policias est\u00e3o j\u00e1 a investigar o sucedido. [&hellip;]","og_url":"https:\/\/www.altominho.tv\/site\/2018\/01\/10\/carro-do-presidente-da-junta-de-vila-praia-de-ancora-totalmente-destruido-por-incendio\/","og_site_name":"Altominho.tv","article_publisher":"https:\/\/www.facebook.com\/altominhotv","article_published_time":"2018-01-10T14:47:14+00:00","article_modified_time":"2018-01-10T14:49:37+00:00","og_image":[{"width":900,"height":551,"url":"https:\/\/www.altominho.tv\/site\/wp-content\/uploads\/2018\/01\/carrrro.jpg","type":"image\/jpeg"}],"author":"C\u00e1tia Malheiro","twitter_card":"summary_large_image","twitter_creator":"@altominhoTV","twitter_site":"@altominhoTV","twitter_misc":{"Escrito por":"C\u00e1tia Malheiro"},"schema":{"@context":"https:\/\/schema.org","@graph":[{"@type":"Article","@id":"https:\/\/www.altominho.tv\/site\/2018\/01\/10\/carro-do-presidente-da-junta-de-vila-praia-de-ancora-totalmente-destruido-por-incendio\/#article","isPartOf":{"@id":"https:\/\/www.altominho.tv\/site\/2018\/01\/10\/carro-do-presidente-da-junta-de-vila-praia-de-ancora-totalmente-destruido-por-incendio\/"},"author":{"name":"C\u00e1tia Malheiro","@id":"https:\/\/www.altominho.tv\/site\/#\/schema\/person\/5c9404a8b438614c93da6ca09db92574"},"headline":"Carro do presidente da Junta de Vila Praia de \u00c2ncora totalmente destru\u00eddo por inc\u00eandio","datePublished":"2018-01-10T14:47:14+00:00","dateModified":"2018-01-10T14:49:37+00:00","mainEntityOfPage":{"@id":"https:\/\/www.altominho.tv\/site\/2018\/01\/10\/carro-do-presidente-da-junta-de-vila-praia-de-ancora-totalmente-destruido-por-incendio\/"},"wordCount":84,"image":{"@id":"https:\/\/www.altominho.tv\/site\/2018\/01\/10\/carro-do-presidente-da-junta-de-vila-praia-de-ancora-totalmente-destruido-por-incendio\/#primaryimage"},"thumbnailUrl":"https:\/\/www.altominho.tv\/site\/wp-content\/uploads\/2018\/01\/carrrro.jpg","keywords":["Sociedade"],"articleSection":["Caminha"],"inLanguage":"pt-PT","copyrightYear":"2018","copyrightHolder":{"@id":"https:\/\/www.altominho.tv\/site\/#organization"}},{"@type":"WebPage","@id":"https:\/\/www.altominho.tv\/site\/2018\/01\/10\/carro-do-presidente-da-junta-de-vila-praia-de-ancora-totalmente-destruido-por-incendio\/","url":"https:\/\/www.altominho.tv\/site\/2018\/01\/10\/carro-do-presidente-da-junta-de-vila-praia-de-ancora-totalmente-destruido-por-incendio\/","name":"Carro do presidente da Junta de Vila Praia de \u00c2ncora totalmente destru\u00eddo por inc\u00eandio","isPartOf":{"@id":"https:\/\/www.altominho.tv\/site\/#website"},"primaryImageOfPage":{"@id":"https:\/\/www.altominho.tv\/site\/2018\/01\/10\/carro-do-presidente-da-junta-de-vila-praia-de-ancora-totalmente-destruido-por-incendio\/#primaryimage"},"image":{"@id":"https:\/\/www.altominho.tv\/site\/2018\/01\/10\/carro-do-presidente-da-junta-de-vila-praia-de-ancora-totalmente-destruido-por-incendio\/#primaryimage"},"thumbnailUrl":"https:\/\/www.altominho.tv\/site\/wp-content\/uploads\/2018\/01\/carrrro.jpg","datePublished":"2018-01-10T14:47:14+00:00","dateModified":"2018-01-10T14:49:37+00:00","author":{"@id":"https:\/\/www.altominho.tv\/site\/#\/schema\/person\/5c9404a8b438614c93da6ca09db92574"},"breadcrumb":{"@id":"https:\/\/www.altominho.tv\/site\/2018\/01\/10\/carro-do-presidente-da-junta-de-vila-praia-de-ancora-totalmente-destruido-por-incendio\/#breadcrumb"},"inLanguage":"pt-PT","potentialAction":[{"@type":"ReadAction","target":["https:\/\/www.altominho.tv\/site\/2018\/01\/10\/carro-do-presidente-da-junta-de-vila-praia-de-ancora-totalmente-destruido-por-incendio\/"]}]},{"@type":"ImageObject","inLanguage":"pt-PT","@id":"https:\/\/www.altominho.tv\/site\/2018\/01\/10\/carro-do-presidente-da-junta-de-vila-praia-de-ancora-totalmente-destruido-por-incendio\/#primaryimage","url":"https:\/\/www.altominho.tv\/site\/wp-content\/uploads\/2018\/01\/carrrro.jpg","contentUrl":"https:\/\/www.altominho.tv\/site\/wp-content\/uploads\/2018\/01\/carrrro.jpg","width":900,"height":551},{"@type":"BreadcrumbList","@id":"https:\/\/www.altominho.tv\/site\/2018\/01\/10\/carro-do-presidente-da-junta-de-vila-praia-de-ancora-totalmente-destruido-por-incendio\/#breadcrumb","itemListElement":[{"@type":"ListItem","position":1,"name":"In\u00edcio","item":"https:\/\/www.altominho.tv\/site\/"},{"@type":"ListItem","position":2,"name":"Carro do presidente da Junta de Vila Praia de \u00c2ncora totalmente destru\u00eddo por inc\u00eandio"}]},{"@type":"WebSite","@id":"https:\/\/www.altominho.tv\/site\/#website","url":"https:\/\/www.altominho.tv\/site\/","name":"Altominho.tv","description":"A sua regi\u00e3o \u00e0 dist\u00e2ncia de um clique...","potentialAction":[{"@type":"SearchAction","target":{"@type":"EntryPoint","urlTemplate":"https:\/\/www.altominho.tv\/site\/?s={search_term_string}"},"query-input":{"@type":"PropertyValueSpecification","valueRequired":true,"valueName":"search_term_string"}}],"inLanguage":"pt-PT"},{"@type":"Person","@id":"https:\/\/www.altominho.tv\/site\/#\/schema\/person\/5c9404a8b438614c93da6ca09db92574","name":"C\u00e1tia Malheiro","image":{"@type":"ImageObject","inLanguage":"pt-PT","@id":"https:\/\/www.altominho.tv\/site\/wp-content\/uploads\/2017\/11\/Catia_Malheiro-150x150.jpg","url":"https:\/\/www.altominho.tv\/site\/wp-content\/uploads\/2017\/11\/Catia_Malheiro-150x150.jpg","contentUrl":"https:\/\/www.altominho.tv\/site\/wp-content\/uploads\/2017\/11\/Catia_Malheiro-150x150.jpg","caption":"C\u00e1tia Malheiro"},"url":"https:\/\/www.altominho.tv\/site\/author\/catiamalheiro\/"}]}},"_links":{"self":[{"href":"https:\/\/www.altominho.tv\/site\/wp-json\/wp\/v2\/posts\/8150","targetHints":{"allow":["GET"]}}],"collection":[{"href":"https:\/\/www.altominho.tv\/site\/wp-json\/wp\/v2\/posts"}],"about":[{"href":"https:\/\/www.altominho.tv\/site\/wp-json\/wp\/v2\/types\/post"}],"author":[{"embeddable":true,"href":"https:\/\/www.altominho.tv\/site\/wp-json\/wp\/v2\/users\/6"}],"replies":[{"embeddable":true,"href":"https:\/\/www.altominho.tv\/site\/wp-json\/wp\/v2\/comments?post=8150"}],"version-history":[{"count":0,"href":"https:\/\/www.altominho.tv\/site\/wp-json\/wp\/v2\/posts\/8150\/revisions"}],"wp:featuredmedia":[{"embeddable":true,"href":"https:\/\/www.altominho.tv\/site\/wp-json\/wp\/v2\/media\/8151"}],"wp:attachment":[{"href":"https:\/\/www.altominho.tv\/site\/wp-json\/wp\/v2\/media?parent=8150"}],"wp:term":[{"taxonomy":"category","embeddable":true,"href":"https:\/\/www.altominho.tv\/site\/wp-json\/wp\/v2\/categories?post=8150"},{"taxonomy":"post_tag","embeddable":true,"href":"https:\/\/www.altominho.tv\/site\/wp-json\/wp\/v2\/tags?post=8150"}],"curies":[{"name":"wp","href":"https:\/\/api.w.org\/{rel}","templated":true}]}}