{"id":81454,"date":"2022-07-14T12:43:46","date_gmt":"2022-07-14T11:43:46","guid":{"rendered":"https:\/\/www.altominho.tv\/site\/?p=81454"},"modified":"2022-07-14T12:43:50","modified_gmt":"2022-07-14T11:43:50","slug":"festival-contrasta-arranca-esta-sexta-feira-com-antonio-zambujo-e-irma","status":"publish","type":"post","link":"https:\/\/www.altominho.tv\/site\/2022\/07\/14\/festival-contrasta-arranca-esta-sexta-feira-com-antonio-zambujo-e-irma\/","title":{"rendered":"Festival Contrasta arranca esta sexta-feira com Ant\u00f3nio Zambujo e Irma"},"content":{"rendered":"<p>O Festival Contrasta inicia esta sexta-feira a primeira edi\u00e7\u00e3o. Ant\u00f3nio Zambujo e Irma s\u00e3o os primeiros artistas a atuar nas Cortinas de S\u00e3o Francisco, na Fortaleza de Valen\u00e7a.<\/p>\n<p>Durante tr\u00eas dias, o festival organizado pela produtora Ritmos, com o apoio do munic\u00edpio de Valen\u00e7a, vai apresentar seis concertos com \u201calguns dos nomes mais marcantes da atualidade musical\u201d.<\/p>\n<p>Em cada dia do evento haver\u00e1 dois concertos. No primeiro dia, 15 de julho, Irma sobe ao palco pelas 22h00, seguida de Ant\u00f3nio Zambujo, pelas 23h30. No s\u00e1bado, \u00e9 a vez de Tiago Nacarato, pelas 22h00, e Gisela Jo\u00e3o, pelas 23h45. J\u00e1 no domingo, o festival encerra com Tain\u00e1, \u00e0s 22h00, e Gal Costa, \u00e0s 23h30.<\/p>\n<p><span style=\"font-size: revert\">Os bilhetes \u2013 passes de tr\u00eas dias (com um custo de 20 euros) e bilhetes di\u00e1rios (10 euros) \u2013 ainda est\u00e3o \u00e0 venda.<\/span><\/p>\n","protected":false},"excerpt":{"rendered":"<p>O Festival Contrasta inicia esta sexta-feira a primeira edi\u00e7\u00e3o. Ant\u00f3nio Zambujo e Irma s\u00e3o os primeiros artistas a atuar nas Cortinas de S\u00e3o Francisco, na Fortaleza de Valen\u00e7a. Durante tr\u00eas dias, o festival organizado pela produtora Ritmos, com o apoio do munic\u00edpio de Valen\u00e7a, vai apresentar seis concertos com \u201calguns dos nomes mais marcantes da [&hellip;]<\/p>\n","protected":false},"author":12,"featured_media":81455,"comment_status":"closed","ping_status":"closed","sticky":false,"template":"","format":"standard","meta":{"_exactmetrics_skip_tracking":false,"_exactmetrics_sitenote_active":false,"_exactmetrics_sitenote_note":"","_exactmetrics_sitenote_category":0,"footnotes":""},"categories":[13],"tags":[19],"class_list":["post-81454","post","type-post","status-publish","format-standard","has-post-thumbnail","hentry","category-valenca","tag-cultura"],"yoast_head":"<!-- This site is optimized with the Yoast SEO Premium plugin v27.5 (Yoast SEO v27.5) - https:\/\/yoast.com\/product\/yoast-seo-premium-wordpress\/ -->\n<title>Festival Contrasta arranca esta sexta-feira com Ant\u00f3nio Zambujo e Irma<\/title>\n<meta name=\"description\" content=\"O Festival Contrasta inicia esta sexta-feira a primeira edi\u00e7\u00e3o, nas Cortinas de S\u00e3o Francisco, na Fortaleza de Valen\u00e7a.\" \/>\n<meta name=\"robots\" content=\"index, follow, max-snippet:-1, max-image-preview:large, max-video-preview:-1\" \/>\n<link rel=\"canonical\" href=\"https:\/\/www.altominho.tv\/site\/2022\/07\/14\/festival-contrasta-arranca-esta-sexta-feira-com-antonio-zambujo-e-irma\/\" \/>\n<meta property=\"og:locale\" content=\"pt_PT\" \/>\n<meta property=\"og:type\" content=\"article\" \/>\n<meta property=\"og:title\" content=\"Festival Contrasta arranca esta sexta-feira com Ant\u00f3nio Zambujo e Irma\" \/>\n<meta property=\"og:description\" content=\"O Festival Contrasta inicia esta sexta-feira a primeira edi\u00e7\u00e3o, nas Cortinas de S\u00e3o Francisco, na Fortaleza de Valen\u00e7a.\" \/>\n<meta property=\"og:url\" content=\"https:\/\/www.altominho.tv\/site\/2022\/07\/14\/festival-contrasta-arranca-esta-sexta-feira-com-antonio-zambujo-e-irma\/\" \/>\n<meta property=\"og:site_name\" content=\"Altominho.tv\" \/>\n<meta property=\"article:publisher\" content=\"https:\/\/www.facebook.com\/altominhotv\" \/>\n<meta property=\"article:published_time\" content=\"2022-07-14T11:43:46+00:00\" \/>\n<meta property=\"article:modified_time\" content=\"2022-07-14T11:43:50+00:00\" \/>\n<meta property=\"og:image\" content=\"https:\/\/www.altominho.tv\/site\/wp-content\/uploads\/2022\/07\/Festival-Contrasta-scaled-e1657798857341.jpeg\" \/>\n\t<meta property=\"og:image:width\" content=\"2406\" \/>\n\t<meta property=\"og:image:height\" content=\"966\" \/>\n\t<meta property=\"og:image:type\" content=\"image\/jpeg\" \/>\n<meta name=\"author\" content=\"Andreia Ferreira\" \/>\n<meta name=\"twitter:card\" content=\"summary_large_image\" \/>\n<meta name=\"twitter:creator\" content=\"@altominhoTV\" \/>\n<meta name=\"twitter:site\" content=\"@altominhoTV\" \/>\n<meta name=\"twitter:label1\" content=\"Escrito por\" \/>\n\t<meta name=\"twitter:data1\" content=\"Andreia Ferreira\" \/>\n\t<meta name=\"twitter:label2\" content=\"Tempo estimado de leitura\" \/>\n\t<meta name=\"twitter:data2\" content=\"1 minuto\" \/>\n<script type=\"application\/ld+json\" class=\"yoast-schema-graph\">{\"@context\":\"https:\\\/\\\/schema.org\",\"@graph\":[{\"@type\":\"Article\",\"@id\":\"https:\\\/\\\/www.altominho.tv\\\/site\\\/2022\\\/07\\\/14\\\/festival-contrasta-arranca-esta-sexta-feira-com-antonio-zambujo-e-irma\\\/#article\",\"isPartOf\":{\"@id\":\"https:\\\/\\\/www.altominho.tv\\\/site\\\/2022\\\/07\\\/14\\\/festival-contrasta-arranca-esta-sexta-feira-com-antonio-zambujo-e-irma\\\/\"},\"author\":{\"name\":\"Andreia Ferreira\",\"@id\":\"https:\\\/\\\/www.altominho.tv\\\/site\\\/#\\\/schema\\\/person\\\/d9be4265364723f14ea8e0d56a1d38cd\"},\"headline\":\"Festival Contrasta arranca esta sexta-feira com Ant\u00f3nio Zambujo e Irma\",\"datePublished\":\"2022-07-14T11:43:46+00:00\",\"dateModified\":\"2022-07-14T11:43:50+00:00\",\"mainEntityOfPage\":{\"@id\":\"https:\\\/\\\/www.altominho.tv\\\/site\\\/2022\\\/07\\\/14\\\/festival-contrasta-arranca-esta-sexta-feira-com-antonio-zambujo-e-irma\\\/\"},\"wordCount\":154,\"image\":{\"@id\":\"https:\\\/\\\/www.altominho.tv\\\/site\\\/2022\\\/07\\\/14\\\/festival-contrasta-arranca-esta-sexta-feira-com-antonio-zambujo-e-irma\\\/#primaryimage\"},\"thumbnailUrl\":\"https:\\\/\\\/www.altominho.tv\\\/site\\\/wp-content\\\/uploads\\\/2022\\\/07\\\/Festival-Contrasta-scaled-e1657798857341.jpeg\",\"keywords\":[\"Cultura\"],\"articleSection\":[\"Valen\u00e7a\"],\"inLanguage\":\"pt-PT\",\"copyrightYear\":\"2022\",\"copyrightHolder\":{\"@id\":\"https:\\\/\\\/www.altominho.tv\\\/site\\\/#organization\"}},{\"@type\":\"WebPage\",\"@id\":\"https:\\\/\\\/www.altominho.tv\\\/site\\\/2022\\\/07\\\/14\\\/festival-contrasta-arranca-esta-sexta-feira-com-antonio-zambujo-e-irma\\\/\",\"url\":\"https:\\\/\\\/www.altominho.tv\\\/site\\\/2022\\\/07\\\/14\\\/festival-contrasta-arranca-esta-sexta-feira-com-antonio-zambujo-e-irma\\\/\",\"name\":\"Festival Contrasta arranca esta sexta-feira com Ant\u00f3nio Zambujo e Irma\",\"isPartOf\":{\"@id\":\"https:\\\/\\\/www.altominho.tv\\\/site\\\/#website\"},\"primaryImageOfPage\":{\"@id\":\"https:\\\/\\\/www.altominho.tv\\\/site\\\/2022\\\/07\\\/14\\\/festival-contrasta-arranca-esta-sexta-feira-com-antonio-zambujo-e-irma\\\/#primaryimage\"},\"image\":{\"@id\":\"https:\\\/\\\/www.altominho.tv\\\/site\\\/2022\\\/07\\\/14\\\/festival-contrasta-arranca-esta-sexta-feira-com-antonio-zambujo-e-irma\\\/#primaryimage\"},\"thumbnailUrl\":\"https:\\\/\\\/www.altominho.tv\\\/site\\\/wp-content\\\/uploads\\\/2022\\\/07\\\/Festival-Contrasta-scaled-e1657798857341.jpeg\",\"datePublished\":\"2022-07-14T11:43:46+00:00\",\"dateModified\":\"2022-07-14T11:43:50+00:00\",\"author\":{\"@id\":\"https:\\\/\\\/www.altominho.tv\\\/site\\\/#\\\/schema\\\/person\\\/d9be4265364723f14ea8e0d56a1d38cd\"},\"description\":\"O Festival Contrasta inicia esta sexta-feira a primeira edi\u00e7\u00e3o, nas Cortinas de S\u00e3o Francisco, na Fortaleza de Valen\u00e7a.\",\"breadcrumb\":{\"@id\":\"https:\\\/\\\/www.altominho.tv\\\/site\\\/2022\\\/07\\\/14\\\/festival-contrasta-arranca-esta-sexta-feira-com-antonio-zambujo-e-irma\\\/#breadcrumb\"},\"inLanguage\":\"pt-PT\",\"potentialAction\":[{\"@type\":\"ReadAction\",\"target\":[\"https:\\\/\\\/www.altominho.tv\\\/site\\\/2022\\\/07\\\/14\\\/festival-contrasta-arranca-esta-sexta-feira-com-antonio-zambujo-e-irma\\\/\"]}]},{\"@type\":\"ImageObject\",\"inLanguage\":\"pt-PT\",\"@id\":\"https:\\\/\\\/www.altominho.tv\\\/site\\\/2022\\\/07\\\/14\\\/festival-contrasta-arranca-esta-sexta-feira-com-antonio-zambujo-e-irma\\\/#primaryimage\",\"url\":\"https:\\\/\\\/www.altominho.tv\\\/site\\\/wp-content\\\/uploads\\\/2022\\\/07\\\/Festival-Contrasta-scaled-e1657798857341.jpeg\",\"contentUrl\":\"https:\\\/\\\/www.altominho.tv\\\/site\\\/wp-content\\\/uploads\\\/2022\\\/07\\\/Festival-Contrasta-scaled-e1657798857341.jpeg\",\"width\":2406,\"height\":966},{\"@type\":\"BreadcrumbList\",\"@id\":\"https:\\\/\\\/www.altominho.tv\\\/site\\\/2022\\\/07\\\/14\\\/festival-contrasta-arranca-esta-sexta-feira-com-antonio-zambujo-e-irma\\\/#breadcrumb\",\"itemListElement\":[{\"@type\":\"ListItem\",\"position\":1,\"name\":\"In\u00edcio\",\"item\":\"https:\\\/\\\/www.altominho.tv\\\/site\\\/\"},{\"@type\":\"ListItem\",\"position\":2,\"name\":\"Festival Contrasta arranca esta sexta-feira com Ant\u00f3nio Zambujo e Irma\"}]},{\"@type\":\"WebSite\",\"@id\":\"https:\\\/\\\/www.altominho.tv\\\/site\\\/#website\",\"url\":\"https:\\\/\\\/www.altominho.tv\\\/site\\\/\",\"name\":\"Altominho.tv\",\"description\":\"A sua regi\u00e3o \u00e0 dist\u00e2ncia de um clique...\",\"potentialAction\":[{\"@type\":\"SearchAction\",\"target\":{\"@type\":\"EntryPoint\",\"urlTemplate\":\"https:\\\/\\\/www.altominho.tv\\\/site\\\/?s={search_term_string}\"},\"query-input\":{\"@type\":\"PropertyValueSpecification\",\"valueRequired\":true,\"valueName\":\"search_term_string\"}}],\"inLanguage\":\"pt-PT\"},{\"@type\":\"Person\",\"@id\":\"https:\\\/\\\/www.altominho.tv\\\/site\\\/#\\\/schema\\\/person\\\/d9be4265364723f14ea8e0d56a1d38cd\",\"name\":\"Andreia Ferreira\",\"image\":{\"@type\":\"ImageObject\",\"inLanguage\":\"pt-PT\",\"@id\":\"https:\\\/\\\/www.altominho.tv\\\/site\\\/wp-content\\\/uploads\\\/2021\\\/01\\\/AndreiaFerreira-150x150.jpg\",\"url\":\"https:\\\/\\\/www.altominho.tv\\\/site\\\/wp-content\\\/uploads\\\/2021\\\/01\\\/AndreiaFerreira-150x150.jpg\",\"contentUrl\":\"https:\\\/\\\/www.altominho.tv\\\/site\\\/wp-content\\\/uploads\\\/2021\\\/01\\\/AndreiaFerreira-150x150.jpg\",\"caption\":\"Andreia Ferreira\"},\"url\":\"https:\\\/\\\/www.altominho.tv\\\/site\\\/author\\\/andreiaferreira\\\/\"}]}<\/script>\n<!-- \/ Yoast SEO Premium plugin. -->","yoast_head_json":{"title":"Festival Contrasta arranca esta sexta-feira com Ant\u00f3nio Zambujo e Irma","description":"O Festival Contrasta inicia esta sexta-feira a primeira edi\u00e7\u00e3o, nas Cortinas de S\u00e3o Francisco, na Fortaleza de Valen\u00e7a.","robots":{"index":"index","follow":"follow","max-snippet":"max-snippet:-1","max-image-preview":"max-image-preview:large","max-video-preview":"max-video-preview:-1"},"canonical":"https:\/\/www.altominho.tv\/site\/2022\/07\/14\/festival-contrasta-arranca-esta-sexta-feira-com-antonio-zambujo-e-irma\/","og_locale":"pt_PT","og_type":"article","og_title":"Festival Contrasta arranca esta sexta-feira com Ant\u00f3nio Zambujo e Irma","og_description":"O Festival Contrasta inicia esta sexta-feira a primeira edi\u00e7\u00e3o, nas Cortinas de S\u00e3o Francisco, na Fortaleza de Valen\u00e7a.","og_url":"https:\/\/www.altominho.tv\/site\/2022\/07\/14\/festival-contrasta-arranca-esta-sexta-feira-com-antonio-zambujo-e-irma\/","og_site_name":"Altominho.tv","article_publisher":"https:\/\/www.facebook.com\/altominhotv","article_published_time":"2022-07-14T11:43:46+00:00","article_modified_time":"2022-07-14T11:43:50+00:00","og_image":[{"width":2406,"height":966,"url":"https:\/\/www.altominho.tv\/site\/wp-content\/uploads\/2022\/07\/Festival-Contrasta-scaled-e1657798857341.jpeg","type":"image\/jpeg"}],"author":"Andreia Ferreira","twitter_card":"summary_large_image","twitter_creator":"@altominhoTV","twitter_site":"@altominhoTV","twitter_misc":{"Escrito por":"Andreia Ferreira","Tempo estimado de leitura":"1 minuto"},"schema":{"@context":"https:\/\/schema.org","@graph":[{"@type":"Article","@id":"https:\/\/www.altominho.tv\/site\/2022\/07\/14\/festival-contrasta-arranca-esta-sexta-feira-com-antonio-zambujo-e-irma\/#article","isPartOf":{"@id":"https:\/\/www.altominho.tv\/site\/2022\/07\/14\/festival-contrasta-arranca-esta-sexta-feira-com-antonio-zambujo-e-irma\/"},"author":{"name":"Andreia Ferreira","@id":"https:\/\/www.altominho.tv\/site\/#\/schema\/person\/d9be4265364723f14ea8e0d56a1d38cd"},"headline":"Festival Contrasta arranca esta sexta-feira com Ant\u00f3nio Zambujo e Irma","datePublished":"2022-07-14T11:43:46+00:00","dateModified":"2022-07-14T11:43:50+00:00","mainEntityOfPage":{"@id":"https:\/\/www.altominho.tv\/site\/2022\/07\/14\/festival-contrasta-arranca-esta-sexta-feira-com-antonio-zambujo-e-irma\/"},"wordCount":154,"image":{"@id":"https:\/\/www.altominho.tv\/site\/2022\/07\/14\/festival-contrasta-arranca-esta-sexta-feira-com-antonio-zambujo-e-irma\/#primaryimage"},"thumbnailUrl":"https:\/\/www.altominho.tv\/site\/wp-content\/uploads\/2022\/07\/Festival-Contrasta-scaled-e1657798857341.jpeg","keywords":["Cultura"],"articleSection":["Valen\u00e7a"],"inLanguage":"pt-PT","copyrightYear":"2022","copyrightHolder":{"@id":"https:\/\/www.altominho.tv\/site\/#organization"}},{"@type":"WebPage","@id":"https:\/\/www.altominho.tv\/site\/2022\/07\/14\/festival-contrasta-arranca-esta-sexta-feira-com-antonio-zambujo-e-irma\/","url":"https:\/\/www.altominho.tv\/site\/2022\/07\/14\/festival-contrasta-arranca-esta-sexta-feira-com-antonio-zambujo-e-irma\/","name":"Festival Contrasta arranca esta sexta-feira com Ant\u00f3nio Zambujo e Irma","isPartOf":{"@id":"https:\/\/www.altominho.tv\/site\/#website"},"primaryImageOfPage":{"@id":"https:\/\/www.altominho.tv\/site\/2022\/07\/14\/festival-contrasta-arranca-esta-sexta-feira-com-antonio-zambujo-e-irma\/#primaryimage"},"image":{"@id":"https:\/\/www.altominho.tv\/site\/2022\/07\/14\/festival-contrasta-arranca-esta-sexta-feira-com-antonio-zambujo-e-irma\/#primaryimage"},"thumbnailUrl":"https:\/\/www.altominho.tv\/site\/wp-content\/uploads\/2022\/07\/Festival-Contrasta-scaled-e1657798857341.jpeg","datePublished":"2022-07-14T11:43:46+00:00","dateModified":"2022-07-14T11:43:50+00:00","author":{"@id":"https:\/\/www.altominho.tv\/site\/#\/schema\/person\/d9be4265364723f14ea8e0d56a1d38cd"},"description":"O Festival Contrasta inicia esta sexta-feira a primeira edi\u00e7\u00e3o, nas Cortinas de S\u00e3o Francisco, na Fortaleza de Valen\u00e7a.","breadcrumb":{"@id":"https:\/\/www.altominho.tv\/site\/2022\/07\/14\/festival-contrasta-arranca-esta-sexta-feira-com-antonio-zambujo-e-irma\/#breadcrumb"},"inLanguage":"pt-PT","potentialAction":[{"@type":"ReadAction","target":["https:\/\/www.altominho.tv\/site\/2022\/07\/14\/festival-contrasta-arranca-esta-sexta-feira-com-antonio-zambujo-e-irma\/"]}]},{"@type":"ImageObject","inLanguage":"pt-PT","@id":"https:\/\/www.altominho.tv\/site\/2022\/07\/14\/festival-contrasta-arranca-esta-sexta-feira-com-antonio-zambujo-e-irma\/#primaryimage","url":"https:\/\/www.altominho.tv\/site\/wp-content\/uploads\/2022\/07\/Festival-Contrasta-scaled-e1657798857341.jpeg","contentUrl":"https:\/\/www.altominho.tv\/site\/wp-content\/uploads\/2022\/07\/Festival-Contrasta-scaled-e1657798857341.jpeg","width":2406,"height":966},{"@type":"BreadcrumbList","@id":"https:\/\/www.altominho.tv\/site\/2022\/07\/14\/festival-contrasta-arranca-esta-sexta-feira-com-antonio-zambujo-e-irma\/#breadcrumb","itemListElement":[{"@type":"ListItem","position":1,"name":"In\u00edcio","item":"https:\/\/www.altominho.tv\/site\/"},{"@type":"ListItem","position":2,"name":"Festival Contrasta arranca esta sexta-feira com Ant\u00f3nio Zambujo e Irma"}]},{"@type":"WebSite","@id":"https:\/\/www.altominho.tv\/site\/#website","url":"https:\/\/www.altominho.tv\/site\/","name":"Altominho.tv","description":"A sua regi\u00e3o \u00e0 dist\u00e2ncia de um clique...","potentialAction":[{"@type":"SearchAction","target":{"@type":"EntryPoint","urlTemplate":"https:\/\/www.altominho.tv\/site\/?s={search_term_string}"},"query-input":{"@type":"PropertyValueSpecification","valueRequired":true,"valueName":"search_term_string"}}],"inLanguage":"pt-PT"},{"@type":"Person","@id":"https:\/\/www.altominho.tv\/site\/#\/schema\/person\/d9be4265364723f14ea8e0d56a1d38cd","name":"Andreia Ferreira","image":{"@type":"ImageObject","inLanguage":"pt-PT","@id":"https:\/\/www.altominho.tv\/site\/wp-content\/uploads\/2021\/01\/AndreiaFerreira-150x150.jpg","url":"https:\/\/www.altominho.tv\/site\/wp-content\/uploads\/2021\/01\/AndreiaFerreira-150x150.jpg","contentUrl":"https:\/\/www.altominho.tv\/site\/wp-content\/uploads\/2021\/01\/AndreiaFerreira-150x150.jpg","caption":"Andreia Ferreira"},"url":"https:\/\/www.altominho.tv\/site\/author\/andreiaferreira\/"}]}},"_links":{"self":[{"href":"https:\/\/www.altominho.tv\/site\/wp-json\/wp\/v2\/posts\/81454","targetHints":{"allow":["GET"]}}],"collection":[{"href":"https:\/\/www.altominho.tv\/site\/wp-json\/wp\/v2\/posts"}],"about":[{"href":"https:\/\/www.altominho.tv\/site\/wp-json\/wp\/v2\/types\/post"}],"author":[{"embeddable":true,"href":"https:\/\/www.altominho.tv\/site\/wp-json\/wp\/v2\/users\/12"}],"replies":[{"embeddable":true,"href":"https:\/\/www.altominho.tv\/site\/wp-json\/wp\/v2\/comments?post=81454"}],"version-history":[{"count":0,"href":"https:\/\/www.altominho.tv\/site\/wp-json\/wp\/v2\/posts\/81454\/revisions"}],"wp:featuredmedia":[{"embeddable":true,"href":"https:\/\/www.altominho.tv\/site\/wp-json\/wp\/v2\/media\/81455"}],"wp:attachment":[{"href":"https:\/\/www.altominho.tv\/site\/wp-json\/wp\/v2\/media?parent=81454"}],"wp:term":[{"taxonomy":"category","embeddable":true,"href":"https:\/\/www.altominho.tv\/site\/wp-json\/wp\/v2\/categories?post=81454"},{"taxonomy":"post_tag","embeddable":true,"href":"https:\/\/www.altominho.tv\/site\/wp-json\/wp\/v2\/tags?post=81454"}],"curies":[{"name":"wp","href":"https:\/\/api.w.org\/{rel}","templated":true}]}}