{"id":8134,"date":"2018-01-10T10:21:59","date_gmt":"2018-01-10T10:21:59","guid":{"rendered":"http:\/\/www.altominho.tv\/site\/?p=8134"},"modified":"2018-01-10T10:21:59","modified_gmt":"2018-01-10T10:21:59","slug":"protecao-civil-alerta-para-chuva-neve-vento-e-ondulacao","status":"publish","type":"post","link":"https:\/\/www.altominho.tv\/site\/2018\/01\/10\/protecao-civil-alerta-para-chuva-neve-vento-e-ondulacao\/","title":{"rendered":"Prote\u00e7\u00e3o Civil alerta para chuva, neve, vento e ondula\u00e7\u00e3o"},"content":{"rendered":"<p>A Prote\u00e7\u00e3o Civil alerta para um agravamento das condi\u00e7\u00f5es meteorol\u00f3gicas, especialmente entre a manh\u00e3 de hoje e as 08h00 de quinta-feira, relacionado com chuva, vento, neve e ondula\u00e7\u00e3o.<\/p>\n<p>De acordo com informa\u00e7\u00e3o dispon\u00edvel no \u2018site\u2019, a Autoridade Nacional de Prote\u00e7\u00e3o Civil (ANPC) chama a aten\u00e7\u00e3o para a intensifica\u00e7\u00e3o da chuva, com especial incid\u00eancia no litoral Norte, com valores que podem atingir os 20 mil\u00edmetros em 12 horas (no per\u00edodo entre as 09h00 e as 21h00 de hoje) a norte do sistema montanhoso Montejunto\/Estrela.<\/p>\n<p>Alerta tamb\u00e9m para a queda de neve no per\u00edodo entre as 15h00 e as 21h00 de hoje, a partir da cota dos 1000\/1200 metros, nos distritos de Bragan\u00e7a, Vila Real, Viseu e Guarda e, com especial intensidade, nas serras da regi\u00e3o Norte (Padrela, Mar\u00e3o, Montemuro e parte da Serra da Estrela).<\/p>\n<p>O vento dever\u00e1 soprar forte com rajadas at\u00e9 os 65 quil\u00f3metros por hora, no litoral Norte e Centro, podendo alcan\u00e7ar os 85 nas terras altas.<\/p>\n<p>No mar, a previs\u00e3o \u00e9 de ondas de noroeste com altura de 4 a 5 metros, em toda a costa ocidental, a partir da manh\u00e3 de hoje e at\u00e9 ao final da tarde de quinta-feira, podendo aumentar para os 5 a 6 metros (com a altura m\u00e1xima a chegar aos 10 metros) durante a tarde de 10 hoje e a manh\u00e3 de quinta-feira nos distritos a Norte do Cabo Raso (Viana do Castelo, Braga, Porto, Aveiro, Coimbra, Leiria e Lisboa).<\/p>\n<p>A ANPC alerta para a possibilidade de piso rodovi\u00e1rio escorregadio e eventual forma\u00e7\u00e3o de len\u00e7\u00f3is de \u00e1gua e gelo, cheias r\u00e1pidas (em meio urbano) e inunda\u00e7\u00f5es por acumula\u00e7\u00e3o de \u00e1guas pluviais ou insufici\u00eancia dos sistemas de drenagem, nomeadamente agravadas durante os per\u00edodos de preia-mar. Avisa tamb\u00e9m para a hip\u00f3tese de inunda\u00e7\u00f5es devido ao transbordo de linhas de \u00e1gua nas zonas historicamente mais vulner\u00e1veis.<\/p>\n<p>A queda de ramos ou \u00e1rvores devido ao vento mais forte e vias de circula\u00e7\u00e3o obstru\u00eddas por \u00e1rvores ou deslizamentos de terras ou desabamentos de pedras, s\u00e3o outros efeitos expect\u00e1veis do mau tempo.<\/p>\n<p>Assim, a ANPC recomenda a desobstru\u00e7\u00e3o dos sistemas de escoamento das \u00e1guas pluviais, uma condu\u00e7\u00e3o defensiva, reduzindo a velocidade e a circula\u00e7\u00e3o com correntes de neve &#8220;sempre que se revele recomend\u00e1vel nas \u00e1reas atingidas pela queda de neve&#8221;.<\/p>\n<p>Aconselha especial cuidado na circula\u00e7\u00e3o e perman\u00eancia junto a \u00e1reas arborizadas, pela possibilidade de queda de ramos e \u00e1rvores, e pede que se evite a perman\u00eancia junto ao mar, bem como as terras altas devido ao vento.<\/p>\n","protected":false},"excerpt":{"rendered":"<p>A Prote\u00e7\u00e3o Civil alerta para um agravamento das condi\u00e7\u00f5es meteorol\u00f3gicas, especialmente entre a manh\u00e3 de hoje e as 08h00 de quinta-feira, relacionado com chuva, vento, neve e ondula\u00e7\u00e3o. De acordo com informa\u00e7\u00e3o dispon\u00edvel no \u2018site\u2019, a Autoridade Nacional de Prote\u00e7\u00e3o Civil (ANPC) chama a aten\u00e7\u00e3o para a intensifica\u00e7\u00e3o da chuva, com especial incid\u00eancia no litoral [&hellip;]<\/p>\n","protected":false},"author":6,"featured_media":8138,"comment_status":"closed","ping_status":"closed","sticky":false,"template":"","format":"standard","meta":{"_exactmetrics_skip_tracking":false,"_exactmetrics_sitenote_active":false,"_exactmetrics_sitenote_note":"","_exactmetrics_sitenote_category":0,"footnotes":""},"categories":[73],"tags":[27],"class_list":["post-8134","post","type-post","status-publish","format-standard","has-post-thumbnail","hentry","category-alto-minho","tag-sociedade"],"yoast_head":"<!-- This site is optimized with the Yoast SEO Premium plugin v27.5 (Yoast SEO v27.5) - https:\/\/yoast.com\/product\/yoast-seo-premium-wordpress\/ -->\n<title>Prote\u00e7\u00e3o Civil alerta para chuva, neve, vento e ondula\u00e7\u00e3o<\/title>\n<meta name=\"robots\" content=\"index, follow, max-snippet:-1, max-image-preview:large, max-video-preview:-1\" \/>\n<link rel=\"canonical\" href=\"https:\/\/www.altominho.tv\/site\/2018\/01\/10\/protecao-civil-alerta-para-chuva-neve-vento-e-ondulacao\/\" \/>\n<meta property=\"og:locale\" content=\"pt_PT\" \/>\n<meta property=\"og:type\" content=\"article\" \/>\n<meta property=\"og:title\" content=\"Prote\u00e7\u00e3o Civil alerta para chuva, neve, vento e ondula\u00e7\u00e3o\" \/>\n<meta property=\"og:description\" content=\"A Prote\u00e7\u00e3o Civil alerta para um agravamento das condi\u00e7\u00f5es meteorol\u00f3gicas, especialmente entre a manh\u00e3 de hoje e as 08h00 de quinta-feira, relacionado com chuva, vento, neve e ondula\u00e7\u00e3o. De acordo com informa\u00e7\u00e3o dispon\u00edvel no \u2018site\u2019, a Autoridade Nacional de Prote\u00e7\u00e3o Civil (ANPC) chama a aten\u00e7\u00e3o para a intensifica\u00e7\u00e3o da chuva, com especial incid\u00eancia no litoral [&hellip;]\" \/>\n<meta property=\"og:url\" content=\"https:\/\/www.altominho.tv\/site\/2018\/01\/10\/protecao-civil-alerta-para-chuva-neve-vento-e-ondulacao\/\" \/>\n<meta property=\"og:site_name\" content=\"Altominho.tv\" \/>\n<meta property=\"article:publisher\" content=\"https:\/\/www.facebook.com\/altominhotv\" \/>\n<meta property=\"article:published_time\" content=\"2018-01-10T10:21:59+00:00\" \/>\n<meta property=\"og:image\" content=\"https:\/\/www.altominho.tv\/site\/wp-content\/uploads\/2018\/01\/mau.jpeg\" \/>\n\t<meta property=\"og:image:width\" content=\"823\" \/>\n\t<meta property=\"og:image:height\" content=\"548\" \/>\n\t<meta property=\"og:image:type\" content=\"image\/jpeg\" \/>\n<meta name=\"author\" content=\"C\u00e1tia Malheiro\" \/>\n<meta name=\"twitter:card\" content=\"summary_large_image\" \/>\n<meta name=\"twitter:creator\" content=\"@altominhoTV\" \/>\n<meta name=\"twitter:site\" content=\"@altominhoTV\" \/>\n<meta name=\"twitter:label1\" content=\"Escrito por\" \/>\n\t<meta name=\"twitter:data1\" content=\"C\u00e1tia Malheiro\" \/>\n\t<meta name=\"twitter:label2\" content=\"Tempo estimado de leitura\" \/>\n\t<meta name=\"twitter:data2\" content=\"2 minutos\" \/>\n<script type=\"application\/ld+json\" class=\"yoast-schema-graph\">{\"@context\":\"https:\\\/\\\/schema.org\",\"@graph\":[{\"@type\":\"Article\",\"@id\":\"https:\\\/\\\/www.altominho.tv\\\/site\\\/2018\\\/01\\\/10\\\/protecao-civil-alerta-para-chuva-neve-vento-e-ondulacao\\\/#article\",\"isPartOf\":{\"@id\":\"https:\\\/\\\/www.altominho.tv\\\/site\\\/2018\\\/01\\\/10\\\/protecao-civil-alerta-para-chuva-neve-vento-e-ondulacao\\\/\"},\"author\":{\"name\":\"C\u00e1tia Malheiro\",\"@id\":\"https:\\\/\\\/www.altominho.tv\\\/site\\\/#\\\/schema\\\/person\\\/5c9404a8b438614c93da6ca09db92574\"},\"headline\":\"Prote\u00e7\u00e3o Civil alerta para chuva, neve, vento e ondula\u00e7\u00e3o\",\"datePublished\":\"2018-01-10T10:21:59+00:00\",\"mainEntityOfPage\":{\"@id\":\"https:\\\/\\\/www.altominho.tv\\\/site\\\/2018\\\/01\\\/10\\\/protecao-civil-alerta-para-chuva-neve-vento-e-ondulacao\\\/\"},\"wordCount\":454,\"image\":{\"@id\":\"https:\\\/\\\/www.altominho.tv\\\/site\\\/2018\\\/01\\\/10\\\/protecao-civil-alerta-para-chuva-neve-vento-e-ondulacao\\\/#primaryimage\"},\"thumbnailUrl\":\"https:\\\/\\\/www.altominho.tv\\\/site\\\/wp-content\\\/uploads\\\/2018\\\/01\\\/mau.jpeg\",\"keywords\":[\"Sociedade\"],\"articleSection\":[\"Alto Minho\"],\"inLanguage\":\"pt-PT\",\"copyrightYear\":\"2018\",\"copyrightHolder\":{\"@id\":\"https:\\\/\\\/www.altominho.tv\\\/site\\\/#organization\"}},{\"@type\":\"WebPage\",\"@id\":\"https:\\\/\\\/www.altominho.tv\\\/site\\\/2018\\\/01\\\/10\\\/protecao-civil-alerta-para-chuva-neve-vento-e-ondulacao\\\/\",\"url\":\"https:\\\/\\\/www.altominho.tv\\\/site\\\/2018\\\/01\\\/10\\\/protecao-civil-alerta-para-chuva-neve-vento-e-ondulacao\\\/\",\"name\":\"Prote\u00e7\u00e3o Civil alerta para chuva, neve, vento e ondula\u00e7\u00e3o\",\"isPartOf\":{\"@id\":\"https:\\\/\\\/www.altominho.tv\\\/site\\\/#website\"},\"primaryImageOfPage\":{\"@id\":\"https:\\\/\\\/www.altominho.tv\\\/site\\\/2018\\\/01\\\/10\\\/protecao-civil-alerta-para-chuva-neve-vento-e-ondulacao\\\/#primaryimage\"},\"image\":{\"@id\":\"https:\\\/\\\/www.altominho.tv\\\/site\\\/2018\\\/01\\\/10\\\/protecao-civil-alerta-para-chuva-neve-vento-e-ondulacao\\\/#primaryimage\"},\"thumbnailUrl\":\"https:\\\/\\\/www.altominho.tv\\\/site\\\/wp-content\\\/uploads\\\/2018\\\/01\\\/mau.jpeg\",\"datePublished\":\"2018-01-10T10:21:59+00:00\",\"author\":{\"@id\":\"https:\\\/\\\/www.altominho.tv\\\/site\\\/#\\\/schema\\\/person\\\/5c9404a8b438614c93da6ca09db92574\"},\"breadcrumb\":{\"@id\":\"https:\\\/\\\/www.altominho.tv\\\/site\\\/2018\\\/01\\\/10\\\/protecao-civil-alerta-para-chuva-neve-vento-e-ondulacao\\\/#breadcrumb\"},\"inLanguage\":\"pt-PT\",\"potentialAction\":[{\"@type\":\"ReadAction\",\"target\":[\"https:\\\/\\\/www.altominho.tv\\\/site\\\/2018\\\/01\\\/10\\\/protecao-civil-alerta-para-chuva-neve-vento-e-ondulacao\\\/\"]}]},{\"@type\":\"ImageObject\",\"inLanguage\":\"pt-PT\",\"@id\":\"https:\\\/\\\/www.altominho.tv\\\/site\\\/2018\\\/01\\\/10\\\/protecao-civil-alerta-para-chuva-neve-vento-e-ondulacao\\\/#primaryimage\",\"url\":\"https:\\\/\\\/www.altominho.tv\\\/site\\\/wp-content\\\/uploads\\\/2018\\\/01\\\/mau.jpeg\",\"contentUrl\":\"https:\\\/\\\/www.altominho.tv\\\/site\\\/wp-content\\\/uploads\\\/2018\\\/01\\\/mau.jpeg\",\"width\":823,\"height\":548},{\"@type\":\"BreadcrumbList\",\"@id\":\"https:\\\/\\\/www.altominho.tv\\\/site\\\/2018\\\/01\\\/10\\\/protecao-civil-alerta-para-chuva-neve-vento-e-ondulacao\\\/#breadcrumb\",\"itemListElement\":[{\"@type\":\"ListItem\",\"position\":1,\"name\":\"In\u00edcio\",\"item\":\"https:\\\/\\\/www.altominho.tv\\\/site\\\/\"},{\"@type\":\"ListItem\",\"position\":2,\"name\":\"Prote\u00e7\u00e3o Civil alerta para chuva, neve, vento e ondula\u00e7\u00e3o\"}]},{\"@type\":\"WebSite\",\"@id\":\"https:\\\/\\\/www.altominho.tv\\\/site\\\/#website\",\"url\":\"https:\\\/\\\/www.altominho.tv\\\/site\\\/\",\"name\":\"Altominho.tv\",\"description\":\"A sua regi\u00e3o \u00e0 dist\u00e2ncia de um clique...\",\"potentialAction\":[{\"@type\":\"SearchAction\",\"target\":{\"@type\":\"EntryPoint\",\"urlTemplate\":\"https:\\\/\\\/www.altominho.tv\\\/site\\\/?s={search_term_string}\"},\"query-input\":{\"@type\":\"PropertyValueSpecification\",\"valueRequired\":true,\"valueName\":\"search_term_string\"}}],\"inLanguage\":\"pt-PT\"},{\"@type\":\"Person\",\"@id\":\"https:\\\/\\\/www.altominho.tv\\\/site\\\/#\\\/schema\\\/person\\\/5c9404a8b438614c93da6ca09db92574\",\"name\":\"C\u00e1tia Malheiro\",\"image\":{\"@type\":\"ImageObject\",\"inLanguage\":\"pt-PT\",\"@id\":\"https:\\\/\\\/www.altominho.tv\\\/site\\\/wp-content\\\/uploads\\\/2017\\\/11\\\/Catia_Malheiro-150x150.jpg\",\"url\":\"https:\\\/\\\/www.altominho.tv\\\/site\\\/wp-content\\\/uploads\\\/2017\\\/11\\\/Catia_Malheiro-150x150.jpg\",\"contentUrl\":\"https:\\\/\\\/www.altominho.tv\\\/site\\\/wp-content\\\/uploads\\\/2017\\\/11\\\/Catia_Malheiro-150x150.jpg\",\"caption\":\"C\u00e1tia Malheiro\"},\"url\":\"https:\\\/\\\/www.altominho.tv\\\/site\\\/author\\\/catiamalheiro\\\/\"}]}<\/script>\n<!-- \/ Yoast SEO Premium plugin. -->","yoast_head_json":{"title":"Prote\u00e7\u00e3o Civil alerta para chuva, neve, vento e ondula\u00e7\u00e3o","robots":{"index":"index","follow":"follow","max-snippet":"max-snippet:-1","max-image-preview":"max-image-preview:large","max-video-preview":"max-video-preview:-1"},"canonical":"https:\/\/www.altominho.tv\/site\/2018\/01\/10\/protecao-civil-alerta-para-chuva-neve-vento-e-ondulacao\/","og_locale":"pt_PT","og_type":"article","og_title":"Prote\u00e7\u00e3o Civil alerta para chuva, neve, vento e ondula\u00e7\u00e3o","og_description":"A Prote\u00e7\u00e3o Civil alerta para um agravamento das condi\u00e7\u00f5es meteorol\u00f3gicas, especialmente entre a manh\u00e3 de hoje e as 08h00 de quinta-feira, relacionado com chuva, vento, neve e ondula\u00e7\u00e3o. De acordo com informa\u00e7\u00e3o dispon\u00edvel no \u2018site\u2019, a Autoridade Nacional de Prote\u00e7\u00e3o Civil (ANPC) chama a aten\u00e7\u00e3o para a intensifica\u00e7\u00e3o da chuva, com especial incid\u00eancia no litoral [&hellip;]","og_url":"https:\/\/www.altominho.tv\/site\/2018\/01\/10\/protecao-civil-alerta-para-chuva-neve-vento-e-ondulacao\/","og_site_name":"Altominho.tv","article_publisher":"https:\/\/www.facebook.com\/altominhotv","article_published_time":"2018-01-10T10:21:59+00:00","og_image":[{"width":823,"height":548,"url":"https:\/\/www.altominho.tv\/site\/wp-content\/uploads\/2018\/01\/mau.jpeg","type":"image\/jpeg"}],"author":"C\u00e1tia Malheiro","twitter_card":"summary_large_image","twitter_creator":"@altominhoTV","twitter_site":"@altominhoTV","twitter_misc":{"Escrito por":"C\u00e1tia Malheiro","Tempo estimado de leitura":"2 minutos"},"schema":{"@context":"https:\/\/schema.org","@graph":[{"@type":"Article","@id":"https:\/\/www.altominho.tv\/site\/2018\/01\/10\/protecao-civil-alerta-para-chuva-neve-vento-e-ondulacao\/#article","isPartOf":{"@id":"https:\/\/www.altominho.tv\/site\/2018\/01\/10\/protecao-civil-alerta-para-chuva-neve-vento-e-ondulacao\/"},"author":{"name":"C\u00e1tia Malheiro","@id":"https:\/\/www.altominho.tv\/site\/#\/schema\/person\/5c9404a8b438614c93da6ca09db92574"},"headline":"Prote\u00e7\u00e3o Civil alerta para chuva, neve, vento e ondula\u00e7\u00e3o","datePublished":"2018-01-10T10:21:59+00:00","mainEntityOfPage":{"@id":"https:\/\/www.altominho.tv\/site\/2018\/01\/10\/protecao-civil-alerta-para-chuva-neve-vento-e-ondulacao\/"},"wordCount":454,"image":{"@id":"https:\/\/www.altominho.tv\/site\/2018\/01\/10\/protecao-civil-alerta-para-chuva-neve-vento-e-ondulacao\/#primaryimage"},"thumbnailUrl":"https:\/\/www.altominho.tv\/site\/wp-content\/uploads\/2018\/01\/mau.jpeg","keywords":["Sociedade"],"articleSection":["Alto Minho"],"inLanguage":"pt-PT","copyrightYear":"2018","copyrightHolder":{"@id":"https:\/\/www.altominho.tv\/site\/#organization"}},{"@type":"WebPage","@id":"https:\/\/www.altominho.tv\/site\/2018\/01\/10\/protecao-civil-alerta-para-chuva-neve-vento-e-ondulacao\/","url":"https:\/\/www.altominho.tv\/site\/2018\/01\/10\/protecao-civil-alerta-para-chuva-neve-vento-e-ondulacao\/","name":"Prote\u00e7\u00e3o Civil alerta para chuva, neve, vento e ondula\u00e7\u00e3o","isPartOf":{"@id":"https:\/\/www.altominho.tv\/site\/#website"},"primaryImageOfPage":{"@id":"https:\/\/www.altominho.tv\/site\/2018\/01\/10\/protecao-civil-alerta-para-chuva-neve-vento-e-ondulacao\/#primaryimage"},"image":{"@id":"https:\/\/www.altominho.tv\/site\/2018\/01\/10\/protecao-civil-alerta-para-chuva-neve-vento-e-ondulacao\/#primaryimage"},"thumbnailUrl":"https:\/\/www.altominho.tv\/site\/wp-content\/uploads\/2018\/01\/mau.jpeg","datePublished":"2018-01-10T10:21:59+00:00","author":{"@id":"https:\/\/www.altominho.tv\/site\/#\/schema\/person\/5c9404a8b438614c93da6ca09db92574"},"breadcrumb":{"@id":"https:\/\/www.altominho.tv\/site\/2018\/01\/10\/protecao-civil-alerta-para-chuva-neve-vento-e-ondulacao\/#breadcrumb"},"inLanguage":"pt-PT","potentialAction":[{"@type":"ReadAction","target":["https:\/\/www.altominho.tv\/site\/2018\/01\/10\/protecao-civil-alerta-para-chuva-neve-vento-e-ondulacao\/"]}]},{"@type":"ImageObject","inLanguage":"pt-PT","@id":"https:\/\/www.altominho.tv\/site\/2018\/01\/10\/protecao-civil-alerta-para-chuva-neve-vento-e-ondulacao\/#primaryimage","url":"https:\/\/www.altominho.tv\/site\/wp-content\/uploads\/2018\/01\/mau.jpeg","contentUrl":"https:\/\/www.altominho.tv\/site\/wp-content\/uploads\/2018\/01\/mau.jpeg","width":823,"height":548},{"@type":"BreadcrumbList","@id":"https:\/\/www.altominho.tv\/site\/2018\/01\/10\/protecao-civil-alerta-para-chuva-neve-vento-e-ondulacao\/#breadcrumb","itemListElement":[{"@type":"ListItem","position":1,"name":"In\u00edcio","item":"https:\/\/www.altominho.tv\/site\/"},{"@type":"ListItem","position":2,"name":"Prote\u00e7\u00e3o Civil alerta para chuva, neve, vento e ondula\u00e7\u00e3o"}]},{"@type":"WebSite","@id":"https:\/\/www.altominho.tv\/site\/#website","url":"https:\/\/www.altominho.tv\/site\/","name":"Altominho.tv","description":"A sua regi\u00e3o \u00e0 dist\u00e2ncia de um clique...","potentialAction":[{"@type":"SearchAction","target":{"@type":"EntryPoint","urlTemplate":"https:\/\/www.altominho.tv\/site\/?s={search_term_string}"},"query-input":{"@type":"PropertyValueSpecification","valueRequired":true,"valueName":"search_term_string"}}],"inLanguage":"pt-PT"},{"@type":"Person","@id":"https:\/\/www.altominho.tv\/site\/#\/schema\/person\/5c9404a8b438614c93da6ca09db92574","name":"C\u00e1tia Malheiro","image":{"@type":"ImageObject","inLanguage":"pt-PT","@id":"https:\/\/www.altominho.tv\/site\/wp-content\/uploads\/2017\/11\/Catia_Malheiro-150x150.jpg","url":"https:\/\/www.altominho.tv\/site\/wp-content\/uploads\/2017\/11\/Catia_Malheiro-150x150.jpg","contentUrl":"https:\/\/www.altominho.tv\/site\/wp-content\/uploads\/2017\/11\/Catia_Malheiro-150x150.jpg","caption":"C\u00e1tia Malheiro"},"url":"https:\/\/www.altominho.tv\/site\/author\/catiamalheiro\/"}]}},"_links":{"self":[{"href":"https:\/\/www.altominho.tv\/site\/wp-json\/wp\/v2\/posts\/8134","targetHints":{"allow":["GET"]}}],"collection":[{"href":"https:\/\/www.altominho.tv\/site\/wp-json\/wp\/v2\/posts"}],"about":[{"href":"https:\/\/www.altominho.tv\/site\/wp-json\/wp\/v2\/types\/post"}],"author":[{"embeddable":true,"href":"https:\/\/www.altominho.tv\/site\/wp-json\/wp\/v2\/users\/6"}],"replies":[{"embeddable":true,"href":"https:\/\/www.altominho.tv\/site\/wp-json\/wp\/v2\/comments?post=8134"}],"version-history":[{"count":0,"href":"https:\/\/www.altominho.tv\/site\/wp-json\/wp\/v2\/posts\/8134\/revisions"}],"wp:featuredmedia":[{"embeddable":true,"href":"https:\/\/www.altominho.tv\/site\/wp-json\/wp\/v2\/media\/8138"}],"wp:attachment":[{"href":"https:\/\/www.altominho.tv\/site\/wp-json\/wp\/v2\/media?parent=8134"}],"wp:term":[{"taxonomy":"category","embeddable":true,"href":"https:\/\/www.altominho.tv\/site\/wp-json\/wp\/v2\/categories?post=8134"},{"taxonomy":"post_tag","embeddable":true,"href":"https:\/\/www.altominho.tv\/site\/wp-json\/wp\/v2\/tags?post=8134"}],"curies":[{"name":"wp","href":"https:\/\/api.w.org\/{rel}","templated":true}]}}