{"id":81244,"date":"2022-07-08T09:36:26","date_gmt":"2022-07-08T08:36:26","guid":{"rendered":"https:\/\/www.altominho.tv\/site\/?p=81244"},"modified":"2022-07-08T09:36:29","modified_gmt":"2022-07-08T08:36:29","slug":"caminha-investe-mais-de-400-mil-euros-em-transportes-escolares","status":"publish","type":"post","link":"https:\/\/www.altominho.tv\/site\/2022\/07\/08\/caminha-investe-mais-de-400-mil-euros-em-transportes-escolares\/","title":{"rendered":"Caminha investe mais de 400 mil euros em transportes escolares"},"content":{"rendered":"<p>O Plano de Transportes Escolares para o ano letivo de 2022\/2023 foi aprovado \u00a0em reuni\u00e3o do\u00a0Executivo, num investimento que ultrapassa os 400 mil euros. Prev\u00ea-se que o Munic\u00edpio assegure\u00a0gratuitamente o transporte a mais de 700 crian\u00e7as e jovens.<\/p>\n<p>Desde o ano letivo de 2015\/2016 s\u00e3o abrangidos\u00a0tamb\u00e9m os alunos do Ensino Secund\u00e1rio, medida tomada na altura com o objetivo de apoiar\u00a0economicamente as fam\u00edlias e incentivar os estudantes a prosseguirem os estudos, como explicou ent\u00e3o o\u00a0Presidente da C\u00e2mara, Miguel Alves.<\/p>\n<p>O documento aprovado agora foi concertado com o Agrupamento de Escolas de Caminha e baseia-se na\u00a0previs\u00e3o de matr\u00edculas, processo que n\u00e3o est\u00e1 finalizado. O Plano de Transportes Escolares para o ano letivo\u00a0de 2022\/2023 poder\u00e1 ainda ser reajustado, como explicou a Vereadora da Educa\u00e7\u00e3o, Liliana Ribeiro. Neste\u00a0momento os dados j\u00e1 conhecidos apontam para um pouco mais de 700 alunos, dos diferentes graus de\u00a0ensino, e um valor de cerca de 412 mil euros.<\/p>\n<p>No concelho de Caminha, os transportes escolares s\u00e3o assegurados pela C\u00e2mara Municipal de Caminha para\u00a0todos os alunos que frequentam a escolaridade obrigat\u00f3ria, desde o Pr\u00e9-Escolar ao Ensino Secund\u00e1rio. Este\u00a0servi\u00e7o \u00e9 gratuito e disponibilizado sempre e quando esta necessidade se verifique.<\/p>\n<p>A C\u00e2mara oferece o servi\u00e7o de transporte entre o local da resid\u00eancia e os estabelecimentos de ensino, aos\u00a0alunos que residam a mais de 3 quil\u00f3metros do equipamento escolar que frequentam. Ainda \u00e9 assegurado o\u00a0transporte aos alunos que vivem a menos de 3 quil\u00f3metros do estabelecimento de ensino, cujo acesso \u00e0\u00a0escola \u00e9 dif\u00edcil, mediante avalia\u00e7\u00e3o dos servi\u00e7os camar\u00e1rios, a requerimento dos encarregados de educa\u00e7\u00e3o.<\/p>\n<p>Os transportes escolares s\u00e3o assegurados pelas carreiras regulares em funcionamento na \u00e1rea do Munic\u00edpio,\u00a0complementados com os servi\u00e7os de transporte assegurados quer pelo servi\u00e7o de transportes da C\u00e2mara\u00a0Municipal de Caminha, quer pelas Juntas de Freguesia e Associa\u00e7\u00f5es do concelho &#8211; enquanto entidades\u00a0parceiras &#8211; atrav\u00e9s da celebra\u00e7\u00e3o de contratos interadministrativos ou atrav\u00e9s da atribui\u00e7\u00e3o de subs\u00eddios.<\/p>\n","protected":false},"excerpt":{"rendered":"<p>O Plano de Transportes Escolares para o ano letivo de 2022\/2023 foi aprovado \u00a0em reuni\u00e3o do\u00a0Executivo, num investimento que ultrapassa os 400 mil euros. Prev\u00ea-se que o Munic\u00edpio assegure\u00a0gratuitamente o transporte a mais de 700 crian\u00e7as e jovens. Desde o ano letivo de 2015\/2016 s\u00e3o abrangidos\u00a0tamb\u00e9m os alunos do Ensino Secund\u00e1rio, medida tomada na altura [&hellip;]<\/p>\n","protected":false},"author":13,"featured_media":81245,"comment_status":"closed","ping_status":"closed","sticky":false,"template":"","format":"standard","meta":{"_exactmetrics_skip_tracking":false,"_exactmetrics_sitenote_active":false,"_exactmetrics_sitenote_note":"","_exactmetrics_sitenote_category":0,"footnotes":""},"categories":[7],"tags":[22],"class_list":["post-81244","post","type-post","status-publish","format-standard","has-post-thumbnail","hentry","category-caminha","tag-educacao"],"yoast_head":"<!-- This site is optimized with the Yoast SEO Premium plugin v27.5 (Yoast SEO v27.5) - https:\/\/yoast.com\/product\/yoast-seo-premium-wordpress\/ -->\n<title>Caminha investe mais de 400 mil euros em transportes escolares<\/title>\n<meta name=\"description\" content=\"Prev\u00ea-se que o Munic\u00edpio assegure\u00a0gratuitamente o transporte a mais de 700 crian\u00e7as e jovens.\" \/>\n<meta name=\"robots\" content=\"index, follow, max-snippet:-1, max-image-preview:large, max-video-preview:-1\" \/>\n<link rel=\"canonical\" href=\"https:\/\/www.altominho.tv\/site\/2022\/07\/08\/caminha-investe-mais-de-400-mil-euros-em-transportes-escolares\/\" \/>\n<meta property=\"og:locale\" content=\"pt_PT\" \/>\n<meta property=\"og:type\" content=\"article\" \/>\n<meta property=\"og:title\" content=\"Caminha investe mais de 400 mil euros em transportes escolares\" \/>\n<meta property=\"og:description\" content=\"Prev\u00ea-se que o Munic\u00edpio assegure\u00a0gratuitamente o transporte a mais de 700 crian\u00e7as e jovens.\" \/>\n<meta property=\"og:url\" content=\"https:\/\/www.altominho.tv\/site\/2022\/07\/08\/caminha-investe-mais-de-400-mil-euros-em-transportes-escolares\/\" \/>\n<meta property=\"og:site_name\" content=\"Altominho.tv\" \/>\n<meta property=\"article:publisher\" content=\"https:\/\/www.facebook.com\/altominhotv\" \/>\n<meta property=\"article:published_time\" content=\"2022-07-08T08:36:26+00:00\" \/>\n<meta property=\"article:modified_time\" content=\"2022-07-08T08:36:29+00:00\" \/>\n<meta property=\"og:image\" content=\"https:\/\/www.altominho.tv\/site\/wp-content\/uploads\/2022\/07\/autocarro-escolar.jpg\" \/>\n\t<meta property=\"og:image:width\" content=\"2000\" \/>\n\t<meta property=\"og:image:height\" content=\"1059\" \/>\n\t<meta property=\"og:image:type\" content=\"image\/jpeg\" \/>\n<meta name=\"author\" content=\"Lusa\" \/>\n<meta name=\"twitter:card\" content=\"summary_large_image\" \/>\n<meta name=\"twitter:creator\" content=\"@altominhoTV\" \/>\n<meta name=\"twitter:site\" content=\"@altominhoTV\" \/>\n<meta name=\"twitter:label1\" content=\"Escrito por\" \/>\n\t<meta name=\"twitter:data1\" content=\"Lusa\" \/>\n\t<meta name=\"twitter:label2\" content=\"Tempo estimado de leitura\" \/>\n\t<meta name=\"twitter:data2\" content=\"2 minutos\" \/>\n<script type=\"application\/ld+json\" class=\"yoast-schema-graph\">{\"@context\":\"https:\\\/\\\/schema.org\",\"@graph\":[{\"@type\":\"Article\",\"@id\":\"https:\\\/\\\/www.altominho.tv\\\/site\\\/2022\\\/07\\\/08\\\/caminha-investe-mais-de-400-mil-euros-em-transportes-escolares\\\/#article\",\"isPartOf\":{\"@id\":\"https:\\\/\\\/www.altominho.tv\\\/site\\\/2022\\\/07\\\/08\\\/caminha-investe-mais-de-400-mil-euros-em-transportes-escolares\\\/\"},\"author\":{\"name\":\"Lusa\",\"@id\":\"https:\\\/\\\/www.altominho.tv\\\/site\\\/#\\\/schema\\\/person\\\/63f693da3e1899361cbe955c46f3232e\"},\"headline\":\"Caminha investe mais de 400 mil euros em transportes escolares\",\"datePublished\":\"2022-07-08T08:36:26+00:00\",\"dateModified\":\"2022-07-08T08:36:29+00:00\",\"mainEntityOfPage\":{\"@id\":\"https:\\\/\\\/www.altominho.tv\\\/site\\\/2022\\\/07\\\/08\\\/caminha-investe-mais-de-400-mil-euros-em-transportes-escolares\\\/\"},\"wordCount\":360,\"image\":{\"@id\":\"https:\\\/\\\/www.altominho.tv\\\/site\\\/2022\\\/07\\\/08\\\/caminha-investe-mais-de-400-mil-euros-em-transportes-escolares\\\/#primaryimage\"},\"thumbnailUrl\":\"https:\\\/\\\/www.altominho.tv\\\/site\\\/wp-content\\\/uploads\\\/2022\\\/07\\\/autocarro-escolar.jpg\",\"keywords\":[\"Educa\u00e7\u00e3o\"],\"articleSection\":[\"Caminha\"],\"inLanguage\":\"pt-PT\",\"copyrightYear\":\"2022\",\"copyrightHolder\":{\"@id\":\"https:\\\/\\\/www.altominho.tv\\\/site\\\/#organization\"}},{\"@type\":\"WebPage\",\"@id\":\"https:\\\/\\\/www.altominho.tv\\\/site\\\/2022\\\/07\\\/08\\\/caminha-investe-mais-de-400-mil-euros-em-transportes-escolares\\\/\",\"url\":\"https:\\\/\\\/www.altominho.tv\\\/site\\\/2022\\\/07\\\/08\\\/caminha-investe-mais-de-400-mil-euros-em-transportes-escolares\\\/\",\"name\":\"Caminha investe mais de 400 mil euros em transportes escolares\",\"isPartOf\":{\"@id\":\"https:\\\/\\\/www.altominho.tv\\\/site\\\/#website\"},\"primaryImageOfPage\":{\"@id\":\"https:\\\/\\\/www.altominho.tv\\\/site\\\/2022\\\/07\\\/08\\\/caminha-investe-mais-de-400-mil-euros-em-transportes-escolares\\\/#primaryimage\"},\"image\":{\"@id\":\"https:\\\/\\\/www.altominho.tv\\\/site\\\/2022\\\/07\\\/08\\\/caminha-investe-mais-de-400-mil-euros-em-transportes-escolares\\\/#primaryimage\"},\"thumbnailUrl\":\"https:\\\/\\\/www.altominho.tv\\\/site\\\/wp-content\\\/uploads\\\/2022\\\/07\\\/autocarro-escolar.jpg\",\"datePublished\":\"2022-07-08T08:36:26+00:00\",\"dateModified\":\"2022-07-08T08:36:29+00:00\",\"author\":{\"@id\":\"https:\\\/\\\/www.altominho.tv\\\/site\\\/#\\\/schema\\\/person\\\/63f693da3e1899361cbe955c46f3232e\"},\"description\":\"Prev\u00ea-se que o Munic\u00edpio assegure\u00a0gratuitamente o transporte a mais de 700 crian\u00e7as e jovens.\",\"breadcrumb\":{\"@id\":\"https:\\\/\\\/www.altominho.tv\\\/site\\\/2022\\\/07\\\/08\\\/caminha-investe-mais-de-400-mil-euros-em-transportes-escolares\\\/#breadcrumb\"},\"inLanguage\":\"pt-PT\",\"potentialAction\":[{\"@type\":\"ReadAction\",\"target\":[\"https:\\\/\\\/www.altominho.tv\\\/site\\\/2022\\\/07\\\/08\\\/caminha-investe-mais-de-400-mil-euros-em-transportes-escolares\\\/\"]}]},{\"@type\":\"ImageObject\",\"inLanguage\":\"pt-PT\",\"@id\":\"https:\\\/\\\/www.altominho.tv\\\/site\\\/2022\\\/07\\\/08\\\/caminha-investe-mais-de-400-mil-euros-em-transportes-escolares\\\/#primaryimage\",\"url\":\"https:\\\/\\\/www.altominho.tv\\\/site\\\/wp-content\\\/uploads\\\/2022\\\/07\\\/autocarro-escolar.jpg\",\"contentUrl\":\"https:\\\/\\\/www.altominho.tv\\\/site\\\/wp-content\\\/uploads\\\/2022\\\/07\\\/autocarro-escolar.jpg\",\"width\":2000,\"height\":1059},{\"@type\":\"BreadcrumbList\",\"@id\":\"https:\\\/\\\/www.altominho.tv\\\/site\\\/2022\\\/07\\\/08\\\/caminha-investe-mais-de-400-mil-euros-em-transportes-escolares\\\/#breadcrumb\",\"itemListElement\":[{\"@type\":\"ListItem\",\"position\":1,\"name\":\"In\u00edcio\",\"item\":\"https:\\\/\\\/www.altominho.tv\\\/site\\\/\"},{\"@type\":\"ListItem\",\"position\":2,\"name\":\"Caminha investe mais de 400 mil euros em transportes escolares\"}]},{\"@type\":\"WebSite\",\"@id\":\"https:\\\/\\\/www.altominho.tv\\\/site\\\/#website\",\"url\":\"https:\\\/\\\/www.altominho.tv\\\/site\\\/\",\"name\":\"Altominho.tv\",\"description\":\"A sua regi\u00e3o \u00e0 dist\u00e2ncia de um clique...\",\"potentialAction\":[{\"@type\":\"SearchAction\",\"target\":{\"@type\":\"EntryPoint\",\"urlTemplate\":\"https:\\\/\\\/www.altominho.tv\\\/site\\\/?s={search_term_string}\"},\"query-input\":{\"@type\":\"PropertyValueSpecification\",\"valueRequired\":true,\"valueName\":\"search_term_string\"}}],\"inLanguage\":\"pt-PT\"},{\"@type\":\"Person\",\"@id\":\"https:\\\/\\\/www.altominho.tv\\\/site\\\/#\\\/schema\\\/person\\\/63f693da3e1899361cbe955c46f3232e\",\"name\":\"Lusa\",\"image\":{\"@type\":\"ImageObject\",\"inLanguage\":\"pt-PT\",\"@id\":\"https:\\\/\\\/www.altominho.tv\\\/site\\\/wp-content\\\/uploads\\\/2019\\\/08\\\/LUSA_Logo.gif\",\"url\":\"https:\\\/\\\/www.altominho.tv\\\/site\\\/wp-content\\\/uploads\\\/2019\\\/08\\\/LUSA_Logo.gif\",\"contentUrl\":\"https:\\\/\\\/www.altominho.tv\\\/site\\\/wp-content\\\/uploads\\\/2019\\\/08\\\/LUSA_Logo.gif\",\"caption\":\"Lusa\"},\"sameAs\":[\"http:\\\/\\\/\\\/\\\/www.altominho.tv\\\/site\"],\"url\":\"https:\\\/\\\/www.altominho.tv\\\/site\\\/author\\\/lusa\\\/\"}]}<\/script>\n<!-- \/ Yoast SEO Premium plugin. -->","yoast_head_json":{"title":"Caminha investe mais de 400 mil euros em transportes escolares","description":"Prev\u00ea-se que o Munic\u00edpio assegure\u00a0gratuitamente o transporte a mais de 700 crian\u00e7as e jovens.","robots":{"index":"index","follow":"follow","max-snippet":"max-snippet:-1","max-image-preview":"max-image-preview:large","max-video-preview":"max-video-preview:-1"},"canonical":"https:\/\/www.altominho.tv\/site\/2022\/07\/08\/caminha-investe-mais-de-400-mil-euros-em-transportes-escolares\/","og_locale":"pt_PT","og_type":"article","og_title":"Caminha investe mais de 400 mil euros em transportes escolares","og_description":"Prev\u00ea-se que o Munic\u00edpio assegure\u00a0gratuitamente o transporte a mais de 700 crian\u00e7as e jovens.","og_url":"https:\/\/www.altominho.tv\/site\/2022\/07\/08\/caminha-investe-mais-de-400-mil-euros-em-transportes-escolares\/","og_site_name":"Altominho.tv","article_publisher":"https:\/\/www.facebook.com\/altominhotv","article_published_time":"2022-07-08T08:36:26+00:00","article_modified_time":"2022-07-08T08:36:29+00:00","og_image":[{"width":2000,"height":1059,"url":"https:\/\/www.altominho.tv\/site\/wp-content\/uploads\/2022\/07\/autocarro-escolar.jpg","type":"image\/jpeg"}],"author":"Lusa","twitter_card":"summary_large_image","twitter_creator":"@altominhoTV","twitter_site":"@altominhoTV","twitter_misc":{"Escrito por":"Lusa","Tempo estimado de leitura":"2 minutos"},"schema":{"@context":"https:\/\/schema.org","@graph":[{"@type":"Article","@id":"https:\/\/www.altominho.tv\/site\/2022\/07\/08\/caminha-investe-mais-de-400-mil-euros-em-transportes-escolares\/#article","isPartOf":{"@id":"https:\/\/www.altominho.tv\/site\/2022\/07\/08\/caminha-investe-mais-de-400-mil-euros-em-transportes-escolares\/"},"author":{"name":"Lusa","@id":"https:\/\/www.altominho.tv\/site\/#\/schema\/person\/63f693da3e1899361cbe955c46f3232e"},"headline":"Caminha investe mais de 400 mil euros em transportes escolares","datePublished":"2022-07-08T08:36:26+00:00","dateModified":"2022-07-08T08:36:29+00:00","mainEntityOfPage":{"@id":"https:\/\/www.altominho.tv\/site\/2022\/07\/08\/caminha-investe-mais-de-400-mil-euros-em-transportes-escolares\/"},"wordCount":360,"image":{"@id":"https:\/\/www.altominho.tv\/site\/2022\/07\/08\/caminha-investe-mais-de-400-mil-euros-em-transportes-escolares\/#primaryimage"},"thumbnailUrl":"https:\/\/www.altominho.tv\/site\/wp-content\/uploads\/2022\/07\/autocarro-escolar.jpg","keywords":["Educa\u00e7\u00e3o"],"articleSection":["Caminha"],"inLanguage":"pt-PT","copyrightYear":"2022","copyrightHolder":{"@id":"https:\/\/www.altominho.tv\/site\/#organization"}},{"@type":"WebPage","@id":"https:\/\/www.altominho.tv\/site\/2022\/07\/08\/caminha-investe-mais-de-400-mil-euros-em-transportes-escolares\/","url":"https:\/\/www.altominho.tv\/site\/2022\/07\/08\/caminha-investe-mais-de-400-mil-euros-em-transportes-escolares\/","name":"Caminha investe mais de 400 mil euros em transportes escolares","isPartOf":{"@id":"https:\/\/www.altominho.tv\/site\/#website"},"primaryImageOfPage":{"@id":"https:\/\/www.altominho.tv\/site\/2022\/07\/08\/caminha-investe-mais-de-400-mil-euros-em-transportes-escolares\/#primaryimage"},"image":{"@id":"https:\/\/www.altominho.tv\/site\/2022\/07\/08\/caminha-investe-mais-de-400-mil-euros-em-transportes-escolares\/#primaryimage"},"thumbnailUrl":"https:\/\/www.altominho.tv\/site\/wp-content\/uploads\/2022\/07\/autocarro-escolar.jpg","datePublished":"2022-07-08T08:36:26+00:00","dateModified":"2022-07-08T08:36:29+00:00","author":{"@id":"https:\/\/www.altominho.tv\/site\/#\/schema\/person\/63f693da3e1899361cbe955c46f3232e"},"description":"Prev\u00ea-se que o Munic\u00edpio assegure\u00a0gratuitamente o transporte a mais de 700 crian\u00e7as e jovens.","breadcrumb":{"@id":"https:\/\/www.altominho.tv\/site\/2022\/07\/08\/caminha-investe-mais-de-400-mil-euros-em-transportes-escolares\/#breadcrumb"},"inLanguage":"pt-PT","potentialAction":[{"@type":"ReadAction","target":["https:\/\/www.altominho.tv\/site\/2022\/07\/08\/caminha-investe-mais-de-400-mil-euros-em-transportes-escolares\/"]}]},{"@type":"ImageObject","inLanguage":"pt-PT","@id":"https:\/\/www.altominho.tv\/site\/2022\/07\/08\/caminha-investe-mais-de-400-mil-euros-em-transportes-escolares\/#primaryimage","url":"https:\/\/www.altominho.tv\/site\/wp-content\/uploads\/2022\/07\/autocarro-escolar.jpg","contentUrl":"https:\/\/www.altominho.tv\/site\/wp-content\/uploads\/2022\/07\/autocarro-escolar.jpg","width":2000,"height":1059},{"@type":"BreadcrumbList","@id":"https:\/\/www.altominho.tv\/site\/2022\/07\/08\/caminha-investe-mais-de-400-mil-euros-em-transportes-escolares\/#breadcrumb","itemListElement":[{"@type":"ListItem","position":1,"name":"In\u00edcio","item":"https:\/\/www.altominho.tv\/site\/"},{"@type":"ListItem","position":2,"name":"Caminha investe mais de 400 mil euros em transportes escolares"}]},{"@type":"WebSite","@id":"https:\/\/www.altominho.tv\/site\/#website","url":"https:\/\/www.altominho.tv\/site\/","name":"Altominho.tv","description":"A sua regi\u00e3o \u00e0 dist\u00e2ncia de um clique...","potentialAction":[{"@type":"SearchAction","target":{"@type":"EntryPoint","urlTemplate":"https:\/\/www.altominho.tv\/site\/?s={search_term_string}"},"query-input":{"@type":"PropertyValueSpecification","valueRequired":true,"valueName":"search_term_string"}}],"inLanguage":"pt-PT"},{"@type":"Person","@id":"https:\/\/www.altominho.tv\/site\/#\/schema\/person\/63f693da3e1899361cbe955c46f3232e","name":"Lusa","image":{"@type":"ImageObject","inLanguage":"pt-PT","@id":"https:\/\/www.altominho.tv\/site\/wp-content\/uploads\/2019\/08\/LUSA_Logo.gif","url":"https:\/\/www.altominho.tv\/site\/wp-content\/uploads\/2019\/08\/LUSA_Logo.gif","contentUrl":"https:\/\/www.altominho.tv\/site\/wp-content\/uploads\/2019\/08\/LUSA_Logo.gif","caption":"Lusa"},"sameAs":["http:\/\/\/\/www.altominho.tv\/site"],"url":"https:\/\/www.altominho.tv\/site\/author\/lusa\/"}]}},"_links":{"self":[{"href":"https:\/\/www.altominho.tv\/site\/wp-json\/wp\/v2\/posts\/81244","targetHints":{"allow":["GET"]}}],"collection":[{"href":"https:\/\/www.altominho.tv\/site\/wp-json\/wp\/v2\/posts"}],"about":[{"href":"https:\/\/www.altominho.tv\/site\/wp-json\/wp\/v2\/types\/post"}],"author":[{"embeddable":true,"href":"https:\/\/www.altominho.tv\/site\/wp-json\/wp\/v2\/users\/13"}],"replies":[{"embeddable":true,"href":"https:\/\/www.altominho.tv\/site\/wp-json\/wp\/v2\/comments?post=81244"}],"version-history":[{"count":0,"href":"https:\/\/www.altominho.tv\/site\/wp-json\/wp\/v2\/posts\/81244\/revisions"}],"wp:featuredmedia":[{"embeddable":true,"href":"https:\/\/www.altominho.tv\/site\/wp-json\/wp\/v2\/media\/81245"}],"wp:attachment":[{"href":"https:\/\/www.altominho.tv\/site\/wp-json\/wp\/v2\/media?parent=81244"}],"wp:term":[{"taxonomy":"category","embeddable":true,"href":"https:\/\/www.altominho.tv\/site\/wp-json\/wp\/v2\/categories?post=81244"},{"taxonomy":"post_tag","embeddable":true,"href":"https:\/\/www.altominho.tv\/site\/wp-json\/wp\/v2\/tags?post=81244"}],"curies":[{"name":"wp","href":"https:\/\/api.w.org\/{rel}","templated":true}]}}