{"id":81165,"date":"2022-07-05T13:50:59","date_gmt":"2022-07-05T12:50:59","guid":{"rendered":"https:\/\/www.altominho.tv\/site\/?p=81165"},"modified":"2022-07-05T13:51:02","modified_gmt":"2022-07-05T12:51:02","slug":"medicamentos-gratuitos-para-cerca-de-uma-centena-de-doentes-carenciados","status":"publish","type":"post","link":"https:\/\/www.altominho.tv\/site\/2022\/07\/05\/medicamentos-gratuitos-para-cerca-de-uma-centena-de-doentes-carenciados\/","title":{"rendered":"Medicamentos gratuitos para cerca de uma centena de doentes carenciados"},"content":{"rendered":"<p>A C\u00e2mara de Caminha informou esta ter\u00e7a-feira que quase uma centena de doentes do concelho est\u00e3o inscritos no Programa Abem, garantindo o acesso a medicamentos.<\/p>\n<p>Em comunicado, a autarquia recorda que, em janeiro de 2019, aderiu ao programa e comparticipa com uma verba de 100 euros anuais por cada benefici\u00e1rio identificado e registado.<\/p>\n<p>A Rede Solid\u00e1ria do Medicamento, da Associa\u00e7\u00e3o Dignitude, tem como objetivo &#8220;ajudar os mun\u00edcipes do concelho em situa\u00e7\u00e3o de car\u00eancia econ\u00f3mica a terem acesso aos medicamentos comparticipados pelo Servi\u00e7o Nacional de Sa\u00fade (SNS), que lhe sejam prescritos por receita m\u00e9dica&#8221;.<\/p>\n<p>Os benefici\u00e1rios inscritos t\u00eam direito a um apoio adicional ao atribu\u00eddo pelo SNS na aquisi\u00e7\u00e3o de medicamentos prescritos com o mesmo C\u00f3digo Nacional para a Prescri\u00e7\u00e3o Eletr\u00f3nica de Medicamentos (CNPEM), que pode ir at\u00e9 ao m\u00e1ximo de 100%, devendo para tal apresentar, nas farm\u00e1cias aderentes, o receitu\u00e1rio v\u00e1lido para efeitos da comparticipa\u00e7\u00e3o pelo SNS emitido em seu nome e devidamente validado pelo m\u00e9dico.<\/p>\n<p>Os mun\u00edcipes que pretendam ser benefici\u00e1rios do Programa Abem: Rede Solid\u00e1ria do Medicamento devem solicit\u00e1-lo por escrito, atrav\u00e9s de entrega de requerimento, de acordo com modelo disponibilizado pelo munic\u00edpio, junto dos servi\u00e7os municipais competentes, respons\u00e1veis pela avalia\u00e7\u00e3o do pedido de acordo com as condi\u00e7\u00f5es de recurso previstas no Protocolo de Colabora\u00e7\u00e3o assinado pela C\u00e2mara de Caminha e pela Associa\u00e7\u00e3o Dignitude.<\/p>\n","protected":false},"excerpt":{"rendered":"<p>A C\u00e2mara de Caminha informou esta ter\u00e7a-feira que quase uma centena de doentes do concelho est\u00e3o inscritos no Programa Abem, garantindo o acesso a medicamentos. Em comunicado, a autarquia recorda que, em janeiro de 2019, aderiu ao programa e comparticipa com uma verba de 100 euros anuais por cada benefici\u00e1rio identificado e registado. A Rede [&hellip;]<\/p>\n","protected":false},"author":12,"featured_media":81166,"comment_status":"closed","ping_status":"closed","sticky":false,"template":"","format":"standard","meta":{"_exactmetrics_skip_tracking":false,"_exactmetrics_sitenote_active":false,"_exactmetrics_sitenote_note":"","_exactmetrics_sitenote_category":0,"footnotes":""},"categories":[7],"tags":[26,27],"class_list":["post-81165","post","type-post","status-publish","format-standard","has-post-thumbnail","hentry","category-caminha","tag-saude","tag-sociedade"],"yoast_head":"<!-- This site is optimized with the Yoast SEO Premium plugin v27.5 (Yoast SEO v27.5) - https:\/\/yoast.com\/product\/yoast-seo-premium-wordpress\/ -->\n<title>Medicamentos gratuitos para cerca de uma centena de doentes carenciados<\/title>\n<meta name=\"description\" content=\"Quase uma centena de doentes do concelho de Caminha est\u00e3o inscritos no Programa Abem, garantindo o acesso a medicamentos.\" \/>\n<meta name=\"robots\" content=\"index, follow, max-snippet:-1, max-image-preview:large, max-video-preview:-1\" \/>\n<link rel=\"canonical\" href=\"https:\/\/www.altominho.tv\/site\/2022\/07\/05\/medicamentos-gratuitos-para-cerca-de-uma-centena-de-doentes-carenciados\/\" \/>\n<meta property=\"og:locale\" content=\"pt_PT\" \/>\n<meta property=\"og:type\" content=\"article\" \/>\n<meta property=\"og:title\" content=\"Medicamentos gratuitos para cerca de uma centena de doentes carenciados\" \/>\n<meta property=\"og:description\" content=\"Quase uma centena de doentes do concelho de Caminha est\u00e3o inscritos no Programa Abem, garantindo o acesso a medicamentos.\" \/>\n<meta property=\"og:url\" content=\"https:\/\/www.altominho.tv\/site\/2022\/07\/05\/medicamentos-gratuitos-para-cerca-de-uma-centena-de-doentes-carenciados\/\" \/>\n<meta property=\"og:site_name\" content=\"Altominho.tv\" \/>\n<meta property=\"article:publisher\" content=\"https:\/\/www.facebook.com\/altominhotv\" \/>\n<meta property=\"article:published_time\" content=\"2022-07-05T12:50:59+00:00\" \/>\n<meta property=\"article:modified_time\" content=\"2022-07-05T12:51:02+00:00\" \/>\n<meta property=\"og:image\" content=\"https:\/\/www.altominho.tv\/site\/wp-content\/uploads\/2022\/07\/Medicamentos.jpg\" \/>\n\t<meta property=\"og:image:width\" content=\"1920\" \/>\n\t<meta property=\"og:image:height\" content=\"1271\" \/>\n\t<meta property=\"og:image:type\" content=\"image\/jpeg\" \/>\n<meta name=\"author\" content=\"Andreia Ferreira\" \/>\n<meta name=\"twitter:card\" content=\"summary_large_image\" \/>\n<meta name=\"twitter:creator\" content=\"@altominhoTV\" \/>\n<meta name=\"twitter:site\" content=\"@altominhoTV\" \/>\n<meta name=\"twitter:label1\" content=\"Escrito por\" \/>\n\t<meta name=\"twitter:data1\" content=\"Andreia Ferreira\" \/>\n\t<meta name=\"twitter:label2\" content=\"Tempo estimado de leitura\" \/>\n\t<meta name=\"twitter:data2\" content=\"2 minutos\" \/>\n<script type=\"application\/ld+json\" class=\"yoast-schema-graph\">{\"@context\":\"https:\\\/\\\/schema.org\",\"@graph\":[{\"@type\":\"Article\",\"@id\":\"https:\\\/\\\/www.altominho.tv\\\/site\\\/2022\\\/07\\\/05\\\/medicamentos-gratuitos-para-cerca-de-uma-centena-de-doentes-carenciados\\\/#article\",\"isPartOf\":{\"@id\":\"https:\\\/\\\/www.altominho.tv\\\/site\\\/2022\\\/07\\\/05\\\/medicamentos-gratuitos-para-cerca-de-uma-centena-de-doentes-carenciados\\\/\"},\"author\":{\"name\":\"Andreia Ferreira\",\"@id\":\"https:\\\/\\\/www.altominho.tv\\\/site\\\/#\\\/schema\\\/person\\\/d9be4265364723f14ea8e0d56a1d38cd\"},\"headline\":\"Medicamentos gratuitos para cerca de uma centena de doentes carenciados\",\"datePublished\":\"2022-07-05T12:50:59+00:00\",\"dateModified\":\"2022-07-05T12:51:02+00:00\",\"mainEntityOfPage\":{\"@id\":\"https:\\\/\\\/www.altominho.tv\\\/site\\\/2022\\\/07\\\/05\\\/medicamentos-gratuitos-para-cerca-de-uma-centena-de-doentes-carenciados\\\/\"},\"wordCount\":262,\"image\":{\"@id\":\"https:\\\/\\\/www.altominho.tv\\\/site\\\/2022\\\/07\\\/05\\\/medicamentos-gratuitos-para-cerca-de-uma-centena-de-doentes-carenciados\\\/#primaryimage\"},\"thumbnailUrl\":\"https:\\\/\\\/www.altominho.tv\\\/site\\\/wp-content\\\/uploads\\\/2022\\\/07\\\/Medicamentos.jpg\",\"keywords\":[\"Sa\u00fade\",\"Sociedade\"],\"articleSection\":[\"Caminha\"],\"inLanguage\":\"pt-PT\",\"copyrightYear\":\"2022\",\"copyrightHolder\":{\"@id\":\"https:\\\/\\\/www.altominho.tv\\\/site\\\/#organization\"}},{\"@type\":\"WebPage\",\"@id\":\"https:\\\/\\\/www.altominho.tv\\\/site\\\/2022\\\/07\\\/05\\\/medicamentos-gratuitos-para-cerca-de-uma-centena-de-doentes-carenciados\\\/\",\"url\":\"https:\\\/\\\/www.altominho.tv\\\/site\\\/2022\\\/07\\\/05\\\/medicamentos-gratuitos-para-cerca-de-uma-centena-de-doentes-carenciados\\\/\",\"name\":\"Medicamentos gratuitos para cerca de uma centena de doentes carenciados\",\"isPartOf\":{\"@id\":\"https:\\\/\\\/www.altominho.tv\\\/site\\\/#website\"},\"primaryImageOfPage\":{\"@id\":\"https:\\\/\\\/www.altominho.tv\\\/site\\\/2022\\\/07\\\/05\\\/medicamentos-gratuitos-para-cerca-de-uma-centena-de-doentes-carenciados\\\/#primaryimage\"},\"image\":{\"@id\":\"https:\\\/\\\/www.altominho.tv\\\/site\\\/2022\\\/07\\\/05\\\/medicamentos-gratuitos-para-cerca-de-uma-centena-de-doentes-carenciados\\\/#primaryimage\"},\"thumbnailUrl\":\"https:\\\/\\\/www.altominho.tv\\\/site\\\/wp-content\\\/uploads\\\/2022\\\/07\\\/Medicamentos.jpg\",\"datePublished\":\"2022-07-05T12:50:59+00:00\",\"dateModified\":\"2022-07-05T12:51:02+00:00\",\"author\":{\"@id\":\"https:\\\/\\\/www.altominho.tv\\\/site\\\/#\\\/schema\\\/person\\\/d9be4265364723f14ea8e0d56a1d38cd\"},\"description\":\"Quase uma centena de doentes do concelho de Caminha est\u00e3o inscritos no Programa Abem, garantindo o acesso a medicamentos.\",\"breadcrumb\":{\"@id\":\"https:\\\/\\\/www.altominho.tv\\\/site\\\/2022\\\/07\\\/05\\\/medicamentos-gratuitos-para-cerca-de-uma-centena-de-doentes-carenciados\\\/#breadcrumb\"},\"inLanguage\":\"pt-PT\",\"potentialAction\":[{\"@type\":\"ReadAction\",\"target\":[\"https:\\\/\\\/www.altominho.tv\\\/site\\\/2022\\\/07\\\/05\\\/medicamentos-gratuitos-para-cerca-de-uma-centena-de-doentes-carenciados\\\/\"]}]},{\"@type\":\"ImageObject\",\"inLanguage\":\"pt-PT\",\"@id\":\"https:\\\/\\\/www.altominho.tv\\\/site\\\/2022\\\/07\\\/05\\\/medicamentos-gratuitos-para-cerca-de-uma-centena-de-doentes-carenciados\\\/#primaryimage\",\"url\":\"https:\\\/\\\/www.altominho.tv\\\/site\\\/wp-content\\\/uploads\\\/2022\\\/07\\\/Medicamentos.jpg\",\"contentUrl\":\"https:\\\/\\\/www.altominho.tv\\\/site\\\/wp-content\\\/uploads\\\/2022\\\/07\\\/Medicamentos.jpg\",\"width\":1920,\"height\":1271,\"caption\":\"PIXABAY\"},{\"@type\":\"BreadcrumbList\",\"@id\":\"https:\\\/\\\/www.altominho.tv\\\/site\\\/2022\\\/07\\\/05\\\/medicamentos-gratuitos-para-cerca-de-uma-centena-de-doentes-carenciados\\\/#breadcrumb\",\"itemListElement\":[{\"@type\":\"ListItem\",\"position\":1,\"name\":\"In\u00edcio\",\"item\":\"https:\\\/\\\/www.altominho.tv\\\/site\\\/\"},{\"@type\":\"ListItem\",\"position\":2,\"name\":\"Medicamentos gratuitos para cerca de uma centena de doentes carenciados\"}]},{\"@type\":\"WebSite\",\"@id\":\"https:\\\/\\\/www.altominho.tv\\\/site\\\/#website\",\"url\":\"https:\\\/\\\/www.altominho.tv\\\/site\\\/\",\"name\":\"Altominho.tv\",\"description\":\"A sua regi\u00e3o \u00e0 dist\u00e2ncia de um clique...\",\"potentialAction\":[{\"@type\":\"SearchAction\",\"target\":{\"@type\":\"EntryPoint\",\"urlTemplate\":\"https:\\\/\\\/www.altominho.tv\\\/site\\\/?s={search_term_string}\"},\"query-input\":{\"@type\":\"PropertyValueSpecification\",\"valueRequired\":true,\"valueName\":\"search_term_string\"}}],\"inLanguage\":\"pt-PT\"},{\"@type\":\"Person\",\"@id\":\"https:\\\/\\\/www.altominho.tv\\\/site\\\/#\\\/schema\\\/person\\\/d9be4265364723f14ea8e0d56a1d38cd\",\"name\":\"Andreia Ferreira\",\"image\":{\"@type\":\"ImageObject\",\"inLanguage\":\"pt-PT\",\"@id\":\"https:\\\/\\\/www.altominho.tv\\\/site\\\/wp-content\\\/uploads\\\/2021\\\/01\\\/AndreiaFerreira-150x150.jpg\",\"url\":\"https:\\\/\\\/www.altominho.tv\\\/site\\\/wp-content\\\/uploads\\\/2021\\\/01\\\/AndreiaFerreira-150x150.jpg\",\"contentUrl\":\"https:\\\/\\\/www.altominho.tv\\\/site\\\/wp-content\\\/uploads\\\/2021\\\/01\\\/AndreiaFerreira-150x150.jpg\",\"caption\":\"Andreia Ferreira\"},\"url\":\"https:\\\/\\\/www.altominho.tv\\\/site\\\/author\\\/andreiaferreira\\\/\"}]}<\/script>\n<!-- \/ Yoast SEO Premium plugin. -->","yoast_head_json":{"title":"Medicamentos gratuitos para cerca de uma centena de doentes carenciados","description":"Quase uma centena de doentes do concelho de Caminha est\u00e3o inscritos no Programa Abem, garantindo o acesso a medicamentos.","robots":{"index":"index","follow":"follow","max-snippet":"max-snippet:-1","max-image-preview":"max-image-preview:large","max-video-preview":"max-video-preview:-1"},"canonical":"https:\/\/www.altominho.tv\/site\/2022\/07\/05\/medicamentos-gratuitos-para-cerca-de-uma-centena-de-doentes-carenciados\/","og_locale":"pt_PT","og_type":"article","og_title":"Medicamentos gratuitos para cerca de uma centena de doentes carenciados","og_description":"Quase uma centena de doentes do concelho de Caminha est\u00e3o inscritos no Programa Abem, garantindo o acesso a medicamentos.","og_url":"https:\/\/www.altominho.tv\/site\/2022\/07\/05\/medicamentos-gratuitos-para-cerca-de-uma-centena-de-doentes-carenciados\/","og_site_name":"Altominho.tv","article_publisher":"https:\/\/www.facebook.com\/altominhotv","article_published_time":"2022-07-05T12:50:59+00:00","article_modified_time":"2022-07-05T12:51:02+00:00","og_image":[{"width":1920,"height":1271,"url":"https:\/\/www.altominho.tv\/site\/wp-content\/uploads\/2022\/07\/Medicamentos.jpg","type":"image\/jpeg"}],"author":"Andreia Ferreira","twitter_card":"summary_large_image","twitter_creator":"@altominhoTV","twitter_site":"@altominhoTV","twitter_misc":{"Escrito por":"Andreia Ferreira","Tempo estimado de leitura":"2 minutos"},"schema":{"@context":"https:\/\/schema.org","@graph":[{"@type":"Article","@id":"https:\/\/www.altominho.tv\/site\/2022\/07\/05\/medicamentos-gratuitos-para-cerca-de-uma-centena-de-doentes-carenciados\/#article","isPartOf":{"@id":"https:\/\/www.altominho.tv\/site\/2022\/07\/05\/medicamentos-gratuitos-para-cerca-de-uma-centena-de-doentes-carenciados\/"},"author":{"name":"Andreia Ferreira","@id":"https:\/\/www.altominho.tv\/site\/#\/schema\/person\/d9be4265364723f14ea8e0d56a1d38cd"},"headline":"Medicamentos gratuitos para cerca de uma centena de doentes carenciados","datePublished":"2022-07-05T12:50:59+00:00","dateModified":"2022-07-05T12:51:02+00:00","mainEntityOfPage":{"@id":"https:\/\/www.altominho.tv\/site\/2022\/07\/05\/medicamentos-gratuitos-para-cerca-de-uma-centena-de-doentes-carenciados\/"},"wordCount":262,"image":{"@id":"https:\/\/www.altominho.tv\/site\/2022\/07\/05\/medicamentos-gratuitos-para-cerca-de-uma-centena-de-doentes-carenciados\/#primaryimage"},"thumbnailUrl":"https:\/\/www.altominho.tv\/site\/wp-content\/uploads\/2022\/07\/Medicamentos.jpg","keywords":["Sa\u00fade","Sociedade"],"articleSection":["Caminha"],"inLanguage":"pt-PT","copyrightYear":"2022","copyrightHolder":{"@id":"https:\/\/www.altominho.tv\/site\/#organization"}},{"@type":"WebPage","@id":"https:\/\/www.altominho.tv\/site\/2022\/07\/05\/medicamentos-gratuitos-para-cerca-de-uma-centena-de-doentes-carenciados\/","url":"https:\/\/www.altominho.tv\/site\/2022\/07\/05\/medicamentos-gratuitos-para-cerca-de-uma-centena-de-doentes-carenciados\/","name":"Medicamentos gratuitos para cerca de uma centena de doentes carenciados","isPartOf":{"@id":"https:\/\/www.altominho.tv\/site\/#website"},"primaryImageOfPage":{"@id":"https:\/\/www.altominho.tv\/site\/2022\/07\/05\/medicamentos-gratuitos-para-cerca-de-uma-centena-de-doentes-carenciados\/#primaryimage"},"image":{"@id":"https:\/\/www.altominho.tv\/site\/2022\/07\/05\/medicamentos-gratuitos-para-cerca-de-uma-centena-de-doentes-carenciados\/#primaryimage"},"thumbnailUrl":"https:\/\/www.altominho.tv\/site\/wp-content\/uploads\/2022\/07\/Medicamentos.jpg","datePublished":"2022-07-05T12:50:59+00:00","dateModified":"2022-07-05T12:51:02+00:00","author":{"@id":"https:\/\/www.altominho.tv\/site\/#\/schema\/person\/d9be4265364723f14ea8e0d56a1d38cd"},"description":"Quase uma centena de doentes do concelho de Caminha est\u00e3o inscritos no Programa Abem, garantindo o acesso a medicamentos.","breadcrumb":{"@id":"https:\/\/www.altominho.tv\/site\/2022\/07\/05\/medicamentos-gratuitos-para-cerca-de-uma-centena-de-doentes-carenciados\/#breadcrumb"},"inLanguage":"pt-PT","potentialAction":[{"@type":"ReadAction","target":["https:\/\/www.altominho.tv\/site\/2022\/07\/05\/medicamentos-gratuitos-para-cerca-de-uma-centena-de-doentes-carenciados\/"]}]},{"@type":"ImageObject","inLanguage":"pt-PT","@id":"https:\/\/www.altominho.tv\/site\/2022\/07\/05\/medicamentos-gratuitos-para-cerca-de-uma-centena-de-doentes-carenciados\/#primaryimage","url":"https:\/\/www.altominho.tv\/site\/wp-content\/uploads\/2022\/07\/Medicamentos.jpg","contentUrl":"https:\/\/www.altominho.tv\/site\/wp-content\/uploads\/2022\/07\/Medicamentos.jpg","width":1920,"height":1271,"caption":"PIXABAY"},{"@type":"BreadcrumbList","@id":"https:\/\/www.altominho.tv\/site\/2022\/07\/05\/medicamentos-gratuitos-para-cerca-de-uma-centena-de-doentes-carenciados\/#breadcrumb","itemListElement":[{"@type":"ListItem","position":1,"name":"In\u00edcio","item":"https:\/\/www.altominho.tv\/site\/"},{"@type":"ListItem","position":2,"name":"Medicamentos gratuitos para cerca de uma centena de doentes carenciados"}]},{"@type":"WebSite","@id":"https:\/\/www.altominho.tv\/site\/#website","url":"https:\/\/www.altominho.tv\/site\/","name":"Altominho.tv","description":"A sua regi\u00e3o \u00e0 dist\u00e2ncia de um clique...","potentialAction":[{"@type":"SearchAction","target":{"@type":"EntryPoint","urlTemplate":"https:\/\/www.altominho.tv\/site\/?s={search_term_string}"},"query-input":{"@type":"PropertyValueSpecification","valueRequired":true,"valueName":"search_term_string"}}],"inLanguage":"pt-PT"},{"@type":"Person","@id":"https:\/\/www.altominho.tv\/site\/#\/schema\/person\/d9be4265364723f14ea8e0d56a1d38cd","name":"Andreia Ferreira","image":{"@type":"ImageObject","inLanguage":"pt-PT","@id":"https:\/\/www.altominho.tv\/site\/wp-content\/uploads\/2021\/01\/AndreiaFerreira-150x150.jpg","url":"https:\/\/www.altominho.tv\/site\/wp-content\/uploads\/2021\/01\/AndreiaFerreira-150x150.jpg","contentUrl":"https:\/\/www.altominho.tv\/site\/wp-content\/uploads\/2021\/01\/AndreiaFerreira-150x150.jpg","caption":"Andreia Ferreira"},"url":"https:\/\/www.altominho.tv\/site\/author\/andreiaferreira\/"}]}},"_links":{"self":[{"href":"https:\/\/www.altominho.tv\/site\/wp-json\/wp\/v2\/posts\/81165","targetHints":{"allow":["GET"]}}],"collection":[{"href":"https:\/\/www.altominho.tv\/site\/wp-json\/wp\/v2\/posts"}],"about":[{"href":"https:\/\/www.altominho.tv\/site\/wp-json\/wp\/v2\/types\/post"}],"author":[{"embeddable":true,"href":"https:\/\/www.altominho.tv\/site\/wp-json\/wp\/v2\/users\/12"}],"replies":[{"embeddable":true,"href":"https:\/\/www.altominho.tv\/site\/wp-json\/wp\/v2\/comments?post=81165"}],"version-history":[{"count":0,"href":"https:\/\/www.altominho.tv\/site\/wp-json\/wp\/v2\/posts\/81165\/revisions"}],"wp:featuredmedia":[{"embeddable":true,"href":"https:\/\/www.altominho.tv\/site\/wp-json\/wp\/v2\/media\/81166"}],"wp:attachment":[{"href":"https:\/\/www.altominho.tv\/site\/wp-json\/wp\/v2\/media?parent=81165"}],"wp:term":[{"taxonomy":"category","embeddable":true,"href":"https:\/\/www.altominho.tv\/site\/wp-json\/wp\/v2\/categories?post=81165"},{"taxonomy":"post_tag","embeddable":true,"href":"https:\/\/www.altominho.tv\/site\/wp-json\/wp\/v2\/tags?post=81165"}],"curies":[{"name":"wp","href":"https:\/\/api.w.org\/{rel}","templated":true}]}}