{"id":81038,"date":"2022-07-01T15:33:11","date_gmt":"2022-07-01T14:33:11","guid":{"rendered":"https:\/\/www.altominho.tv\/site\/?p=81038"},"modified":"2022-07-01T15:33:32","modified_gmt":"2022-07-01T14:33:32","slug":"instituicoes-partilham-boas-praticas-transfronteiricas-na-bulgaria-e-servia","status":"publish","type":"post","link":"https:\/\/www.altominho.tv\/site\/2022\/07\/01\/instituicoes-partilham-boas-praticas-transfronteiricas-na-bulgaria-e-servia\/","title":{"rendered":"Institui\u00e7\u00f5es partilham boas pr\u00e1ticas transfronteiri\u00e7as na Bulg\u00e1ria e S\u00e9rvia\u00a0"},"content":{"rendered":"<p>Institui\u00e7\u00f5es de Vila Nova de Cerveira, no distrito de Viana do Castelo, partilharam boas pr\u00e1ticas transfronteiri\u00e7as na Bulg\u00e1ria e S\u00e9rvia durante um encontro realizado ao abrigo do projeto Bridge, informou hoje a C\u00e2mara local.<\/p>\n<p>Em comunicado, a autarquia adiantou que o encontro, que decorreu em junho, \u201corganizado pela institui\u00e7\u00e3o parceira do projeto \u2013 Sdruzhenie na Yugozapadnite Obshtini (Associa\u00e7\u00e3o dos Munic\u00edpios do Sudoeste da Bulg\u00e1ria) -, permitiu aos parceiros que integram o cons\u00f3rcio apresentarem projetos transfronteiri\u00e7os na esfera das atividades sociais, ecol\u00f3gicas, cidadania e sociedade civil\u201d.<\/p>\n<p>O evento, ao qual Cerveira levou projetos promovidos pelo Aquamuseu, Associa\u00e7\u00e3o Pedal\u2019Arte e a Santa Casa da Miseric\u00f3rdia,\u00a0 permitiu ainda a divulga\u00e7\u00e3o de \u201calguns dos projetos implementados nos munic\u00edpios do sudoeste da Bulg\u00e1ria, nomeadamente pelos programas INTERREG, bem como testemunhar investimentos em infraestruturas desportivas e de apoio social no munic\u00edpio de Dimitrovgrad, na S\u00e9rvia\u201d.<\/p>\n<p>O projeto Bridge, coordenado pelo munic\u00edpio de Vila Nova de Cerveira, \u00e9 financiado pelo programa Europa para os Cidad\u00e3os, a\u00e7\u00e3o \u2013 Rede de Cidades. O cons\u00f3rcio do projeto \u00e9 constitu\u00eddo por 11 organiza\u00e7\u00f5es de 10 pa\u00edses e foi desenhado tendo em conta o contexto territorial \u2013 integra\u00e7\u00e3o de organiza\u00e7\u00f5es\/munic\u00edpios transfronteiri\u00e7os.<\/p>\n","protected":false},"excerpt":{"rendered":"<p>Institui\u00e7\u00f5es de Vila Nova de Cerveira, no distrito de Viana do Castelo, partilharam boas pr\u00e1ticas transfronteiri\u00e7as na Bulg\u00e1ria e S\u00e9rvia durante um encontro realizado ao abrigo do projeto Bridge, informou hoje a C\u00e2mara local. Em comunicado, a autarquia adiantou que o encontro, que decorreu em junho, \u201corganizado pela institui\u00e7\u00e3o parceira do projeto \u2013 Sdruzhenie na [&hellip;]<\/p>\n","protected":false},"author":13,"featured_media":81039,"comment_status":"closed","ping_status":"closed","sticky":false,"template":"","format":"standard","meta":{"_exactmetrics_skip_tracking":false,"_exactmetrics_sitenote_active":false,"_exactmetrics_sitenote_note":"","_exactmetrics_sitenote_category":0,"footnotes":""},"categories":[15],"tags":[27],"class_list":["post-81038","post","type-post","status-publish","format-standard","has-post-thumbnail","hentry","category-vila-nova-de-cerveira","tag-sociedade"],"yoast_head":"<!-- This site is optimized with the Yoast SEO Premium plugin v27.5 (Yoast SEO v27.5) - https:\/\/yoast.com\/product\/yoast-seo-premium-wordpress\/ -->\n<title>Institui\u00e7\u00f5es partilham boas pr\u00e1ticas transfronteiri\u00e7as na Bulg\u00e1ria e S\u00e9rvia\u00a0<\/title>\n<meta name=\"robots\" content=\"index, follow, max-snippet:-1, max-image-preview:large, max-video-preview:-1\" \/>\n<link rel=\"canonical\" href=\"https:\/\/www.altominho.tv\/site\/2022\/07\/01\/instituicoes-partilham-boas-praticas-transfronteiricas-na-bulgaria-e-servia\/\" \/>\n<meta property=\"og:locale\" content=\"pt_PT\" \/>\n<meta property=\"og:type\" content=\"article\" \/>\n<meta property=\"og:title\" content=\"Institui\u00e7\u00f5es partilham boas pr\u00e1ticas transfronteiri\u00e7as na Bulg\u00e1ria e S\u00e9rvia\u00a0\" \/>\n<meta property=\"og:description\" content=\"Institui\u00e7\u00f5es de Vila Nova de Cerveira, no distrito de Viana do Castelo, partilharam boas pr\u00e1ticas transfronteiri\u00e7as na Bulg\u00e1ria e S\u00e9rvia durante um encontro realizado ao abrigo do projeto Bridge, informou hoje a C\u00e2mara local. Em comunicado, a autarquia adiantou que o encontro, que decorreu em junho, \u201corganizado pela institui\u00e7\u00e3o parceira do projeto \u2013 Sdruzhenie na [&hellip;]\" \/>\n<meta property=\"og:url\" content=\"https:\/\/www.altominho.tv\/site\/2022\/07\/01\/instituicoes-partilham-boas-praticas-transfronteiricas-na-bulgaria-e-servia\/\" \/>\n<meta property=\"og:site_name\" content=\"Altominho.tv\" \/>\n<meta property=\"article:publisher\" content=\"https:\/\/www.facebook.com\/altominhotv\" \/>\n<meta property=\"article:published_time\" content=\"2022-07-01T14:33:11+00:00\" \/>\n<meta property=\"article:modified_time\" content=\"2022-07-01T14:33:32+00:00\" \/>\n<meta property=\"og:image\" content=\"https:\/\/www.altominho.tv\/site\/wp-content\/uploads\/2022\/07\/iv-meeting-bridge-scaled.jpg\" \/>\n\t<meta property=\"og:image:width\" content=\"2560\" \/>\n\t<meta property=\"og:image:height\" content=\"1707\" \/>\n\t<meta property=\"og:image:type\" content=\"image\/jpeg\" \/>\n<meta name=\"author\" content=\"Lusa\" \/>\n<meta name=\"twitter:card\" content=\"summary_large_image\" \/>\n<meta name=\"twitter:creator\" content=\"@altominhoTV\" \/>\n<meta name=\"twitter:site\" content=\"@altominhoTV\" \/>\n<meta name=\"twitter:label1\" content=\"Escrito por\" \/>\n\t<meta name=\"twitter:data1\" content=\"Lusa\" \/>\n\t<meta name=\"twitter:label2\" content=\"Tempo estimado de leitura\" \/>\n\t<meta name=\"twitter:data2\" content=\"2 minutos\" \/>\n<script type=\"application\/ld+json\" class=\"yoast-schema-graph\">{\"@context\":\"https:\\\/\\\/schema.org\",\"@graph\":[{\"@type\":\"Article\",\"@id\":\"https:\\\/\\\/www.altominho.tv\\\/site\\\/2022\\\/07\\\/01\\\/instituicoes-partilham-boas-praticas-transfronteiricas-na-bulgaria-e-servia\\\/#article\",\"isPartOf\":{\"@id\":\"https:\\\/\\\/www.altominho.tv\\\/site\\\/2022\\\/07\\\/01\\\/instituicoes-partilham-boas-praticas-transfronteiricas-na-bulgaria-e-servia\\\/\"},\"author\":{\"name\":\"Lusa\",\"@id\":\"https:\\\/\\\/www.altominho.tv\\\/site\\\/#\\\/schema\\\/person\\\/63f693da3e1899361cbe955c46f3232e\"},\"headline\":\"Institui\u00e7\u00f5es partilham boas pr\u00e1ticas transfronteiri\u00e7as na Bulg\u00e1ria e S\u00e9rvia\u00a0\",\"datePublished\":\"2022-07-01T14:33:11+00:00\",\"dateModified\":\"2022-07-01T14:33:32+00:00\",\"mainEntityOfPage\":{\"@id\":\"https:\\\/\\\/www.altominho.tv\\\/site\\\/2022\\\/07\\\/01\\\/instituicoes-partilham-boas-praticas-transfronteiricas-na-bulgaria-e-servia\\\/\"},\"wordCount\":229,\"image\":{\"@id\":\"https:\\\/\\\/www.altominho.tv\\\/site\\\/2022\\\/07\\\/01\\\/instituicoes-partilham-boas-praticas-transfronteiricas-na-bulgaria-e-servia\\\/#primaryimage\"},\"thumbnailUrl\":\"https:\\\/\\\/www.altominho.tv\\\/site\\\/wp-content\\\/uploads\\\/2022\\\/07\\\/iv-meeting-bridge-scaled.jpg\",\"keywords\":[\"Sociedade\"],\"articleSection\":[\"Vila Nova de Cerveira\"],\"inLanguage\":\"pt-PT\",\"copyrightYear\":\"2022\",\"copyrightHolder\":{\"@id\":\"https:\\\/\\\/www.altominho.tv\\\/site\\\/#organization\"}},{\"@type\":\"WebPage\",\"@id\":\"https:\\\/\\\/www.altominho.tv\\\/site\\\/2022\\\/07\\\/01\\\/instituicoes-partilham-boas-praticas-transfronteiricas-na-bulgaria-e-servia\\\/\",\"url\":\"https:\\\/\\\/www.altominho.tv\\\/site\\\/2022\\\/07\\\/01\\\/instituicoes-partilham-boas-praticas-transfronteiricas-na-bulgaria-e-servia\\\/\",\"name\":\"Institui\u00e7\u00f5es partilham boas pr\u00e1ticas transfronteiri\u00e7as na Bulg\u00e1ria e S\u00e9rvia\u00a0\",\"isPartOf\":{\"@id\":\"https:\\\/\\\/www.altominho.tv\\\/site\\\/#website\"},\"primaryImageOfPage\":{\"@id\":\"https:\\\/\\\/www.altominho.tv\\\/site\\\/2022\\\/07\\\/01\\\/instituicoes-partilham-boas-praticas-transfronteiricas-na-bulgaria-e-servia\\\/#primaryimage\"},\"image\":{\"@id\":\"https:\\\/\\\/www.altominho.tv\\\/site\\\/2022\\\/07\\\/01\\\/instituicoes-partilham-boas-praticas-transfronteiricas-na-bulgaria-e-servia\\\/#primaryimage\"},\"thumbnailUrl\":\"https:\\\/\\\/www.altominho.tv\\\/site\\\/wp-content\\\/uploads\\\/2022\\\/07\\\/iv-meeting-bridge-scaled.jpg\",\"datePublished\":\"2022-07-01T14:33:11+00:00\",\"dateModified\":\"2022-07-01T14:33:32+00:00\",\"author\":{\"@id\":\"https:\\\/\\\/www.altominho.tv\\\/site\\\/#\\\/schema\\\/person\\\/63f693da3e1899361cbe955c46f3232e\"},\"breadcrumb\":{\"@id\":\"https:\\\/\\\/www.altominho.tv\\\/site\\\/2022\\\/07\\\/01\\\/instituicoes-partilham-boas-praticas-transfronteiricas-na-bulgaria-e-servia\\\/#breadcrumb\"},\"inLanguage\":\"pt-PT\",\"potentialAction\":[{\"@type\":\"ReadAction\",\"target\":[\"https:\\\/\\\/www.altominho.tv\\\/site\\\/2022\\\/07\\\/01\\\/instituicoes-partilham-boas-praticas-transfronteiricas-na-bulgaria-e-servia\\\/\"]}]},{\"@type\":\"ImageObject\",\"inLanguage\":\"pt-PT\",\"@id\":\"https:\\\/\\\/www.altominho.tv\\\/site\\\/2022\\\/07\\\/01\\\/instituicoes-partilham-boas-praticas-transfronteiricas-na-bulgaria-e-servia\\\/#primaryimage\",\"url\":\"https:\\\/\\\/www.altominho.tv\\\/site\\\/wp-content\\\/uploads\\\/2022\\\/07\\\/iv-meeting-bridge-scaled.jpg\",\"contentUrl\":\"https:\\\/\\\/www.altominho.tv\\\/site\\\/wp-content\\\/uploads\\\/2022\\\/07\\\/iv-meeting-bridge-scaled.jpg\",\"width\":2560,\"height\":1707},{\"@type\":\"BreadcrumbList\",\"@id\":\"https:\\\/\\\/www.altominho.tv\\\/site\\\/2022\\\/07\\\/01\\\/instituicoes-partilham-boas-praticas-transfronteiricas-na-bulgaria-e-servia\\\/#breadcrumb\",\"itemListElement\":[{\"@type\":\"ListItem\",\"position\":1,\"name\":\"In\u00edcio\",\"item\":\"https:\\\/\\\/www.altominho.tv\\\/site\\\/\"},{\"@type\":\"ListItem\",\"position\":2,\"name\":\"Institui\u00e7\u00f5es partilham boas pr\u00e1ticas transfronteiri\u00e7as na Bulg\u00e1ria e S\u00e9rvia\u00a0\"}]},{\"@type\":\"WebSite\",\"@id\":\"https:\\\/\\\/www.altominho.tv\\\/site\\\/#website\",\"url\":\"https:\\\/\\\/www.altominho.tv\\\/site\\\/\",\"name\":\"Altominho.tv\",\"description\":\"A sua regi\u00e3o \u00e0 dist\u00e2ncia de um clique...\",\"potentialAction\":[{\"@type\":\"SearchAction\",\"target\":{\"@type\":\"EntryPoint\",\"urlTemplate\":\"https:\\\/\\\/www.altominho.tv\\\/site\\\/?s={search_term_string}\"},\"query-input\":{\"@type\":\"PropertyValueSpecification\",\"valueRequired\":true,\"valueName\":\"search_term_string\"}}],\"inLanguage\":\"pt-PT\"},{\"@type\":\"Person\",\"@id\":\"https:\\\/\\\/www.altominho.tv\\\/site\\\/#\\\/schema\\\/person\\\/63f693da3e1899361cbe955c46f3232e\",\"name\":\"Lusa\",\"image\":{\"@type\":\"ImageObject\",\"inLanguage\":\"pt-PT\",\"@id\":\"https:\\\/\\\/www.altominho.tv\\\/site\\\/wp-content\\\/uploads\\\/2019\\\/08\\\/LUSA_Logo.gif\",\"url\":\"https:\\\/\\\/www.altominho.tv\\\/site\\\/wp-content\\\/uploads\\\/2019\\\/08\\\/LUSA_Logo.gif\",\"contentUrl\":\"https:\\\/\\\/www.altominho.tv\\\/site\\\/wp-content\\\/uploads\\\/2019\\\/08\\\/LUSA_Logo.gif\",\"caption\":\"Lusa\"},\"sameAs\":[\"http:\\\/\\\/\\\/\\\/www.altominho.tv\\\/site\"],\"url\":\"https:\\\/\\\/www.altominho.tv\\\/site\\\/author\\\/lusa\\\/\"}]}<\/script>\n<!-- \/ Yoast SEO Premium plugin. -->","yoast_head_json":{"title":"Institui\u00e7\u00f5es partilham boas pr\u00e1ticas transfronteiri\u00e7as na Bulg\u00e1ria e S\u00e9rvia\u00a0","robots":{"index":"index","follow":"follow","max-snippet":"max-snippet:-1","max-image-preview":"max-image-preview:large","max-video-preview":"max-video-preview:-1"},"canonical":"https:\/\/www.altominho.tv\/site\/2022\/07\/01\/instituicoes-partilham-boas-praticas-transfronteiricas-na-bulgaria-e-servia\/","og_locale":"pt_PT","og_type":"article","og_title":"Institui\u00e7\u00f5es partilham boas pr\u00e1ticas transfronteiri\u00e7as na Bulg\u00e1ria e S\u00e9rvia\u00a0","og_description":"Institui\u00e7\u00f5es de Vila Nova de Cerveira, no distrito de Viana do Castelo, partilharam boas pr\u00e1ticas transfronteiri\u00e7as na Bulg\u00e1ria e S\u00e9rvia durante um encontro realizado ao abrigo do projeto Bridge, informou hoje a C\u00e2mara local. Em comunicado, a autarquia adiantou que o encontro, que decorreu em junho, \u201corganizado pela institui\u00e7\u00e3o parceira do projeto \u2013 Sdruzhenie na [&hellip;]","og_url":"https:\/\/www.altominho.tv\/site\/2022\/07\/01\/instituicoes-partilham-boas-praticas-transfronteiricas-na-bulgaria-e-servia\/","og_site_name":"Altominho.tv","article_publisher":"https:\/\/www.facebook.com\/altominhotv","article_published_time":"2022-07-01T14:33:11+00:00","article_modified_time":"2022-07-01T14:33:32+00:00","og_image":[{"width":2560,"height":1707,"url":"https:\/\/www.altominho.tv\/site\/wp-content\/uploads\/2022\/07\/iv-meeting-bridge-scaled.jpg","type":"image\/jpeg"}],"author":"Lusa","twitter_card":"summary_large_image","twitter_creator":"@altominhoTV","twitter_site":"@altominhoTV","twitter_misc":{"Escrito por":"Lusa","Tempo estimado de leitura":"2 minutos"},"schema":{"@context":"https:\/\/schema.org","@graph":[{"@type":"Article","@id":"https:\/\/www.altominho.tv\/site\/2022\/07\/01\/instituicoes-partilham-boas-praticas-transfronteiricas-na-bulgaria-e-servia\/#article","isPartOf":{"@id":"https:\/\/www.altominho.tv\/site\/2022\/07\/01\/instituicoes-partilham-boas-praticas-transfronteiricas-na-bulgaria-e-servia\/"},"author":{"name":"Lusa","@id":"https:\/\/www.altominho.tv\/site\/#\/schema\/person\/63f693da3e1899361cbe955c46f3232e"},"headline":"Institui\u00e7\u00f5es partilham boas pr\u00e1ticas transfronteiri\u00e7as na Bulg\u00e1ria e S\u00e9rvia\u00a0","datePublished":"2022-07-01T14:33:11+00:00","dateModified":"2022-07-01T14:33:32+00:00","mainEntityOfPage":{"@id":"https:\/\/www.altominho.tv\/site\/2022\/07\/01\/instituicoes-partilham-boas-praticas-transfronteiricas-na-bulgaria-e-servia\/"},"wordCount":229,"image":{"@id":"https:\/\/www.altominho.tv\/site\/2022\/07\/01\/instituicoes-partilham-boas-praticas-transfronteiricas-na-bulgaria-e-servia\/#primaryimage"},"thumbnailUrl":"https:\/\/www.altominho.tv\/site\/wp-content\/uploads\/2022\/07\/iv-meeting-bridge-scaled.jpg","keywords":["Sociedade"],"articleSection":["Vila Nova de Cerveira"],"inLanguage":"pt-PT","copyrightYear":"2022","copyrightHolder":{"@id":"https:\/\/www.altominho.tv\/site\/#organization"}},{"@type":"WebPage","@id":"https:\/\/www.altominho.tv\/site\/2022\/07\/01\/instituicoes-partilham-boas-praticas-transfronteiricas-na-bulgaria-e-servia\/","url":"https:\/\/www.altominho.tv\/site\/2022\/07\/01\/instituicoes-partilham-boas-praticas-transfronteiricas-na-bulgaria-e-servia\/","name":"Institui\u00e7\u00f5es partilham boas pr\u00e1ticas transfronteiri\u00e7as na Bulg\u00e1ria e S\u00e9rvia\u00a0","isPartOf":{"@id":"https:\/\/www.altominho.tv\/site\/#website"},"primaryImageOfPage":{"@id":"https:\/\/www.altominho.tv\/site\/2022\/07\/01\/instituicoes-partilham-boas-praticas-transfronteiricas-na-bulgaria-e-servia\/#primaryimage"},"image":{"@id":"https:\/\/www.altominho.tv\/site\/2022\/07\/01\/instituicoes-partilham-boas-praticas-transfronteiricas-na-bulgaria-e-servia\/#primaryimage"},"thumbnailUrl":"https:\/\/www.altominho.tv\/site\/wp-content\/uploads\/2022\/07\/iv-meeting-bridge-scaled.jpg","datePublished":"2022-07-01T14:33:11+00:00","dateModified":"2022-07-01T14:33:32+00:00","author":{"@id":"https:\/\/www.altominho.tv\/site\/#\/schema\/person\/63f693da3e1899361cbe955c46f3232e"},"breadcrumb":{"@id":"https:\/\/www.altominho.tv\/site\/2022\/07\/01\/instituicoes-partilham-boas-praticas-transfronteiricas-na-bulgaria-e-servia\/#breadcrumb"},"inLanguage":"pt-PT","potentialAction":[{"@type":"ReadAction","target":["https:\/\/www.altominho.tv\/site\/2022\/07\/01\/instituicoes-partilham-boas-praticas-transfronteiricas-na-bulgaria-e-servia\/"]}]},{"@type":"ImageObject","inLanguage":"pt-PT","@id":"https:\/\/www.altominho.tv\/site\/2022\/07\/01\/instituicoes-partilham-boas-praticas-transfronteiricas-na-bulgaria-e-servia\/#primaryimage","url":"https:\/\/www.altominho.tv\/site\/wp-content\/uploads\/2022\/07\/iv-meeting-bridge-scaled.jpg","contentUrl":"https:\/\/www.altominho.tv\/site\/wp-content\/uploads\/2022\/07\/iv-meeting-bridge-scaled.jpg","width":2560,"height":1707},{"@type":"BreadcrumbList","@id":"https:\/\/www.altominho.tv\/site\/2022\/07\/01\/instituicoes-partilham-boas-praticas-transfronteiricas-na-bulgaria-e-servia\/#breadcrumb","itemListElement":[{"@type":"ListItem","position":1,"name":"In\u00edcio","item":"https:\/\/www.altominho.tv\/site\/"},{"@type":"ListItem","position":2,"name":"Institui\u00e7\u00f5es partilham boas pr\u00e1ticas transfronteiri\u00e7as na Bulg\u00e1ria e S\u00e9rvia\u00a0"}]},{"@type":"WebSite","@id":"https:\/\/www.altominho.tv\/site\/#website","url":"https:\/\/www.altominho.tv\/site\/","name":"Altominho.tv","description":"A sua regi\u00e3o \u00e0 dist\u00e2ncia de um clique...","potentialAction":[{"@type":"SearchAction","target":{"@type":"EntryPoint","urlTemplate":"https:\/\/www.altominho.tv\/site\/?s={search_term_string}"},"query-input":{"@type":"PropertyValueSpecification","valueRequired":true,"valueName":"search_term_string"}}],"inLanguage":"pt-PT"},{"@type":"Person","@id":"https:\/\/www.altominho.tv\/site\/#\/schema\/person\/63f693da3e1899361cbe955c46f3232e","name":"Lusa","image":{"@type":"ImageObject","inLanguage":"pt-PT","@id":"https:\/\/www.altominho.tv\/site\/wp-content\/uploads\/2019\/08\/LUSA_Logo.gif","url":"https:\/\/www.altominho.tv\/site\/wp-content\/uploads\/2019\/08\/LUSA_Logo.gif","contentUrl":"https:\/\/www.altominho.tv\/site\/wp-content\/uploads\/2019\/08\/LUSA_Logo.gif","caption":"Lusa"},"sameAs":["http:\/\/\/\/www.altominho.tv\/site"],"url":"https:\/\/www.altominho.tv\/site\/author\/lusa\/"}]}},"_links":{"self":[{"href":"https:\/\/www.altominho.tv\/site\/wp-json\/wp\/v2\/posts\/81038","targetHints":{"allow":["GET"]}}],"collection":[{"href":"https:\/\/www.altominho.tv\/site\/wp-json\/wp\/v2\/posts"}],"about":[{"href":"https:\/\/www.altominho.tv\/site\/wp-json\/wp\/v2\/types\/post"}],"author":[{"embeddable":true,"href":"https:\/\/www.altominho.tv\/site\/wp-json\/wp\/v2\/users\/13"}],"replies":[{"embeddable":true,"href":"https:\/\/www.altominho.tv\/site\/wp-json\/wp\/v2\/comments?post=81038"}],"version-history":[{"count":0,"href":"https:\/\/www.altominho.tv\/site\/wp-json\/wp\/v2\/posts\/81038\/revisions"}],"wp:featuredmedia":[{"embeddable":true,"href":"https:\/\/www.altominho.tv\/site\/wp-json\/wp\/v2\/media\/81039"}],"wp:attachment":[{"href":"https:\/\/www.altominho.tv\/site\/wp-json\/wp\/v2\/media?parent=81038"}],"wp:term":[{"taxonomy":"category","embeddable":true,"href":"https:\/\/www.altominho.tv\/site\/wp-json\/wp\/v2\/categories?post=81038"},{"taxonomy":"post_tag","embeddable":true,"href":"https:\/\/www.altominho.tv\/site\/wp-json\/wp\/v2\/tags?post=81038"}],"curies":[{"name":"wp","href":"https:\/\/api.w.org\/{rel}","templated":true}]}}