{"id":8097,"date":"2018-01-09T15:47:16","date_gmt":"2018-01-09T15:47:16","guid":{"rendered":"http:\/\/www.altominho.tv\/site\/?p=8097"},"modified":"2018-01-09T15:47:16","modified_gmt":"2018-01-09T15:47:16","slug":"conferencia-episcopal-apoia-recuperacao-da-igreja-de-lavradas","status":"publish","type":"post","link":"https:\/\/www.altominho.tv\/site\/2018\/01\/09\/conferencia-episcopal-apoia-recuperacao-da-igreja-de-lavradas\/","title":{"rendered":"Confer\u00eancia Episcopal apoia recupera\u00e7\u00e3o da igreja de Lavradas"},"content":{"rendered":"<p>A Confer\u00eancia Episcopal Portuguesa (CEP) vai apoiar financeiramente a recupera\u00e7\u00e3o da igreja de Lavradas, em Ponte da Barca, distrito de Viana do Castelo, destru\u00edda por um inc\u00eandio uma semana antes do \u00faltimo Natal, anunciou hoje o seu porta-voz.<\/p>\n<blockquote><p>\u201cTivemos em aten\u00e7\u00e3o o pedido de uma igreja que ardeu, em Lavradas, Viana do Castelo, oito dias antes do Natal. \u00c9 um apoio solid\u00e1rio significativo, com algum montante que ir\u00e1 da Confer\u00eancia Episcopal para ajudar a reconstruir ou construir de novo\u201d, afirmou o padre Manuel Barbosa.<\/p><\/blockquote>\n<p>Falando aos jornalistas no final da reuni\u00e3o do conselho permanente da CEP, em F\u00e1tima, no distrito de Santar\u00e9m, Manuel Barbosa referiu que esta \u201cser\u00e1 mais uma migalha, no bom sentido da palavra, para que esta igreja seja reconstru\u00edda e os fi\u00e9is possam ter um espa\u00e7o digno para celebrar a sua f\u00e9\u201d.<\/p>\n<p>Questionado sobre o valor a atribuir, o porta-voz da CEP escusou-se a precisar, dizendo apenas que \u201cs\u00e3o algumas dezenas de milhares\u201d.<\/p>\n<blockquote><p>\u201cN\u00e3o \u00e9 para pagar toda a igreja, porque n\u00e3o temos essa possibilidade\u201d, referiu, explicando que a CEP tem um Fundo de Solidariedade Eclesial do qual vai sair o apoio para o templo de Lavradas.<br \/>\nA igreja de Lavradas, templo do s\u00e9culo XVII, ardeu no dia 18 de dezembro \u00faltimo.<\/p><\/blockquote>\n<p>No pr\u00f3prio dia, o bispo de Viana do Castelo, Anacleto Oliveira, que tamb\u00e9m integra o conselho permanente da CEP, sugeriu que os donativos recolhidos durante as missas de Natal nas par\u00f3quias da diocese fossem canalizados para a recupera\u00e7\u00e3o da igreja.<\/p>\n","protected":false},"excerpt":{"rendered":"<p>A Confer\u00eancia Episcopal Portuguesa (CEP) vai apoiar financeiramente a recupera\u00e7\u00e3o da igreja de Lavradas, em Ponte da Barca, distrito de Viana do Castelo, destru\u00edda por um inc\u00eandio uma semana antes do \u00faltimo Natal, anunciou hoje o seu porta-voz. \u201cTivemos em aten\u00e7\u00e3o o pedido de uma igreja que ardeu, em Lavradas, Viana do Castelo, oito dias [&hellip;]<\/p>\n","protected":false},"author":6,"featured_media":8098,"comment_status":"closed","ping_status":"closed","sticky":false,"template":"","format":"standard","meta":{"_exactmetrics_skip_tracking":false,"_exactmetrics_sitenote_active":false,"_exactmetrics_sitenote_note":"","_exactmetrics_sitenote_category":0,"footnotes":""},"categories":[11],"tags":[27],"class_list":["post-8097","post","type-post","status-publish","format-standard","has-post-thumbnail","hentry","category-ponte-da-barca","tag-sociedade"],"yoast_head":"<!-- This site is optimized with the Yoast SEO Premium plugin v27.5 (Yoast SEO v27.5) - https:\/\/yoast.com\/product\/yoast-seo-premium-wordpress\/ -->\n<title>Confer\u00eancia Episcopal apoia recupera\u00e7\u00e3o da igreja de Lavradas<\/title>\n<meta name=\"robots\" content=\"index, follow, max-snippet:-1, max-image-preview:large, max-video-preview:-1\" \/>\n<link rel=\"canonical\" href=\"https:\/\/www.altominho.tv\/site\/2018\/01\/09\/conferencia-episcopal-apoia-recuperacao-da-igreja-de-lavradas\/\" \/>\n<meta property=\"og:locale\" content=\"pt_PT\" \/>\n<meta property=\"og:type\" content=\"article\" \/>\n<meta property=\"og:title\" content=\"Confer\u00eancia Episcopal apoia recupera\u00e7\u00e3o da igreja de Lavradas\" \/>\n<meta property=\"og:description\" content=\"A Confer\u00eancia Episcopal Portuguesa (CEP) vai apoiar financeiramente a recupera\u00e7\u00e3o da igreja de Lavradas, em Ponte da Barca, distrito de Viana do Castelo, destru\u00edda por um inc\u00eandio uma semana antes do \u00faltimo Natal, anunciou hoje o seu porta-voz. \u201cTivemos em aten\u00e7\u00e3o o pedido de uma igreja que ardeu, em Lavradas, Viana do Castelo, oito dias [&hellip;]\" \/>\n<meta property=\"og:url\" content=\"https:\/\/www.altominho.tv\/site\/2018\/01\/09\/conferencia-episcopal-apoia-recuperacao-da-igreja-de-lavradas\/\" \/>\n<meta property=\"og:site_name\" content=\"Altominho.tv\" \/>\n<meta property=\"article:publisher\" content=\"https:\/\/www.facebook.com\/altominhotv\" \/>\n<meta property=\"article:published_time\" content=\"2018-01-09T15:47:16+00:00\" \/>\n<meta property=\"og:image\" content=\"https:\/\/www.altominho.tv\/site\/wp-content\/uploads\/2018\/01\/igreja-1.jpg\" \/>\n\t<meta property=\"og:image:width\" content=\"818\" \/>\n\t<meta property=\"og:image:height\" content=\"455\" \/>\n\t<meta property=\"og:image:type\" content=\"image\/jpeg\" \/>\n<meta name=\"author\" content=\"C\u00e1tia Malheiro\" \/>\n<meta name=\"twitter:card\" content=\"summary_large_image\" \/>\n<meta name=\"twitter:creator\" content=\"@altominhoTV\" \/>\n<meta name=\"twitter:site\" content=\"@altominhoTV\" \/>\n<meta name=\"twitter:label1\" content=\"Escrito por\" \/>\n\t<meta name=\"twitter:data1\" content=\"C\u00e1tia Malheiro\" \/>\n\t<meta name=\"twitter:label2\" content=\"Tempo estimado de leitura\" \/>\n\t<meta name=\"twitter:data2\" content=\"1 minuto\" \/>\n<script type=\"application\/ld+json\" class=\"yoast-schema-graph\">{\"@context\":\"https:\\\/\\\/schema.org\",\"@graph\":[{\"@type\":\"Article\",\"@id\":\"https:\\\/\\\/www.altominho.tv\\\/site\\\/2018\\\/01\\\/09\\\/conferencia-episcopal-apoia-recuperacao-da-igreja-de-lavradas\\\/#article\",\"isPartOf\":{\"@id\":\"https:\\\/\\\/www.altominho.tv\\\/site\\\/2018\\\/01\\\/09\\\/conferencia-episcopal-apoia-recuperacao-da-igreja-de-lavradas\\\/\"},\"author\":{\"name\":\"C\u00e1tia Malheiro\",\"@id\":\"https:\\\/\\\/www.altominho.tv\\\/site\\\/#\\\/schema\\\/person\\\/5c9404a8b438614c93da6ca09db92574\"},\"headline\":\"Confer\u00eancia Episcopal apoia recupera\u00e7\u00e3o da igreja de Lavradas\",\"datePublished\":\"2018-01-09T15:47:16+00:00\",\"mainEntityOfPage\":{\"@id\":\"https:\\\/\\\/www.altominho.tv\\\/site\\\/2018\\\/01\\\/09\\\/conferencia-episcopal-apoia-recuperacao-da-igreja-de-lavradas\\\/\"},\"wordCount\":273,\"image\":{\"@id\":\"https:\\\/\\\/www.altominho.tv\\\/site\\\/2018\\\/01\\\/09\\\/conferencia-episcopal-apoia-recuperacao-da-igreja-de-lavradas\\\/#primaryimage\"},\"thumbnailUrl\":\"https:\\\/\\\/www.altominho.tv\\\/site\\\/wp-content\\\/uploads\\\/2018\\\/01\\\/igreja-1.jpg\",\"keywords\":[\"Sociedade\"],\"articleSection\":[\"Ponte da Barca\"],\"inLanguage\":\"pt-PT\",\"copyrightYear\":\"2018\",\"copyrightHolder\":{\"@id\":\"https:\\\/\\\/www.altominho.tv\\\/site\\\/#organization\"}},{\"@type\":\"WebPage\",\"@id\":\"https:\\\/\\\/www.altominho.tv\\\/site\\\/2018\\\/01\\\/09\\\/conferencia-episcopal-apoia-recuperacao-da-igreja-de-lavradas\\\/\",\"url\":\"https:\\\/\\\/www.altominho.tv\\\/site\\\/2018\\\/01\\\/09\\\/conferencia-episcopal-apoia-recuperacao-da-igreja-de-lavradas\\\/\",\"name\":\"Confer\u00eancia Episcopal apoia recupera\u00e7\u00e3o da igreja de Lavradas\",\"isPartOf\":{\"@id\":\"https:\\\/\\\/www.altominho.tv\\\/site\\\/#website\"},\"primaryImageOfPage\":{\"@id\":\"https:\\\/\\\/www.altominho.tv\\\/site\\\/2018\\\/01\\\/09\\\/conferencia-episcopal-apoia-recuperacao-da-igreja-de-lavradas\\\/#primaryimage\"},\"image\":{\"@id\":\"https:\\\/\\\/www.altominho.tv\\\/site\\\/2018\\\/01\\\/09\\\/conferencia-episcopal-apoia-recuperacao-da-igreja-de-lavradas\\\/#primaryimage\"},\"thumbnailUrl\":\"https:\\\/\\\/www.altominho.tv\\\/site\\\/wp-content\\\/uploads\\\/2018\\\/01\\\/igreja-1.jpg\",\"datePublished\":\"2018-01-09T15:47:16+00:00\",\"author\":{\"@id\":\"https:\\\/\\\/www.altominho.tv\\\/site\\\/#\\\/schema\\\/person\\\/5c9404a8b438614c93da6ca09db92574\"},\"breadcrumb\":{\"@id\":\"https:\\\/\\\/www.altominho.tv\\\/site\\\/2018\\\/01\\\/09\\\/conferencia-episcopal-apoia-recuperacao-da-igreja-de-lavradas\\\/#breadcrumb\"},\"inLanguage\":\"pt-PT\",\"potentialAction\":[{\"@type\":\"ReadAction\",\"target\":[\"https:\\\/\\\/www.altominho.tv\\\/site\\\/2018\\\/01\\\/09\\\/conferencia-episcopal-apoia-recuperacao-da-igreja-de-lavradas\\\/\"]}]},{\"@type\":\"ImageObject\",\"inLanguage\":\"pt-PT\",\"@id\":\"https:\\\/\\\/www.altominho.tv\\\/site\\\/2018\\\/01\\\/09\\\/conferencia-episcopal-apoia-recuperacao-da-igreja-de-lavradas\\\/#primaryimage\",\"url\":\"https:\\\/\\\/www.altominho.tv\\\/site\\\/wp-content\\\/uploads\\\/2018\\\/01\\\/igreja-1.jpg\",\"contentUrl\":\"https:\\\/\\\/www.altominho.tv\\\/site\\\/wp-content\\\/uploads\\\/2018\\\/01\\\/igreja-1.jpg\",\"width\":818,\"height\":455},{\"@type\":\"BreadcrumbList\",\"@id\":\"https:\\\/\\\/www.altominho.tv\\\/site\\\/2018\\\/01\\\/09\\\/conferencia-episcopal-apoia-recuperacao-da-igreja-de-lavradas\\\/#breadcrumb\",\"itemListElement\":[{\"@type\":\"ListItem\",\"position\":1,\"name\":\"In\u00edcio\",\"item\":\"https:\\\/\\\/www.altominho.tv\\\/site\\\/\"},{\"@type\":\"ListItem\",\"position\":2,\"name\":\"Confer\u00eancia Episcopal apoia recupera\u00e7\u00e3o da igreja de Lavradas\"}]},{\"@type\":\"WebSite\",\"@id\":\"https:\\\/\\\/www.altominho.tv\\\/site\\\/#website\",\"url\":\"https:\\\/\\\/www.altominho.tv\\\/site\\\/\",\"name\":\"Altominho.tv\",\"description\":\"A sua regi\u00e3o \u00e0 dist\u00e2ncia de um clique...\",\"potentialAction\":[{\"@type\":\"SearchAction\",\"target\":{\"@type\":\"EntryPoint\",\"urlTemplate\":\"https:\\\/\\\/www.altominho.tv\\\/site\\\/?s={search_term_string}\"},\"query-input\":{\"@type\":\"PropertyValueSpecification\",\"valueRequired\":true,\"valueName\":\"search_term_string\"}}],\"inLanguage\":\"pt-PT\"},{\"@type\":\"Person\",\"@id\":\"https:\\\/\\\/www.altominho.tv\\\/site\\\/#\\\/schema\\\/person\\\/5c9404a8b438614c93da6ca09db92574\",\"name\":\"C\u00e1tia Malheiro\",\"image\":{\"@type\":\"ImageObject\",\"inLanguage\":\"pt-PT\",\"@id\":\"https:\\\/\\\/www.altominho.tv\\\/site\\\/wp-content\\\/uploads\\\/2017\\\/11\\\/Catia_Malheiro-150x150.jpg\",\"url\":\"https:\\\/\\\/www.altominho.tv\\\/site\\\/wp-content\\\/uploads\\\/2017\\\/11\\\/Catia_Malheiro-150x150.jpg\",\"contentUrl\":\"https:\\\/\\\/www.altominho.tv\\\/site\\\/wp-content\\\/uploads\\\/2017\\\/11\\\/Catia_Malheiro-150x150.jpg\",\"caption\":\"C\u00e1tia Malheiro\"},\"url\":\"https:\\\/\\\/www.altominho.tv\\\/site\\\/author\\\/catiamalheiro\\\/\"}]}<\/script>\n<!-- \/ Yoast SEO Premium plugin. -->","yoast_head_json":{"title":"Confer\u00eancia Episcopal apoia recupera\u00e7\u00e3o da igreja de Lavradas","robots":{"index":"index","follow":"follow","max-snippet":"max-snippet:-1","max-image-preview":"max-image-preview:large","max-video-preview":"max-video-preview:-1"},"canonical":"https:\/\/www.altominho.tv\/site\/2018\/01\/09\/conferencia-episcopal-apoia-recuperacao-da-igreja-de-lavradas\/","og_locale":"pt_PT","og_type":"article","og_title":"Confer\u00eancia Episcopal apoia recupera\u00e7\u00e3o da igreja de Lavradas","og_description":"A Confer\u00eancia Episcopal Portuguesa (CEP) vai apoiar financeiramente a recupera\u00e7\u00e3o da igreja de Lavradas, em Ponte da Barca, distrito de Viana do Castelo, destru\u00edda por um inc\u00eandio uma semana antes do \u00faltimo Natal, anunciou hoje o seu porta-voz. \u201cTivemos em aten\u00e7\u00e3o o pedido de uma igreja que ardeu, em Lavradas, Viana do Castelo, oito dias [&hellip;]","og_url":"https:\/\/www.altominho.tv\/site\/2018\/01\/09\/conferencia-episcopal-apoia-recuperacao-da-igreja-de-lavradas\/","og_site_name":"Altominho.tv","article_publisher":"https:\/\/www.facebook.com\/altominhotv","article_published_time":"2018-01-09T15:47:16+00:00","og_image":[{"width":818,"height":455,"url":"https:\/\/www.altominho.tv\/site\/wp-content\/uploads\/2018\/01\/igreja-1.jpg","type":"image\/jpeg"}],"author":"C\u00e1tia Malheiro","twitter_card":"summary_large_image","twitter_creator":"@altominhoTV","twitter_site":"@altominhoTV","twitter_misc":{"Escrito por":"C\u00e1tia Malheiro","Tempo estimado de leitura":"1 minuto"},"schema":{"@context":"https:\/\/schema.org","@graph":[{"@type":"Article","@id":"https:\/\/www.altominho.tv\/site\/2018\/01\/09\/conferencia-episcopal-apoia-recuperacao-da-igreja-de-lavradas\/#article","isPartOf":{"@id":"https:\/\/www.altominho.tv\/site\/2018\/01\/09\/conferencia-episcopal-apoia-recuperacao-da-igreja-de-lavradas\/"},"author":{"name":"C\u00e1tia Malheiro","@id":"https:\/\/www.altominho.tv\/site\/#\/schema\/person\/5c9404a8b438614c93da6ca09db92574"},"headline":"Confer\u00eancia Episcopal apoia recupera\u00e7\u00e3o da igreja de Lavradas","datePublished":"2018-01-09T15:47:16+00:00","mainEntityOfPage":{"@id":"https:\/\/www.altominho.tv\/site\/2018\/01\/09\/conferencia-episcopal-apoia-recuperacao-da-igreja-de-lavradas\/"},"wordCount":273,"image":{"@id":"https:\/\/www.altominho.tv\/site\/2018\/01\/09\/conferencia-episcopal-apoia-recuperacao-da-igreja-de-lavradas\/#primaryimage"},"thumbnailUrl":"https:\/\/www.altominho.tv\/site\/wp-content\/uploads\/2018\/01\/igreja-1.jpg","keywords":["Sociedade"],"articleSection":["Ponte da Barca"],"inLanguage":"pt-PT","copyrightYear":"2018","copyrightHolder":{"@id":"https:\/\/www.altominho.tv\/site\/#organization"}},{"@type":"WebPage","@id":"https:\/\/www.altominho.tv\/site\/2018\/01\/09\/conferencia-episcopal-apoia-recuperacao-da-igreja-de-lavradas\/","url":"https:\/\/www.altominho.tv\/site\/2018\/01\/09\/conferencia-episcopal-apoia-recuperacao-da-igreja-de-lavradas\/","name":"Confer\u00eancia Episcopal apoia recupera\u00e7\u00e3o da igreja de Lavradas","isPartOf":{"@id":"https:\/\/www.altominho.tv\/site\/#website"},"primaryImageOfPage":{"@id":"https:\/\/www.altominho.tv\/site\/2018\/01\/09\/conferencia-episcopal-apoia-recuperacao-da-igreja-de-lavradas\/#primaryimage"},"image":{"@id":"https:\/\/www.altominho.tv\/site\/2018\/01\/09\/conferencia-episcopal-apoia-recuperacao-da-igreja-de-lavradas\/#primaryimage"},"thumbnailUrl":"https:\/\/www.altominho.tv\/site\/wp-content\/uploads\/2018\/01\/igreja-1.jpg","datePublished":"2018-01-09T15:47:16+00:00","author":{"@id":"https:\/\/www.altominho.tv\/site\/#\/schema\/person\/5c9404a8b438614c93da6ca09db92574"},"breadcrumb":{"@id":"https:\/\/www.altominho.tv\/site\/2018\/01\/09\/conferencia-episcopal-apoia-recuperacao-da-igreja-de-lavradas\/#breadcrumb"},"inLanguage":"pt-PT","potentialAction":[{"@type":"ReadAction","target":["https:\/\/www.altominho.tv\/site\/2018\/01\/09\/conferencia-episcopal-apoia-recuperacao-da-igreja-de-lavradas\/"]}]},{"@type":"ImageObject","inLanguage":"pt-PT","@id":"https:\/\/www.altominho.tv\/site\/2018\/01\/09\/conferencia-episcopal-apoia-recuperacao-da-igreja-de-lavradas\/#primaryimage","url":"https:\/\/www.altominho.tv\/site\/wp-content\/uploads\/2018\/01\/igreja-1.jpg","contentUrl":"https:\/\/www.altominho.tv\/site\/wp-content\/uploads\/2018\/01\/igreja-1.jpg","width":818,"height":455},{"@type":"BreadcrumbList","@id":"https:\/\/www.altominho.tv\/site\/2018\/01\/09\/conferencia-episcopal-apoia-recuperacao-da-igreja-de-lavradas\/#breadcrumb","itemListElement":[{"@type":"ListItem","position":1,"name":"In\u00edcio","item":"https:\/\/www.altominho.tv\/site\/"},{"@type":"ListItem","position":2,"name":"Confer\u00eancia Episcopal apoia recupera\u00e7\u00e3o da igreja de Lavradas"}]},{"@type":"WebSite","@id":"https:\/\/www.altominho.tv\/site\/#website","url":"https:\/\/www.altominho.tv\/site\/","name":"Altominho.tv","description":"A sua regi\u00e3o \u00e0 dist\u00e2ncia de um clique...","potentialAction":[{"@type":"SearchAction","target":{"@type":"EntryPoint","urlTemplate":"https:\/\/www.altominho.tv\/site\/?s={search_term_string}"},"query-input":{"@type":"PropertyValueSpecification","valueRequired":true,"valueName":"search_term_string"}}],"inLanguage":"pt-PT"},{"@type":"Person","@id":"https:\/\/www.altominho.tv\/site\/#\/schema\/person\/5c9404a8b438614c93da6ca09db92574","name":"C\u00e1tia Malheiro","image":{"@type":"ImageObject","inLanguage":"pt-PT","@id":"https:\/\/www.altominho.tv\/site\/wp-content\/uploads\/2017\/11\/Catia_Malheiro-150x150.jpg","url":"https:\/\/www.altominho.tv\/site\/wp-content\/uploads\/2017\/11\/Catia_Malheiro-150x150.jpg","contentUrl":"https:\/\/www.altominho.tv\/site\/wp-content\/uploads\/2017\/11\/Catia_Malheiro-150x150.jpg","caption":"C\u00e1tia Malheiro"},"url":"https:\/\/www.altominho.tv\/site\/author\/catiamalheiro\/"}]}},"_links":{"self":[{"href":"https:\/\/www.altominho.tv\/site\/wp-json\/wp\/v2\/posts\/8097","targetHints":{"allow":["GET"]}}],"collection":[{"href":"https:\/\/www.altominho.tv\/site\/wp-json\/wp\/v2\/posts"}],"about":[{"href":"https:\/\/www.altominho.tv\/site\/wp-json\/wp\/v2\/types\/post"}],"author":[{"embeddable":true,"href":"https:\/\/www.altominho.tv\/site\/wp-json\/wp\/v2\/users\/6"}],"replies":[{"embeddable":true,"href":"https:\/\/www.altominho.tv\/site\/wp-json\/wp\/v2\/comments?post=8097"}],"version-history":[{"count":0,"href":"https:\/\/www.altominho.tv\/site\/wp-json\/wp\/v2\/posts\/8097\/revisions"}],"wp:featuredmedia":[{"embeddable":true,"href":"https:\/\/www.altominho.tv\/site\/wp-json\/wp\/v2\/media\/8098"}],"wp:attachment":[{"href":"https:\/\/www.altominho.tv\/site\/wp-json\/wp\/v2\/media?parent=8097"}],"wp:term":[{"taxonomy":"category","embeddable":true,"href":"https:\/\/www.altominho.tv\/site\/wp-json\/wp\/v2\/categories?post=8097"},{"taxonomy":"post_tag","embeddable":true,"href":"https:\/\/www.altominho.tv\/site\/wp-json\/wp\/v2\/tags?post=8097"}],"curies":[{"name":"wp","href":"https:\/\/api.w.org\/{rel}","templated":true}]}}