{"id":80789,"date":"2022-06-22T14:44:18","date_gmt":"2022-06-22T13:44:18","guid":{"rendered":"https:\/\/www.altominho.tv\/site\/?p=80789"},"modified":"2022-06-22T14:45:10","modified_gmt":"2022-06-22T13:45:10","slug":"405-carros-participam-na-rampa-do-monte-do-faro-no-fim-de-semana","status":"publish","type":"post","link":"https:\/\/www.altominho.tv\/site\/2022\/06\/22\/405-carros-participam-na-rampa-do-monte-do-faro-no-fim-de-semana\/","title":{"rendered":"405 carros participam na Rampa do Monte do Faro no fim de semana"},"content":{"rendered":"<p>Quatrocentos e cinco carros v\u00e3o subir, no fim de semana, a Rampa do Monte do Faro, em Valen\u00e7a, informou a c\u00e2mara do distrito de Viana do Castelo.<\/p>\n<p>A Rampa desenvolve-se, ao longo de cinco quil\u00f3metros de asfalto, entre o cruzamento das Azenhas com a Seara e o Santu\u00e1rio do Monte do Faro, com uma eleva\u00e7\u00e3o de 380 metros.<\/p>\n<p>\u201cA Rampa do Monte do Faro \u00e9 uma edi\u00e7\u00e3o m\u00edtica para os amantes do automobilismo que teve a primeira organiza\u00e7\u00e3o oficial em 1966 e a segunda em 1973. Reeditada em 2019 ganha em 2022 uma nova roupagem pretendendo consagrar-se como um dos grandes eventos automobil\u00edsticas da regi\u00e3o\u201d, espec\u00edfica a nota da autarquia.<\/p>\n<p>A Rampa Monte do Faro \u00e9 uma iniciativa do VMC &#8211; Viana Motor Clube e da C\u00e2mara de Valen\u00e7a.<\/p>\n","protected":false},"excerpt":{"rendered":"<p>Quatrocentos e cinco carros v\u00e3o subir, no fim de semana, a Rampa do Monte do Faro, em Valen\u00e7a, informou a c\u00e2mara do distrito de Viana do Castelo. A Rampa desenvolve-se, ao longo de cinco quil\u00f3metros de asfalto, entre o cruzamento das Azenhas com a Seara e o Santu\u00e1rio do Monte do Faro, com uma eleva\u00e7\u00e3o [&hellip;]<\/p>\n","protected":false},"author":13,"featured_media":80790,"comment_status":"closed","ping_status":"closed","sticky":false,"template":"","format":"standard","meta":{"_exactmetrics_skip_tracking":false,"_exactmetrics_sitenote_active":false,"_exactmetrics_sitenote_note":"","_exactmetrics_sitenote_category":0,"footnotes":""},"categories":[13],"tags":[20,24],"class_list":["post-80789","post","type-post","status-publish","format-standard","has-post-thumbnail","hentry","category-valenca","tag-desporto","tag-lazer"],"yoast_head":"<!-- This site is optimized with the Yoast SEO Premium plugin v27.5 (Yoast SEO v27.5) - https:\/\/yoast.com\/product\/yoast-seo-premium-wordpress\/ -->\n<title>405 carros participam na Rampa do Monte do Faro no fim de semana<\/title>\n<meta name=\"robots\" content=\"index, follow, max-snippet:-1, max-image-preview:large, max-video-preview:-1\" \/>\n<link rel=\"canonical\" href=\"https:\/\/www.altominho.tv\/site\/2022\/06\/22\/405-carros-participam-na-rampa-do-monte-do-faro-no-fim-de-semana\/\" \/>\n<meta property=\"og:locale\" content=\"pt_PT\" \/>\n<meta property=\"og:type\" content=\"article\" \/>\n<meta property=\"og:title\" content=\"405 carros participam na Rampa do Monte do Faro no fim de semana\" \/>\n<meta property=\"og:description\" content=\"Quatrocentos e cinco carros v\u00e3o subir, no fim de semana, a Rampa do Monte do Faro, em Valen\u00e7a, informou a c\u00e2mara do distrito de Viana do Castelo. A Rampa desenvolve-se, ao longo de cinco quil\u00f3metros de asfalto, entre o cruzamento das Azenhas com a Seara e o Santu\u00e1rio do Monte do Faro, com uma eleva\u00e7\u00e3o [&hellip;]\" \/>\n<meta property=\"og:url\" content=\"https:\/\/www.altominho.tv\/site\/2022\/06\/22\/405-carros-participam-na-rampa-do-monte-do-faro-no-fim-de-semana\/\" \/>\n<meta property=\"og:site_name\" content=\"Altominho.tv\" \/>\n<meta property=\"article:publisher\" content=\"https:\/\/www.facebook.com\/altominhotv\" \/>\n<meta property=\"article:published_time\" content=\"2022-06-22T13:44:18+00:00\" \/>\n<meta property=\"article:modified_time\" content=\"2022-06-22T13:45:10+00:00\" \/>\n<meta property=\"og:image\" content=\"https:\/\/www.altominho.tv\/site\/wp-content\/uploads\/2022\/06\/rampa-do-monte-de-faro.jpg\" \/>\n\t<meta property=\"og:image:width\" content=\"1280\" \/>\n\t<meta property=\"og:image:height\" content=\"720\" \/>\n\t<meta property=\"og:image:type\" content=\"image\/jpeg\" \/>\n<meta name=\"author\" content=\"Lusa\" \/>\n<meta name=\"twitter:card\" content=\"summary_large_image\" \/>\n<meta name=\"twitter:creator\" content=\"@altominhoTV\" \/>\n<meta name=\"twitter:site\" content=\"@altominhoTV\" \/>\n<meta name=\"twitter:label1\" content=\"Escrito por\" \/>\n\t<meta name=\"twitter:data1\" content=\"Lusa\" \/>\n\t<meta name=\"twitter:label2\" content=\"Tempo estimado de leitura\" \/>\n\t<meta name=\"twitter:data2\" content=\"1 minuto\" \/>\n<script type=\"application\/ld+json\" class=\"yoast-schema-graph\">{\"@context\":\"https:\\\/\\\/schema.org\",\"@graph\":[{\"@type\":\"Article\",\"@id\":\"https:\\\/\\\/www.altominho.tv\\\/site\\\/2022\\\/06\\\/22\\\/405-carros-participam-na-rampa-do-monte-do-faro-no-fim-de-semana\\\/#article\",\"isPartOf\":{\"@id\":\"https:\\\/\\\/www.altominho.tv\\\/site\\\/2022\\\/06\\\/22\\\/405-carros-participam-na-rampa-do-monte-do-faro-no-fim-de-semana\\\/\"},\"author\":{\"name\":\"Lusa\",\"@id\":\"https:\\\/\\\/www.altominho.tv\\\/site\\\/#\\\/schema\\\/person\\\/63f693da3e1899361cbe955c46f3232e\"},\"headline\":\"405 carros participam na Rampa do Monte do Faro no fim de semana\",\"datePublished\":\"2022-06-22T13:44:18+00:00\",\"dateModified\":\"2022-06-22T13:45:10+00:00\",\"mainEntityOfPage\":{\"@id\":\"https:\\\/\\\/www.altominho.tv\\\/site\\\/2022\\\/06\\\/22\\\/405-carros-participam-na-rampa-do-monte-do-faro-no-fim-de-semana\\\/\"},\"wordCount\":148,\"image\":{\"@id\":\"https:\\\/\\\/www.altominho.tv\\\/site\\\/2022\\\/06\\\/22\\\/405-carros-participam-na-rampa-do-monte-do-faro-no-fim-de-semana\\\/#primaryimage\"},\"thumbnailUrl\":\"https:\\\/\\\/www.altominho.tv\\\/site\\\/wp-content\\\/uploads\\\/2022\\\/06\\\/rampa-do-monte-de-faro.jpg\",\"keywords\":[\"Desporto\",\"Lazer\"],\"articleSection\":[\"Valen\u00e7a\"],\"inLanguage\":\"pt-PT\",\"copyrightYear\":\"2022\",\"copyrightHolder\":{\"@id\":\"https:\\\/\\\/www.altominho.tv\\\/site\\\/#organization\"}},{\"@type\":\"WebPage\",\"@id\":\"https:\\\/\\\/www.altominho.tv\\\/site\\\/2022\\\/06\\\/22\\\/405-carros-participam-na-rampa-do-monte-do-faro-no-fim-de-semana\\\/\",\"url\":\"https:\\\/\\\/www.altominho.tv\\\/site\\\/2022\\\/06\\\/22\\\/405-carros-participam-na-rampa-do-monte-do-faro-no-fim-de-semana\\\/\",\"name\":\"405 carros participam na Rampa do Monte do Faro no fim de semana\",\"isPartOf\":{\"@id\":\"https:\\\/\\\/www.altominho.tv\\\/site\\\/#website\"},\"primaryImageOfPage\":{\"@id\":\"https:\\\/\\\/www.altominho.tv\\\/site\\\/2022\\\/06\\\/22\\\/405-carros-participam-na-rampa-do-monte-do-faro-no-fim-de-semana\\\/#primaryimage\"},\"image\":{\"@id\":\"https:\\\/\\\/www.altominho.tv\\\/site\\\/2022\\\/06\\\/22\\\/405-carros-participam-na-rampa-do-monte-do-faro-no-fim-de-semana\\\/#primaryimage\"},\"thumbnailUrl\":\"https:\\\/\\\/www.altominho.tv\\\/site\\\/wp-content\\\/uploads\\\/2022\\\/06\\\/rampa-do-monte-de-faro.jpg\",\"datePublished\":\"2022-06-22T13:44:18+00:00\",\"dateModified\":\"2022-06-22T13:45:10+00:00\",\"author\":{\"@id\":\"https:\\\/\\\/www.altominho.tv\\\/site\\\/#\\\/schema\\\/person\\\/63f693da3e1899361cbe955c46f3232e\"},\"breadcrumb\":{\"@id\":\"https:\\\/\\\/www.altominho.tv\\\/site\\\/2022\\\/06\\\/22\\\/405-carros-participam-na-rampa-do-monte-do-faro-no-fim-de-semana\\\/#breadcrumb\"},\"inLanguage\":\"pt-PT\",\"potentialAction\":[{\"@type\":\"ReadAction\",\"target\":[\"https:\\\/\\\/www.altominho.tv\\\/site\\\/2022\\\/06\\\/22\\\/405-carros-participam-na-rampa-do-monte-do-faro-no-fim-de-semana\\\/\"]}]},{\"@type\":\"ImageObject\",\"inLanguage\":\"pt-PT\",\"@id\":\"https:\\\/\\\/www.altominho.tv\\\/site\\\/2022\\\/06\\\/22\\\/405-carros-participam-na-rampa-do-monte-do-faro-no-fim-de-semana\\\/#primaryimage\",\"url\":\"https:\\\/\\\/www.altominho.tv\\\/site\\\/wp-content\\\/uploads\\\/2022\\\/06\\\/rampa-do-monte-de-faro.jpg\",\"contentUrl\":\"https:\\\/\\\/www.altominho.tv\\\/site\\\/wp-content\\\/uploads\\\/2022\\\/06\\\/rampa-do-monte-de-faro.jpg\",\"width\":1280,\"height\":720},{\"@type\":\"BreadcrumbList\",\"@id\":\"https:\\\/\\\/www.altominho.tv\\\/site\\\/2022\\\/06\\\/22\\\/405-carros-participam-na-rampa-do-monte-do-faro-no-fim-de-semana\\\/#breadcrumb\",\"itemListElement\":[{\"@type\":\"ListItem\",\"position\":1,\"name\":\"In\u00edcio\",\"item\":\"https:\\\/\\\/www.altominho.tv\\\/site\\\/\"},{\"@type\":\"ListItem\",\"position\":2,\"name\":\"405 carros participam na Rampa do Monte do Faro no fim de semana\"}]},{\"@type\":\"WebSite\",\"@id\":\"https:\\\/\\\/www.altominho.tv\\\/site\\\/#website\",\"url\":\"https:\\\/\\\/www.altominho.tv\\\/site\\\/\",\"name\":\"Altominho.tv\",\"description\":\"A sua regi\u00e3o \u00e0 dist\u00e2ncia de um clique...\",\"potentialAction\":[{\"@type\":\"SearchAction\",\"target\":{\"@type\":\"EntryPoint\",\"urlTemplate\":\"https:\\\/\\\/www.altominho.tv\\\/site\\\/?s={search_term_string}\"},\"query-input\":{\"@type\":\"PropertyValueSpecification\",\"valueRequired\":true,\"valueName\":\"search_term_string\"}}],\"inLanguage\":\"pt-PT\"},{\"@type\":\"Person\",\"@id\":\"https:\\\/\\\/www.altominho.tv\\\/site\\\/#\\\/schema\\\/person\\\/63f693da3e1899361cbe955c46f3232e\",\"name\":\"Lusa\",\"image\":{\"@type\":\"ImageObject\",\"inLanguage\":\"pt-PT\",\"@id\":\"https:\\\/\\\/www.altominho.tv\\\/site\\\/wp-content\\\/uploads\\\/2019\\\/08\\\/LUSA_Logo.gif\",\"url\":\"https:\\\/\\\/www.altominho.tv\\\/site\\\/wp-content\\\/uploads\\\/2019\\\/08\\\/LUSA_Logo.gif\",\"contentUrl\":\"https:\\\/\\\/www.altominho.tv\\\/site\\\/wp-content\\\/uploads\\\/2019\\\/08\\\/LUSA_Logo.gif\",\"caption\":\"Lusa\"},\"sameAs\":[\"http:\\\/\\\/\\\/\\\/www.altominho.tv\\\/site\"],\"url\":\"https:\\\/\\\/www.altominho.tv\\\/site\\\/author\\\/lusa\\\/\"}]}<\/script>\n<!-- \/ Yoast SEO Premium plugin. -->","yoast_head_json":{"title":"405 carros participam na Rampa do Monte do Faro no fim de semana","robots":{"index":"index","follow":"follow","max-snippet":"max-snippet:-1","max-image-preview":"max-image-preview:large","max-video-preview":"max-video-preview:-1"},"canonical":"https:\/\/www.altominho.tv\/site\/2022\/06\/22\/405-carros-participam-na-rampa-do-monte-do-faro-no-fim-de-semana\/","og_locale":"pt_PT","og_type":"article","og_title":"405 carros participam na Rampa do Monte do Faro no fim de semana","og_description":"Quatrocentos e cinco carros v\u00e3o subir, no fim de semana, a Rampa do Monte do Faro, em Valen\u00e7a, informou a c\u00e2mara do distrito de Viana do Castelo. A Rampa desenvolve-se, ao longo de cinco quil\u00f3metros de asfalto, entre o cruzamento das Azenhas com a Seara e o Santu\u00e1rio do Monte do Faro, com uma eleva\u00e7\u00e3o [&hellip;]","og_url":"https:\/\/www.altominho.tv\/site\/2022\/06\/22\/405-carros-participam-na-rampa-do-monte-do-faro-no-fim-de-semana\/","og_site_name":"Altominho.tv","article_publisher":"https:\/\/www.facebook.com\/altominhotv","article_published_time":"2022-06-22T13:44:18+00:00","article_modified_time":"2022-06-22T13:45:10+00:00","og_image":[{"width":1280,"height":720,"url":"https:\/\/www.altominho.tv\/site\/wp-content\/uploads\/2022\/06\/rampa-do-monte-de-faro.jpg","type":"image\/jpeg"}],"author":"Lusa","twitter_card":"summary_large_image","twitter_creator":"@altominhoTV","twitter_site":"@altominhoTV","twitter_misc":{"Escrito por":"Lusa","Tempo estimado de leitura":"1 minuto"},"schema":{"@context":"https:\/\/schema.org","@graph":[{"@type":"Article","@id":"https:\/\/www.altominho.tv\/site\/2022\/06\/22\/405-carros-participam-na-rampa-do-monte-do-faro-no-fim-de-semana\/#article","isPartOf":{"@id":"https:\/\/www.altominho.tv\/site\/2022\/06\/22\/405-carros-participam-na-rampa-do-monte-do-faro-no-fim-de-semana\/"},"author":{"name":"Lusa","@id":"https:\/\/www.altominho.tv\/site\/#\/schema\/person\/63f693da3e1899361cbe955c46f3232e"},"headline":"405 carros participam na Rampa do Monte do Faro no fim de semana","datePublished":"2022-06-22T13:44:18+00:00","dateModified":"2022-06-22T13:45:10+00:00","mainEntityOfPage":{"@id":"https:\/\/www.altominho.tv\/site\/2022\/06\/22\/405-carros-participam-na-rampa-do-monte-do-faro-no-fim-de-semana\/"},"wordCount":148,"image":{"@id":"https:\/\/www.altominho.tv\/site\/2022\/06\/22\/405-carros-participam-na-rampa-do-monte-do-faro-no-fim-de-semana\/#primaryimage"},"thumbnailUrl":"https:\/\/www.altominho.tv\/site\/wp-content\/uploads\/2022\/06\/rampa-do-monte-de-faro.jpg","keywords":["Desporto","Lazer"],"articleSection":["Valen\u00e7a"],"inLanguage":"pt-PT","copyrightYear":"2022","copyrightHolder":{"@id":"https:\/\/www.altominho.tv\/site\/#organization"}},{"@type":"WebPage","@id":"https:\/\/www.altominho.tv\/site\/2022\/06\/22\/405-carros-participam-na-rampa-do-monte-do-faro-no-fim-de-semana\/","url":"https:\/\/www.altominho.tv\/site\/2022\/06\/22\/405-carros-participam-na-rampa-do-monte-do-faro-no-fim-de-semana\/","name":"405 carros participam na Rampa do Monte do Faro no fim de semana","isPartOf":{"@id":"https:\/\/www.altominho.tv\/site\/#website"},"primaryImageOfPage":{"@id":"https:\/\/www.altominho.tv\/site\/2022\/06\/22\/405-carros-participam-na-rampa-do-monte-do-faro-no-fim-de-semana\/#primaryimage"},"image":{"@id":"https:\/\/www.altominho.tv\/site\/2022\/06\/22\/405-carros-participam-na-rampa-do-monte-do-faro-no-fim-de-semana\/#primaryimage"},"thumbnailUrl":"https:\/\/www.altominho.tv\/site\/wp-content\/uploads\/2022\/06\/rampa-do-monte-de-faro.jpg","datePublished":"2022-06-22T13:44:18+00:00","dateModified":"2022-06-22T13:45:10+00:00","author":{"@id":"https:\/\/www.altominho.tv\/site\/#\/schema\/person\/63f693da3e1899361cbe955c46f3232e"},"breadcrumb":{"@id":"https:\/\/www.altominho.tv\/site\/2022\/06\/22\/405-carros-participam-na-rampa-do-monte-do-faro-no-fim-de-semana\/#breadcrumb"},"inLanguage":"pt-PT","potentialAction":[{"@type":"ReadAction","target":["https:\/\/www.altominho.tv\/site\/2022\/06\/22\/405-carros-participam-na-rampa-do-monte-do-faro-no-fim-de-semana\/"]}]},{"@type":"ImageObject","inLanguage":"pt-PT","@id":"https:\/\/www.altominho.tv\/site\/2022\/06\/22\/405-carros-participam-na-rampa-do-monte-do-faro-no-fim-de-semana\/#primaryimage","url":"https:\/\/www.altominho.tv\/site\/wp-content\/uploads\/2022\/06\/rampa-do-monte-de-faro.jpg","contentUrl":"https:\/\/www.altominho.tv\/site\/wp-content\/uploads\/2022\/06\/rampa-do-monte-de-faro.jpg","width":1280,"height":720},{"@type":"BreadcrumbList","@id":"https:\/\/www.altominho.tv\/site\/2022\/06\/22\/405-carros-participam-na-rampa-do-monte-do-faro-no-fim-de-semana\/#breadcrumb","itemListElement":[{"@type":"ListItem","position":1,"name":"In\u00edcio","item":"https:\/\/www.altominho.tv\/site\/"},{"@type":"ListItem","position":2,"name":"405 carros participam na Rampa do Monte do Faro no fim de semana"}]},{"@type":"WebSite","@id":"https:\/\/www.altominho.tv\/site\/#website","url":"https:\/\/www.altominho.tv\/site\/","name":"Altominho.tv","description":"A sua regi\u00e3o \u00e0 dist\u00e2ncia de um clique...","potentialAction":[{"@type":"SearchAction","target":{"@type":"EntryPoint","urlTemplate":"https:\/\/www.altominho.tv\/site\/?s={search_term_string}"},"query-input":{"@type":"PropertyValueSpecification","valueRequired":true,"valueName":"search_term_string"}}],"inLanguage":"pt-PT"},{"@type":"Person","@id":"https:\/\/www.altominho.tv\/site\/#\/schema\/person\/63f693da3e1899361cbe955c46f3232e","name":"Lusa","image":{"@type":"ImageObject","inLanguage":"pt-PT","@id":"https:\/\/www.altominho.tv\/site\/wp-content\/uploads\/2019\/08\/LUSA_Logo.gif","url":"https:\/\/www.altominho.tv\/site\/wp-content\/uploads\/2019\/08\/LUSA_Logo.gif","contentUrl":"https:\/\/www.altominho.tv\/site\/wp-content\/uploads\/2019\/08\/LUSA_Logo.gif","caption":"Lusa"},"sameAs":["http:\/\/\/\/www.altominho.tv\/site"],"url":"https:\/\/www.altominho.tv\/site\/author\/lusa\/"}]}},"_links":{"self":[{"href":"https:\/\/www.altominho.tv\/site\/wp-json\/wp\/v2\/posts\/80789","targetHints":{"allow":["GET"]}}],"collection":[{"href":"https:\/\/www.altominho.tv\/site\/wp-json\/wp\/v2\/posts"}],"about":[{"href":"https:\/\/www.altominho.tv\/site\/wp-json\/wp\/v2\/types\/post"}],"author":[{"embeddable":true,"href":"https:\/\/www.altominho.tv\/site\/wp-json\/wp\/v2\/users\/13"}],"replies":[{"embeddable":true,"href":"https:\/\/www.altominho.tv\/site\/wp-json\/wp\/v2\/comments?post=80789"}],"version-history":[{"count":0,"href":"https:\/\/www.altominho.tv\/site\/wp-json\/wp\/v2\/posts\/80789\/revisions"}],"wp:featuredmedia":[{"embeddable":true,"href":"https:\/\/www.altominho.tv\/site\/wp-json\/wp\/v2\/media\/80790"}],"wp:attachment":[{"href":"https:\/\/www.altominho.tv\/site\/wp-json\/wp\/v2\/media?parent=80789"}],"wp:term":[{"taxonomy":"category","embeddable":true,"href":"https:\/\/www.altominho.tv\/site\/wp-json\/wp\/v2\/categories?post=80789"},{"taxonomy":"post_tag","embeddable":true,"href":"https:\/\/www.altominho.tv\/site\/wp-json\/wp\/v2\/tags?post=80789"}],"curies":[{"name":"wp","href":"https:\/\/api.w.org\/{rel}","templated":true}]}}