{"id":80740,"date":"2022-06-21T16:39:48","date_gmt":"2022-06-21T15:39:48","guid":{"rendered":"https:\/\/www.altominho.tv\/site\/?p=80740"},"modified":"2022-06-21T16:39:52","modified_gmt":"2022-06-21T15:39:52","slug":"ihru-habitacao","status":"publish","type":"post","link":"https:\/\/www.altominho.tv\/site\/2022\/06\/21\/ihru-habitacao\/","title":{"rendered":"IHRU sorteia 15 casas na regi\u00e3o Norte para arrendamento acess\u00edvel e apoiado"},"content":{"rendered":"\n<p>O Instituto da Habita\u00e7\u00e3o e da Reabilita\u00e7\u00e3o Urbana (IHRU) vai atribuir, por sorteio, 15 habita\u00e7\u00f5es para arrendamento acess\u00edvel e apoiado nos distritos de Viana do Castelo, Braga, Porto e Aveiro, foi hoje divulgado.<\/p>\n\n\n\n<p>Em comunicado, o IHRU adiantou que as 15 para casas de tipologia T2 a T4 est\u00e3o localizadas nos concelhos de Arcos de Valdevez, Ponte da Barca e Ponte de Lima, no distrito de Viana do Castelo, Barcelos, no distrito de Braga, Ovar, no distrito de Aveiro, e no Porto.<\/p>\n\n\n\n<p>As candidaturas a este programa de promo\u00e7\u00e3o de respostas p\u00fablicas de arrendamento acess\u00edvel abriram na segunda-feira e terminam no dia 11 de julho.<\/p>\n\n\n\n<p>Segundo o IHRU, \u201cos contratos de arrendamento destinam-se a habita\u00e7\u00e3o permanente dos agregados habitacionais\u201d.<\/p>\n\n\n\n<p>No \u201ccaso do Arrendamento Acess\u00edvel, as habita\u00e7\u00f5es ser\u00e3o sorteadas entre as pessoas e agregados familiares que apresentem candidatura at\u00e9 dia 11 de julho, desde que preencham as condi\u00e7\u00f5es de elegibilidade do programa e os requisitos do aviso do concurso\u201d.<\/p>\n\n\n\n<p>De acordo com informa\u00e7\u00e3o que consta da p\u00e1gina oficial do IHRU na Internet, o Programa de Arrendamento Acess\u00edvel (PAA) \u201cvisa promover uma oferta alargada de habita\u00e7\u00e3o para arrendamento a pre\u00e7os compat\u00edveis com os rendimentos das fam\u00edlias\u201d.<\/p>\n\n\n\n<p>Com \u201ceste programa, o Governo quer contribuir para dar resposta \u00e0s necessidades habitacionais das fam\u00edlias cujo n\u00edvel de rendimento n\u00e3o lhes permite aceder no mercado a uma habita\u00e7\u00e3o adequada \u00e0s suas necessidades\u201d.<\/p>\n\n\n\n<p>J\u00e1 \u201cas habita\u00e7\u00f5es de arrendamento apoiado ser\u00e3o sorteadas de entre as pessoas e agregados familiares que submetam um pedido de apoio habitacional na Plataforma eletr\u00f3nica de Arrendamento Apoiado (eAA) at\u00e9 dia 11 de julho, ou, caso j\u00e1 se encontrem inscritos, procedam \u00e0 renova\u00e7\u00e3o ou atualiza\u00e7\u00e3o da sua inscri\u00e7\u00e3o, se necess\u00e1rio\u201d.<\/p>\n\n\n\n<p>O regime do arrendamento apoiado \u201c\u00e9 aplic\u00e1vel \u00e0s habita\u00e7\u00f5es detidas, a qualquer t\u00edtulo, por entidades das administra\u00e7\u00f5es direta e indireta do Estado, das regi\u00f5es aut\u00f3nomas, das autarquias locais, do setor p\u00fablico empresarial e dos setores empresariais regionais, intermunicipais e municipais, que por elas sejam arrendadas ou subarrendadas com rendas calculadas em fun\u00e7\u00e3o dos rendimentos dos agregados familiares a que se destinam\u201d.<\/p>\n\n\n\n<p>Este regime \u201caplica-se, ainda, ao arrendamento de habita\u00e7\u00f5es financiadas com apoio do Estado que, nos termos de lei especial, estejam sujeitas a regimes de renda fixada em fun\u00e7\u00e3o dos rendimentos dos arrendat\u00e1rios\u201d.<\/p>\n\n\n\n<p>Os interessados em candidatar-se encontram toda a informa\u00e7\u00e3o sobre os concursos em\u00a0<a href=\"http:\/\/www.portaldahabitacao.pt\/\" target=\"_blank\" rel=\"noreferrer noopener\">www.portaldahabitacao.pt<\/a>.<\/p>\n","protected":false},"excerpt":{"rendered":"<p>O Instituto da Habita\u00e7\u00e3o e da Reabilita\u00e7\u00e3o Urbana (IHRU) vai atribuir, por sorteio, 15 habita\u00e7\u00f5es para arrendamento acess\u00edvel e apoiado nos distritos de Viana do Castelo, Braga, Porto e Aveiro, foi hoje divulgado. Em comunicado, o IHRU adiantou que as 15 para casas de tipologia T2 a T4 est\u00e3o localizadas nos concelhos de Arcos de [&hellip;]<\/p>\n","protected":false},"author":16,"featured_media":80741,"comment_status":"closed","ping_status":"closed","sticky":false,"template":"","format":"standard","meta":{"_exactmetrics_skip_tracking":false,"_exactmetrics_sitenote_active":false,"_exactmetrics_sitenote_note":"","_exactmetrics_sitenote_category":0,"footnotes":""},"categories":[73],"tags":[27],"class_list":["post-80740","post","type-post","status-publish","format-standard","has-post-thumbnail","hentry","category-alto-minho","tag-sociedade"],"yoast_head":"<!-- This site is optimized with the Yoast SEO Premium plugin v27.5 (Yoast SEO v27.5) - https:\/\/yoast.com\/product\/yoast-seo-premium-wordpress\/ -->\n<title>IHRU sorteia 15 casas na regi\u00e3o Norte para arrendamento acess\u00edvel e apoiado<\/title>\n<meta name=\"description\" content=\"O IHRU est\u00e1 a sorteiar 15 casas na regi\u00e3o Norte para arrendamento acess\u00edvel e apoiado.\" \/>\n<meta name=\"robots\" content=\"index, follow, max-snippet:-1, max-image-preview:large, max-video-preview:-1\" \/>\n<link rel=\"canonical\" href=\"https:\/\/www.altominho.tv\/site\/2022\/06\/21\/ihru-habitacao\/\" \/>\n<meta property=\"og:locale\" content=\"pt_PT\" \/>\n<meta property=\"og:type\" content=\"article\" \/>\n<meta property=\"og:title\" content=\"IHRU sorteia 15 casas na regi\u00e3o Norte para arrendamento acess\u00edvel e apoiado\" \/>\n<meta property=\"og:description\" content=\"O IHRU est\u00e1 a sorteiar 15 casas na regi\u00e3o Norte para arrendamento acess\u00edvel e apoiado.\" \/>\n<meta property=\"og:url\" content=\"https:\/\/www.altominho.tv\/site\/2022\/06\/21\/ihru-habitacao\/\" \/>\n<meta property=\"og:site_name\" content=\"Altominho.tv\" \/>\n<meta property=\"article:publisher\" content=\"https:\/\/www.facebook.com\/altominhotv\" \/>\n<meta property=\"article:published_time\" content=\"2022-06-21T15:39:48+00:00\" \/>\n<meta property=\"article:modified_time\" content=\"2022-06-21T15:39:52+00:00\" \/>\n<meta property=\"og:image\" content=\"https:\/\/www.altominho.tv\/site\/wp-content\/uploads\/2022\/06\/casas.jpg\" \/>\n\t<meta property=\"og:image:width\" content=\"1920\" \/>\n\t<meta property=\"og:image:height\" content=\"1080\" \/>\n\t<meta property=\"og:image:type\" content=\"image\/jpeg\" \/>\n<meta name=\"author\" content=\"Andreia Cunha | Lusa\" \/>\n<meta name=\"twitter:card\" content=\"summary_large_image\" \/>\n<meta name=\"twitter:creator\" content=\"@altominhoTV\" \/>\n<meta name=\"twitter:site\" content=\"@altominhoTV\" \/>\n<meta name=\"twitter:label1\" content=\"Escrito por\" \/>\n\t<meta name=\"twitter:data1\" content=\"Andreia Cunha | Lusa\" \/>\n\t<meta name=\"twitter:label2\" content=\"Tempo estimado de leitura\" \/>\n\t<meta name=\"twitter:data2\" content=\"3 minutos\" \/>\n<script type=\"application\/ld+json\" class=\"yoast-schema-graph\">{\"@context\":\"https:\\\/\\\/schema.org\",\"@graph\":[{\"@type\":\"Article\",\"@id\":\"https:\\\/\\\/www.altominho.tv\\\/site\\\/2022\\\/06\\\/21\\\/ihru-habitacao\\\/#article\",\"isPartOf\":{\"@id\":\"https:\\\/\\\/www.altominho.tv\\\/site\\\/2022\\\/06\\\/21\\\/ihru-habitacao\\\/\"},\"author\":{\"name\":\"Andreia Cunha | Lusa\",\"@id\":\"https:\\\/\\\/www.altominho.tv\\\/site\\\/#\\\/schema\\\/person\\\/dbaf181c01b51ff40c9f461a905d321e\"},\"headline\":\"IHRU sorteia 15 casas na regi\u00e3o Norte para arrendamento acess\u00edvel e apoiado\",\"datePublished\":\"2022-06-21T15:39:48+00:00\",\"dateModified\":\"2022-06-21T15:39:52+00:00\",\"mainEntityOfPage\":{\"@id\":\"https:\\\/\\\/www.altominho.tv\\\/site\\\/2022\\\/06\\\/21\\\/ihru-habitacao\\\/\"},\"wordCount\":433,\"image\":{\"@id\":\"https:\\\/\\\/www.altominho.tv\\\/site\\\/2022\\\/06\\\/21\\\/ihru-habitacao\\\/#primaryimage\"},\"thumbnailUrl\":\"https:\\\/\\\/www.altominho.tv\\\/site\\\/wp-content\\\/uploads\\\/2022\\\/06\\\/casas.jpg\",\"keywords\":[\"Sociedade\"],\"articleSection\":[\"Alto Minho\"],\"inLanguage\":\"pt-PT\",\"copyrightYear\":\"2022\",\"copyrightHolder\":{\"@id\":\"https:\\\/\\\/www.altominho.tv\\\/site\\\/#organization\"}},{\"@type\":\"WebPage\",\"@id\":\"https:\\\/\\\/www.altominho.tv\\\/site\\\/2022\\\/06\\\/21\\\/ihru-habitacao\\\/\",\"url\":\"https:\\\/\\\/www.altominho.tv\\\/site\\\/2022\\\/06\\\/21\\\/ihru-habitacao\\\/\",\"name\":\"IHRU sorteia 15 casas na regi\u00e3o Norte para arrendamento acess\u00edvel e apoiado\",\"isPartOf\":{\"@id\":\"https:\\\/\\\/www.altominho.tv\\\/site\\\/#website\"},\"primaryImageOfPage\":{\"@id\":\"https:\\\/\\\/www.altominho.tv\\\/site\\\/2022\\\/06\\\/21\\\/ihru-habitacao\\\/#primaryimage\"},\"image\":{\"@id\":\"https:\\\/\\\/www.altominho.tv\\\/site\\\/2022\\\/06\\\/21\\\/ihru-habitacao\\\/#primaryimage\"},\"thumbnailUrl\":\"https:\\\/\\\/www.altominho.tv\\\/site\\\/wp-content\\\/uploads\\\/2022\\\/06\\\/casas.jpg\",\"datePublished\":\"2022-06-21T15:39:48+00:00\",\"dateModified\":\"2022-06-21T15:39:52+00:00\",\"author\":{\"@id\":\"https:\\\/\\\/www.altominho.tv\\\/site\\\/#\\\/schema\\\/person\\\/dbaf181c01b51ff40c9f461a905d321e\"},\"description\":\"O IHRU est\u00e1 a sorteiar 15 casas na regi\u00e3o Norte para arrendamento acess\u00edvel e apoiado.\",\"breadcrumb\":{\"@id\":\"https:\\\/\\\/www.altominho.tv\\\/site\\\/2022\\\/06\\\/21\\\/ihru-habitacao\\\/#breadcrumb\"},\"inLanguage\":\"pt-PT\",\"potentialAction\":[{\"@type\":\"ReadAction\",\"target\":[\"https:\\\/\\\/www.altominho.tv\\\/site\\\/2022\\\/06\\\/21\\\/ihru-habitacao\\\/\"]}]},{\"@type\":\"ImageObject\",\"inLanguage\":\"pt-PT\",\"@id\":\"https:\\\/\\\/www.altominho.tv\\\/site\\\/2022\\\/06\\\/21\\\/ihru-habitacao\\\/#primaryimage\",\"url\":\"https:\\\/\\\/www.altominho.tv\\\/site\\\/wp-content\\\/uploads\\\/2022\\\/06\\\/casas.jpg\",\"contentUrl\":\"https:\\\/\\\/www.altominho.tv\\\/site\\\/wp-content\\\/uploads\\\/2022\\\/06\\\/casas.jpg\",\"width\":1920,\"height\":1080},{\"@type\":\"BreadcrumbList\",\"@id\":\"https:\\\/\\\/www.altominho.tv\\\/site\\\/2022\\\/06\\\/21\\\/ihru-habitacao\\\/#breadcrumb\",\"itemListElement\":[{\"@type\":\"ListItem\",\"position\":1,\"name\":\"In\u00edcio\",\"item\":\"https:\\\/\\\/www.altominho.tv\\\/site\\\/\"},{\"@type\":\"ListItem\",\"position\":2,\"name\":\"IHRU sorteia 15 casas na regi\u00e3o Norte para arrendamento acess\u00edvel e apoiado\"}]},{\"@type\":\"WebSite\",\"@id\":\"https:\\\/\\\/www.altominho.tv\\\/site\\\/#website\",\"url\":\"https:\\\/\\\/www.altominho.tv\\\/site\\\/\",\"name\":\"Altominho.tv\",\"description\":\"A sua regi\u00e3o \u00e0 dist\u00e2ncia de um clique...\",\"potentialAction\":[{\"@type\":\"SearchAction\",\"target\":{\"@type\":\"EntryPoint\",\"urlTemplate\":\"https:\\\/\\\/www.altominho.tv\\\/site\\\/?s={search_term_string}\"},\"query-input\":{\"@type\":\"PropertyValueSpecification\",\"valueRequired\":true,\"valueName\":\"search_term_string\"}}],\"inLanguage\":\"pt-PT\"},{\"@type\":\"Person\",\"@id\":\"https:\\\/\\\/www.altominho.tv\\\/site\\\/#\\\/schema\\\/person\\\/dbaf181c01b51ff40c9f461a905d321e\",\"name\":\"Andreia Cunha | Lusa\",\"image\":{\"@type\":\"ImageObject\",\"inLanguage\":\"pt-PT\",\"@id\":\"https:\\\/\\\/www.altominho.tv\\\/site\\\/wp-content\\\/uploads\\\/2017\\\/11\\\/Andreia_Cunha-1-150x150.jpg\",\"url\":\"https:\\\/\\\/www.altominho.tv\\\/site\\\/wp-content\\\/uploads\\\/2017\\\/11\\\/Andreia_Cunha-1-150x150.jpg\",\"contentUrl\":\"https:\\\/\\\/www.altominho.tv\\\/site\\\/wp-content\\\/uploads\\\/2017\\\/11\\\/Andreia_Cunha-1-150x150.jpg\",\"caption\":\"Andreia Cunha | Lusa\"},\"sameAs\":[\"https:\\\/\\\/www.altominho.tv\\\/site\"],\"url\":\"https:\\\/\\\/www.altominho.tv\\\/site\\\/author\\\/andreiacunhalusa\\\/\"}]}<\/script>\n<!-- \/ Yoast SEO Premium plugin. -->","yoast_head_json":{"title":"IHRU sorteia 15 casas na regi\u00e3o Norte para arrendamento acess\u00edvel e apoiado","description":"O IHRU est\u00e1 a sorteiar 15 casas na regi\u00e3o Norte para arrendamento acess\u00edvel e apoiado.","robots":{"index":"index","follow":"follow","max-snippet":"max-snippet:-1","max-image-preview":"max-image-preview:large","max-video-preview":"max-video-preview:-1"},"canonical":"https:\/\/www.altominho.tv\/site\/2022\/06\/21\/ihru-habitacao\/","og_locale":"pt_PT","og_type":"article","og_title":"IHRU sorteia 15 casas na regi\u00e3o Norte para arrendamento acess\u00edvel e apoiado","og_description":"O IHRU est\u00e1 a sorteiar 15 casas na regi\u00e3o Norte para arrendamento acess\u00edvel e apoiado.","og_url":"https:\/\/www.altominho.tv\/site\/2022\/06\/21\/ihru-habitacao\/","og_site_name":"Altominho.tv","article_publisher":"https:\/\/www.facebook.com\/altominhotv","article_published_time":"2022-06-21T15:39:48+00:00","article_modified_time":"2022-06-21T15:39:52+00:00","og_image":[{"width":1920,"height":1080,"url":"https:\/\/www.altominho.tv\/site\/wp-content\/uploads\/2022\/06\/casas.jpg","type":"image\/jpeg"}],"author":"Andreia Cunha | Lusa","twitter_card":"summary_large_image","twitter_creator":"@altominhoTV","twitter_site":"@altominhoTV","twitter_misc":{"Escrito por":"Andreia Cunha | Lusa","Tempo estimado de leitura":"3 minutos"},"schema":{"@context":"https:\/\/schema.org","@graph":[{"@type":"Article","@id":"https:\/\/www.altominho.tv\/site\/2022\/06\/21\/ihru-habitacao\/#article","isPartOf":{"@id":"https:\/\/www.altominho.tv\/site\/2022\/06\/21\/ihru-habitacao\/"},"author":{"name":"Andreia Cunha | Lusa","@id":"https:\/\/www.altominho.tv\/site\/#\/schema\/person\/dbaf181c01b51ff40c9f461a905d321e"},"headline":"IHRU sorteia 15 casas na regi\u00e3o Norte para arrendamento acess\u00edvel e apoiado","datePublished":"2022-06-21T15:39:48+00:00","dateModified":"2022-06-21T15:39:52+00:00","mainEntityOfPage":{"@id":"https:\/\/www.altominho.tv\/site\/2022\/06\/21\/ihru-habitacao\/"},"wordCount":433,"image":{"@id":"https:\/\/www.altominho.tv\/site\/2022\/06\/21\/ihru-habitacao\/#primaryimage"},"thumbnailUrl":"https:\/\/www.altominho.tv\/site\/wp-content\/uploads\/2022\/06\/casas.jpg","keywords":["Sociedade"],"articleSection":["Alto Minho"],"inLanguage":"pt-PT","copyrightYear":"2022","copyrightHolder":{"@id":"https:\/\/www.altominho.tv\/site\/#organization"}},{"@type":"WebPage","@id":"https:\/\/www.altominho.tv\/site\/2022\/06\/21\/ihru-habitacao\/","url":"https:\/\/www.altominho.tv\/site\/2022\/06\/21\/ihru-habitacao\/","name":"IHRU sorteia 15 casas na regi\u00e3o Norte para arrendamento acess\u00edvel e apoiado","isPartOf":{"@id":"https:\/\/www.altominho.tv\/site\/#website"},"primaryImageOfPage":{"@id":"https:\/\/www.altominho.tv\/site\/2022\/06\/21\/ihru-habitacao\/#primaryimage"},"image":{"@id":"https:\/\/www.altominho.tv\/site\/2022\/06\/21\/ihru-habitacao\/#primaryimage"},"thumbnailUrl":"https:\/\/www.altominho.tv\/site\/wp-content\/uploads\/2022\/06\/casas.jpg","datePublished":"2022-06-21T15:39:48+00:00","dateModified":"2022-06-21T15:39:52+00:00","author":{"@id":"https:\/\/www.altominho.tv\/site\/#\/schema\/person\/dbaf181c01b51ff40c9f461a905d321e"},"description":"O IHRU est\u00e1 a sorteiar 15 casas na regi\u00e3o Norte para arrendamento acess\u00edvel e apoiado.","breadcrumb":{"@id":"https:\/\/www.altominho.tv\/site\/2022\/06\/21\/ihru-habitacao\/#breadcrumb"},"inLanguage":"pt-PT","potentialAction":[{"@type":"ReadAction","target":["https:\/\/www.altominho.tv\/site\/2022\/06\/21\/ihru-habitacao\/"]}]},{"@type":"ImageObject","inLanguage":"pt-PT","@id":"https:\/\/www.altominho.tv\/site\/2022\/06\/21\/ihru-habitacao\/#primaryimage","url":"https:\/\/www.altominho.tv\/site\/wp-content\/uploads\/2022\/06\/casas.jpg","contentUrl":"https:\/\/www.altominho.tv\/site\/wp-content\/uploads\/2022\/06\/casas.jpg","width":1920,"height":1080},{"@type":"BreadcrumbList","@id":"https:\/\/www.altominho.tv\/site\/2022\/06\/21\/ihru-habitacao\/#breadcrumb","itemListElement":[{"@type":"ListItem","position":1,"name":"In\u00edcio","item":"https:\/\/www.altominho.tv\/site\/"},{"@type":"ListItem","position":2,"name":"IHRU sorteia 15 casas na regi\u00e3o Norte para arrendamento acess\u00edvel e apoiado"}]},{"@type":"WebSite","@id":"https:\/\/www.altominho.tv\/site\/#website","url":"https:\/\/www.altominho.tv\/site\/","name":"Altominho.tv","description":"A sua regi\u00e3o \u00e0 dist\u00e2ncia de um clique...","potentialAction":[{"@type":"SearchAction","target":{"@type":"EntryPoint","urlTemplate":"https:\/\/www.altominho.tv\/site\/?s={search_term_string}"},"query-input":{"@type":"PropertyValueSpecification","valueRequired":true,"valueName":"search_term_string"}}],"inLanguage":"pt-PT"},{"@type":"Person","@id":"https:\/\/www.altominho.tv\/site\/#\/schema\/person\/dbaf181c01b51ff40c9f461a905d321e","name":"Andreia Cunha | Lusa","image":{"@type":"ImageObject","inLanguage":"pt-PT","@id":"https:\/\/www.altominho.tv\/site\/wp-content\/uploads\/2017\/11\/Andreia_Cunha-1-150x150.jpg","url":"https:\/\/www.altominho.tv\/site\/wp-content\/uploads\/2017\/11\/Andreia_Cunha-1-150x150.jpg","contentUrl":"https:\/\/www.altominho.tv\/site\/wp-content\/uploads\/2017\/11\/Andreia_Cunha-1-150x150.jpg","caption":"Andreia Cunha | Lusa"},"sameAs":["https:\/\/www.altominho.tv\/site"],"url":"https:\/\/www.altominho.tv\/site\/author\/andreiacunhalusa\/"}]}},"_links":{"self":[{"href":"https:\/\/www.altominho.tv\/site\/wp-json\/wp\/v2\/posts\/80740","targetHints":{"allow":["GET"]}}],"collection":[{"href":"https:\/\/www.altominho.tv\/site\/wp-json\/wp\/v2\/posts"}],"about":[{"href":"https:\/\/www.altominho.tv\/site\/wp-json\/wp\/v2\/types\/post"}],"author":[{"embeddable":true,"href":"https:\/\/www.altominho.tv\/site\/wp-json\/wp\/v2\/users\/16"}],"replies":[{"embeddable":true,"href":"https:\/\/www.altominho.tv\/site\/wp-json\/wp\/v2\/comments?post=80740"}],"version-history":[{"count":0,"href":"https:\/\/www.altominho.tv\/site\/wp-json\/wp\/v2\/posts\/80740\/revisions"}],"wp:featuredmedia":[{"embeddable":true,"href":"https:\/\/www.altominho.tv\/site\/wp-json\/wp\/v2\/media\/80741"}],"wp:attachment":[{"href":"https:\/\/www.altominho.tv\/site\/wp-json\/wp\/v2\/media?parent=80740"}],"wp:term":[{"taxonomy":"category","embeddable":true,"href":"https:\/\/www.altominho.tv\/site\/wp-json\/wp\/v2\/categories?post=80740"},{"taxonomy":"post_tag","embeddable":true,"href":"https:\/\/www.altominho.tv\/site\/wp-json\/wp\/v2\/tags?post=80740"}],"curies":[{"name":"wp","href":"https:\/\/api.w.org\/{rel}","templated":true}]}}