{"id":8074,"date":"2018-01-09T12:31:30","date_gmt":"2018-01-09T12:31:30","guid":{"rendered":"http:\/\/www.altominho.tv\/site\/?p=8074"},"modified":"2018-01-09T12:31:30","modified_gmt":"2018-01-09T12:31:30","slug":"camara-de-caminha-promove-acao-de-reflorestacao-na-serra-darga","status":"publish","type":"post","link":"https:\/\/www.altominho.tv\/site\/2018\/01\/09\/camara-de-caminha-promove-acao-de-reflorestacao-na-serra-darga\/","title":{"rendered":"C\u00e2mara de Caminha promove a\u00e7\u00e3o de refloresta\u00e7\u00e3o na Serra D&#8217;Arga"},"content":{"rendered":"<p>A C\u00e2mara Municipal de Caminha vai promover uma a\u00e7\u00e3o de refloresta\u00e7\u00e3o na Serra d\u2019Arga no dia 13 de janeiro, pelas 9h30, na zona envolvente \u00e0 parede de escalada de Penice, em Arga de Baixo. O objetivo \u00e9 promover o territ\u00f3rio da Serra d\u2019Arga como espa\u00e7o privilegiado para a educa\u00e7\u00e3o, para a sustentabilidade e para o usufruto da natureza.<\/p>\n<p>Esta a\u00e7\u00e3o de refloresta\u00e7\u00e3o \u00e9 organizada pela C\u00e2mara Municipal de Caminha em parceria com o Clube de Escalada de Braga e conta com o apoio da Freguesia de Arga (Baixo, Cima e S\u00e3o Jo\u00e3o).<\/p>\n<p>O Munic\u00edpio pretende com a realiza\u00e7\u00e3o de atividades desta natureza potenciar o turismo de natureza, valorizar e preservar o territ\u00f3rio, bem como dinamizar a popula\u00e7\u00e3o e a economia da Serra d\u2019Arga.<\/p>\n<p>Quanto \u00e0 escolha do local, \u00e9 de referir que a Parede de Escalada de Penice, situada em Arga de Baixo, \u00e9 uma estrutura natural de carater\u00edsticas e potencialidades relevantes para a pr\u00e1tica da modalidade de escalada, nomeadamente para a escalada Desportiva e Bloco.<\/p>\n<p>A participa\u00e7\u00e3o na atividade \u00e9 gratuita.<\/p>\n","protected":false},"excerpt":{"rendered":"<p>A C\u00e2mara Municipal de Caminha vai promover uma a\u00e7\u00e3o de refloresta\u00e7\u00e3o na Serra d\u2019Arga no dia 13 de janeiro, pelas 9h30, na zona envolvente \u00e0 parede de escalada de Penice, em Arga de Baixo. O objetivo \u00e9 promover o territ\u00f3rio da Serra d\u2019Arga como espa\u00e7o privilegiado para a educa\u00e7\u00e3o, para a sustentabilidade e para o [&hellip;]<\/p>\n","protected":false},"author":6,"featured_media":8075,"comment_status":"closed","ping_status":"closed","sticky":false,"template":"","format":"standard","meta":{"_exactmetrics_skip_tracking":false,"_exactmetrics_sitenote_active":false,"_exactmetrics_sitenote_note":"","_exactmetrics_sitenote_category":0,"footnotes":""},"categories":[7],"tags":[27],"class_list":["post-8074","post","type-post","status-publish","format-standard","has-post-thumbnail","hentry","category-caminha","tag-sociedade"],"yoast_head":"<!-- This site is optimized with the Yoast SEO Premium plugin v27.5 (Yoast SEO v27.5) - https:\/\/yoast.com\/product\/yoast-seo-premium-wordpress\/ -->\n<title>C\u00e2mara de Caminha promove a\u00e7\u00e3o de refloresta\u00e7\u00e3o na Serra D&#039;Arga<\/title>\n<meta name=\"robots\" content=\"index, follow, max-snippet:-1, max-image-preview:large, max-video-preview:-1\" \/>\n<link rel=\"canonical\" href=\"https:\/\/www.altominho.tv\/site\/2018\/01\/09\/camara-de-caminha-promove-acao-de-reflorestacao-na-serra-darga\/\" \/>\n<meta property=\"og:locale\" content=\"pt_PT\" \/>\n<meta property=\"og:type\" content=\"article\" \/>\n<meta property=\"og:title\" content=\"C\u00e2mara de Caminha promove a\u00e7\u00e3o de refloresta\u00e7\u00e3o na Serra D&#039;Arga\" \/>\n<meta property=\"og:description\" content=\"A C\u00e2mara Municipal de Caminha vai promover uma a\u00e7\u00e3o de refloresta\u00e7\u00e3o na Serra d\u2019Arga no dia 13 de janeiro, pelas 9h30, na zona envolvente \u00e0 parede de escalada de Penice, em Arga de Baixo. O objetivo \u00e9 promover o territ\u00f3rio da Serra d\u2019Arga como espa\u00e7o privilegiado para a educa\u00e7\u00e3o, para a sustentabilidade e para o [&hellip;]\" \/>\n<meta property=\"og:url\" content=\"https:\/\/www.altominho.tv\/site\/2018\/01\/09\/camara-de-caminha-promove-acao-de-reflorestacao-na-serra-darga\/\" \/>\n<meta property=\"og:site_name\" content=\"Altominho.tv\" \/>\n<meta property=\"article:publisher\" content=\"https:\/\/www.facebook.com\/altominhotv\" \/>\n<meta property=\"article:published_time\" content=\"2018-01-09T12:31:30+00:00\" \/>\n<meta property=\"og:image\" content=\"https:\/\/www.altominho.tv\/site\/wp-content\/uploads\/2018\/01\/1.jpeg\" \/>\n\t<meta property=\"og:image:width\" content=\"1280\" \/>\n\t<meta property=\"og:image:height\" content=\"854\" \/>\n\t<meta property=\"og:image:type\" content=\"image\/jpeg\" \/>\n<meta name=\"author\" content=\"C\u00e1tia Malheiro\" \/>\n<meta name=\"twitter:card\" content=\"summary_large_image\" \/>\n<meta name=\"twitter:creator\" content=\"@altominhoTV\" \/>\n<meta name=\"twitter:site\" content=\"@altominhoTV\" \/>\n<meta name=\"twitter:label1\" content=\"Escrito por\" \/>\n\t<meta name=\"twitter:data1\" content=\"C\u00e1tia Malheiro\" \/>\n\t<meta name=\"twitter:label2\" content=\"Tempo estimado de leitura\" \/>\n\t<meta name=\"twitter:data2\" content=\"1 minuto\" \/>\n<script type=\"application\/ld+json\" class=\"yoast-schema-graph\">{\"@context\":\"https:\\\/\\\/schema.org\",\"@graph\":[{\"@type\":\"Article\",\"@id\":\"https:\\\/\\\/www.altominho.tv\\\/site\\\/2018\\\/01\\\/09\\\/camara-de-caminha-promove-acao-de-reflorestacao-na-serra-darga\\\/#article\",\"isPartOf\":{\"@id\":\"https:\\\/\\\/www.altominho.tv\\\/site\\\/2018\\\/01\\\/09\\\/camara-de-caminha-promove-acao-de-reflorestacao-na-serra-darga\\\/\"},\"author\":{\"name\":\"C\u00e1tia Malheiro\",\"@id\":\"https:\\\/\\\/www.altominho.tv\\\/site\\\/#\\\/schema\\\/person\\\/5c9404a8b438614c93da6ca09db92574\"},\"headline\":\"C\u00e2mara de Caminha promove a\u00e7\u00e3o de refloresta\u00e7\u00e3o na Serra D&#8217;Arga\",\"datePublished\":\"2018-01-09T12:31:30+00:00\",\"mainEntityOfPage\":{\"@id\":\"https:\\\/\\\/www.altominho.tv\\\/site\\\/2018\\\/01\\\/09\\\/camara-de-caminha-promove-acao-de-reflorestacao-na-serra-darga\\\/\"},\"wordCount\":198,\"image\":{\"@id\":\"https:\\\/\\\/www.altominho.tv\\\/site\\\/2018\\\/01\\\/09\\\/camara-de-caminha-promove-acao-de-reflorestacao-na-serra-darga\\\/#primaryimage\"},\"thumbnailUrl\":\"https:\\\/\\\/www.altominho.tv\\\/site\\\/wp-content\\\/uploads\\\/2018\\\/01\\\/1.jpeg\",\"keywords\":[\"Sociedade\"],\"articleSection\":[\"Caminha\"],\"inLanguage\":\"pt-PT\",\"copyrightYear\":\"2018\",\"copyrightHolder\":{\"@id\":\"https:\\\/\\\/www.altominho.tv\\\/site\\\/#organization\"}},{\"@type\":\"WebPage\",\"@id\":\"https:\\\/\\\/www.altominho.tv\\\/site\\\/2018\\\/01\\\/09\\\/camara-de-caminha-promove-acao-de-reflorestacao-na-serra-darga\\\/\",\"url\":\"https:\\\/\\\/www.altominho.tv\\\/site\\\/2018\\\/01\\\/09\\\/camara-de-caminha-promove-acao-de-reflorestacao-na-serra-darga\\\/\",\"name\":\"C\u00e2mara de Caminha promove a\u00e7\u00e3o de refloresta\u00e7\u00e3o na Serra D'Arga\",\"isPartOf\":{\"@id\":\"https:\\\/\\\/www.altominho.tv\\\/site\\\/#website\"},\"primaryImageOfPage\":{\"@id\":\"https:\\\/\\\/www.altominho.tv\\\/site\\\/2018\\\/01\\\/09\\\/camara-de-caminha-promove-acao-de-reflorestacao-na-serra-darga\\\/#primaryimage\"},\"image\":{\"@id\":\"https:\\\/\\\/www.altominho.tv\\\/site\\\/2018\\\/01\\\/09\\\/camara-de-caminha-promove-acao-de-reflorestacao-na-serra-darga\\\/#primaryimage\"},\"thumbnailUrl\":\"https:\\\/\\\/www.altominho.tv\\\/site\\\/wp-content\\\/uploads\\\/2018\\\/01\\\/1.jpeg\",\"datePublished\":\"2018-01-09T12:31:30+00:00\",\"author\":{\"@id\":\"https:\\\/\\\/www.altominho.tv\\\/site\\\/#\\\/schema\\\/person\\\/5c9404a8b438614c93da6ca09db92574\"},\"breadcrumb\":{\"@id\":\"https:\\\/\\\/www.altominho.tv\\\/site\\\/2018\\\/01\\\/09\\\/camara-de-caminha-promove-acao-de-reflorestacao-na-serra-darga\\\/#breadcrumb\"},\"inLanguage\":\"pt-PT\",\"potentialAction\":[{\"@type\":\"ReadAction\",\"target\":[\"https:\\\/\\\/www.altominho.tv\\\/site\\\/2018\\\/01\\\/09\\\/camara-de-caminha-promove-acao-de-reflorestacao-na-serra-darga\\\/\"]}]},{\"@type\":\"ImageObject\",\"inLanguage\":\"pt-PT\",\"@id\":\"https:\\\/\\\/www.altominho.tv\\\/site\\\/2018\\\/01\\\/09\\\/camara-de-caminha-promove-acao-de-reflorestacao-na-serra-darga\\\/#primaryimage\",\"url\":\"https:\\\/\\\/www.altominho.tv\\\/site\\\/wp-content\\\/uploads\\\/2018\\\/01\\\/1.jpeg\",\"contentUrl\":\"https:\\\/\\\/www.altominho.tv\\\/site\\\/wp-content\\\/uploads\\\/2018\\\/01\\\/1.jpeg\",\"width\":1280,\"height\":854},{\"@type\":\"BreadcrumbList\",\"@id\":\"https:\\\/\\\/www.altominho.tv\\\/site\\\/2018\\\/01\\\/09\\\/camara-de-caminha-promove-acao-de-reflorestacao-na-serra-darga\\\/#breadcrumb\",\"itemListElement\":[{\"@type\":\"ListItem\",\"position\":1,\"name\":\"In\u00edcio\",\"item\":\"https:\\\/\\\/www.altominho.tv\\\/site\\\/\"},{\"@type\":\"ListItem\",\"position\":2,\"name\":\"C\u00e2mara de Caminha promove a\u00e7\u00e3o de refloresta\u00e7\u00e3o na Serra D&#8217;Arga\"}]},{\"@type\":\"WebSite\",\"@id\":\"https:\\\/\\\/www.altominho.tv\\\/site\\\/#website\",\"url\":\"https:\\\/\\\/www.altominho.tv\\\/site\\\/\",\"name\":\"Altominho.tv\",\"description\":\"A sua regi\u00e3o \u00e0 dist\u00e2ncia de um clique...\",\"potentialAction\":[{\"@type\":\"SearchAction\",\"target\":{\"@type\":\"EntryPoint\",\"urlTemplate\":\"https:\\\/\\\/www.altominho.tv\\\/site\\\/?s={search_term_string}\"},\"query-input\":{\"@type\":\"PropertyValueSpecification\",\"valueRequired\":true,\"valueName\":\"search_term_string\"}}],\"inLanguage\":\"pt-PT\"},{\"@type\":\"Person\",\"@id\":\"https:\\\/\\\/www.altominho.tv\\\/site\\\/#\\\/schema\\\/person\\\/5c9404a8b438614c93da6ca09db92574\",\"name\":\"C\u00e1tia Malheiro\",\"image\":{\"@type\":\"ImageObject\",\"inLanguage\":\"pt-PT\",\"@id\":\"https:\\\/\\\/www.altominho.tv\\\/site\\\/wp-content\\\/uploads\\\/2017\\\/11\\\/Catia_Malheiro-150x150.jpg\",\"url\":\"https:\\\/\\\/www.altominho.tv\\\/site\\\/wp-content\\\/uploads\\\/2017\\\/11\\\/Catia_Malheiro-150x150.jpg\",\"contentUrl\":\"https:\\\/\\\/www.altominho.tv\\\/site\\\/wp-content\\\/uploads\\\/2017\\\/11\\\/Catia_Malheiro-150x150.jpg\",\"caption\":\"C\u00e1tia Malheiro\"},\"url\":\"https:\\\/\\\/www.altominho.tv\\\/site\\\/author\\\/catiamalheiro\\\/\"}]}<\/script>\n<!-- \/ Yoast SEO Premium plugin. -->","yoast_head_json":{"title":"C\u00e2mara de Caminha promove a\u00e7\u00e3o de refloresta\u00e7\u00e3o na Serra D'Arga","robots":{"index":"index","follow":"follow","max-snippet":"max-snippet:-1","max-image-preview":"max-image-preview:large","max-video-preview":"max-video-preview:-1"},"canonical":"https:\/\/www.altominho.tv\/site\/2018\/01\/09\/camara-de-caminha-promove-acao-de-reflorestacao-na-serra-darga\/","og_locale":"pt_PT","og_type":"article","og_title":"C\u00e2mara de Caminha promove a\u00e7\u00e3o de refloresta\u00e7\u00e3o na Serra D'Arga","og_description":"A C\u00e2mara Municipal de Caminha vai promover uma a\u00e7\u00e3o de refloresta\u00e7\u00e3o na Serra d\u2019Arga no dia 13 de janeiro, pelas 9h30, na zona envolvente \u00e0 parede de escalada de Penice, em Arga de Baixo. O objetivo \u00e9 promover o territ\u00f3rio da Serra d\u2019Arga como espa\u00e7o privilegiado para a educa\u00e7\u00e3o, para a sustentabilidade e para o [&hellip;]","og_url":"https:\/\/www.altominho.tv\/site\/2018\/01\/09\/camara-de-caminha-promove-acao-de-reflorestacao-na-serra-darga\/","og_site_name":"Altominho.tv","article_publisher":"https:\/\/www.facebook.com\/altominhotv","article_published_time":"2018-01-09T12:31:30+00:00","og_image":[{"width":1280,"height":854,"url":"https:\/\/www.altominho.tv\/site\/wp-content\/uploads\/2018\/01\/1.jpeg","type":"image\/jpeg"}],"author":"C\u00e1tia Malheiro","twitter_card":"summary_large_image","twitter_creator":"@altominhoTV","twitter_site":"@altominhoTV","twitter_misc":{"Escrito por":"C\u00e1tia Malheiro","Tempo estimado de leitura":"1 minuto"},"schema":{"@context":"https:\/\/schema.org","@graph":[{"@type":"Article","@id":"https:\/\/www.altominho.tv\/site\/2018\/01\/09\/camara-de-caminha-promove-acao-de-reflorestacao-na-serra-darga\/#article","isPartOf":{"@id":"https:\/\/www.altominho.tv\/site\/2018\/01\/09\/camara-de-caminha-promove-acao-de-reflorestacao-na-serra-darga\/"},"author":{"name":"C\u00e1tia Malheiro","@id":"https:\/\/www.altominho.tv\/site\/#\/schema\/person\/5c9404a8b438614c93da6ca09db92574"},"headline":"C\u00e2mara de Caminha promove a\u00e7\u00e3o de refloresta\u00e7\u00e3o na Serra D&#8217;Arga","datePublished":"2018-01-09T12:31:30+00:00","mainEntityOfPage":{"@id":"https:\/\/www.altominho.tv\/site\/2018\/01\/09\/camara-de-caminha-promove-acao-de-reflorestacao-na-serra-darga\/"},"wordCount":198,"image":{"@id":"https:\/\/www.altominho.tv\/site\/2018\/01\/09\/camara-de-caminha-promove-acao-de-reflorestacao-na-serra-darga\/#primaryimage"},"thumbnailUrl":"https:\/\/www.altominho.tv\/site\/wp-content\/uploads\/2018\/01\/1.jpeg","keywords":["Sociedade"],"articleSection":["Caminha"],"inLanguage":"pt-PT","copyrightYear":"2018","copyrightHolder":{"@id":"https:\/\/www.altominho.tv\/site\/#organization"}},{"@type":"WebPage","@id":"https:\/\/www.altominho.tv\/site\/2018\/01\/09\/camara-de-caminha-promove-acao-de-reflorestacao-na-serra-darga\/","url":"https:\/\/www.altominho.tv\/site\/2018\/01\/09\/camara-de-caminha-promove-acao-de-reflorestacao-na-serra-darga\/","name":"C\u00e2mara de Caminha promove a\u00e7\u00e3o de refloresta\u00e7\u00e3o na Serra D'Arga","isPartOf":{"@id":"https:\/\/www.altominho.tv\/site\/#website"},"primaryImageOfPage":{"@id":"https:\/\/www.altominho.tv\/site\/2018\/01\/09\/camara-de-caminha-promove-acao-de-reflorestacao-na-serra-darga\/#primaryimage"},"image":{"@id":"https:\/\/www.altominho.tv\/site\/2018\/01\/09\/camara-de-caminha-promove-acao-de-reflorestacao-na-serra-darga\/#primaryimage"},"thumbnailUrl":"https:\/\/www.altominho.tv\/site\/wp-content\/uploads\/2018\/01\/1.jpeg","datePublished":"2018-01-09T12:31:30+00:00","author":{"@id":"https:\/\/www.altominho.tv\/site\/#\/schema\/person\/5c9404a8b438614c93da6ca09db92574"},"breadcrumb":{"@id":"https:\/\/www.altominho.tv\/site\/2018\/01\/09\/camara-de-caminha-promove-acao-de-reflorestacao-na-serra-darga\/#breadcrumb"},"inLanguage":"pt-PT","potentialAction":[{"@type":"ReadAction","target":["https:\/\/www.altominho.tv\/site\/2018\/01\/09\/camara-de-caminha-promove-acao-de-reflorestacao-na-serra-darga\/"]}]},{"@type":"ImageObject","inLanguage":"pt-PT","@id":"https:\/\/www.altominho.tv\/site\/2018\/01\/09\/camara-de-caminha-promove-acao-de-reflorestacao-na-serra-darga\/#primaryimage","url":"https:\/\/www.altominho.tv\/site\/wp-content\/uploads\/2018\/01\/1.jpeg","contentUrl":"https:\/\/www.altominho.tv\/site\/wp-content\/uploads\/2018\/01\/1.jpeg","width":1280,"height":854},{"@type":"BreadcrumbList","@id":"https:\/\/www.altominho.tv\/site\/2018\/01\/09\/camara-de-caminha-promove-acao-de-reflorestacao-na-serra-darga\/#breadcrumb","itemListElement":[{"@type":"ListItem","position":1,"name":"In\u00edcio","item":"https:\/\/www.altominho.tv\/site\/"},{"@type":"ListItem","position":2,"name":"C\u00e2mara de Caminha promove a\u00e7\u00e3o de refloresta\u00e7\u00e3o na Serra D&#8217;Arga"}]},{"@type":"WebSite","@id":"https:\/\/www.altominho.tv\/site\/#website","url":"https:\/\/www.altominho.tv\/site\/","name":"Altominho.tv","description":"A sua regi\u00e3o \u00e0 dist\u00e2ncia de um clique...","potentialAction":[{"@type":"SearchAction","target":{"@type":"EntryPoint","urlTemplate":"https:\/\/www.altominho.tv\/site\/?s={search_term_string}"},"query-input":{"@type":"PropertyValueSpecification","valueRequired":true,"valueName":"search_term_string"}}],"inLanguage":"pt-PT"},{"@type":"Person","@id":"https:\/\/www.altominho.tv\/site\/#\/schema\/person\/5c9404a8b438614c93da6ca09db92574","name":"C\u00e1tia Malheiro","image":{"@type":"ImageObject","inLanguage":"pt-PT","@id":"https:\/\/www.altominho.tv\/site\/wp-content\/uploads\/2017\/11\/Catia_Malheiro-150x150.jpg","url":"https:\/\/www.altominho.tv\/site\/wp-content\/uploads\/2017\/11\/Catia_Malheiro-150x150.jpg","contentUrl":"https:\/\/www.altominho.tv\/site\/wp-content\/uploads\/2017\/11\/Catia_Malheiro-150x150.jpg","caption":"C\u00e1tia Malheiro"},"url":"https:\/\/www.altominho.tv\/site\/author\/catiamalheiro\/"}]}},"_links":{"self":[{"href":"https:\/\/www.altominho.tv\/site\/wp-json\/wp\/v2\/posts\/8074","targetHints":{"allow":["GET"]}}],"collection":[{"href":"https:\/\/www.altominho.tv\/site\/wp-json\/wp\/v2\/posts"}],"about":[{"href":"https:\/\/www.altominho.tv\/site\/wp-json\/wp\/v2\/types\/post"}],"author":[{"embeddable":true,"href":"https:\/\/www.altominho.tv\/site\/wp-json\/wp\/v2\/users\/6"}],"replies":[{"embeddable":true,"href":"https:\/\/www.altominho.tv\/site\/wp-json\/wp\/v2\/comments?post=8074"}],"version-history":[{"count":0,"href":"https:\/\/www.altominho.tv\/site\/wp-json\/wp\/v2\/posts\/8074\/revisions"}],"wp:featuredmedia":[{"embeddable":true,"href":"https:\/\/www.altominho.tv\/site\/wp-json\/wp\/v2\/media\/8075"}],"wp:attachment":[{"href":"https:\/\/www.altominho.tv\/site\/wp-json\/wp\/v2\/media?parent=8074"}],"wp:term":[{"taxonomy":"category","embeddable":true,"href":"https:\/\/www.altominho.tv\/site\/wp-json\/wp\/v2\/categories?post=8074"},{"taxonomy":"post_tag","embeddable":true,"href":"https:\/\/www.altominho.tv\/site\/wp-json\/wp\/v2\/tags?post=8074"}],"curies":[{"name":"wp","href":"https:\/\/api.w.org\/{rel}","templated":true}]}}